{"id":9115,"date":"2013-05-02T06:00:05","date_gmt":"2013-05-02T05:00:05","guid":{"rendered":"https:\/\/www.arte.tv\/sites\/olivierpere\/?p=9115"},"modified":"2013-05-02T06:31:33","modified_gmt":"2013-05-02T05:31:33","slug":"lultimatum-des-trois-mercenaires-de-robert-aldrich","status":"publish","type":"post","link":"https:\/\/www.arte.tv\/sites\/olivierpere\/2013\/05\/02\/lultimatum-des-trois-mercenaires-de-robert-aldrich\/","title":{"rendered":"L\u2019Ultimatum des trois mercenaires de Robert Aldrich"},"content":{"rendered":"<p><em><\/em>Il faut revoir les derniers films d\u2019Aldrich, longtemps d\u00e9cri\u00e9s ou ignor\u00e9s, comme les plus beaux de sa riche filmographie. <em>Deux Filles au tapis<\/em> (<em>All the Marbles\u2026<\/em>) est un sublime testament moral et artistique (de nouveau en salles dans quelques semaines), <em>La Cit\u00e9 des dangers<\/em> (<em>Hustle<\/em>) un d\u00e9chirant po\u00e8me urbain sur une histoire d\u2019amour impossible, <em>Bande de flics<\/em> (<em>The Choirboys) <\/em>une farce violente au nihilisme implacable. Parmi ses chefs-d\u2019\u0153uvre tardifs il y en a un qui avait sombr\u00e9 dans l\u2019oubli, victime de son \u00e9chec commercial.<\/p>\n<div id=\"attachment_9118\" style=\"width: 1210px\" class=\"wp-caption alignnone\"><a href=\"https:\/\/www.arte.tv\/sites\/olivierpere\/files\/2013\/04\/LUltimatum-des-trois-mercenaires2.jpg\"><img aria-describedby=\"caption-attachment-9118\" decoding=\"async\" loading=\"lazy\" class=\"size-full wp-image-9118\" src=\"https:\/\/www.arte.tv\/sites\/olivierpere\/files\/2013\/04\/LUltimatum-des-trois-mercenaires2.jpg\" alt=\"L'Ultimatum des trois mercenaires\" width=\"1200\" height=\"818\" srcset=\"https:\/\/www.arte.tv\/sites\/olivierpere\/files\/2013\/04\/LUltimatum-des-trois-mercenaires2.jpg 1200w, https:\/\/www.arte.tv\/sites\/olivierpere\/files\/2013\/04\/LUltimatum-des-trois-mercenaires2-410x280.jpg 410w, https:\/\/www.arte.tv\/sites\/olivierpere\/files\/2013\/04\/LUltimatum-des-trois-mercenaires2-1024x698.jpg 1024w, https:\/\/www.arte.tv\/sites\/olivierpere\/files\/2013\/04\/LUltimatum-des-trois-mercenaires2-580x395.jpg 580w\" sizes=\"(max-width: 1200px) 100vw, 1200px\" \/><\/a><p id=\"caption-attachment-9118\" class=\"wp-caption-text\">L&rsquo;Ultimatum des trois mercenaires<\/p><\/div>\n<p>J\u2019ai vu la version int\u00e9grale de <em>L\u2019Ultimatum des trois mercenaires<\/em> (<em>Twilight\u2019s Last Gleaming<\/em>, 1977) \u00e0 la Cin\u00e9math\u00e8que fran\u00e7aise il y a pr\u00e8s de vingt ans, dans une copie d\u2019\u00e9poque, mais aussi sa version fran\u00e7aise \u00e9court\u00e9e par le distributeur de quarante-sept minutes, dans une salle de quartier. L\u2019ampleur et la virulence du film avaient disparu. Du br\u00fblot politique il ne restait rien. Aldrich vers la fin de sa carri\u00e8re radicalise son discours et laisse \u00e9clater sa col\u00e8re devant le d\u00e9sastre de la guerre du Vietnam. Cela est perceptible dans son western <em>Fureur apache<\/em> mais c\u2019est le sujet m\u00eame de <em>L\u2019Ultimatum des trois mercenaires<\/em> dans lequel un g\u00e9n\u00e9ral ren\u00e9gat ordonne au Pr\u00e9sident des Etats-Unis de r\u00e9v\u00e9ler un document confidentiel sur les v\u00e9ritables raison de l\u2019intervention au Vietnam, en le mena\u00e7ant de faire exploser des missiles nucl\u00e9aires s\u2019il refuse. Le Pr\u00e9sident est montr\u00e9 comme un homme int\u00e8gre mais seul, dernier rempart de la d\u00e9mocratie am\u00e9ricaine isol\u00e9 au milieu d\u2019une meute de politiciens et militaires vieillissants et ivres de pouvoir. <em>L\u2019Ultimatum des trois mercenaires<\/em> est une production ind\u00e9pendante qui fut enti\u00e8rement tourn\u00e9e en Allemagne, dans des studios munichois puisque le film est un huis-clos et que l\u2019action est d\u00e9limit\u00e9e \u00e0 une base militaire et aux bureaux de la Maison Blanche. <em>L\u2019Ultimatum des trois mercenaires<\/em> avec le g\u00e9nial Burt Lancaster en antih\u00e9ros ambigu (id\u00e9aliste ou psychopathe\u00a0?) entour\u00e9 d\u2019une pl\u00e9iade d\u2019acteurs aldrichiens est aussi une fable parano\u00efaque sur le p\u00e9ril atomique (le grand sujet d\u2019Aldrich, cin\u00e9aste explosif). De tous les derniers films d\u2019Aldrich c\u2019est sans aucun doute le plus personnel et le plus ambitieux en terme de sujet mais aussi de mise en sc\u00e8ne avec la syst\u00e9matisation de l\u2019emploi du split screen, notamment lors de deux morceaux d\u2019anthologie\u00a0: la tentative rat\u00e9e d\u2019assaut de la base militaire contr\u00f4l\u00e9e par les terroristes et le d\u00e9nouement tragique. Le split screen renforce la sensation de simultan\u00e9it\u00e9 et du d\u00e9roulement en temps r\u00e9el de l\u2019action, mais aussi d\u2019ubiquit\u00e9 puisque de nombreuses images sont retransmises par des \u00e9crans de t\u00e9l\u00e9vision \u00e0 l\u2019int\u00e9rieur du plan, film\u00e9es par des cam\u00e9ras de surveillance. Aldrich fut l\u2019un des grands cin\u00e9astes (avec Richard Fleischer dans <em>L\u2019Etrangleur de Boston <\/em>et John Frankenheimer dans<em> Grand Prix<\/em>) \u00e0 exp\u00e9rimenter cette technique de plan scind\u00e9 en plusieurs images, d\u00e8s <em>Plein la gueule <\/em>pour filmer un match de football. Le jeune Brian De Palma l\u2019utilisera aussi dans ses premiers films, bien plus aldrichiens qu\u2019hitchcockiens dans la forme.<\/p>\n<div id=\"attachment_9119\" style=\"width: 1210px\" class=\"wp-caption alignnone\"><a href=\"https:\/\/www.arte.tv\/sites\/olivierpere\/files\/2013\/04\/Robert-Aldrich-sur-le-tournage-de-LUltimatum-des-trois-mercenaires.jpg\"><img aria-describedby=\"caption-attachment-9119\" decoding=\"async\" loading=\"lazy\" class=\"size-full wp-image-9119\" src=\"https:\/\/www.arte.tv\/sites\/olivierpere\/files\/2013\/04\/Robert-Aldrich-sur-le-tournage-de-LUltimatum-des-trois-mercenaires.jpg\" alt=\"Robert Aldrich sur le tournage de L'Ultimatum des trois mercenaires\" width=\"1200\" height=\"980\" srcset=\"https:\/\/www.arte.tv\/sites\/olivierpere\/files\/2013\/04\/Robert-Aldrich-sur-le-tournage-de-LUltimatum-des-trois-mercenaires.jpg 1200w, https:\/\/www.arte.tv\/sites\/olivierpere\/files\/2013\/04\/Robert-Aldrich-sur-le-tournage-de-LUltimatum-des-trois-mercenaires-342x280.jpg 342w, https:\/\/www.arte.tv\/sites\/olivierpere\/files\/2013\/04\/Robert-Aldrich-sur-le-tournage-de-LUltimatum-des-trois-mercenaires-940x768.jpg 940w, https:\/\/www.arte.tv\/sites\/olivierpere\/files\/2013\/04\/Robert-Aldrich-sur-le-tournage-de-LUltimatum-des-trois-mercenaires-580x473.jpg 580w\" sizes=\"(max-width: 1200px) 100vw, 1200px\" \/><\/a><p id=\"caption-attachment-9119\" class=\"wp-caption-text\">Robert Aldrich sur le tournage de L&rsquo;Ultimatum des trois mercenaires<\/p><\/div>\n<p>Apr\u00e8s sa pr\u00e9sentation en premi\u00e8re mondiale au Festival del film Locarno en 2012 la version restaur\u00e9e et int\u00e9grale de <em>L\u2019Ultimatum des trois mercenaires<\/em> est distribu\u00e9e en France par l\u2019excellente soci\u00e9t\u00e9 Carlotta, cette semaine en salles et bient\u00f4t en Blu-ray et en DVD.<\/p>\n<p>&nbsp;<\/p>\n","protected":false},"excerpt":{"rendered":"<p>Il faut revoir les derniers films d\u2019Aldrich, longtemps d\u00e9cri\u00e9s ou ignor\u00e9s, comme les plus beaux de sa riche filmographie. Deux\u2026<\/p>\n","protected":false},"author":116,"featured_media":9117,"comment_status":"open","ping_status":"open","sticky":false,"template":"","format":"standard","meta":[],"categories":[1],"tags":[],"yoast_head":"<!-- This site is optimized with the Yoast SEO plugin v20.8 - https:\/\/yoast.com\/wordpress\/plugins\/seo\/ -->\n<title>L\u2019Ultimatum des trois mercenaires de Robert Aldrich - Olivier P\u00e8re<\/title>\n<meta name=\"robots\" content=\"index, follow, max-snippet:-1, max-image-preview:large, max-video-preview:-1\" \/>\n<link rel=\"canonical\" href=\"https:\/\/www.arte.tv\/sites\/olivierpere\/2013\/05\/02\/lultimatum-des-trois-mercenaires-de-robert-aldrich\/\" \/>\n<meta property=\"og:locale\" content=\"fr_FR\" \/>\n<meta property=\"og:type\" content=\"article\" \/>\n<meta property=\"og:title\" content=\"L\u2019Ultimatum des trois mercenaires de Robert Aldrich - Olivier P\u00e8re\" \/>\n<meta property=\"og:description\" content=\"Il faut revoir les derniers films d\u2019Aldrich, longtemps d\u00e9cri\u00e9s ou ignor\u00e9s, comme les plus beaux de sa riche filmographie. Deux\u2026\" \/>\n<meta property=\"og:url\" content=\"https:\/\/www.arte.tv\/sites\/olivierpere\/2013\/05\/02\/lultimatum-des-trois-mercenaires-de-robert-aldrich\/\" \/>\n<meta property=\"og:site_name\" content=\"Olivier P\u00e8re\" \/>\n<meta property=\"article:published_time\" content=\"2013-05-02T05:00:05+00:00\" \/>\n<meta property=\"article:modified_time\" content=\"2013-05-02T05:31:33+00:00\" \/>\n<meta property=\"og:image\" content=\"https:\/\/www.arte.tv\/sites\/olivierpere\/files\/2013\/04\/LUltimatum-des-trois-mercenaires1.jpg\" \/>\n\t<meta property=\"og:image:width\" content=\"1200\" \/>\n\t<meta property=\"og:image:height\" content=\"810\" \/>\n\t<meta property=\"og:image:type\" content=\"image\/jpeg\" \/>\n<meta name=\"author\" content=\"Olivier P\u00e8re\" \/>\n<meta name=\"twitter:label1\" content=\"\u00c9crit par\" \/>\n\t<meta name=\"twitter:data1\" content=\"Olivier P\u00e8re\" \/>\n\t<meta name=\"twitter:label2\" content=\"Dur\u00e9e de lecture estim\u00e9e\" \/>\n\t<meta name=\"twitter:data2\" content=\"3 minutes\" \/>\n<script type=\"application\/ld+json\" class=\"yoast-schema-graph\">{\"@context\":\"https:\/\/schema.org\",\"@graph\":[{\"@type\":\"WebPage\",\"@id\":\"https:\/\/www.arte.tv\/sites\/olivierpere\/2013\/05\/02\/lultimatum-des-trois-mercenaires-de-robert-aldrich\/\",\"url\":\"https:\/\/www.arte.tv\/sites\/olivierpere\/2013\/05\/02\/lultimatum-des-trois-mercenaires-de-robert-aldrich\/\",\"name\":\"L\u2019Ultimatum des trois mercenaires de Robert Aldrich - Olivier P\u00e8re\",\"isPartOf\":{\"@id\":\"https:\/\/www.arte.tv\/sites\/olivierpere\/#website\"},\"datePublished\":\"2013-05-02T05:00:05+00:00\",\"dateModified\":\"2013-05-02T05:31:33+00:00\",\"author\":{\"@id\":\"https:\/\/www.arte.tv\/sites\/olivierpere\/#\/schema\/person\/dc32cd6c79be95e52d43b97a74182558\"},\"breadcrumb\":{\"@id\":\"https:\/\/www.arte.tv\/sites\/olivierpere\/2013\/05\/02\/lultimatum-des-trois-mercenaires-de-robert-aldrich\/#breadcrumb\"},\"inLanguage\":\"fr-FR\",\"potentialAction\":[{\"@type\":\"ReadAction\",\"target\":[\"https:\/\/www.arte.tv\/sites\/olivierpere\/2013\/05\/02\/lultimatum-des-trois-mercenaires-de-robert-aldrich\/\"]}]},{\"@type\":\"BreadcrumbList\",\"@id\":\"https:\/\/www.arte.tv\/sites\/olivierpere\/2013\/05\/02\/lultimatum-des-trois-mercenaires-de-robert-aldrich\/#breadcrumb\",\"itemListElement\":[{\"@type\":\"ListItem\",\"position\":1,\"name\":\"Home\",\"item\":\"https:\/\/www.arte.tv\/sites\/olivierpere\/\"},{\"@type\":\"ListItem\",\"position\":2,\"name\":\"L\u2019Ultimatum des trois mercenaires de Robert Aldrich\"}]},{\"@type\":\"WebSite\",\"@id\":\"https:\/\/www.arte.tv\/sites\/olivierpere\/#website\",\"url\":\"https:\/\/www.arte.tv\/sites\/olivierpere\/\",\"name\":\"Olivier P\u00e8re\",\"description\":\"\",\"potentialAction\":[{\"@type\":\"SearchAction\",\"target\":{\"@type\":\"EntryPoint\",\"urlTemplate\":\"https:\/\/www.arte.tv\/sites\/olivierpere\/?s={search_term_string}\"},\"query-input\":\"required name=search_term_string\"}],\"inLanguage\":\"fr-FR\"},{\"@type\":\"Person\",\"@id\":\"https:\/\/www.arte.tv\/sites\/olivierpere\/#\/schema\/person\/dc32cd6c79be95e52d43b97a74182558\",\"name\":\"Olivier P\u00e8re\",\"image\":{\"@type\":\"ImageObject\",\"inLanguage\":\"fr-FR\",\"@id\":\"https:\/\/www.arte.tv\/sites\/olivierpere\/#\/schema\/person\/image\/\",\"url\":\"https:\/\/secure.gravatar.com\/avatar\/bdea7b6a2c195e2c41772429a9694758?s=96&d=mm&r=g\",\"contentUrl\":\"https:\/\/secure.gravatar.com\/avatar\/bdea7b6a2c195e2c41772429a9694758?s=96&d=mm&r=g\",\"caption\":\"Olivier P\u00e8re\"},\"url\":\"https:\/\/www.arte.tv\/sites\/olivierpere\/author\/pereolivier\/\"}]}<\/script>\n<!-- \/ Yoast SEO plugin. -->","yoast_head_json":{"title":"L\u2019Ultimatum des trois mercenaires de Robert Aldrich - Olivier P\u00e8re","robots":{"index":"index","follow":"follow","max-snippet":"max-snippet:-1","max-image-preview":"max-image-preview:large","max-video-preview":"max-video-preview:-1"},"canonical":"https:\/\/www.arte.tv\/sites\/olivierpere\/2013\/05\/02\/lultimatum-des-trois-mercenaires-de-robert-aldrich\/","og_locale":"fr_FR","og_type":"article","og_title":"L\u2019Ultimatum des trois mercenaires de Robert Aldrich - Olivier P\u00e8re","og_description":"Il faut revoir les derniers films d\u2019Aldrich, longtemps d\u00e9cri\u00e9s ou ignor\u00e9s, comme les plus beaux de sa riche filmographie. Deux\u2026","og_url":"https:\/\/www.arte.tv\/sites\/olivierpere\/2013\/05\/02\/lultimatum-des-trois-mercenaires-de-robert-aldrich\/","og_site_name":"Olivier P\u00e8re","article_published_time":"2013-05-02T05:00:05+00:00","article_modified_time":"2013-05-02T05:31:33+00:00","og_image":[{"width":"1200","height":"810","url":"https:\/\/www.arte.tv\/sites\/olivierpere\/files\/2013\/04\/LUltimatum-des-trois-mercenaires1.jpg","type":"image\/jpeg"}],"author":"Olivier P\u00e8re","twitter_misc":{"\u00c9crit par":"Olivier P\u00e8re","Dur\u00e9e de lecture estim\u00e9e":"3 minutes"},"schema":{"@context":"https:\/\/schema.org","@graph":[{"@type":"WebPage","@id":"https:\/\/www.arte.tv\/sites\/olivierpere\/2013\/05\/02\/lultimatum-des-trois-mercenaires-de-robert-aldrich\/","url":"https:\/\/www.arte.tv\/sites\/olivierpere\/2013\/05\/02\/lultimatum-des-trois-mercenaires-de-robert-aldrich\/","name":"L\u2019Ultimatum des trois mercenaires de Robert Aldrich - Olivier P\u00e8re","isPartOf":{"@id":"https:\/\/www.arte.tv\/sites\/olivierpere\/#website"},"datePublished":"2013-05-02T05:00:05+00:00","dateModified":"2013-05-02T05:31:33+00:00","author":{"@id":"https:\/\/www.arte.tv\/sites\/olivierpere\/#\/schema\/person\/dc32cd6c79be95e52d43b97a74182558"},"breadcrumb":{"@id":"https:\/\/www.arte.tv\/sites\/olivierpere\/2013\/05\/02\/lultimatum-des-trois-mercenaires-de-robert-aldrich\/#breadcrumb"},"inLanguage":"fr-FR","potentialAction":[{"@type":"ReadAction","target":["https:\/\/www.arte.tv\/sites\/olivierpere\/2013\/05\/02\/lultimatum-des-trois-mercenaires-de-robert-aldrich\/"]}]},{"@type":"BreadcrumbList","@id":"https:\/\/www.arte.tv\/sites\/olivierpere\/2013\/05\/02\/lultimatum-des-trois-mercenaires-de-robert-aldrich\/#breadcrumb","itemListElement":[{"@type":"ListItem","position":1,"name":"Home","item":"https:\/\/www.arte.tv\/sites\/olivierpere\/"},{"@type":"ListItem","position":2,"name":"L\u2019Ultimatum des trois mercenaires de Robert Aldrich"}]},{"@type":"WebSite","@id":"https:\/\/www.arte.tv\/sites\/olivierpere\/#website","url":"https:\/\/www.arte.tv\/sites\/olivierpere\/","name":"Olivier P\u00e8re","description":"","potentialAction":[{"@type":"SearchAction","target":{"@type":"EntryPoint","urlTemplate":"https:\/\/www.arte.tv\/sites\/olivierpere\/?s={search_term_string}"},"query-input":"required name=search_term_string"}],"inLanguage":"fr-FR"},{"@type":"Person","@id":"https:\/\/www.arte.tv\/sites\/olivierpere\/#\/schema\/person\/dc32cd6c79be95e52d43b97a74182558","name":"Olivier P\u00e8re","image":{"@type":"ImageObject","inLanguage":"fr-FR","@id":"https:\/\/www.arte.tv\/sites\/olivierpere\/#\/schema\/person\/image\/","url":"https:\/\/secure.gravatar.com\/avatar\/bdea7b6a2c195e2c41772429a9694758?s=96&d=mm&r=g","contentUrl":"https:\/\/secure.gravatar.com\/avatar\/bdea7b6a2c195e2c41772429a9694758?s=96&d=mm&r=g","caption":"Olivier P\u00e8re"},"url":"https:\/\/www.arte.tv\/sites\/olivierpere\/author\/pereolivier\/"}]}},"_links":{"self":[{"href":"https:\/\/www.arte.tv\/sites\/olivierpere\/wp-json\/wp\/v2\/posts\/9115"}],"collection":[{"href":"https:\/\/www.arte.tv\/sites\/olivierpere\/wp-json\/wp\/v2\/posts"}],"about":[{"href":"https:\/\/www.arte.tv\/sites\/olivierpere\/wp-json\/wp\/v2\/types\/post"}],"author":[{"embeddable":true,"href":"https:\/\/www.arte.tv\/sites\/olivierpere\/wp-json\/wp\/v2\/users\/116"}],"replies":[{"embeddable":true,"href":"https:\/\/www.arte.tv\/sites\/olivierpere\/wp-json\/wp\/v2\/comments?post=9115"}],"version-history":[{"count":6,"href":"https:\/\/www.arte.tv\/sites\/olivierpere\/wp-json\/wp\/v2\/posts\/9115\/revisions"}],"predecessor-version":[{"id":9299,"href":"https:\/\/www.arte.tv\/sites\/olivierpere\/wp-json\/wp\/v2\/posts\/9115\/revisions\/9299"}],"wp:featuredmedia":[{"embeddable":true,"href":"https:\/\/www.arte.tv\/sites\/olivierpere\/wp-json\/wp\/v2\/media\/9117"}],"wp:attachment":[{"href":"https:\/\/www.arte.tv\/sites\/olivierpere\/wp-json\/wp\/v2\/media?parent=9115"}],"wp:term":[{"taxonomy":"category","embeddable":true,"href":"https:\/\/www.arte.tv\/sites\/olivierpere\/wp-json\/wp\/v2\/categories?post=9115"},{"taxonomy":"post_tag","embeddable":true,"href":"https:\/\/www.arte.tv\/sites\/olivierpere\/wp-json\/wp\/v2\/tags?post=9115"}],"curies":[{"name":"wp","href":"https:\/\/api.w.org\/{rel}","templated":true}]}}