{"id":8944,"date":"2013-03-23T21:38:02","date_gmt":"2013-03-23T20:38:02","guid":{"rendered":"https:\/\/www.arte.tv\/sites\/olivierpere\/?p=8944"},"modified":"2020-04-01T08:04:31","modified_gmt":"2020-04-01T07:04:31","slug":"edouard-et-caroline-de-jacques-becker","status":"publish","type":"post","link":"https:\/\/www.arte.tv\/sites\/olivierpere\/2013\/03\/23\/edouard-et-caroline-de-jacques-becker\/","title":{"rendered":"Edouard et Caroline de Jacques Becker"},"content":{"rendered":"<p>Le\u00a0 formidable <em>Edouard et Caroline<\/em> de Jacques Becker, r\u00e9alis\u00e9 en 1951 est sorti en DVD \u00e9dit\u00e9 par Tamasa, avec un livret tr\u00e8s instructif sign\u00e9 Charlotte Gar\u00e7on qui analyse avec beaucoup de justesse le film. Apr\u00e8s un d\u00e9tour par les milieux prol\u00e9taires (<em>Antoine et Antoinette<\/em>) et intellectuels (<em>Les Rendez-vous de juillet<\/em>), Becker r\u00e9ussit au d\u00e9but des ann\u00e9es 50 deux com\u00e9dies l\u00e9g\u00e8res sur la bourgeoisie qui s\u2019imposent en \u00e9quivalents fran\u00e7ais des com\u00e9dies de Hawks et Lubitsch\u00a0: <em>Edouard et Caroline<\/em> et <em>Rue de l\u2019estrapade<\/em>, toutes deux interpr\u00e9t\u00e9es par Daniel G\u00e9lin et la d\u00e9licieuse Anne Vernon, dont se souviendra Jacques Demy en lui donnant le r\u00f4le de la m\u00e8re de Catherine Deneuve dans <em>Les Parapluies de Cherbourg<\/em>.<\/p>\n<p>Des deux films <em>Edouard et Caroline<\/em> est le plus r\u00e9ussi. Il est m\u00eame franchement g\u00e9nial, l\u2019une des rares com\u00e9dies fran\u00e7aises \u2013 toutes p\u00e9riodes confondues \u2013 \u00e0 supporter la comparaison avec les grands mod\u00e8les am\u00e9ricains. <em>Edouard et Caroline<\/em>, dans le contexte de la production commerciale de l\u2019\u00e9poque, propose aussi une approche \u00e9tonnamment moderne du cin\u00e9ma qui annonce la Nouvelle Vague avec dix ans d\u2019avance. Becker s\u2019inspire de ses propres sc\u00e8nes de m\u00e9nage avec sa jeune compagne d\u2019alors, Annette Wademant, pour \u00e9crire avec elle un sc\u00e9nario qui sera tourn\u00e9 tr\u00e8s vite, dans seulement deux d\u00e9cors d\u2019appartements\u00a0: celui \u00e9troit et modeste du jeune couple et celui tr\u00e8s spacieux et luxueux de Claude Beauchamp, l\u2019oncle de Caroline membre de la haute soci\u00e9t\u00e9 parisienne. Le film se moque de la grande bourgeoisie en croquant quelques portraits inoubliables et hilarants parmi les invit\u00e9s de la r\u00e9ception organis\u00e9e par Claude, lui-m\u00eame interpr\u00e9t\u00e9 de mani\u00e8re grandiose par Jean Galland, irr\u00e9sistible en snob hyst\u00e9rique et hypocrite qui se vante d\u2019\u00eatre anglophile et appelle sa ni\u00e8ce \u00ab\u00a0Carola\u00efne\u00a0\u00bb. On retrouve dans ce salon tr\u00e8s bien fr\u00e9quent\u00e9 Elina Labourdette (<em>Les Dames du bois de Boulogne<\/em> de Bresson, <em>Lola<\/em> de Demy), superbe en mondaine enj\u00f4leuse qui se livre \u00e0 une d\u00e9monstration publique de son fameux \u00ab\u00a0regard de biche\u00a0\u00bb. Si les riches aiment exhiber leurs sentiments, s\u00e9duire, se tromper et s\u2019amuser entre eux, ils vivent dans un monde clos et ne tol\u00e8rent les \u00e9trangers et les roturiers (comme Edouard, pianiste virtuose) que lorsqu\u2019ils peuvent les divertir ou leur apporter du plaisir. Becker se souvient ici de <em>La R\u00e8gle du jeu<\/em> dont il livre sa propre version, moins cruelle mais aussi juste. Dans <em>Edouard et Caroline<\/em> la satire sociale se double d\u2019une \u00e9tude merveilleuse et p\u00e9tillante de la conjugalit\u00e9, avec une sensualit\u00e9, une v\u00e9rit\u00e9 et une fraicheur sans \u00e9gales. Difficile de trouver un film fran\u00e7ais plus sexy tourn\u00e9 dans les ann\u00e9es 50. Le jeune couple se dispute pour une histoire de robe de soir\u00e9e trop courte. On y retrouve l\u2019amour de Becker pour les femmes belles et \u00e9l\u00e9gantes, dont les v\u00eatements sont des promesses qui servent \u00e0 dissimuler mais aussi \u00e0 d\u00e9voiler les charmes (se souvenir du g\u00e9nial <em>Falbalas<\/em>, titre d\u00e9finitif sur la mode, l&rsquo;amour fou et le f\u00e9tichisme.)<\/p>\n<p>&nbsp;<\/p>\n","protected":false},"excerpt":{"rendered":"<p>Le\u00a0 formidable Edouard et Caroline de Jacques Becker, r\u00e9alis\u00e9 en 1951 est sorti en DVD \u00e9dit\u00e9 par Tamasa, avec un\u2026<\/p>\n","protected":false},"author":116,"featured_media":0,"comment_status":"open","ping_status":"open","sticky":false,"template":"","format":"standard","meta":[],"categories":[1],"tags":[],"yoast_head":"<!-- This site is optimized with the Yoast SEO plugin v20.8 - https:\/\/yoast.com\/wordpress\/plugins\/seo\/ -->\n<title>Edouard et Caroline de Jacques Becker - Olivier P\u00e8re<\/title>\n<meta name=\"robots\" content=\"index, follow, max-snippet:-1, max-image-preview:large, max-video-preview:-1\" \/>\n<link rel=\"canonical\" href=\"https:\/\/www.arte.tv\/sites\/olivierpere\/2013\/03\/23\/edouard-et-caroline-de-jacques-becker\/\" \/>\n<meta property=\"og:locale\" content=\"fr_FR\" \/>\n<meta property=\"og:type\" content=\"article\" \/>\n<meta property=\"og:title\" content=\"Edouard et Caroline de Jacques Becker - Olivier P\u00e8re\" \/>\n<meta property=\"og:description\" content=\"Le\u00a0 formidable Edouard et Caroline de Jacques Becker, r\u00e9alis\u00e9 en 1951 est sorti en DVD \u00e9dit\u00e9 par Tamasa, avec un\u2026\" \/>\n<meta property=\"og:url\" content=\"https:\/\/www.arte.tv\/sites\/olivierpere\/2013\/03\/23\/edouard-et-caroline-de-jacques-becker\/\" \/>\n<meta property=\"og:site_name\" content=\"Olivier P\u00e8re\" \/>\n<meta property=\"article:published_time\" content=\"2013-03-23T20:38:02+00:00\" \/>\n<meta property=\"article:modified_time\" content=\"2020-04-01T07:04:31+00:00\" \/>\n<meta name=\"author\" content=\"Olivier P\u00e8re\" \/>\n<meta name=\"twitter:label1\" content=\"\u00c9crit par\" \/>\n\t<meta name=\"twitter:data1\" content=\"Olivier P\u00e8re\" \/>\n\t<meta name=\"twitter:label2\" content=\"Dur\u00e9e de lecture estim\u00e9e\" \/>\n\t<meta name=\"twitter:data2\" content=\"3 minutes\" \/>\n<script type=\"application\/ld+json\" class=\"yoast-schema-graph\">{\"@context\":\"https:\/\/schema.org\",\"@graph\":[{\"@type\":\"WebPage\",\"@id\":\"https:\/\/www.arte.tv\/sites\/olivierpere\/2013\/03\/23\/edouard-et-caroline-de-jacques-becker\/\",\"url\":\"https:\/\/www.arte.tv\/sites\/olivierpere\/2013\/03\/23\/edouard-et-caroline-de-jacques-becker\/\",\"name\":\"Edouard et Caroline de Jacques Becker - Olivier P\u00e8re\",\"isPartOf\":{\"@id\":\"https:\/\/www.arte.tv\/sites\/olivierpere\/#website\"},\"datePublished\":\"2013-03-23T20:38:02+00:00\",\"dateModified\":\"2020-04-01T07:04:31+00:00\",\"author\":{\"@id\":\"https:\/\/www.arte.tv\/sites\/olivierpere\/#\/schema\/person\/dc32cd6c79be95e52d43b97a74182558\"},\"breadcrumb\":{\"@id\":\"https:\/\/www.arte.tv\/sites\/olivierpere\/2013\/03\/23\/edouard-et-caroline-de-jacques-becker\/#breadcrumb\"},\"inLanguage\":\"fr-FR\",\"potentialAction\":[{\"@type\":\"ReadAction\",\"target\":[\"https:\/\/www.arte.tv\/sites\/olivierpere\/2013\/03\/23\/edouard-et-caroline-de-jacques-becker\/\"]}]},{\"@type\":\"BreadcrumbList\",\"@id\":\"https:\/\/www.arte.tv\/sites\/olivierpere\/2013\/03\/23\/edouard-et-caroline-de-jacques-becker\/#breadcrumb\",\"itemListElement\":[{\"@type\":\"ListItem\",\"position\":1,\"name\":\"Home\",\"item\":\"https:\/\/www.arte.tv\/sites\/olivierpere\/\"},{\"@type\":\"ListItem\",\"position\":2,\"name\":\"Edouard et Caroline de Jacques Becker\"}]},{\"@type\":\"WebSite\",\"@id\":\"https:\/\/www.arte.tv\/sites\/olivierpere\/#website\",\"url\":\"https:\/\/www.arte.tv\/sites\/olivierpere\/\",\"name\":\"Olivier P\u00e8re\",\"description\":\"\",\"potentialAction\":[{\"@type\":\"SearchAction\",\"target\":{\"@type\":\"EntryPoint\",\"urlTemplate\":\"https:\/\/www.arte.tv\/sites\/olivierpere\/?s={search_term_string}\"},\"query-input\":\"required name=search_term_string\"}],\"inLanguage\":\"fr-FR\"},{\"@type\":\"Person\",\"@id\":\"https:\/\/www.arte.tv\/sites\/olivierpere\/#\/schema\/person\/dc32cd6c79be95e52d43b97a74182558\",\"name\":\"Olivier P\u00e8re\",\"image\":{\"@type\":\"ImageObject\",\"inLanguage\":\"fr-FR\",\"@id\":\"https:\/\/www.arte.tv\/sites\/olivierpere\/#\/schema\/person\/image\/\",\"url\":\"https:\/\/secure.gravatar.com\/avatar\/bdea7b6a2c195e2c41772429a9694758?s=96&d=mm&r=g\",\"contentUrl\":\"https:\/\/secure.gravatar.com\/avatar\/bdea7b6a2c195e2c41772429a9694758?s=96&d=mm&r=g\",\"caption\":\"Olivier P\u00e8re\"},\"url\":\"https:\/\/www.arte.tv\/sites\/olivierpere\/author\/pereolivier\/\"}]}<\/script>\n<!-- \/ Yoast SEO plugin. -->","yoast_head_json":{"title":"Edouard et Caroline de Jacques Becker - Olivier P\u00e8re","robots":{"index":"index","follow":"follow","max-snippet":"max-snippet:-1","max-image-preview":"max-image-preview:large","max-video-preview":"max-video-preview:-1"},"canonical":"https:\/\/www.arte.tv\/sites\/olivierpere\/2013\/03\/23\/edouard-et-caroline-de-jacques-becker\/","og_locale":"fr_FR","og_type":"article","og_title":"Edouard et Caroline de Jacques Becker - Olivier P\u00e8re","og_description":"Le\u00a0 formidable Edouard et Caroline de Jacques Becker, r\u00e9alis\u00e9 en 1951 est sorti en DVD \u00e9dit\u00e9 par Tamasa, avec un\u2026","og_url":"https:\/\/www.arte.tv\/sites\/olivierpere\/2013\/03\/23\/edouard-et-caroline-de-jacques-becker\/","og_site_name":"Olivier P\u00e8re","article_published_time":"2013-03-23T20:38:02+00:00","article_modified_time":"2020-04-01T07:04:31+00:00","author":"Olivier P\u00e8re","twitter_misc":{"\u00c9crit par":"Olivier P\u00e8re","Dur\u00e9e de lecture estim\u00e9e":"3 minutes"},"schema":{"@context":"https:\/\/schema.org","@graph":[{"@type":"WebPage","@id":"https:\/\/www.arte.tv\/sites\/olivierpere\/2013\/03\/23\/edouard-et-caroline-de-jacques-becker\/","url":"https:\/\/www.arte.tv\/sites\/olivierpere\/2013\/03\/23\/edouard-et-caroline-de-jacques-becker\/","name":"Edouard et Caroline de Jacques Becker - Olivier P\u00e8re","isPartOf":{"@id":"https:\/\/www.arte.tv\/sites\/olivierpere\/#website"},"datePublished":"2013-03-23T20:38:02+00:00","dateModified":"2020-04-01T07:04:31+00:00","author":{"@id":"https:\/\/www.arte.tv\/sites\/olivierpere\/#\/schema\/person\/dc32cd6c79be95e52d43b97a74182558"},"breadcrumb":{"@id":"https:\/\/www.arte.tv\/sites\/olivierpere\/2013\/03\/23\/edouard-et-caroline-de-jacques-becker\/#breadcrumb"},"inLanguage":"fr-FR","potentialAction":[{"@type":"ReadAction","target":["https:\/\/www.arte.tv\/sites\/olivierpere\/2013\/03\/23\/edouard-et-caroline-de-jacques-becker\/"]}]},{"@type":"BreadcrumbList","@id":"https:\/\/www.arte.tv\/sites\/olivierpere\/2013\/03\/23\/edouard-et-caroline-de-jacques-becker\/#breadcrumb","itemListElement":[{"@type":"ListItem","position":1,"name":"Home","item":"https:\/\/www.arte.tv\/sites\/olivierpere\/"},{"@type":"ListItem","position":2,"name":"Edouard et Caroline de Jacques Becker"}]},{"@type":"WebSite","@id":"https:\/\/www.arte.tv\/sites\/olivierpere\/#website","url":"https:\/\/www.arte.tv\/sites\/olivierpere\/","name":"Olivier P\u00e8re","description":"","potentialAction":[{"@type":"SearchAction","target":{"@type":"EntryPoint","urlTemplate":"https:\/\/www.arte.tv\/sites\/olivierpere\/?s={search_term_string}"},"query-input":"required name=search_term_string"}],"inLanguage":"fr-FR"},{"@type":"Person","@id":"https:\/\/www.arte.tv\/sites\/olivierpere\/#\/schema\/person\/dc32cd6c79be95e52d43b97a74182558","name":"Olivier P\u00e8re","image":{"@type":"ImageObject","inLanguage":"fr-FR","@id":"https:\/\/www.arte.tv\/sites\/olivierpere\/#\/schema\/person\/image\/","url":"https:\/\/secure.gravatar.com\/avatar\/bdea7b6a2c195e2c41772429a9694758?s=96&d=mm&r=g","contentUrl":"https:\/\/secure.gravatar.com\/avatar\/bdea7b6a2c195e2c41772429a9694758?s=96&d=mm&r=g","caption":"Olivier P\u00e8re"},"url":"https:\/\/www.arte.tv\/sites\/olivierpere\/author\/pereolivier\/"}]}},"_links":{"self":[{"href":"https:\/\/www.arte.tv\/sites\/olivierpere\/wp-json\/wp\/v2\/posts\/8944"}],"collection":[{"href":"https:\/\/www.arte.tv\/sites\/olivierpere\/wp-json\/wp\/v2\/posts"}],"about":[{"href":"https:\/\/www.arte.tv\/sites\/olivierpere\/wp-json\/wp\/v2\/types\/post"}],"author":[{"embeddable":true,"href":"https:\/\/www.arte.tv\/sites\/olivierpere\/wp-json\/wp\/v2\/users\/116"}],"replies":[{"embeddable":true,"href":"https:\/\/www.arte.tv\/sites\/olivierpere\/wp-json\/wp\/v2\/comments?post=8944"}],"version-history":[{"count":5,"href":"https:\/\/www.arte.tv\/sites\/olivierpere\/wp-json\/wp\/v2\/posts\/8944\/revisions"}],"predecessor-version":[{"id":24698,"href":"https:\/\/www.arte.tv\/sites\/olivierpere\/wp-json\/wp\/v2\/posts\/8944\/revisions\/24698"}],"wp:attachment":[{"href":"https:\/\/www.arte.tv\/sites\/olivierpere\/wp-json\/wp\/v2\/media?parent=8944"}],"wp:term":[{"taxonomy":"category","embeddable":true,"href":"https:\/\/www.arte.tv\/sites\/olivierpere\/wp-json\/wp\/v2\/categories?post=8944"},{"taxonomy":"post_tag","embeddable":true,"href":"https:\/\/www.arte.tv\/sites\/olivierpere\/wp-json\/wp\/v2\/tags?post=8944"}],"curies":[{"name":"wp","href":"https:\/\/api.w.org\/{rel}","templated":true}]}}