{"id":8687,"date":"2013-02-11T23:53:00","date_gmt":"2013-02-11T22:53:00","guid":{"rendered":"https:\/\/www.arte.tv\/sites\/olivierpere\/?p=8687"},"modified":"2013-02-12T15:55:14","modified_gmt":"2013-02-12T14:55:14","slug":"berlinale-2013-day-4-la-religieuse-de-guillaume-nicloux-competition","status":"publish","type":"post","link":"https:\/\/www.arte.tv\/sites\/olivierpere\/2013\/02\/11\/berlinale-2013-day-4-la-religieuse-de-guillaume-nicloux-competition\/","title":{"rendered":"Berlinale 2013 Day 4 : La Religieuse de Guillaume Nicloux (comp\u00e9tition)"},"content":{"rendered":"<p>Cette nouvelle adaptation du roman de Diderot \u2013 apr\u00e8s celle de Jacques Rivette victime de la censure en 1966 \u2013 s\u00e9duit par le classicisme de sa mise en sc\u00e8ne et la qualit\u00e9 de son interpr\u00e9tation, mais aussi par son intelligence du texte.<\/p>\n<div id=\"attachment_8691\" style=\"width: 610px\" class=\"wp-caption alignnone\"><a href=\"https:\/\/www.arte.tv\/sites\/olivierpere\/files\/2013\/02\/la-religieuse-guillaume-nicloux-berlinale-63-huppert-etienne1.jpg\"><img aria-describedby=\"caption-attachment-8691\" decoding=\"async\" loading=\"lazy\" class=\"size-full wp-image-8691\" src=\"https:\/\/www.arte.tv\/sites\/olivierpere\/files\/2013\/02\/la-religieuse-guillaume-nicloux-berlinale-63-huppert-etienne1.jpg\" alt=\"La Religieuse\" width=\"600\" height=\"350\" \/><\/a><p id=\"caption-attachment-8691\" class=\"wp-caption-text\">La Religieuse<\/p><\/div>\n<p><em>La Religieuse<\/em> est un roman-m\u00e9moires publi\u00e9 en 1796 \u00e0 titre posthume. Diderot y racontait l\u2019histoire de Suzanne Simonin, jeune fille envoy\u00e9e au couvent contre son gr\u00e9. Ce roman \u00e0 la premi\u00e8re personne avait \u00e9t\u00e9 inspir\u00e9 par le cas r\u00e9el d\u2019une religieuse qui avait \u00e9mu la soci\u00e9t\u00e9 des lettres \u00e0 l\u2019\u00e9poque. L\u2019adaptation de Nicloux est fid\u00e8le au style de Diderot, c\u2019est-\u00e0-dire classique dans le sens litt\u00e9ral du terme, et \u00e0 la structure de son r\u00e9cit. Le film est un long flash-back qui d\u00e9bute lorsqu\u2019un jeune homme d\u00e9cide de lire le journal de Suzanne recueillie dans le ch\u00e2teau de son p\u00e8re. La jeune fille s\u2019est endormie apr\u00e8s sa fuite du couvent. Elle se r\u00e9veille \u00e0 la fin du film, comme si <em>La Religieuse<\/em> \u00e9tait aussi un long cauchemar \u00e0 l\u2019issue heureuse et n\u00e9anmoins incertaine. Cauchemar tout au long duquel Suzanne tentera d\u2019\u00e9chapper \u00e0 un destin que veut lui imposer sa famille pour des raisons inavouables (elle d\u00e9couvre qu\u2019elle est le fruit d\u2019une passion adult\u00e9rine) et aux tourments que lui font subir deux m\u00e8res sup\u00e9rieures successives. Elle passe du sadisme de l\u2019une au saphisme de l\u2019autre, victime de brimades injustes et cruelles puis d\u2019une attention suspecte. C&rsquo;est de loin le meilleur film de Nicloux qui avait auparavant sign\u00e9 quelques bons polars mais qui semble transport\u00e9 par l&rsquo;intensit\u00e9 de son histoire.<\/p>\n<p>Interpr\u00e9tation admirable de Pauline Etienne remarqu\u00e9e dans <em>El\u00e8ve libre<\/em> de Joachim Lafosse en 2008 et qui se r\u00e9v\u00e8le ici superbe de d\u00e9termination et de gr\u00e2ce, \u00e0 la fois fragile et d\u2019un courage insolent. Premier grand r\u00f4le d\u2019une d\u00e9j\u00e0 grande actrice \u00e0 laquelle il n\u2019est pas difficile de pr\u00e9dire une belle carri\u00e8re. Elle est tr\u00e8s bien entour\u00e9e par Fran\u00e7oise Lebrun, Louis Bourgoin et surtout Isabelle Huppert, g\u00e9niale en m\u00e8re sup\u00e9rieure homosexuelle d\u00e9vor\u00e9e par son attirance pour les jeunes filles. Huppert a compris la dimension grotesque du texte du Diderot et donne \u00e0 son interpr\u00e9tation une puissance d\u00e9lirante et comique qui confirme l&rsquo;immensit\u00e9 de sa palette d&rsquo;actrice.<\/p>\n<p>&nbsp;<\/p>\n<p><em>La Religieuse<\/em> sortira en salles le 20 mars, distribu\u00e9 par Le Pacte.<\/p>\n","protected":false},"excerpt":{"rendered":"<p>Cette nouvelle adaptation du roman de Diderot \u2013 apr\u00e8s celle de Jacques Rivette victime de la censure en 1966 \u2013\u2026<\/p>\n","protected":false},"author":116,"featured_media":8690,"comment_status":"open","ping_status":"open","sticky":false,"template":"","format":"standard","meta":[],"categories":[1],"tags":[],"yoast_head":"<!-- This site is optimized with the Yoast SEO plugin v20.8 - https:\/\/yoast.com\/wordpress\/plugins\/seo\/ -->\n<title>Berlinale 2013 Day 4 : La Religieuse de Guillaume Nicloux (comp\u00e9tition) - Olivier P\u00e8re<\/title>\n<meta name=\"robots\" content=\"index, follow, max-snippet:-1, max-image-preview:large, max-video-preview:-1\" \/>\n<link rel=\"canonical\" href=\"https:\/\/www.arte.tv\/sites\/olivierpere\/2013\/02\/11\/berlinale-2013-day-4-la-religieuse-de-guillaume-nicloux-competition\/\" \/>\n<meta property=\"og:locale\" content=\"fr_FR\" \/>\n<meta property=\"og:type\" content=\"article\" \/>\n<meta property=\"og:title\" content=\"Berlinale 2013 Day 4 : La Religieuse de Guillaume Nicloux (comp\u00e9tition) - Olivier P\u00e8re\" \/>\n<meta property=\"og:description\" content=\"Cette nouvelle adaptation du roman de Diderot \u2013 apr\u00e8s celle de Jacques Rivette victime de la censure en 1966 \u2013\u2026\" \/>\n<meta property=\"og:url\" content=\"https:\/\/www.arte.tv\/sites\/olivierpere\/2013\/02\/11\/berlinale-2013-day-4-la-religieuse-de-guillaume-nicloux-competition\/\" \/>\n<meta property=\"og:site_name\" content=\"Olivier P\u00e8re\" \/>\n<meta property=\"article:published_time\" content=\"2013-02-11T22:53:00+00:00\" \/>\n<meta property=\"article:modified_time\" content=\"2013-02-12T14:55:14+00:00\" \/>\n<meta property=\"og:image\" content=\"https:\/\/www.arte.tv\/sites\/olivierpere\/files\/2013\/02\/la-religieuse-guillaume-nicloux-berlinale-63-pauline-etienne.jpg\" \/>\n\t<meta property=\"og:image:width\" content=\"800\" \/>\n\t<meta property=\"og:image:height\" content=\"1074\" \/>\n\t<meta property=\"og:image:type\" content=\"image\/jpeg\" \/>\n<meta name=\"author\" content=\"Olivier P\u00e8re\" \/>\n<meta name=\"twitter:label1\" content=\"\u00c9crit par\" \/>\n\t<meta name=\"twitter:data1\" content=\"Olivier P\u00e8re\" \/>\n\t<meta name=\"twitter:label2\" content=\"Dur\u00e9e de lecture estim\u00e9e\" \/>\n\t<meta name=\"twitter:data2\" content=\"2 minutes\" \/>\n<script type=\"application\/ld+json\" class=\"yoast-schema-graph\">{\"@context\":\"https:\/\/schema.org\",\"@graph\":[{\"@type\":\"WebPage\",\"@id\":\"https:\/\/www.arte.tv\/sites\/olivierpere\/2013\/02\/11\/berlinale-2013-day-4-la-religieuse-de-guillaume-nicloux-competition\/\",\"url\":\"https:\/\/www.arte.tv\/sites\/olivierpere\/2013\/02\/11\/berlinale-2013-day-4-la-religieuse-de-guillaume-nicloux-competition\/\",\"name\":\"Berlinale 2013 Day 4 : La Religieuse de Guillaume Nicloux (comp\u00e9tition) - Olivier P\u00e8re\",\"isPartOf\":{\"@id\":\"https:\/\/www.arte.tv\/sites\/olivierpere\/#website\"},\"datePublished\":\"2013-02-11T22:53:00+00:00\",\"dateModified\":\"2013-02-12T14:55:14+00:00\",\"author\":{\"@id\":\"https:\/\/www.arte.tv\/sites\/olivierpere\/#\/schema\/person\/dc32cd6c79be95e52d43b97a74182558\"},\"breadcrumb\":{\"@id\":\"https:\/\/www.arte.tv\/sites\/olivierpere\/2013\/02\/11\/berlinale-2013-day-4-la-religieuse-de-guillaume-nicloux-competition\/#breadcrumb\"},\"inLanguage\":\"fr-FR\",\"potentialAction\":[{\"@type\":\"ReadAction\",\"target\":[\"https:\/\/www.arte.tv\/sites\/olivierpere\/2013\/02\/11\/berlinale-2013-day-4-la-religieuse-de-guillaume-nicloux-competition\/\"]}]},{\"@type\":\"BreadcrumbList\",\"@id\":\"https:\/\/www.arte.tv\/sites\/olivierpere\/2013\/02\/11\/berlinale-2013-day-4-la-religieuse-de-guillaume-nicloux-competition\/#breadcrumb\",\"itemListElement\":[{\"@type\":\"ListItem\",\"position\":1,\"name\":\"Home\",\"item\":\"https:\/\/www.arte.tv\/sites\/olivierpere\/\"},{\"@type\":\"ListItem\",\"position\":2,\"name\":\"Berlinale 2013 Day 4 : La Religieuse de Guillaume Nicloux (comp\u00e9tition)\"}]},{\"@type\":\"WebSite\",\"@id\":\"https:\/\/www.arte.tv\/sites\/olivierpere\/#website\",\"url\":\"https:\/\/www.arte.tv\/sites\/olivierpere\/\",\"name\":\"Olivier P\u00e8re\",\"description\":\"\",\"potentialAction\":[{\"@type\":\"SearchAction\",\"target\":{\"@type\":\"EntryPoint\",\"urlTemplate\":\"https:\/\/www.arte.tv\/sites\/olivierpere\/?s={search_term_string}\"},\"query-input\":\"required name=search_term_string\"}],\"inLanguage\":\"fr-FR\"},{\"@type\":\"Person\",\"@id\":\"https:\/\/www.arte.tv\/sites\/olivierpere\/#\/schema\/person\/dc32cd6c79be95e52d43b97a74182558\",\"name\":\"Olivier P\u00e8re\",\"image\":{\"@type\":\"ImageObject\",\"inLanguage\":\"fr-FR\",\"@id\":\"https:\/\/www.arte.tv\/sites\/olivierpere\/#\/schema\/person\/image\/\",\"url\":\"https:\/\/secure.gravatar.com\/avatar\/bdea7b6a2c195e2c41772429a9694758?s=96&d=mm&r=g\",\"contentUrl\":\"https:\/\/secure.gravatar.com\/avatar\/bdea7b6a2c195e2c41772429a9694758?s=96&d=mm&r=g\",\"caption\":\"Olivier P\u00e8re\"},\"url\":\"https:\/\/www.arte.tv\/sites\/olivierpere\/author\/pereolivier\/\"}]}<\/script>\n<!-- \/ Yoast SEO plugin. -->","yoast_head_json":{"title":"Berlinale 2013 Day 4 : La Religieuse de Guillaume Nicloux (comp\u00e9tition) - Olivier P\u00e8re","robots":{"index":"index","follow":"follow","max-snippet":"max-snippet:-1","max-image-preview":"max-image-preview:large","max-video-preview":"max-video-preview:-1"},"canonical":"https:\/\/www.arte.tv\/sites\/olivierpere\/2013\/02\/11\/berlinale-2013-day-4-la-religieuse-de-guillaume-nicloux-competition\/","og_locale":"fr_FR","og_type":"article","og_title":"Berlinale 2013 Day 4 : La Religieuse de Guillaume Nicloux (comp\u00e9tition) - Olivier P\u00e8re","og_description":"Cette nouvelle adaptation du roman de Diderot \u2013 apr\u00e8s celle de Jacques Rivette victime de la censure en 1966 \u2013\u2026","og_url":"https:\/\/www.arte.tv\/sites\/olivierpere\/2013\/02\/11\/berlinale-2013-day-4-la-religieuse-de-guillaume-nicloux-competition\/","og_site_name":"Olivier P\u00e8re","article_published_time":"2013-02-11T22:53:00+00:00","article_modified_time":"2013-02-12T14:55:14+00:00","og_image":[{"width":"800","height":"1074","url":"https:\/\/www.arte.tv\/sites\/olivierpere\/files\/2013\/02\/la-religieuse-guillaume-nicloux-berlinale-63-pauline-etienne.jpg","type":"image\/jpeg"}],"author":"Olivier P\u00e8re","twitter_misc":{"\u00c9crit par":"Olivier P\u00e8re","Dur\u00e9e de lecture estim\u00e9e":"2 minutes"},"schema":{"@context":"https:\/\/schema.org","@graph":[{"@type":"WebPage","@id":"https:\/\/www.arte.tv\/sites\/olivierpere\/2013\/02\/11\/berlinale-2013-day-4-la-religieuse-de-guillaume-nicloux-competition\/","url":"https:\/\/www.arte.tv\/sites\/olivierpere\/2013\/02\/11\/berlinale-2013-day-4-la-religieuse-de-guillaume-nicloux-competition\/","name":"Berlinale 2013 Day 4 : La Religieuse de Guillaume Nicloux (comp\u00e9tition) - Olivier P\u00e8re","isPartOf":{"@id":"https:\/\/www.arte.tv\/sites\/olivierpere\/#website"},"datePublished":"2013-02-11T22:53:00+00:00","dateModified":"2013-02-12T14:55:14+00:00","author":{"@id":"https:\/\/www.arte.tv\/sites\/olivierpere\/#\/schema\/person\/dc32cd6c79be95e52d43b97a74182558"},"breadcrumb":{"@id":"https:\/\/www.arte.tv\/sites\/olivierpere\/2013\/02\/11\/berlinale-2013-day-4-la-religieuse-de-guillaume-nicloux-competition\/#breadcrumb"},"inLanguage":"fr-FR","potentialAction":[{"@type":"ReadAction","target":["https:\/\/www.arte.tv\/sites\/olivierpere\/2013\/02\/11\/berlinale-2013-day-4-la-religieuse-de-guillaume-nicloux-competition\/"]}]},{"@type":"BreadcrumbList","@id":"https:\/\/www.arte.tv\/sites\/olivierpere\/2013\/02\/11\/berlinale-2013-day-4-la-religieuse-de-guillaume-nicloux-competition\/#breadcrumb","itemListElement":[{"@type":"ListItem","position":1,"name":"Home","item":"https:\/\/www.arte.tv\/sites\/olivierpere\/"},{"@type":"ListItem","position":2,"name":"Berlinale 2013 Day 4 : La Religieuse de Guillaume Nicloux (comp\u00e9tition)"}]},{"@type":"WebSite","@id":"https:\/\/www.arte.tv\/sites\/olivierpere\/#website","url":"https:\/\/www.arte.tv\/sites\/olivierpere\/","name":"Olivier P\u00e8re","description":"","potentialAction":[{"@type":"SearchAction","target":{"@type":"EntryPoint","urlTemplate":"https:\/\/www.arte.tv\/sites\/olivierpere\/?s={search_term_string}"},"query-input":"required name=search_term_string"}],"inLanguage":"fr-FR"},{"@type":"Person","@id":"https:\/\/www.arte.tv\/sites\/olivierpere\/#\/schema\/person\/dc32cd6c79be95e52d43b97a74182558","name":"Olivier P\u00e8re","image":{"@type":"ImageObject","inLanguage":"fr-FR","@id":"https:\/\/www.arte.tv\/sites\/olivierpere\/#\/schema\/person\/image\/","url":"https:\/\/secure.gravatar.com\/avatar\/bdea7b6a2c195e2c41772429a9694758?s=96&d=mm&r=g","contentUrl":"https:\/\/secure.gravatar.com\/avatar\/bdea7b6a2c195e2c41772429a9694758?s=96&d=mm&r=g","caption":"Olivier P\u00e8re"},"url":"https:\/\/www.arte.tv\/sites\/olivierpere\/author\/pereolivier\/"}]}},"_links":{"self":[{"href":"https:\/\/www.arte.tv\/sites\/olivierpere\/wp-json\/wp\/v2\/posts\/8687"}],"collection":[{"href":"https:\/\/www.arte.tv\/sites\/olivierpere\/wp-json\/wp\/v2\/posts"}],"about":[{"href":"https:\/\/www.arte.tv\/sites\/olivierpere\/wp-json\/wp\/v2\/types\/post"}],"author":[{"embeddable":true,"href":"https:\/\/www.arte.tv\/sites\/olivierpere\/wp-json\/wp\/v2\/users\/116"}],"replies":[{"embeddable":true,"href":"https:\/\/www.arte.tv\/sites\/olivierpere\/wp-json\/wp\/v2\/comments?post=8687"}],"version-history":[{"count":5,"href":"https:\/\/www.arte.tv\/sites\/olivierpere\/wp-json\/wp\/v2\/posts\/8687\/revisions"}],"predecessor-version":[{"id":8689,"href":"https:\/\/www.arte.tv\/sites\/olivierpere\/wp-json\/wp\/v2\/posts\/8687\/revisions\/8689"}],"wp:featuredmedia":[{"embeddable":true,"href":"https:\/\/www.arte.tv\/sites\/olivierpere\/wp-json\/wp\/v2\/media\/8690"}],"wp:attachment":[{"href":"https:\/\/www.arte.tv\/sites\/olivierpere\/wp-json\/wp\/v2\/media?parent=8687"}],"wp:term":[{"taxonomy":"category","embeddable":true,"href":"https:\/\/www.arte.tv\/sites\/olivierpere\/wp-json\/wp\/v2\/categories?post=8687"},{"taxonomy":"post_tag","embeddable":true,"href":"https:\/\/www.arte.tv\/sites\/olivierpere\/wp-json\/wp\/v2\/tags?post=8687"}],"curies":[{"name":"wp","href":"https:\/\/api.w.org\/{rel}","templated":true}]}}