{"id":8578,"date":"2013-01-20T17:23:30","date_gmt":"2013-01-20T16:23:30","guid":{"rendered":"https:\/\/www.arte.tv\/sites\/olivierpere\/?p=8578"},"modified":"2013-01-20T17:23:30","modified_gmt":"2013-01-20T16:23:30","slug":"arte-france-cinema-coproduit-les-prochains-films-de-virgil-vernier-nadav-lapid-et-abel-ferrara","status":"publish","type":"post","link":"https:\/\/www.arte.tv\/sites\/olivierpere\/2013\/01\/20\/arte-france-cinema-coproduit-les-prochains-films-de-virgil-vernier-nadav-lapid-et-abel-ferrara\/","title":{"rendered":"ARTE France Cin\u00e9ma coproduit les prochains films de Virgil Vernier, Nadav Lapid et Abel Ferrara"},"content":{"rendered":"<p>Deux jeunes cin\u00e9astes dont les pr\u00e9c\u00e9dents travaux ont \u00e9t\u00e9 remarqu\u00e9s et appr\u00e9ci\u00e9s \u00e0 leur juste valeur et un auteur en grande forme qui compte parmi les r\u00e9alisateurs les plus passionnants de ces trente derni\u00e8res ann\u00e9es, voici donc le beau tierc\u00e9 du comit\u00e9 de s\u00e9lection d\u2019Arte France Cin\u00e9ma qui s\u2019est tenu le 15 janvier et a choisi de soutenir &#8211; \u00e0 l\u2019unanimit\u00e9 &#8211; trois projets formidables\u00a0: <em>Mercuriales<\/em> de Virgil Vernier, <em>L\u2019Institutrice<\/em> de Nadav Lapid et <em>Pasolini<\/em> d\u2019Abel Ferrara.<\/p>\n<div id=\"attachment_8580\" style=\"width: 1034px\" class=\"wp-caption alignnone\"><a href=\"https:\/\/www.arte.tv\/sites\/olivierpere\/files\/2013\/01\/Virgil-Vernier.jpg\"><img aria-describedby=\"caption-attachment-8580\" decoding=\"async\" loading=\"lazy\" class=\"size-full wp-image-8580\" src=\"https:\/\/www.arte.tv\/sites\/olivierpere\/files\/2013\/01\/Virgil-Vernier.jpg\" alt=\"Virgil Vernier\" width=\"1024\" height=\"768\" \/><\/a><p id=\"caption-attachment-8580\" class=\"wp-caption-text\">Virgil Vernier<\/p><\/div>\n<p>Le Fran\u00e7ais Virgil Vernier a d\u00e9j\u00e0 sign\u00e9 ou cosign\u00e9 plusieurs documentaires, courts et moyens m\u00e9trages salu\u00e9s dans de nombreux festivals\u00a0: <em>Commissariat <\/em>(2009) r\u00e9alis\u00e9 avec Ilan Klipper, <em>Thermidor <\/em>(Quinzaine des R\u00e9alisateurs 2009), <em>Pandore<\/em> (2010) et <em>Orl\u00e9ans<\/em>, d\u00e9couvert au Festival del film Locarno l\u2019ann\u00e9e derni\u00e8re et qui sortira en salles le 1<sup>er<\/sup> mai prochain (on y reviendra.) <em>Mercuriales<\/em>, le vrai premier long m\u00e9trage de Virgil Vernier, est le projet auquel il pense depuis longtemps, et il consid\u00e8re tous ses pr\u00e9c\u00e9dents ouvrages comme des esquisses et des croquis qui lui ont permis de mettre au point des m\u00e9thodes de travail qui lui sont propres (longues p\u00e9riodes d\u2019enqu\u00eates et de rep\u00e9rages), de d\u00e9velopper des id\u00e9es et des pr\u00e9occupations tout aussi singuli\u00e8res.<\/p>\n<p>Les Mercuriales sont ces deux tours jumelles situ\u00e9es Porte de Bagnolet. Dans la banlieue parisienne elles ressemblent \u00e0 un ersatz du World Trade Center (m\u00eame architecture orgueilleuse) et \u00e9voquent des totems d\u2019une grandeur d\u00e9chue, symboles de la crise avec leurs bureaux vides et leurs environs d\u00e9serts. C\u2019est dans ce paysage urbain qu\u2019\u00e9volueront les trois h\u00e9ros du film, deux filles et un gar\u00e7on d\u2019une vingtaine d\u2019ann\u00e9es dont les r\u00eaves et les illusions se heurtent \u00e0 la r\u00e9alit\u00e9 de la soci\u00e9t\u00e9 fran\u00e7aise d\u2019aujourd\u2019hui. Comme \u00e0 son habitude Virgil Vernier souhaite confier ces trois r\u00f4les \u00e0 des com\u00e9diens non professionnels et envisage de tourner en 16mm, pour rompre avec une esth\u00e9tique et une imagerie num\u00e9riques contemporaines et donner une dimension intemporelle, mythologique \u00e0 <em>Mercuriales<\/em>. Son producteur est Jean-Christophe Reymond (Kazak Productions), d\u00e9j\u00e0 complice des pr\u00e9c\u00e9dents films de Virgil Vernier.<\/p>\n<div id=\"attachment_8581\" style=\"width: 1210px\" class=\"wp-caption alignnone\"><a href=\"https:\/\/www.arte.tv\/sites\/olivierpere\/files\/2013\/01\/Nadav-Lapid-photo-Jennifer-Abessira.jpg\"><img aria-describedby=\"caption-attachment-8581\" decoding=\"async\" loading=\"lazy\" class=\"size-full wp-image-8581\" src=\"https:\/\/www.arte.tv\/sites\/olivierpere\/files\/2013\/01\/Nadav-Lapid-photo-Jennifer-Abessira.jpg\" alt=\"Nadav Lapid (photo Jennifer Abessira)\" width=\"1200\" height=\"900\" \/><\/a><p id=\"caption-attachment-8581\" class=\"wp-caption-text\">Nadav Lapid (photo Jennifer Abessira)<\/p><\/div>\n<p><em>L\u2019Institutrice<\/em> (<em>The Kindergarden Teacher<\/em>, titre fran\u00e7ais provisoire) est le second long m\u00e9trage du r\u00e9alisateur isra\u00e9lien Nadav Lapid, apr\u00e8s le moyen m\u00e9trage <em>La Petite Amie d\u2019Emile<\/em> (<em>Ha-Chavera Shell Emile<\/em>, 2006) d\u00e9couvert \u00e0 la Semaine de la Critique du Festival de Cannes et <em>Le Policier<\/em> (<em>Hashoter<\/em>, 2011), Prix du Jury du Festival del film Locarno et Prix du Public du Festival des Trois Continents de Nantes. On a suffisamment comment\u00e9 et admir\u00e9 dans ces colonnes <em>Le Policier<\/em>, sorti en France le 28 mars 2012 pour ne pas y revenir ici, mais le sc\u00e9nario remarquable de <em>L\u2019Institutrice<\/em> apporte une preuve suppl\u00e9mentaire du talent, de l\u2019ambition et de la ma\u00eetrise pr\u00e9coce du jeune \u00e9crivain et cin\u00e9aste Nadav Lapid. <em>L\u2019Institutrice<\/em> aborde les m\u00eames th\u00e8mes que <em>Le Policier<\/em> (id\u00e9alisme, r\u00e9volte, folie et r\u00e9sistance) mais d\u2019une mani\u00e8re beaucoup plus dramatique, romanesque et universelle. Le film est coproduit par Pie Films (Israel) et Haut et Court (France).<\/p>\n<p>Inutile de rappeler ici les films et la carri\u00e8re d\u2019Abel Ferrara (photo en t\u00eate de texte). Disons simplement que le g\u00e9nial cin\u00e9aste new yorkais, provisoirement install\u00e9 entre Paris et Rome, ose enfin s\u2019attaquer \u00e0 une figure qui hante son cin\u00e9ma depuis ses d\u00e9buts dans l\u2019underground sauvage des ann\u00e9es 80\u00a0: Pier Paolo Pasolini, \u00e0 la fois \u00e9crivain, po\u00e8te, cin\u00e9aste et citoyen engag\u00e9. La nouvelle de ce sc\u00e9nario \u00e9tait \u00e0 la fois terriblement excitante et frapp\u00e9e du sceau de l\u2019\u00e9vidence. Ferrara mieux que quiconque pouvait \u00e9voquer Pasolini sans sombrer dans le folklore, l\u2019hommage ou la comm\u00e9moration. Le projet impressionne par le sentiment d\u2019urgence et de v\u00e9rit\u00e9 qui s\u2019en d\u00e9gage. Le r\u00e9cit de la derni\u00e8re journ\u00e9e de la vie de Pasolini, le 2 novembre 1975, du doublage de <em>Sal\u00f2 ou les 120 journ\u00e9es de Sodome<\/em> jusqu\u2019\u00e0 son assassinat la nuit sur la plage d\u2019Ostie fascine par l\u2019intelligence, l\u2019empathie et la compr\u00e9hension intimes de Ferrara pour l\u2019artiste italien.<br \/>\nPier Paolo Pasolini sera interpr\u00e9t\u00e9 par Willem Dafoe, v\u00e9ritable double cin\u00e9matographique d\u2019Abel Ferrara depuis <em>Go Go Tales <\/em>et <em>4h44 dernier jour sur terre<\/em>. Une raison suppl\u00e9mentaire pour attendre avec impatience cette coproduction franco-italienne de Capricci films, tourn\u00e9e en italien, \u00e0 Rome.<\/p>\n<p>Les tournages de ces trois films sont pr\u00e9vus cet \u00e9t\u00e9. Arte France Cin\u00e9ma aura l\u2019occasion de vous tenir inform\u00e9s sur ces trois projets (et aussi sur les autres, d\u00e9j\u00e0 tourn\u00e9s ou \u00e0 venir) \u00e0 de nombreuses occasions, en les accompagnant des premi\u00e8res prises de vues jusqu\u2019\u00e0 leur diffusion \u00e0 l\u2019antenne d\u2019Arte, en passant bien s\u00fbr par leurs pr\u00e9sentations en festivals et leurs sorties en salles. A suivre\u2026<\/p>\n<p><a href=\"http:\/\/pro.arte.tv\/2013\/01\/arte-france-cinema-coproduit-les-prochains-films-de-virgil-vernier-nadav-lapid-et-abel-ferrara\/\">http:\/\/pro.arte.tv\/2013\/01\/arte-france-cinema-coproduit-les-prochains-films-de-virgil-vernier-nadav-lapid-et-abel-ferrara\/<\/a><\/p>\n<h1><\/h1>\n<p>&nbsp;<\/p>\n","protected":false},"excerpt":{"rendered":"<p>Deux jeunes cin\u00e9astes dont les pr\u00e9c\u00e9dents travaux ont \u00e9t\u00e9 remarqu\u00e9s et appr\u00e9ci\u00e9s \u00e0 leur juste valeur et un auteur en\u2026<\/p>\n","protected":false},"author":116,"featured_media":0,"comment_status":"open","ping_status":"open","sticky":false,"template":"","format":"standard","meta":[],"categories":[1],"tags":[],"yoast_head":"<!-- This site is optimized with the Yoast SEO plugin v20.8 - https:\/\/yoast.com\/wordpress\/plugins\/seo\/ -->\n<title>ARTE France Cin\u00e9ma coproduit les prochains films de Virgil Vernier, Nadav Lapid et Abel Ferrara - Olivier P\u00e8re<\/title>\n<meta name=\"robots\" content=\"index, follow, max-snippet:-1, max-image-preview:large, max-video-preview:-1\" \/>\n<link rel=\"canonical\" href=\"https:\/\/www.arte.tv\/sites\/olivierpere\/2013\/01\/20\/arte-france-cinema-coproduit-les-prochains-films-de-virgil-vernier-nadav-lapid-et-abel-ferrara\/\" \/>\n<meta property=\"og:locale\" content=\"fr_FR\" \/>\n<meta property=\"og:type\" content=\"article\" \/>\n<meta property=\"og:title\" content=\"ARTE France Cin\u00e9ma coproduit les prochains films de Virgil Vernier, Nadav Lapid et Abel Ferrara - Olivier P\u00e8re\" \/>\n<meta property=\"og:description\" content=\"Deux jeunes cin\u00e9astes dont les pr\u00e9c\u00e9dents travaux ont \u00e9t\u00e9 remarqu\u00e9s et appr\u00e9ci\u00e9s \u00e0 leur juste valeur et un auteur en\u2026\" \/>\n<meta property=\"og:url\" content=\"https:\/\/www.arte.tv\/sites\/olivierpere\/2013\/01\/20\/arte-france-cinema-coproduit-les-prochains-films-de-virgil-vernier-nadav-lapid-et-abel-ferrara\/\" \/>\n<meta property=\"og:site_name\" content=\"Olivier P\u00e8re\" \/>\n<meta property=\"article:published_time\" content=\"2013-01-20T16:23:30+00:00\" \/>\n<meta property=\"og:image\" content=\"https:\/\/www.arte.tv\/sites\/olivierpere\/files\/2013\/01\/Abel-Ferrara.jpg\" \/>\n\t<meta property=\"og:image:width\" content=\"2160\" \/>\n\t<meta property=\"og:image:height\" content=\"1318\" \/>\n\t<meta property=\"og:image:type\" content=\"image\/jpeg\" \/>\n<meta name=\"author\" content=\"Olivier P\u00e8re\" \/>\n<meta name=\"twitter:label1\" content=\"\u00c9crit par\" \/>\n\t<meta name=\"twitter:data1\" content=\"Olivier P\u00e8re\" \/>\n\t<meta name=\"twitter:label2\" content=\"Dur\u00e9e de lecture estim\u00e9e\" \/>\n\t<meta name=\"twitter:data2\" content=\"4 minutes\" \/>\n<script type=\"application\/ld+json\" class=\"yoast-schema-graph\">{\"@context\":\"https:\/\/schema.org\",\"@graph\":[{\"@type\":\"WebPage\",\"@id\":\"https:\/\/www.arte.tv\/sites\/olivierpere\/2013\/01\/20\/arte-france-cinema-coproduit-les-prochains-films-de-virgil-vernier-nadav-lapid-et-abel-ferrara\/\",\"url\":\"https:\/\/www.arte.tv\/sites\/olivierpere\/2013\/01\/20\/arte-france-cinema-coproduit-les-prochains-films-de-virgil-vernier-nadav-lapid-et-abel-ferrara\/\",\"name\":\"ARTE France Cin\u00e9ma coproduit les prochains films de Virgil Vernier, Nadav Lapid et Abel Ferrara - Olivier P\u00e8re\",\"isPartOf\":{\"@id\":\"https:\/\/www.arte.tv\/sites\/olivierpere\/#website\"},\"datePublished\":\"2013-01-20T16:23:30+00:00\",\"dateModified\":\"2013-01-20T16:23:30+00:00\",\"author\":{\"@id\":\"https:\/\/www.arte.tv\/sites\/olivierpere\/#\/schema\/person\/dc32cd6c79be95e52d43b97a74182558\"},\"breadcrumb\":{\"@id\":\"https:\/\/www.arte.tv\/sites\/olivierpere\/2013\/01\/20\/arte-france-cinema-coproduit-les-prochains-films-de-virgil-vernier-nadav-lapid-et-abel-ferrara\/#breadcrumb\"},\"inLanguage\":\"fr-FR\",\"potentialAction\":[{\"@type\":\"ReadAction\",\"target\":[\"https:\/\/www.arte.tv\/sites\/olivierpere\/2013\/01\/20\/arte-france-cinema-coproduit-les-prochains-films-de-virgil-vernier-nadav-lapid-et-abel-ferrara\/\"]}]},{\"@type\":\"BreadcrumbList\",\"@id\":\"https:\/\/www.arte.tv\/sites\/olivierpere\/2013\/01\/20\/arte-france-cinema-coproduit-les-prochains-films-de-virgil-vernier-nadav-lapid-et-abel-ferrara\/#breadcrumb\",\"itemListElement\":[{\"@type\":\"ListItem\",\"position\":1,\"name\":\"Home\",\"item\":\"https:\/\/www.arte.tv\/sites\/olivierpere\/\"},{\"@type\":\"ListItem\",\"position\":2,\"name\":\"ARTE France Cin\u00e9ma coproduit les prochains films de Virgil Vernier, Nadav Lapid et Abel Ferrara\"}]},{\"@type\":\"WebSite\",\"@id\":\"https:\/\/www.arte.tv\/sites\/olivierpere\/#website\",\"url\":\"https:\/\/www.arte.tv\/sites\/olivierpere\/\",\"name\":\"Olivier P\u00e8re\",\"description\":\"\",\"potentialAction\":[{\"@type\":\"SearchAction\",\"target\":{\"@type\":\"EntryPoint\",\"urlTemplate\":\"https:\/\/www.arte.tv\/sites\/olivierpere\/?s={search_term_string}\"},\"query-input\":\"required name=search_term_string\"}],\"inLanguage\":\"fr-FR\"},{\"@type\":\"Person\",\"@id\":\"https:\/\/www.arte.tv\/sites\/olivierpere\/#\/schema\/person\/dc32cd6c79be95e52d43b97a74182558\",\"name\":\"Olivier P\u00e8re\",\"image\":{\"@type\":\"ImageObject\",\"inLanguage\":\"fr-FR\",\"@id\":\"https:\/\/www.arte.tv\/sites\/olivierpere\/#\/schema\/person\/image\/\",\"url\":\"https:\/\/secure.gravatar.com\/avatar\/bdea7b6a2c195e2c41772429a9694758?s=96&d=mm&r=g\",\"contentUrl\":\"https:\/\/secure.gravatar.com\/avatar\/bdea7b6a2c195e2c41772429a9694758?s=96&d=mm&r=g\",\"caption\":\"Olivier P\u00e8re\"},\"url\":\"https:\/\/www.arte.tv\/sites\/olivierpere\/author\/pereolivier\/\"}]}<\/script>\n<!-- \/ Yoast SEO plugin. -->","yoast_head_json":{"title":"ARTE France Cin\u00e9ma coproduit les prochains films de Virgil Vernier, Nadav Lapid et Abel Ferrara - Olivier P\u00e8re","robots":{"index":"index","follow":"follow","max-snippet":"max-snippet:-1","max-image-preview":"max-image-preview:large","max-video-preview":"max-video-preview:-1"},"canonical":"https:\/\/www.arte.tv\/sites\/olivierpere\/2013\/01\/20\/arte-france-cinema-coproduit-les-prochains-films-de-virgil-vernier-nadav-lapid-et-abel-ferrara\/","og_locale":"fr_FR","og_type":"article","og_title":"ARTE France Cin\u00e9ma coproduit les prochains films de Virgil Vernier, Nadav Lapid et Abel Ferrara - Olivier P\u00e8re","og_description":"Deux jeunes cin\u00e9astes dont les pr\u00e9c\u00e9dents travaux ont \u00e9t\u00e9 remarqu\u00e9s et appr\u00e9ci\u00e9s \u00e0 leur juste valeur et un auteur en\u2026","og_url":"https:\/\/www.arte.tv\/sites\/olivierpere\/2013\/01\/20\/arte-france-cinema-coproduit-les-prochains-films-de-virgil-vernier-nadav-lapid-et-abel-ferrara\/","og_site_name":"Olivier P\u00e8re","article_published_time":"2013-01-20T16:23:30+00:00","og_image":[{"width":"2160","height":"1318","url":"https:\/\/www.arte.tv\/sites\/olivierpere\/files\/2013\/01\/Abel-Ferrara.jpg","type":"image\/jpeg"}],"author":"Olivier P\u00e8re","twitter_misc":{"\u00c9crit par":"Olivier P\u00e8re","Dur\u00e9e de lecture estim\u00e9e":"4 minutes"},"schema":{"@context":"https:\/\/schema.org","@graph":[{"@type":"WebPage","@id":"https:\/\/www.arte.tv\/sites\/olivierpere\/2013\/01\/20\/arte-france-cinema-coproduit-les-prochains-films-de-virgil-vernier-nadav-lapid-et-abel-ferrara\/","url":"https:\/\/www.arte.tv\/sites\/olivierpere\/2013\/01\/20\/arte-france-cinema-coproduit-les-prochains-films-de-virgil-vernier-nadav-lapid-et-abel-ferrara\/","name":"ARTE France Cin\u00e9ma coproduit les prochains films de Virgil Vernier, Nadav Lapid et Abel Ferrara - Olivier P\u00e8re","isPartOf":{"@id":"https:\/\/www.arte.tv\/sites\/olivierpere\/#website"},"datePublished":"2013-01-20T16:23:30+00:00","dateModified":"2013-01-20T16:23:30+00:00","author":{"@id":"https:\/\/www.arte.tv\/sites\/olivierpere\/#\/schema\/person\/dc32cd6c79be95e52d43b97a74182558"},"breadcrumb":{"@id":"https:\/\/www.arte.tv\/sites\/olivierpere\/2013\/01\/20\/arte-france-cinema-coproduit-les-prochains-films-de-virgil-vernier-nadav-lapid-et-abel-ferrara\/#breadcrumb"},"inLanguage":"fr-FR","potentialAction":[{"@type":"ReadAction","target":["https:\/\/www.arte.tv\/sites\/olivierpere\/2013\/01\/20\/arte-france-cinema-coproduit-les-prochains-films-de-virgil-vernier-nadav-lapid-et-abel-ferrara\/"]}]},{"@type":"BreadcrumbList","@id":"https:\/\/www.arte.tv\/sites\/olivierpere\/2013\/01\/20\/arte-france-cinema-coproduit-les-prochains-films-de-virgil-vernier-nadav-lapid-et-abel-ferrara\/#breadcrumb","itemListElement":[{"@type":"ListItem","position":1,"name":"Home","item":"https:\/\/www.arte.tv\/sites\/olivierpere\/"},{"@type":"ListItem","position":2,"name":"ARTE France Cin\u00e9ma coproduit les prochains films de Virgil Vernier, Nadav Lapid et Abel Ferrara"}]},{"@type":"WebSite","@id":"https:\/\/www.arte.tv\/sites\/olivierpere\/#website","url":"https:\/\/www.arte.tv\/sites\/olivierpere\/","name":"Olivier P\u00e8re","description":"","potentialAction":[{"@type":"SearchAction","target":{"@type":"EntryPoint","urlTemplate":"https:\/\/www.arte.tv\/sites\/olivierpere\/?s={search_term_string}"},"query-input":"required name=search_term_string"}],"inLanguage":"fr-FR"},{"@type":"Person","@id":"https:\/\/www.arte.tv\/sites\/olivierpere\/#\/schema\/person\/dc32cd6c79be95e52d43b97a74182558","name":"Olivier P\u00e8re","image":{"@type":"ImageObject","inLanguage":"fr-FR","@id":"https:\/\/www.arte.tv\/sites\/olivierpere\/#\/schema\/person\/image\/","url":"https:\/\/secure.gravatar.com\/avatar\/bdea7b6a2c195e2c41772429a9694758?s=96&d=mm&r=g","contentUrl":"https:\/\/secure.gravatar.com\/avatar\/bdea7b6a2c195e2c41772429a9694758?s=96&d=mm&r=g","caption":"Olivier P\u00e8re"},"url":"https:\/\/www.arte.tv\/sites\/olivierpere\/author\/pereolivier\/"}]}},"_links":{"self":[{"href":"https:\/\/www.arte.tv\/sites\/olivierpere\/wp-json\/wp\/v2\/posts\/8578"}],"collection":[{"href":"https:\/\/www.arte.tv\/sites\/olivierpere\/wp-json\/wp\/v2\/posts"}],"about":[{"href":"https:\/\/www.arte.tv\/sites\/olivierpere\/wp-json\/wp\/v2\/types\/post"}],"author":[{"embeddable":true,"href":"https:\/\/www.arte.tv\/sites\/olivierpere\/wp-json\/wp\/v2\/users\/116"}],"replies":[{"embeddable":true,"href":"https:\/\/www.arte.tv\/sites\/olivierpere\/wp-json\/wp\/v2\/comments?post=8578"}],"version-history":[{"count":1,"href":"https:\/\/www.arte.tv\/sites\/olivierpere\/wp-json\/wp\/v2\/posts\/8578\/revisions"}],"predecessor-version":[{"id":8582,"href":"https:\/\/www.arte.tv\/sites\/olivierpere\/wp-json\/wp\/v2\/posts\/8578\/revisions\/8582"}],"wp:attachment":[{"href":"https:\/\/www.arte.tv\/sites\/olivierpere\/wp-json\/wp\/v2\/media?parent=8578"}],"wp:term":[{"taxonomy":"category","embeddable":true,"href":"https:\/\/www.arte.tv\/sites\/olivierpere\/wp-json\/wp\/v2\/categories?post=8578"},{"taxonomy":"post_tag","embeddable":true,"href":"https:\/\/www.arte.tv\/sites\/olivierpere\/wp-json\/wp\/v2\/tags?post=8578"}],"curies":[{"name":"wp","href":"https:\/\/api.w.org\/{rel}","templated":true}]}}