{"id":8337,"date":"2012-12-14T05:00:45","date_gmt":"2012-12-14T04:00:45","guid":{"rendered":"https:\/\/www.arte.tv\/sites\/olivierpere\/?p=8337"},"modified":"2012-12-14T15:45:45","modified_gmt":"2012-12-14T14:45:45","slug":"le-carnaval-des-truands-de-giuliano-montaldo","status":"publish","type":"post","link":"https:\/\/www.arte.tv\/sites\/olivierpere\/2012\/12\/14\/le-carnaval-des-truands-de-giuliano-montaldo\/","title":{"rendered":"Le Carnaval des truands de Giuliano Montaldo"},"content":{"rendered":"<p>Parmi les nombreux genres hollywoodiens que le cin\u00e9ma de quartier revisita en Europe dans les ann\u00e9es 60, le \u00ab\u00a0film de casse\u00a0\u00bb (\u00ab\u00a0heist movie\u00a0\u00bb en version originale anglaise) tient une place qui est loin d\u2019\u00eatre n\u00e9gligeable. Tout simplement parce que la pr\u00e9paration minutieuse, les r\u00e9partitions des t\u00e2ches entre une \u00e9quipe de sp\u00e9cialistes, les prouesses intellectuelles et physiques des ex\u00e9cutants, le recours \u00e0 des gadgets sophistiqu\u00e9s constituent une mine d\u2019or pour les variations mani\u00e9ristes, les dispositifs \u00e0 la limite de la gratuit\u00e9 et un \u00e9loge en creux du professionnalisme. La constitution d\u2019\u00e9quipes de voleurs de nationalit\u00e9s diverses est \u00e9galement une m\u00e9taphore astucieuse du financement des films eux-m\u00eames, produits par plusieurs pays europ\u00e9ens exigeant la pr\u00e9sence d\u2019une vedette nationale dans le casting. <em>Le Carnaval des truands<\/em> (<em>Ad ogni costo<\/em>, 1967) est un must absolu du film de casse europ\u00e9en. Il ob\u00e9it strictement au programme du genre (jusqu\u2019\u00e0 l\u2019intervention inattendue de la malchance comme dans le film \u00e9talon <em>Quand la ville dort<\/em> de John Huston) avec un traitement caract\u00e9ristique du cin\u00e9ma italien de l\u2019\u00e9poque : distribution parfaite m\u00ealant vieilles gloires hollywoodiennes (Edward G. Robinson) et gueules des salles de quartier (l\u2019in\u00e9vitable Klaus Kinski), musique g\u00e9niale de Ennio Morricone et Bruno Nicolai, utilisation maximale des d\u00e9cors naturels (Rio de Janeiro) mais aussi des transparences et des d\u00e9cors stylis\u00e9s. La remarquable sc\u00e8ne de hold-up acrobatique et silencieuse constitue le cha\u00eenon manquant entre celle \u2013 classique \u2013 de <em>Du rififi chez les hommes<\/em> de Jules Dassin et celle \u2013 postmoderne \u2013 de <em>Mission\u00a0: impossible<\/em> de Brian De Palma. De Palma aurait-il vu le film de Giuliano Montaldo\u00a0? Connaissant son int\u00e9r\u00eat pour le cin\u00e9ma italien de genre et son incartade dans l\u2019euro trash de luxe (<em>Femme Fatale<\/em>, avec une nouvelle fois casse et haute voltige), cela n\u2019est pas \u00e0 exclure.<\/p>\n<div id=\"attachment_8338\" style=\"width: 1210px\" class=\"wp-caption alignnone\"><a href=\"https:\/\/www.arte.tv\/sites\/olivierpere\/files\/2012\/12\/carnaval-des-truands-68-06-g.jpg\"><img aria-describedby=\"caption-attachment-8338\" decoding=\"async\" loading=\"lazy\" class=\"size-full wp-image-8338\" src=\"https:\/\/www.arte.tv\/sites\/olivierpere\/files\/2012\/12\/carnaval-des-truands-68-06-g.jpg\" alt=\"Le Carnaval des truands\" width=\"1200\" height=\"873\" srcset=\"https:\/\/www.arte.tv\/sites\/olivierpere\/files\/2012\/12\/carnaval-des-truands-68-06-g.jpg 1200w, https:\/\/www.arte.tv\/sites\/olivierpere\/files\/2012\/12\/carnaval-des-truands-68-06-g-384x280.jpg 384w, https:\/\/www.arte.tv\/sites\/olivierpere\/files\/2012\/12\/carnaval-des-truands-68-06-g-1024x744.jpg 1024w, https:\/\/www.arte.tv\/sites\/olivierpere\/files\/2012\/12\/carnaval-des-truands-68-06-g-580x421.jpg 580w\" sizes=\"(max-width: 1200px) 100vw, 1200px\" \/><\/a><p id=\"caption-attachment-8338\" class=\"wp-caption-text\">Le Carnaval des truands<\/p><\/div>\n<p>Cin\u00e9aste engag\u00e9 Giuliano Montaldo a d\u00e9but\u00e9 sa carri\u00e8re en 1962 avec <em>Le Commando traqu\u00e9<\/em>, l\u2019histoire d\u2019un jeune homme qui rejoignait les milices fascistes sous la r\u00e9publique de Sal\u00f2. Apr\u00e8s <em>Le Carnaval des truands<\/em> Montaldo a r\u00e9alis\u00e9 un bon thriller maffieux avec John Cassavetes (<em>Les Intouchables<\/em>), un honn\u00eate film de guerre (<em>A l\u2019aube du cinqui\u00e8me jour<\/em>) et son plus gros succ\u00e8s populaire et critique <em>Sacco et Vanzetti<\/em>. Mais aucun de ces titres, ni les suivants, ne valent <em>Le Carnaval des truands<\/em> qui est paradoxalement l\u2019un de ses films les moins personnels et le plus commercial (produit par Papi et Colombo qui firent fortune avec <em>Une poign\u00e9e de dollars<\/em> de Sergio Leone.)<\/p>\n","protected":false},"excerpt":{"rendered":"<p>Parmi les nombreux genres hollywoodiens que le cin\u00e9ma de quartier revisita en Europe dans les ann\u00e9es 60, le \u00ab\u00a0film de\u2026<\/p>\n","protected":false},"author":116,"featured_media":8345,"comment_status":"open","ping_status":"open","sticky":false,"template":"","format":"standard","meta":[],"categories":[1],"tags":[],"yoast_head":"<!-- This site is optimized with the Yoast SEO plugin v20.8 - https:\/\/yoast.com\/wordpress\/plugins\/seo\/ -->\n<title>Le Carnaval des truands de Giuliano Montaldo - Olivier P\u00e8re<\/title>\n<meta name=\"robots\" content=\"index, follow, max-snippet:-1, max-image-preview:large, max-video-preview:-1\" \/>\n<link rel=\"canonical\" href=\"https:\/\/www.arte.tv\/sites\/olivierpere\/2012\/12\/14\/le-carnaval-des-truands-de-giuliano-montaldo\/\" \/>\n<meta property=\"og:locale\" content=\"fr_FR\" \/>\n<meta property=\"og:type\" content=\"article\" \/>\n<meta property=\"og:title\" content=\"Le Carnaval des truands de Giuliano Montaldo - Olivier P\u00e8re\" \/>\n<meta property=\"og:description\" content=\"Parmi les nombreux genres hollywoodiens que le cin\u00e9ma de quartier revisita en Europe dans les ann\u00e9es 60, le \u00ab\u00a0film de\u2026\" \/>\n<meta property=\"og:url\" content=\"https:\/\/www.arte.tv\/sites\/olivierpere\/2012\/12\/14\/le-carnaval-des-truands-de-giuliano-montaldo\/\" \/>\n<meta property=\"og:site_name\" content=\"Olivier P\u00e8re\" \/>\n<meta property=\"article:published_time\" content=\"2012-12-14T04:00:45+00:00\" \/>\n<meta property=\"article:modified_time\" content=\"2012-12-14T14:45:45+00:00\" \/>\n<meta property=\"og:image\" content=\"https:\/\/www.arte.tv\/sites\/olivierpere\/files\/2012\/12\/carnaval-des-truands-68-04-g1.jpg\" \/>\n\t<meta property=\"og:image:width\" content=\"1200\" \/>\n\t<meta property=\"og:image:height\" content=\"876\" \/>\n\t<meta property=\"og:image:type\" content=\"image\/jpeg\" \/>\n<meta name=\"author\" content=\"Olivier P\u00e8re\" \/>\n<meta name=\"twitter:label1\" content=\"\u00c9crit par\" \/>\n\t<meta name=\"twitter:data1\" content=\"Olivier P\u00e8re\" \/>\n\t<meta name=\"twitter:label2\" content=\"Dur\u00e9e de lecture estim\u00e9e\" \/>\n\t<meta name=\"twitter:data2\" content=\"2 minutes\" \/>\n<script type=\"application\/ld+json\" class=\"yoast-schema-graph\">{\"@context\":\"https:\/\/schema.org\",\"@graph\":[{\"@type\":\"WebPage\",\"@id\":\"https:\/\/www.arte.tv\/sites\/olivierpere\/2012\/12\/14\/le-carnaval-des-truands-de-giuliano-montaldo\/\",\"url\":\"https:\/\/www.arte.tv\/sites\/olivierpere\/2012\/12\/14\/le-carnaval-des-truands-de-giuliano-montaldo\/\",\"name\":\"Le Carnaval des truands de Giuliano Montaldo - Olivier P\u00e8re\",\"isPartOf\":{\"@id\":\"https:\/\/www.arte.tv\/sites\/olivierpere\/#website\"},\"datePublished\":\"2012-12-14T04:00:45+00:00\",\"dateModified\":\"2012-12-14T14:45:45+00:00\",\"author\":{\"@id\":\"https:\/\/www.arte.tv\/sites\/olivierpere\/#\/schema\/person\/dc32cd6c79be95e52d43b97a74182558\"},\"breadcrumb\":{\"@id\":\"https:\/\/www.arte.tv\/sites\/olivierpere\/2012\/12\/14\/le-carnaval-des-truands-de-giuliano-montaldo\/#breadcrumb\"},\"inLanguage\":\"fr-FR\",\"potentialAction\":[{\"@type\":\"ReadAction\",\"target\":[\"https:\/\/www.arte.tv\/sites\/olivierpere\/2012\/12\/14\/le-carnaval-des-truands-de-giuliano-montaldo\/\"]}]},{\"@type\":\"BreadcrumbList\",\"@id\":\"https:\/\/www.arte.tv\/sites\/olivierpere\/2012\/12\/14\/le-carnaval-des-truands-de-giuliano-montaldo\/#breadcrumb\",\"itemListElement\":[{\"@type\":\"ListItem\",\"position\":1,\"name\":\"Home\",\"item\":\"https:\/\/www.arte.tv\/sites\/olivierpere\/\"},{\"@type\":\"ListItem\",\"position\":2,\"name\":\"Le Carnaval des truands de Giuliano Montaldo\"}]},{\"@type\":\"WebSite\",\"@id\":\"https:\/\/www.arte.tv\/sites\/olivierpere\/#website\",\"url\":\"https:\/\/www.arte.tv\/sites\/olivierpere\/\",\"name\":\"Olivier P\u00e8re\",\"description\":\"\",\"potentialAction\":[{\"@type\":\"SearchAction\",\"target\":{\"@type\":\"EntryPoint\",\"urlTemplate\":\"https:\/\/www.arte.tv\/sites\/olivierpere\/?s={search_term_string}\"},\"query-input\":\"required name=search_term_string\"}],\"inLanguage\":\"fr-FR\"},{\"@type\":\"Person\",\"@id\":\"https:\/\/www.arte.tv\/sites\/olivierpere\/#\/schema\/person\/dc32cd6c79be95e52d43b97a74182558\",\"name\":\"Olivier P\u00e8re\",\"image\":{\"@type\":\"ImageObject\",\"inLanguage\":\"fr-FR\",\"@id\":\"https:\/\/www.arte.tv\/sites\/olivierpere\/#\/schema\/person\/image\/\",\"url\":\"https:\/\/secure.gravatar.com\/avatar\/bdea7b6a2c195e2c41772429a9694758?s=96&d=mm&r=g\",\"contentUrl\":\"https:\/\/secure.gravatar.com\/avatar\/bdea7b6a2c195e2c41772429a9694758?s=96&d=mm&r=g\",\"caption\":\"Olivier P\u00e8re\"},\"url\":\"https:\/\/www.arte.tv\/sites\/olivierpere\/author\/pereolivier\/\"}]}<\/script>\n<!-- \/ Yoast SEO plugin. -->","yoast_head_json":{"title":"Le Carnaval des truands de Giuliano Montaldo - Olivier P\u00e8re","robots":{"index":"index","follow":"follow","max-snippet":"max-snippet:-1","max-image-preview":"max-image-preview:large","max-video-preview":"max-video-preview:-1"},"canonical":"https:\/\/www.arte.tv\/sites\/olivierpere\/2012\/12\/14\/le-carnaval-des-truands-de-giuliano-montaldo\/","og_locale":"fr_FR","og_type":"article","og_title":"Le Carnaval des truands de Giuliano Montaldo - Olivier P\u00e8re","og_description":"Parmi les nombreux genres hollywoodiens que le cin\u00e9ma de quartier revisita en Europe dans les ann\u00e9es 60, le \u00ab\u00a0film de\u2026","og_url":"https:\/\/www.arte.tv\/sites\/olivierpere\/2012\/12\/14\/le-carnaval-des-truands-de-giuliano-montaldo\/","og_site_name":"Olivier P\u00e8re","article_published_time":"2012-12-14T04:00:45+00:00","article_modified_time":"2012-12-14T14:45:45+00:00","og_image":[{"width":"1200","height":"876","url":"https:\/\/www.arte.tv\/sites\/olivierpere\/files\/2012\/12\/carnaval-des-truands-68-04-g1.jpg","type":"image\/jpeg"}],"author":"Olivier P\u00e8re","twitter_misc":{"\u00c9crit par":"Olivier P\u00e8re","Dur\u00e9e de lecture estim\u00e9e":"2 minutes"},"schema":{"@context":"https:\/\/schema.org","@graph":[{"@type":"WebPage","@id":"https:\/\/www.arte.tv\/sites\/olivierpere\/2012\/12\/14\/le-carnaval-des-truands-de-giuliano-montaldo\/","url":"https:\/\/www.arte.tv\/sites\/olivierpere\/2012\/12\/14\/le-carnaval-des-truands-de-giuliano-montaldo\/","name":"Le Carnaval des truands de Giuliano Montaldo - Olivier P\u00e8re","isPartOf":{"@id":"https:\/\/www.arte.tv\/sites\/olivierpere\/#website"},"datePublished":"2012-12-14T04:00:45+00:00","dateModified":"2012-12-14T14:45:45+00:00","author":{"@id":"https:\/\/www.arte.tv\/sites\/olivierpere\/#\/schema\/person\/dc32cd6c79be95e52d43b97a74182558"},"breadcrumb":{"@id":"https:\/\/www.arte.tv\/sites\/olivierpere\/2012\/12\/14\/le-carnaval-des-truands-de-giuliano-montaldo\/#breadcrumb"},"inLanguage":"fr-FR","potentialAction":[{"@type":"ReadAction","target":["https:\/\/www.arte.tv\/sites\/olivierpere\/2012\/12\/14\/le-carnaval-des-truands-de-giuliano-montaldo\/"]}]},{"@type":"BreadcrumbList","@id":"https:\/\/www.arte.tv\/sites\/olivierpere\/2012\/12\/14\/le-carnaval-des-truands-de-giuliano-montaldo\/#breadcrumb","itemListElement":[{"@type":"ListItem","position":1,"name":"Home","item":"https:\/\/www.arte.tv\/sites\/olivierpere\/"},{"@type":"ListItem","position":2,"name":"Le Carnaval des truands de Giuliano Montaldo"}]},{"@type":"WebSite","@id":"https:\/\/www.arte.tv\/sites\/olivierpere\/#website","url":"https:\/\/www.arte.tv\/sites\/olivierpere\/","name":"Olivier P\u00e8re","description":"","potentialAction":[{"@type":"SearchAction","target":{"@type":"EntryPoint","urlTemplate":"https:\/\/www.arte.tv\/sites\/olivierpere\/?s={search_term_string}"},"query-input":"required name=search_term_string"}],"inLanguage":"fr-FR"},{"@type":"Person","@id":"https:\/\/www.arte.tv\/sites\/olivierpere\/#\/schema\/person\/dc32cd6c79be95e52d43b97a74182558","name":"Olivier P\u00e8re","image":{"@type":"ImageObject","inLanguage":"fr-FR","@id":"https:\/\/www.arte.tv\/sites\/olivierpere\/#\/schema\/person\/image\/","url":"https:\/\/secure.gravatar.com\/avatar\/bdea7b6a2c195e2c41772429a9694758?s=96&d=mm&r=g","contentUrl":"https:\/\/secure.gravatar.com\/avatar\/bdea7b6a2c195e2c41772429a9694758?s=96&d=mm&r=g","caption":"Olivier P\u00e8re"},"url":"https:\/\/www.arte.tv\/sites\/olivierpere\/author\/pereolivier\/"}]}},"_links":{"self":[{"href":"https:\/\/www.arte.tv\/sites\/olivierpere\/wp-json\/wp\/v2\/posts\/8337"}],"collection":[{"href":"https:\/\/www.arte.tv\/sites\/olivierpere\/wp-json\/wp\/v2\/posts"}],"about":[{"href":"https:\/\/www.arte.tv\/sites\/olivierpere\/wp-json\/wp\/v2\/types\/post"}],"author":[{"embeddable":true,"href":"https:\/\/www.arte.tv\/sites\/olivierpere\/wp-json\/wp\/v2\/users\/116"}],"replies":[{"embeddable":true,"href":"https:\/\/www.arte.tv\/sites\/olivierpere\/wp-json\/wp\/v2\/comments?post=8337"}],"version-history":[{"count":4,"href":"https:\/\/www.arte.tv\/sites\/olivierpere\/wp-json\/wp\/v2\/posts\/8337\/revisions"}],"predecessor-version":[{"id":8346,"href":"https:\/\/www.arte.tv\/sites\/olivierpere\/wp-json\/wp\/v2\/posts\/8337\/revisions\/8346"}],"wp:featuredmedia":[{"embeddable":true,"href":"https:\/\/www.arte.tv\/sites\/olivierpere\/wp-json\/wp\/v2\/media\/8345"}],"wp:attachment":[{"href":"https:\/\/www.arte.tv\/sites\/olivierpere\/wp-json\/wp\/v2\/media?parent=8337"}],"wp:term":[{"taxonomy":"category","embeddable":true,"href":"https:\/\/www.arte.tv\/sites\/olivierpere\/wp-json\/wp\/v2\/categories?post=8337"},{"taxonomy":"post_tag","embeddable":true,"href":"https:\/\/www.arte.tv\/sites\/olivierpere\/wp-json\/wp\/v2\/tags?post=8337"}],"curies":[{"name":"wp","href":"https:\/\/api.w.org\/{rel}","templated":true}]}}