{"id":8187,"date":"2012-11-21T16:17:55","date_gmt":"2012-11-21T15:17:55","guid":{"rendered":"https:\/\/www.arte.tv\/sites\/olivierpere\/?p=8187"},"modified":"2012-11-22T10:55:54","modified_gmt":"2012-11-22T09:55:54","slug":"ajami-de-scandar-copti-et-yaron-shani","status":"publish","type":"post","link":"https:\/\/www.arte.tv\/sites\/olivierpere\/2012\/11\/21\/ajami-de-scandar-copti-et-yaron-shani\/","title":{"rendered":"Ajami de Scandar Copti et Yaron Shani"},"content":{"rendered":"<p>Ce soir on pourra revoir ou d\u00e9couvrir \u00e0 20h50 sur Arte <em>Ajami<\/em>, premier long m\u00e9trage cor\u00e9alis\u00e9 par Scandar Copti et Yaron Shani, dans le cadre du festival du cin\u00e9ma d&rsquo;Arte \u00e0 l&rsquo;antenne jusqu&rsquo;au 23 novembre.<\/p>\n<div id=\"attachment_8188\" style=\"width: 1930px\" class=\"wp-caption alignnone\"><a href=\"https:\/\/www.arte.tv\/sites\/olivierpere\/files\/2012\/11\/Ajami.jpg\"><img aria-describedby=\"caption-attachment-8188\" decoding=\"async\" loading=\"lazy\" class=\"size-full wp-image-8188\" src=\"https:\/\/www.arte.tv\/sites\/olivierpere\/files\/2012\/11\/Ajami.jpg\" alt=\"Ajami\" width=\"1920\" height=\"1038\" srcset=\"https:\/\/www.arte.tv\/sites\/olivierpere\/files\/2012\/11\/Ajami.jpg 1920w, https:\/\/www.arte.tv\/sites\/olivierpere\/files\/2012\/11\/Ajami-517x280.jpg 517w, https:\/\/www.arte.tv\/sites\/olivierpere\/files\/2012\/11\/Ajami-1024x553.jpg 1024w, https:\/\/www.arte.tv\/sites\/olivierpere\/files\/2012\/11\/Ajami-580x313.jpg 580w\" sizes=\"(max-width: 1920px) 100vw, 1920px\" \/><\/a><p id=\"caption-attachment-8188\" class=\"wp-caption-text\">Ajami<\/p><\/div>\n<p><em>Ajami<\/em> \u00e9tait le film de cl\u00f4ture de la 41<sup>\u00e8me<\/sup> Quinzaine des R\u00e9alisateurs en 2009, soit le dernier film que j\u2019ai pr\u00e9sent\u00e9 en tant que d\u00e9l\u00e9gu\u00e9 g\u00e9n\u00e9ral de la section ind\u00e9pendante cannoise. Son retentissement critique et public et son succ\u00e8s international furent remarquables et le film demeure encore aujourd\u2019hui, h\u00e9las, d\u2019une actualit\u00e9 br\u00fblante. C\u2019est sans doute le film qui est parvenu \u00e0 capter avec le plus d\u2019urgence, de v\u00e9rit\u00e9 et d\u2019authenticit\u00e9 \u2013 sans jamais oublier le cin\u00e9ma \u2013 la situation explosive entre Juifs, Arabes et Chr\u00e9tiens en Isra\u00ebl, au quotidien et au raz du bitume. Tourn\u00e9 \u00e0 Jaffa, <em>Ajami<\/em> est un r\u00e9cit choral qui m\u00eale plusieurs registres d\u2019histoires et de genres (y compris l\u2019animation\u00a0!), une mosa\u00efque qui parvient \u00e0 retranscrire la complexit\u00e9 et la diversit\u00e9 des relations entre les diff\u00e9rentes communaut\u00e9s. La virtuosit\u00e9 de la narration s\u2019accorde avec une mise en sc\u00e8ne sans fioriture qui adopte un style proche du documentaire (authenticit\u00e9 renforc\u00e9e par l\u2019emploi de com\u00e9diens non professionnels, souvent utilis\u00e9s dans un contexte qui est le leur). Cette m\u00e9thode a d\u00e9j\u00e0 fait ses preuves, et l\u2019on se surprend \u00e0 penser aux meilleures r\u00e9ussites de Francesco Rosi dans les ann\u00e9es 60 (<em>Mains basses sur la ville<\/em>, <em>Le Moment de v\u00e9rit\u00e9<\/em>) et m\u00eame le Scorsese premi\u00e8re p\u00e9riode de <em>Mean Streets<\/em>. Car Ajami est un drame, une histoire d\u2019amour, une fresque sociale et politique, mais c\u2019est aussi un thriller haletant, une saga maffieuse comme on n\u2019en avait jamais vu \u00e0 l\u2019\u00e9cran avec loi du talion, r\u00e8glements de comptes et guerres des gangs. Entre faits-divers criminels et tensions interraciales et religieuses, la trag\u00e9die n\u2019est pas loin dans <em>Ajami <\/em>qui brasse une mati\u00e8re impure pour mieux d\u00e9noncer une r\u00e9alit\u00e9 o\u00f9 la mort, l\u2019absurdit\u00e9 et la violence sortent seules victorieuses.<\/p>\n","protected":false},"excerpt":{"rendered":"<p>Ce soir on pourra revoir ou d\u00e9couvrir \u00e0 20h50 sur Arte Ajami, premier long m\u00e9trage cor\u00e9alis\u00e9 par Scandar Copti et\u2026<\/p>\n","protected":false},"author":116,"featured_media":8189,"comment_status":"open","ping_status":"open","sticky":false,"template":"","format":"standard","meta":[],"categories":[1],"tags":[],"yoast_head":"<!-- This site is optimized with the Yoast SEO plugin v20.8 - https:\/\/yoast.com\/wordpress\/plugins\/seo\/ -->\n<title>Ajami de Scandar Copti et Yaron Shani - Olivier P\u00e8re<\/title>\n<meta name=\"robots\" content=\"index, follow, max-snippet:-1, max-image-preview:large, max-video-preview:-1\" \/>\n<link rel=\"canonical\" href=\"https:\/\/www.arte.tv\/sites\/olivierpere\/2012\/11\/21\/ajami-de-scandar-copti-et-yaron-shani\/\" \/>\n<meta property=\"og:locale\" content=\"fr_FR\" \/>\n<meta property=\"og:type\" content=\"article\" \/>\n<meta property=\"og:title\" content=\"Ajami de Scandar Copti et Yaron Shani - Olivier P\u00e8re\" \/>\n<meta property=\"og:description\" content=\"Ce soir on pourra revoir ou d\u00e9couvrir \u00e0 20h50 sur Arte Ajami, premier long m\u00e9trage cor\u00e9alis\u00e9 par Scandar Copti et\u2026\" \/>\n<meta property=\"og:url\" content=\"https:\/\/www.arte.tv\/sites\/olivierpere\/2012\/11\/21\/ajami-de-scandar-copti-et-yaron-shani\/\" \/>\n<meta property=\"og:site_name\" content=\"Olivier P\u00e8re\" \/>\n<meta property=\"article:published_time\" content=\"2012-11-21T15:17:55+00:00\" \/>\n<meta property=\"article:modified_time\" content=\"2012-11-22T09:55:54+00:00\" \/>\n<meta property=\"og:image\" content=\"https:\/\/www.arte.tv\/sites\/olivierpere\/files\/2012\/11\/Ajami1.jpg\" \/>\n\t<meta property=\"og:image:width\" content=\"1280\" \/>\n\t<meta property=\"og:image:height\" content=\"696\" \/>\n\t<meta property=\"og:image:type\" content=\"image\/jpeg\" \/>\n<meta name=\"author\" content=\"Olivier P\u00e8re\" \/>\n<meta name=\"twitter:label1\" content=\"\u00c9crit par\" \/>\n\t<meta name=\"twitter:data1\" content=\"Olivier P\u00e8re\" \/>\n\t<meta name=\"twitter:label2\" content=\"Dur\u00e9e de lecture estim\u00e9e\" \/>\n\t<meta name=\"twitter:data2\" content=\"2 minutes\" \/>\n<script type=\"application\/ld+json\" class=\"yoast-schema-graph\">{\"@context\":\"https:\/\/schema.org\",\"@graph\":[{\"@type\":\"WebPage\",\"@id\":\"https:\/\/www.arte.tv\/sites\/olivierpere\/2012\/11\/21\/ajami-de-scandar-copti-et-yaron-shani\/\",\"url\":\"https:\/\/www.arte.tv\/sites\/olivierpere\/2012\/11\/21\/ajami-de-scandar-copti-et-yaron-shani\/\",\"name\":\"Ajami de Scandar Copti et Yaron Shani - Olivier P\u00e8re\",\"isPartOf\":{\"@id\":\"https:\/\/www.arte.tv\/sites\/olivierpere\/#website\"},\"datePublished\":\"2012-11-21T15:17:55+00:00\",\"dateModified\":\"2012-11-22T09:55:54+00:00\",\"author\":{\"@id\":\"https:\/\/www.arte.tv\/sites\/olivierpere\/#\/schema\/person\/dc32cd6c79be95e52d43b97a74182558\"},\"breadcrumb\":{\"@id\":\"https:\/\/www.arte.tv\/sites\/olivierpere\/2012\/11\/21\/ajami-de-scandar-copti-et-yaron-shani\/#breadcrumb\"},\"inLanguage\":\"fr-FR\",\"potentialAction\":[{\"@type\":\"ReadAction\",\"target\":[\"https:\/\/www.arte.tv\/sites\/olivierpere\/2012\/11\/21\/ajami-de-scandar-copti-et-yaron-shani\/\"]}]},{\"@type\":\"BreadcrumbList\",\"@id\":\"https:\/\/www.arte.tv\/sites\/olivierpere\/2012\/11\/21\/ajami-de-scandar-copti-et-yaron-shani\/#breadcrumb\",\"itemListElement\":[{\"@type\":\"ListItem\",\"position\":1,\"name\":\"Home\",\"item\":\"https:\/\/www.arte.tv\/sites\/olivierpere\/\"},{\"@type\":\"ListItem\",\"position\":2,\"name\":\"Ajami de Scandar Copti et Yaron Shani\"}]},{\"@type\":\"WebSite\",\"@id\":\"https:\/\/www.arte.tv\/sites\/olivierpere\/#website\",\"url\":\"https:\/\/www.arte.tv\/sites\/olivierpere\/\",\"name\":\"Olivier P\u00e8re\",\"description\":\"\",\"potentialAction\":[{\"@type\":\"SearchAction\",\"target\":{\"@type\":\"EntryPoint\",\"urlTemplate\":\"https:\/\/www.arte.tv\/sites\/olivierpere\/?s={search_term_string}\"},\"query-input\":\"required name=search_term_string\"}],\"inLanguage\":\"fr-FR\"},{\"@type\":\"Person\",\"@id\":\"https:\/\/www.arte.tv\/sites\/olivierpere\/#\/schema\/person\/dc32cd6c79be95e52d43b97a74182558\",\"name\":\"Olivier P\u00e8re\",\"image\":{\"@type\":\"ImageObject\",\"inLanguage\":\"fr-FR\",\"@id\":\"https:\/\/www.arte.tv\/sites\/olivierpere\/#\/schema\/person\/image\/\",\"url\":\"https:\/\/secure.gravatar.com\/avatar\/bdea7b6a2c195e2c41772429a9694758?s=96&d=mm&r=g\",\"contentUrl\":\"https:\/\/secure.gravatar.com\/avatar\/bdea7b6a2c195e2c41772429a9694758?s=96&d=mm&r=g\",\"caption\":\"Olivier P\u00e8re\"},\"url\":\"https:\/\/www.arte.tv\/sites\/olivierpere\/author\/pereolivier\/\"}]}<\/script>\n<!-- \/ Yoast SEO plugin. -->","yoast_head_json":{"title":"Ajami de Scandar Copti et Yaron Shani - Olivier P\u00e8re","robots":{"index":"index","follow":"follow","max-snippet":"max-snippet:-1","max-image-preview":"max-image-preview:large","max-video-preview":"max-video-preview:-1"},"canonical":"https:\/\/www.arte.tv\/sites\/olivierpere\/2012\/11\/21\/ajami-de-scandar-copti-et-yaron-shani\/","og_locale":"fr_FR","og_type":"article","og_title":"Ajami de Scandar Copti et Yaron Shani - Olivier P\u00e8re","og_description":"Ce soir on pourra revoir ou d\u00e9couvrir \u00e0 20h50 sur Arte Ajami, premier long m\u00e9trage cor\u00e9alis\u00e9 par Scandar Copti et\u2026","og_url":"https:\/\/www.arte.tv\/sites\/olivierpere\/2012\/11\/21\/ajami-de-scandar-copti-et-yaron-shani\/","og_site_name":"Olivier P\u00e8re","article_published_time":"2012-11-21T15:17:55+00:00","article_modified_time":"2012-11-22T09:55:54+00:00","og_image":[{"width":"1280","height":"696","url":"https:\/\/www.arte.tv\/sites\/olivierpere\/files\/2012\/11\/Ajami1.jpg","type":"image\/jpeg"}],"author":"Olivier P\u00e8re","twitter_misc":{"\u00c9crit par":"Olivier P\u00e8re","Dur\u00e9e de lecture estim\u00e9e":"2 minutes"},"schema":{"@context":"https:\/\/schema.org","@graph":[{"@type":"WebPage","@id":"https:\/\/www.arte.tv\/sites\/olivierpere\/2012\/11\/21\/ajami-de-scandar-copti-et-yaron-shani\/","url":"https:\/\/www.arte.tv\/sites\/olivierpere\/2012\/11\/21\/ajami-de-scandar-copti-et-yaron-shani\/","name":"Ajami de Scandar Copti et Yaron Shani - Olivier P\u00e8re","isPartOf":{"@id":"https:\/\/www.arte.tv\/sites\/olivierpere\/#website"},"datePublished":"2012-11-21T15:17:55+00:00","dateModified":"2012-11-22T09:55:54+00:00","author":{"@id":"https:\/\/www.arte.tv\/sites\/olivierpere\/#\/schema\/person\/dc32cd6c79be95e52d43b97a74182558"},"breadcrumb":{"@id":"https:\/\/www.arte.tv\/sites\/olivierpere\/2012\/11\/21\/ajami-de-scandar-copti-et-yaron-shani\/#breadcrumb"},"inLanguage":"fr-FR","potentialAction":[{"@type":"ReadAction","target":["https:\/\/www.arte.tv\/sites\/olivierpere\/2012\/11\/21\/ajami-de-scandar-copti-et-yaron-shani\/"]}]},{"@type":"BreadcrumbList","@id":"https:\/\/www.arte.tv\/sites\/olivierpere\/2012\/11\/21\/ajami-de-scandar-copti-et-yaron-shani\/#breadcrumb","itemListElement":[{"@type":"ListItem","position":1,"name":"Home","item":"https:\/\/www.arte.tv\/sites\/olivierpere\/"},{"@type":"ListItem","position":2,"name":"Ajami de Scandar Copti et Yaron Shani"}]},{"@type":"WebSite","@id":"https:\/\/www.arte.tv\/sites\/olivierpere\/#website","url":"https:\/\/www.arte.tv\/sites\/olivierpere\/","name":"Olivier P\u00e8re","description":"","potentialAction":[{"@type":"SearchAction","target":{"@type":"EntryPoint","urlTemplate":"https:\/\/www.arte.tv\/sites\/olivierpere\/?s={search_term_string}"},"query-input":"required name=search_term_string"}],"inLanguage":"fr-FR"},{"@type":"Person","@id":"https:\/\/www.arte.tv\/sites\/olivierpere\/#\/schema\/person\/dc32cd6c79be95e52d43b97a74182558","name":"Olivier P\u00e8re","image":{"@type":"ImageObject","inLanguage":"fr-FR","@id":"https:\/\/www.arte.tv\/sites\/olivierpere\/#\/schema\/person\/image\/","url":"https:\/\/secure.gravatar.com\/avatar\/bdea7b6a2c195e2c41772429a9694758?s=96&d=mm&r=g","contentUrl":"https:\/\/secure.gravatar.com\/avatar\/bdea7b6a2c195e2c41772429a9694758?s=96&d=mm&r=g","caption":"Olivier P\u00e8re"},"url":"https:\/\/www.arte.tv\/sites\/olivierpere\/author\/pereolivier\/"}]}},"_links":{"self":[{"href":"https:\/\/www.arte.tv\/sites\/olivierpere\/wp-json\/wp\/v2\/posts\/8187"}],"collection":[{"href":"https:\/\/www.arte.tv\/sites\/olivierpere\/wp-json\/wp\/v2\/posts"}],"about":[{"href":"https:\/\/www.arte.tv\/sites\/olivierpere\/wp-json\/wp\/v2\/types\/post"}],"author":[{"embeddable":true,"href":"https:\/\/www.arte.tv\/sites\/olivierpere\/wp-json\/wp\/v2\/users\/116"}],"replies":[{"embeddable":true,"href":"https:\/\/www.arte.tv\/sites\/olivierpere\/wp-json\/wp\/v2\/comments?post=8187"}],"version-history":[{"count":2,"href":"https:\/\/www.arte.tv\/sites\/olivierpere\/wp-json\/wp\/v2\/posts\/8187\/revisions"}],"predecessor-version":[{"id":8195,"href":"https:\/\/www.arte.tv\/sites\/olivierpere\/wp-json\/wp\/v2\/posts\/8187\/revisions\/8195"}],"wp:featuredmedia":[{"embeddable":true,"href":"https:\/\/www.arte.tv\/sites\/olivierpere\/wp-json\/wp\/v2\/media\/8189"}],"wp:attachment":[{"href":"https:\/\/www.arte.tv\/sites\/olivierpere\/wp-json\/wp\/v2\/media?parent=8187"}],"wp:term":[{"taxonomy":"category","embeddable":true,"href":"https:\/\/www.arte.tv\/sites\/olivierpere\/wp-json\/wp\/v2\/categories?post=8187"},{"taxonomy":"post_tag","embeddable":true,"href":"https:\/\/www.arte.tv\/sites\/olivierpere\/wp-json\/wp\/v2\/tags?post=8187"}],"curies":[{"name":"wp","href":"https:\/\/api.w.org\/{rel}","templated":true}]}}