{"id":7149,"date":"2014-07-21T04:00:22","date_gmt":"2014-07-21T03:00:22","guid":{"rendered":"http:\/\/olivierpere.wordpress.com\/?p=7149"},"modified":"2020-04-10T19:07:16","modified_gmt":"2020-04-10T18:07:16","slug":"les-meilleurs-films-des-annees-90","status":"publish","type":"post","link":"https:\/\/www.arte.tv\/sites\/olivierpere\/2014\/07\/21\/les-meilleurs-films-des-annees-90\/","title":{"rendered":"Les meilleurs films des ann\u00e9es 90"},"content":{"rendered":"<p>A l&rsquo;occasion de la programmation \u00ab Summer of the 90&rsquo;s \u00bb en juillet-ao\u00fbt sur ARTE je me permets de poster cet \u00e9tat des lieux personnel sur le cin\u00e9ma des ann\u00e9es 90 publi\u00e9 la premi\u00e8re fois le 27 ao\u00fbt 2012. Dans ces listes hautement subjectives &#8211; et fluctuantes, il faudrait d\u00e9j\u00e0 que je les modifie! &#8211; on ne retrouve qu&rsquo;un seul film de la programmation sur ARTE (<em>Un jour sans fin<\/em>) mais deux autres r\u00e9alisateurs (Paul Verhoeven et Jim Jarmusch) sont cit\u00e9s avec d&rsquo;autres titres que ceux diffus\u00e9s sur notre cha\u00eene cet \u00e9t\u00e9. N&rsquo;h\u00e9sitez pas \u00e0 m&rsquo;envoyer vos propres listes des meilleurs films des ann\u00e9es 90 si vous le souhaitez.<\/p>\n<p><strong>\u00ab Mes \u00bb meilleurs films des ann\u00e9es 90<\/strong><\/p>\n<p>Coup de r\u00e9troviseur sur les d\u00e9j\u00e0 lointaines ann\u00e9es 90. Pourquoi pas, \u00e0 l\u2019heure o\u00f9 fleurissent sur internet les listes les plus incongrues. Celle-ci est peut-\u00eatre totalement inactuelle (pas tant que cela \u00e0 quelques jours de la mort de Tony Scott) mais elle me trottait dans la t\u00eate depuis pas mal de temps. Il y a des films que je n\u2019ai jamais revu depuis leur sortie et d\u2019autres \u2013 plus nombreux \u2013 que j\u2019ai visionn\u00e9 des dizaines de fois, sans me lasser. Il y a des cin\u00e9astes que j\u2019ai d\u00e9test\u00e9 avant de les aimer (Fincher, Tarantino) donc que j\u2019ai r\u00e9int\u00e9gr\u00e9 ici, et les films essentiels que j\u2019avais manqu\u00e9s au moment de leurs sorties. Il y a bien s\u00fbr les absents, soit les cin\u00e9astes fameux dont les films ne m\u2019int\u00e9ressent pas plus que cela (inutile de les citer), soit tous les bons films qui n\u2019ont pas pu rentrer dans la \u00ab\u00a0short list\u00a0\u00bb des dix films par an, soit tous les films importants que je n\u2019ai pas encore vu malgr\u00e9 les nombreuses s\u00e9ances de rattrapage en DVD. Il est vrai qu\u2019au d\u00e9but des ann\u00e9es 90 je venais \u00e0 peine de m\u2019installer \u00e0 Paris et j\u2019\u00e9tais encore \u00e9tudiant (j\u2019allais entrer \u00e0 la Cin\u00e9math\u00e8que fin 95 et commencer \u00e0 \u00e9crire dans \u00ab\u00a0Les Inrockuptibles\u00a0\u00bb en 97.) Je privil\u00e9giais les films du r\u00e9pertoire vus et revus \u00e0 la Cin\u00e9math\u00e8que ou les s\u00e9ries B dans les salles de quartiers qui vivaient leurs derni\u00e8res heures, au d\u00e9triment des sorties r\u00e9centes et des films d\u2019auteur (\u00e0 l\u2019exception de Godard, Straub, Garrel et quelques autres). Ces listes sont domin\u00e9es par les grands cin\u00e9astes anglo-saxons des d\u00e9cennies pr\u00e9c\u00e9dentes qui continuaient \u00e0 \u0153uvrer au meilleur de leur forme (De Palma, Coppola, Scorsese, Cronenberg, Eastwood, Verhoeven, Ferrara, Lynch\u2026) et auxquels je vouais (et voue toujours pour la plupart d\u2019entre eux) une admiration ind\u00e9fectible. Ma cin\u00e9philie \u00e9tait \u00e0 l\u2019\u00e9poque tr\u00e8s am\u00e9ricaine, assez fran\u00e7aise et asiatique \u00e9galement, et tr\u00e8s orient\u00e9e vers le cin\u00e9ma fantastique, d\u2019action et de science-fiction qui produisait encore des \u0153uvres passionnantes. Peu d\u2019apparitions et de premiers films, aux exceptions notables \u00e0 la fin de la d\u00e9cennie de Vincent Gallo, Harmony Korine et Naomi Kawase. Les choses allaient beaucoup changer dans les ann\u00e9es 2000 o\u00f9 mes fonctions de d\u00e9l\u00e9gu\u00e9 g\u00e9n\u00e9ral de la Quinzaine des r\u00e9alisateurs \u00e0 Cannes allaient m\u2019inciter \u00e0 davantage de curiosit\u00e9 pour la cr\u00e9ation contemporaine et la production ind\u00e9pendante internationale, ainsi que pour la d\u00e9couverte de nouveaux jeunes auteurs du monde entier. Lire pour s\u2019en convaincre mon post <a href=\"http:\/\/olivierpere.wordpress.com\/2011\/02\/02\/retour-sur-quelques-grands-films-des-annees-2000\/\">http:\/\/olivierpere.wordpress.com\/2011\/02\/02\/retour-sur-quelques-grands-films-des-annees-2000\/<\/a><\/p>\n<p>Les ann\u00e9es 90 furent pour moi la d\u00e9cennie des ma\u00eetres anciens, de Rohmer \u00e0 Oliveira en passant par Kubrick et de quelques futures stars comme Burton, Fincher ou Tarantino. Les ann\u00e9es 2000 et 2010 sont celles d\u2019un art en pleine mutation technique et \u00e9conomique, entr\u00e9 en r\u00e9sistance avec des nouveaux prodiges de la mise en sc\u00e8ne, Lisandro Alonso, Miguel Gomes, Albert Serra, Corneliu Porumboiu parmi les nombreux exemples de jeunes cin\u00e9astes formidables apparus ces dix derni\u00e8res ann\u00e9es, tandis que Coppola, Godard, Skolimovski, Carax et quelques autres continuent de r\u00e9volutionner le cin\u00e9ma et de nous le faire aimer, \u00e0 leur mani\u00e8re.<\/p>\n<div id=\"attachment_7152\" style=\"width: 650px\" class=\"wp-caption aligncenter\"><a href=\"https:\/\/www.arte.tv\/sites\/olivierpere\/files\/2012\/08\/eyes-wide-shut.jpg\"><img aria-describedby=\"caption-attachment-7152\" decoding=\"async\" loading=\"lazy\" class=\"size-full wp-image-7152\" title=\"Eyes Wide Shut\" src=\"https:\/\/www.arte.tv\/sites\/olivierpere\/files\/2012\/08\/eyes-wide-shut.jpg\" alt=\"Eyes Wide Shut\" width=\"640\" height=\"359\" srcset=\"https:\/\/www.arte.tv\/sites\/olivierpere\/files\/2012\/08\/eyes-wide-shut.jpg 1916w, https:\/\/www.arte.tv\/sites\/olivierpere\/files\/2012\/08\/eyes-wide-shut-499x280.jpg 499w, https:\/\/www.arte.tv\/sites\/olivierpere\/files\/2012\/08\/eyes-wide-shut-1024x574.jpg 1024w, https:\/\/www.arte.tv\/sites\/olivierpere\/files\/2012\/08\/eyes-wide-shut-580x325.jpg 580w\" sizes=\"(max-width: 640px) 100vw, 640px\" \/><\/a><p id=\"caption-attachment-7152\" class=\"wp-caption-text\">Eyes Wide Shut<\/p><\/div>\n<p>1999<\/p>\n<p><em>Eyes Wide Shut<\/em> de Stanley Kubrick<\/p>\n<p><em>La Lettre<\/em> de Manoel de Oliveira<\/p>\n<p><em>Buffalo \u201866<\/em> de Vincent Gallo<\/p>\n<p><em>Adieu, plancher des vaches<\/em> de Otar Iosseliani<\/p>\n<p><em>Gummo<\/em> de Harmony Korine<\/p>\n<p><em>Sicilia !<\/em> de Jean-Marie Straub et Dani\u00e8le Huillet<\/p>\n<p><em>Tout sur ma m\u00e8re <\/em>de Pedro Almodovar<em><br \/>\n<\/em><\/p>\n<p><em>Pola X <\/em>de Leos Carax<\/p>\n<p><em>Khroustaliov, ma voiture !<\/em> de Alexei Guerman<\/p>\n<p><em>Perfect Blue<\/em> de Satoshi Kon<\/p>\n<p>+ <em>Man on the Moon<\/em> de Milos Forman et <em>Bullworth<\/em> de Warren Beatty, r\u00e9alis\u00e9s en 1999 mais distribu\u00e9s en 2000 en France.<\/p>\n<div id=\"attachment_7159\" style=\"width: 650px\" class=\"wp-caption aligncenter\"><a href=\"https:\/\/www.arte.tv\/sites\/olivierpere\/files\/2012\/08\/starship-troopers.jpg\"><img aria-describedby=\"caption-attachment-7159\" decoding=\"async\" loading=\"lazy\" class=\"size-full wp-image-7159\" title=\"Starship Troopers\" src=\"https:\/\/www.arte.tv\/sites\/olivierpere\/files\/2012\/08\/starship-troopers.jpg\" alt=\"Starship Troopers\" width=\"640\" height=\"355\" srcset=\"https:\/\/www.arte.tv\/sites\/olivierpere\/files\/2012\/08\/starship-troopers.jpg 1200w, https:\/\/www.arte.tv\/sites\/olivierpere\/files\/2012\/08\/starship-troopers-503x280.jpg 503w, https:\/\/www.arte.tv\/sites\/olivierpere\/files\/2012\/08\/starship-troopers-1024x569.jpg 1024w, https:\/\/www.arte.tv\/sites\/olivierpere\/files\/2012\/08\/starship-troopers-580x322.jpg 580w\" sizes=\"(max-width: 640px) 100vw, 640px\" \/><\/a><p id=\"caption-attachment-7159\" class=\"wp-caption-text\">Starship Troopers<\/p><\/div>\n<p>1998<\/p>\n<p><em>Starship Troopers<\/em> de Paul Verhoeven<\/p>\n<p><em>Inqui\u00e9tude<\/em> de Manoel de Oliveira<\/p>\n<p><em>Les Fleurs de Shanghai<\/em> de Hou Hsiao-hsien<\/p>\n<p><em>L\u2019Id\u00e9aliste<\/em> de Francis Ford Coppola<\/p>\n<p><em>Les Idiots<\/em> de Lars von Trier<\/p>\n<p><em>Jackie Brown<\/em> de Quentin Tarantino<\/p>\n<p><em>Dr. Akagi<\/em> de Shohei Imamura<\/p>\n<p><em>Suzaku<\/em> de Naomi Kawase<\/p>\n<p><em>Secret d\u00e9fense<\/em> de Jacques Rivette<\/p>\n<p><em>Velvet Goldmine<\/em> de Todd Haynes<\/p>\n<div id=\"attachment_7154\" style=\"width: 650px\" class=\"wp-caption aligncenter\"><a href=\"https:\/\/www.arte.tv\/sites\/olivierpere\/files\/2012\/08\/languille.jpg\"><img aria-describedby=\"caption-attachment-7154\" decoding=\"async\" loading=\"lazy\" class=\"size-full wp-image-7154\" title=\"L'Anguille\" src=\"https:\/\/www.arte.tv\/sites\/olivierpere\/files\/2012\/08\/languille.jpg\" alt=\"L'Anguille\" width=\"640\" height=\"429\" srcset=\"https:\/\/www.arte.tv\/sites\/olivierpere\/files\/2012\/08\/languille.jpg 1200w, https:\/\/www.arte.tv\/sites\/olivierpere\/files\/2012\/08\/languille-417x280.jpg 417w, https:\/\/www.arte.tv\/sites\/olivierpere\/files\/2012\/08\/languille-1024x686.jpg 1024w, https:\/\/www.arte.tv\/sites\/olivierpere\/files\/2012\/08\/languille-580x389.jpg 580w\" sizes=\"(max-width: 640px) 100vw, 640px\" \/><\/a><p id=\"caption-attachment-7154\" class=\"wp-caption-text\">L&rsquo;Anguille<\/p><\/div>\n<p>1997<\/p>\n<p><em>L\u2019Anguille <\/em>de Shohei Imamura<\/p>\n<p><em>The Blackout<\/em> d\u2019Abel Ferrara<\/p>\n<p><em>Ghost in the Shell<\/em> de Mamoru Oshii<\/p>\n<p><em>Larry Flint<\/em> de Milos Forman<\/p>\n<p><em>Lost Highway<\/em> de David Lynch<\/p>\n<p><em>Goodbye South, Goodbye<\/em> de Hou Hsiao-hsien<\/p>\n<p><em>Kids Return<\/em> de Takeshi Kitano<\/p>\n<p><em>Mars Attacks!<\/em> de Tim Burton<\/p>\n<p><em>The Blade <\/em>de Tsui Hark (photo en t\u00eate de texte)<\/p>\n<p><em>Du jour au lendemain <\/em>de Jean-Marie Straub et Dani\u00e8le Huillet<\/p>\n<div id=\"attachment_7157\" style=\"width: 650px\" class=\"wp-caption aligncenter\"><a href=\"https:\/\/www.arte.tv\/sites\/olivierpere\/files\/2012\/08\/mission-impossible.jpg\"><img aria-describedby=\"caption-attachment-7157\" decoding=\"async\" loading=\"lazy\" class=\"size-full wp-image-7157\" title=\"Mission impossible\" src=\"https:\/\/www.arte.tv\/sites\/olivierpere\/files\/2012\/08\/mission-impossible.jpg\" alt=\"Mission impossible\" width=\"640\" height=\"419\" srcset=\"https:\/\/www.arte.tv\/sites\/olivierpere\/files\/2012\/08\/mission-impossible.jpg 1200w, https:\/\/www.arte.tv\/sites\/olivierpere\/files\/2012\/08\/mission-impossible-426x280.jpg 426w, https:\/\/www.arte.tv\/sites\/olivierpere\/files\/2012\/08\/mission-impossible-1024x671.jpg 1024w, https:\/\/www.arte.tv\/sites\/olivierpere\/files\/2012\/08\/mission-impossible-580x380.jpg 580w\" sizes=\"(max-width: 640px) 100vw, 640px\" \/><\/a><p id=\"caption-attachment-7157\" class=\"wp-caption-text\">Mission impossible<\/p><\/div>\n<p>1996<\/p>\n<p><em>Mission : impossible<\/em> de Brian De Palma<\/p>\n<p><em>Casino <\/em>de Martin Scorsese<\/p>\n<p><em>Showgirls <\/em>de Paul Verhoeven<\/p>\n<p><em>Cont\u00e9 d\u2019\u00e9t\u00e9<\/em> d\u2019Eric Rohmer<\/p>\n<p><em>Au loin s\u2019en vont les nuages<\/em> d\u2019Aki Kaurism\u00e4ki<\/p>\n<p><em>Crash<\/em> de David Cronenberg<\/p>\n<p><em>Se7en <\/em>de David Fincher<\/p>\n<p><em>Dead Man<\/em> de Jim Jarmusch<\/p>\n<p><em>Nos fun\u00e9railles<\/em> d\u2019Abel Ferrara<\/p>\n<p><em>Safe <\/em>de Todd Haynes<\/p>\n<div id=\"attachment_7160\" style=\"width: 650px\" class=\"wp-caption aligncenter\"><a href=\"https:\/\/www.arte.tv\/sites\/olivierpere\/files\/2012\/08\/sur-la-route-de-madison.jpg\"><img aria-describedby=\"caption-attachment-7160\" decoding=\"async\" loading=\"lazy\" class=\"size-full wp-image-7160\" title=\"Sur la route de Madison\" src=\"https:\/\/www.arte.tv\/sites\/olivierpere\/files\/2012\/08\/sur-la-route-de-madison.jpg\" alt=\"Sur la route de Madison\" width=\"640\" height=\"430\" srcset=\"https:\/\/www.arte.tv\/sites\/olivierpere\/files\/2012\/08\/sur-la-route-de-madison.jpg 1200w, https:\/\/www.arte.tv\/sites\/olivierpere\/files\/2012\/08\/sur-la-route-de-madison-416x280.jpg 416w, https:\/\/www.arte.tv\/sites\/olivierpere\/files\/2012\/08\/sur-la-route-de-madison-1024x688.jpg 1024w, https:\/\/www.arte.tv\/sites\/olivierpere\/files\/2012\/08\/sur-la-route-de-madison-580x390.jpg 580w\" sizes=\"(max-width: 640px) 100vw, 640px\" \/><\/a><p id=\"caption-attachment-7160\" class=\"wp-caption-text\">Sur la route de Madison<\/p><\/div>\n<p>1995<\/p>\n<p><em>Sur la route de Madison<\/em> de Clint Eastwood<\/p>\n<p><em>Pr\u00eate \u00e0 tout<\/em> de Gus Van Sant<\/p>\n<p><em>JLG\/JLG<\/em> de Jean-Luc Godard<\/p>\n<p><em>Kids<\/em> de Larry Clark<\/p>\n<p><em>Le Gar\u00e7u<\/em> de Maurice Pialat<\/p>\n<p><em>La C\u00e9r\u00e9monie<\/em> de Claude Chabrol<\/p>\n<p><em>Ed Wood<\/em> de Tim Burton<\/p>\n<p><em>La Fille seule<\/em> de Benoit Jacquot<\/p>\n<p><em>Jusqu\u2019au bout de la nuit <\/em>de G\u00e9rard Blain<\/p>\n<p><em>Porco rosso <\/em>de Hayao Miyazaki<\/p>\n<div id=\"attachment_7153\" style=\"width: 650px\" class=\"wp-caption aligncenter\"><a href=\"https:\/\/www.arte.tv\/sites\/olivierpere\/files\/2012\/08\/killing-zoe.jpg\"><img aria-describedby=\"caption-attachment-7153\" decoding=\"async\" loading=\"lazy\" class=\"size-full wp-image-7153\" title=\"Killing Zoe\" src=\"https:\/\/www.arte.tv\/sites\/olivierpere\/files\/2012\/08\/killing-zoe.jpg\" alt=\"Killing Zoe\" width=\"640\" height=\"344\" srcset=\"https:\/\/www.arte.tv\/sites\/olivierpere\/files\/2012\/08\/killing-zoe.jpg 1280w, https:\/\/www.arte.tv\/sites\/olivierpere\/files\/2012\/08\/killing-zoe-520x280.jpg 520w, https:\/\/www.arte.tv\/sites\/olivierpere\/files\/2012\/08\/killing-zoe-1024x550.jpg 1024w, https:\/\/www.arte.tv\/sites\/olivierpere\/files\/2012\/08\/killing-zoe-580x311.jpg 580w\" sizes=\"(max-width: 640px) 100vw, 640px\" \/><\/a><p id=\"caption-attachment-7153\" class=\"wp-caption-text\">Killing Zoe<\/p><\/div>\n<p>1994<\/p>\n<p><em>Killing Zoe<\/em> de Roger Avary<\/p>\n<p><em>M. Butterfly<\/em> de David Cronenberg<\/p>\n<p><em>L\u2019Ange noir<\/em> de Jean-Claude Brisseau<\/p>\n<p><em>Pulp Fiction<\/em> de Quentin Tarantino<\/p>\n<p><em>L\u2019Enfer <\/em>de Claude Chabrol<\/p>\n<p><em>Evil Dead III : l\u2019arm\u00e9e des t\u00e9n\u00e8bres<\/em> de Sam Raimi<\/p>\n<p><em>L\u2019Etrange No\u00ebl de Monsieur Jack<\/em> de Henry Selick<\/p>\n<p><em>Tueurs n\u00e9s<\/em> d\u2019Oliver Stone<\/p>\n<p><em>L\u2019Eau froide<\/em> d\u2019Olivier Assayas<\/p>\n<p><em>Speed <\/em>de Jan de Bont<\/p>\n<div id=\"attachment_7155\" style=\"width: 650px\" class=\"wp-caption aligncenter\"><a href=\"https:\/\/www.arte.tv\/sites\/olivierpere\/files\/2012\/08\/le-temps-de-linnocence.jpg\"><img aria-describedby=\"caption-attachment-7155\" decoding=\"async\" loading=\"lazy\" class=\"size-full wp-image-7155\" title=\"Le Temps de l'innocence\" src=\"https:\/\/www.arte.tv\/sites\/olivierpere\/files\/2012\/08\/le-temps-de-linnocence.jpg\" alt=\"Le Temps de l'innocence\" width=\"640\" height=\"445\" srcset=\"https:\/\/www.arte.tv\/sites\/olivierpere\/files\/2012\/08\/le-temps-de-linnocence.jpg 1200w, https:\/\/www.arte.tv\/sites\/olivierpere\/files\/2012\/08\/le-temps-de-linnocence-401x280.jpg 401w, https:\/\/www.arte.tv\/sites\/olivierpere\/files\/2012\/08\/le-temps-de-linnocence-1024x713.jpg 1024w, https:\/\/www.arte.tv\/sites\/olivierpere\/files\/2012\/08\/le-temps-de-linnocence-580x404.jpg 580w\" sizes=\"(max-width: 640px) 100vw, 640px\" \/><\/a><p id=\"caption-attachment-7155\" class=\"wp-caption-text\">Le Temps de l&rsquo;innocence<\/p><\/div>\n<p>1993<\/p>\n<p><em>Le Temps de l\u2019innocence<\/em> de Martin Scorsese<\/p>\n<p><em>L\u2019Arbre, le maire et la m\u00e9diath\u00e8que<\/em> d\u2019Eric Rohmer<\/p>\n<p><em>Body Snatchers<\/em> d\u2019Abel Ferrara<\/p>\n<p><em>Un monde parfait<\/em> de Clint Eastwood<\/p>\n<p><em>Val Abraham <\/em>de Manoel de Oliveira<\/p>\n<p><em>Mad Dog and Glory<\/em> de John McNaughton<\/p>\n<p><em>True Romance<\/em> de Tony Scott<\/p>\n<p><em>Un jour sans fin<\/em> de Harold Raimis<\/p>\n<p><em>Bad Lieutenant <\/em>d&rsquo;Abel Ferrara<\/p>\n<p><em>A toute \u00e9preuve <\/em>de John Woo<\/p>\n<p>1992<\/p>\n<p><em>Lunes de fiel<\/em> de Roman Polanski<\/p>\n<p><em>Conte d\u2019hiver<\/em> d\u2019Eric Rohmer<\/p>\n<p><em>Les Nerfs \u00e0 vif<\/em> de Martin Scorsese<\/p>\n<p><em>Twin Peaks : les derniers jours de Laura Palmer<\/em> de David Lynch<\/p>\n<p><em>Le Dernier Samaritain<\/em> de Tony Scott<\/p>\n<p><em>La Sentinelle <\/em>d&rsquo;Arnaud Desplechin<\/p>\n<p><em>Le Dernier des Mohicans<\/em> de Michael Mann<\/p>\n<p><em>Impitoyable <\/em>de Clint Eastwood<\/p>\n<p><em>L\u2019Esprit de Cain<\/em> de Brian De Palma<\/p>\n<p><em>The Player<\/em> de Robert Altman<\/p>\n<p>1991<\/p>\n<p><em>Van Gogh<\/em> de Maurice Pialat<\/p>\n<p><em>Le Parrain, 3<sup>\u00e8me<\/sup> partie<\/em> de Francis Ford Coppola<\/p>\n<p><em>Terminator 2 : le jugement dernier<\/em> de James Cameron<\/p>\n<p><em>Alice<\/em> de Woody Allen<\/p>\n<p><em>Un ange \u00e0 ma table <\/em>de Jane Campion<\/p>\n<p><em>J\u2019ai engag\u00e9 un tueur<\/em> d\u2019Aki Kaurism\u00e4ki<\/p>\n<p><em>L\u2019Echelle de Jacob<\/em> d\u2019Adrian Lyne<\/p>\n<p><em>Close-up <\/em>d&rsquo;Abbas Kiarostami<\/p>\n<p><em>Poussi\u00e8res dans le vent <\/em>de Hou Hsiao-hsien<em><br \/>\n<\/em><\/p>\n<p><em>Les Amants du Pont-Neuf <\/em>de Leos Carax<\/p>\n<p>1990<\/p>\n<p><em>Nouvelle Vague<\/em> de Jean-Luc Godard<\/p>\n<p><em>Le Myst\u00e8re von B\u00fclow <\/em>de Barbet Schroeder<\/p>\n<p><em>R\u00eaves <\/em>de Akira Kurosawa<\/p>\n<p><em>Total Recall<\/em> de Paul Verhoeven<\/p>\n<p><em>Gremlins 2, la nouvelle g\u00e9n\u00e9ration <\/em>de Joe Dante<em><br \/>\n<\/em><\/p>\n<p><em>The King of New York <\/em>de Abel Ferrara<\/p>\n<p><em>Sailor et Lula<\/em> de David Lynch<\/p>\n<p><em>Life Is Sweet <\/em>de Mike Leigh<em><br \/>\n<\/em><\/p>\n<p><em>NON ou la vaine gloire de commander <\/em>de Manoel de Oliveira<\/p>\n<p><em>Les Affranchis <\/em>de Martin Scorsese<\/p>\n","protected":false},"excerpt":{"rendered":"<p>A l&rsquo;occasion de la programmation \u00ab Summer of the 90&rsquo;s \u00bb en juillet-ao\u00fbt sur ARTE je me permets de poster\u2026<\/p>\n","protected":false},"author":116,"featured_media":13432,"comment_status":"open","ping_status":"open","sticky":false,"template":"","format":"standard","meta":[],"categories":[9],"tags":[],"yoast_head":"<!-- This site is optimized with the Yoast SEO plugin v20.8 - https:\/\/yoast.com\/wordpress\/plugins\/seo\/ -->\n<title>Les meilleurs films des ann\u00e9es 90 - Olivier P\u00e8re<\/title>\n<meta name=\"robots\" content=\"index, follow, max-snippet:-1, max-image-preview:large, max-video-preview:-1\" \/>\n<link rel=\"canonical\" href=\"https:\/\/www.arte.tv\/sites\/olivierpere\/2014\/07\/21\/les-meilleurs-films-des-annees-90\/\" \/>\n<meta property=\"og:locale\" content=\"fr_FR\" \/>\n<meta property=\"og:type\" content=\"article\" \/>\n<meta property=\"og:title\" content=\"Les meilleurs films des ann\u00e9es 90 - Olivier P\u00e8re\" \/>\n<meta property=\"og:description\" content=\"A l&rsquo;occasion de la programmation \u00ab Summer of the 90&rsquo;s \u00bb en juillet-ao\u00fbt sur ARTE je me permets de poster\u2026\" \/>\n<meta property=\"og:url\" content=\"https:\/\/www.arte.tv\/sites\/olivierpere\/2014\/07\/21\/les-meilleurs-films-des-annees-90\/\" \/>\n<meta property=\"og:site_name\" content=\"Olivier P\u00e8re\" \/>\n<meta property=\"article:published_time\" content=\"2014-07-21T03:00:22+00:00\" \/>\n<meta property=\"article:modified_time\" content=\"2020-04-10T18:07:16+00:00\" \/>\n<meta property=\"og:image\" content=\"https:\/\/www.arte.tv\/sites\/olivierpere\/files\/THE-BLADE.jpg\" \/>\n\t<meta property=\"og:image:width\" content=\"949\" \/>\n\t<meta property=\"og:image:height\" content=\"720\" \/>\n\t<meta property=\"og:image:type\" content=\"image\/jpeg\" \/>\n<meta name=\"author\" content=\"Olivier P\u00e8re\" \/>\n<meta name=\"twitter:label1\" content=\"\u00c9crit par\" \/>\n\t<meta name=\"twitter:data1\" content=\"Olivier P\u00e8re\" \/>\n\t<meta name=\"twitter:label2\" content=\"Dur\u00e9e de lecture estim\u00e9e\" \/>\n\t<meta name=\"twitter:data2\" content=\"7 minutes\" \/>\n<script type=\"application\/ld+json\" class=\"yoast-schema-graph\">{\"@context\":\"https:\/\/schema.org\",\"@graph\":[{\"@type\":\"WebPage\",\"@id\":\"https:\/\/www.arte.tv\/sites\/olivierpere\/2014\/07\/21\/les-meilleurs-films-des-annees-90\/\",\"url\":\"https:\/\/www.arte.tv\/sites\/olivierpere\/2014\/07\/21\/les-meilleurs-films-des-annees-90\/\",\"name\":\"Les meilleurs films des ann\u00e9es 90 - Olivier P\u00e8re\",\"isPartOf\":{\"@id\":\"https:\/\/www.arte.tv\/sites\/olivierpere\/#website\"},\"datePublished\":\"2014-07-21T03:00:22+00:00\",\"dateModified\":\"2020-04-10T18:07:16+00:00\",\"author\":{\"@id\":\"https:\/\/www.arte.tv\/sites\/olivierpere\/#\/schema\/person\/dc32cd6c79be95e52d43b97a74182558\"},\"breadcrumb\":{\"@id\":\"https:\/\/www.arte.tv\/sites\/olivierpere\/2014\/07\/21\/les-meilleurs-films-des-annees-90\/#breadcrumb\"},\"inLanguage\":\"fr-FR\",\"potentialAction\":[{\"@type\":\"ReadAction\",\"target\":[\"https:\/\/www.arte.tv\/sites\/olivierpere\/2014\/07\/21\/les-meilleurs-films-des-annees-90\/\"]}]},{\"@type\":\"BreadcrumbList\",\"@id\":\"https:\/\/www.arte.tv\/sites\/olivierpere\/2014\/07\/21\/les-meilleurs-films-des-annees-90\/#breadcrumb\",\"itemListElement\":[{\"@type\":\"ListItem\",\"position\":1,\"name\":\"Home\",\"item\":\"https:\/\/www.arte.tv\/sites\/olivierpere\/\"},{\"@type\":\"ListItem\",\"position\":2,\"name\":\"Les meilleurs films des ann\u00e9es 90\"}]},{\"@type\":\"WebSite\",\"@id\":\"https:\/\/www.arte.tv\/sites\/olivierpere\/#website\",\"url\":\"https:\/\/www.arte.tv\/sites\/olivierpere\/\",\"name\":\"Olivier P\u00e8re\",\"description\":\"\",\"potentialAction\":[{\"@type\":\"SearchAction\",\"target\":{\"@type\":\"EntryPoint\",\"urlTemplate\":\"https:\/\/www.arte.tv\/sites\/olivierpere\/?s={search_term_string}\"},\"query-input\":\"required name=search_term_string\"}],\"inLanguage\":\"fr-FR\"},{\"@type\":\"Person\",\"@id\":\"https:\/\/www.arte.tv\/sites\/olivierpere\/#\/schema\/person\/dc32cd6c79be95e52d43b97a74182558\",\"name\":\"Olivier P\u00e8re\",\"image\":{\"@type\":\"ImageObject\",\"inLanguage\":\"fr-FR\",\"@id\":\"https:\/\/www.arte.tv\/sites\/olivierpere\/#\/schema\/person\/image\/\",\"url\":\"https:\/\/secure.gravatar.com\/avatar\/bdea7b6a2c195e2c41772429a9694758?s=96&d=mm&r=g\",\"contentUrl\":\"https:\/\/secure.gravatar.com\/avatar\/bdea7b6a2c195e2c41772429a9694758?s=96&d=mm&r=g\",\"caption\":\"Olivier P\u00e8re\"},\"url\":\"https:\/\/www.arte.tv\/sites\/olivierpere\/author\/pereolivier\/\"}]}<\/script>\n<!-- \/ Yoast SEO plugin. -->","yoast_head_json":{"title":"Les meilleurs films des ann\u00e9es 90 - Olivier P\u00e8re","robots":{"index":"index","follow":"follow","max-snippet":"max-snippet:-1","max-image-preview":"max-image-preview:large","max-video-preview":"max-video-preview:-1"},"canonical":"https:\/\/www.arte.tv\/sites\/olivierpere\/2014\/07\/21\/les-meilleurs-films-des-annees-90\/","og_locale":"fr_FR","og_type":"article","og_title":"Les meilleurs films des ann\u00e9es 90 - Olivier P\u00e8re","og_description":"A l&rsquo;occasion de la programmation \u00ab Summer of the 90&rsquo;s \u00bb en juillet-ao\u00fbt sur ARTE je me permets de poster\u2026","og_url":"https:\/\/www.arte.tv\/sites\/olivierpere\/2014\/07\/21\/les-meilleurs-films-des-annees-90\/","og_site_name":"Olivier P\u00e8re","article_published_time":"2014-07-21T03:00:22+00:00","article_modified_time":"2020-04-10T18:07:16+00:00","og_image":[{"width":949,"height":720,"url":"https:\/\/www.arte.tv\/sites\/olivierpere\/files\/THE-BLADE.jpg","type":"image\/jpeg"}],"author":"Olivier P\u00e8re","twitter_misc":{"\u00c9crit par":"Olivier P\u00e8re","Dur\u00e9e de lecture estim\u00e9e":"7 minutes"},"schema":{"@context":"https:\/\/schema.org","@graph":[{"@type":"WebPage","@id":"https:\/\/www.arte.tv\/sites\/olivierpere\/2014\/07\/21\/les-meilleurs-films-des-annees-90\/","url":"https:\/\/www.arte.tv\/sites\/olivierpere\/2014\/07\/21\/les-meilleurs-films-des-annees-90\/","name":"Les meilleurs films des ann\u00e9es 90 - Olivier P\u00e8re","isPartOf":{"@id":"https:\/\/www.arte.tv\/sites\/olivierpere\/#website"},"datePublished":"2014-07-21T03:00:22+00:00","dateModified":"2020-04-10T18:07:16+00:00","author":{"@id":"https:\/\/www.arte.tv\/sites\/olivierpere\/#\/schema\/person\/dc32cd6c79be95e52d43b97a74182558"},"breadcrumb":{"@id":"https:\/\/www.arte.tv\/sites\/olivierpere\/2014\/07\/21\/les-meilleurs-films-des-annees-90\/#breadcrumb"},"inLanguage":"fr-FR","potentialAction":[{"@type":"ReadAction","target":["https:\/\/www.arte.tv\/sites\/olivierpere\/2014\/07\/21\/les-meilleurs-films-des-annees-90\/"]}]},{"@type":"BreadcrumbList","@id":"https:\/\/www.arte.tv\/sites\/olivierpere\/2014\/07\/21\/les-meilleurs-films-des-annees-90\/#breadcrumb","itemListElement":[{"@type":"ListItem","position":1,"name":"Home","item":"https:\/\/www.arte.tv\/sites\/olivierpere\/"},{"@type":"ListItem","position":2,"name":"Les meilleurs films des ann\u00e9es 90"}]},{"@type":"WebSite","@id":"https:\/\/www.arte.tv\/sites\/olivierpere\/#website","url":"https:\/\/www.arte.tv\/sites\/olivierpere\/","name":"Olivier P\u00e8re","description":"","potentialAction":[{"@type":"SearchAction","target":{"@type":"EntryPoint","urlTemplate":"https:\/\/www.arte.tv\/sites\/olivierpere\/?s={search_term_string}"},"query-input":"required name=search_term_string"}],"inLanguage":"fr-FR"},{"@type":"Person","@id":"https:\/\/www.arte.tv\/sites\/olivierpere\/#\/schema\/person\/dc32cd6c79be95e52d43b97a74182558","name":"Olivier P\u00e8re","image":{"@type":"ImageObject","inLanguage":"fr-FR","@id":"https:\/\/www.arte.tv\/sites\/olivierpere\/#\/schema\/person\/image\/","url":"https:\/\/secure.gravatar.com\/avatar\/bdea7b6a2c195e2c41772429a9694758?s=96&d=mm&r=g","contentUrl":"https:\/\/secure.gravatar.com\/avatar\/bdea7b6a2c195e2c41772429a9694758?s=96&d=mm&r=g","caption":"Olivier P\u00e8re"},"url":"https:\/\/www.arte.tv\/sites\/olivierpere\/author\/pereolivier\/"}]}},"_links":{"self":[{"href":"https:\/\/www.arte.tv\/sites\/olivierpere\/wp-json\/wp\/v2\/posts\/7149"}],"collection":[{"href":"https:\/\/www.arte.tv\/sites\/olivierpere\/wp-json\/wp\/v2\/posts"}],"about":[{"href":"https:\/\/www.arte.tv\/sites\/olivierpere\/wp-json\/wp\/v2\/types\/post"}],"author":[{"embeddable":true,"href":"https:\/\/www.arte.tv\/sites\/olivierpere\/wp-json\/wp\/v2\/users\/116"}],"replies":[{"embeddable":true,"href":"https:\/\/www.arte.tv\/sites\/olivierpere\/wp-json\/wp\/v2\/comments?post=7149"}],"version-history":[{"count":17,"href":"https:\/\/www.arte.tv\/sites\/olivierpere\/wp-json\/wp\/v2\/posts\/7149\/revisions"}],"predecessor-version":[{"id":25273,"href":"https:\/\/www.arte.tv\/sites\/olivierpere\/wp-json\/wp\/v2\/posts\/7149\/revisions\/25273"}],"wp:featuredmedia":[{"embeddable":true,"href":"https:\/\/www.arte.tv\/sites\/olivierpere\/wp-json\/wp\/v2\/media\/13432"}],"wp:attachment":[{"href":"https:\/\/www.arte.tv\/sites\/olivierpere\/wp-json\/wp\/v2\/media?parent=7149"}],"wp:term":[{"taxonomy":"category","embeddable":true,"href":"https:\/\/www.arte.tv\/sites\/olivierpere\/wp-json\/wp\/v2\/categories?post=7149"},{"taxonomy":"post_tag","embeddable":true,"href":"https:\/\/www.arte.tv\/sites\/olivierpere\/wp-json\/wp\/v2\/tags?post=7149"}],"curies":[{"name":"wp","href":"https:\/\/api.w.org\/{rel}","templated":true}]}}