{"id":6513,"date":"2012-07-08T07:00:52","date_gmt":"2012-07-08T06:00:52","guid":{"rendered":"http:\/\/olivierpere.wordpress.com\/?p=6513"},"modified":"2015-09-18T10:25:48","modified_gmt":"2015-09-18T09:25:48","slug":"le-moulin-des-supplices-de-giorgio-ferroni","status":"publish","type":"post","link":"https:\/\/www.arte.tv\/sites\/olivierpere\/2012\/07\/08\/le-moulin-des-supplices-de-giorgio-ferroni\/","title":{"rendered":"Le Moulin des supplices de Giorgio Ferroni"},"content":{"rendered":"<div id=\"attachment_6514\" style=\"width: 650px\" class=\"wp-caption aligncenter\"><img aria-describedby=\"caption-attachment-6514\" decoding=\"async\" loading=\"lazy\" class=\"size-full wp-image-6514\" title=\"Le Moulin des supplices\" src=\"https:\/\/www.arte.tv\/sites\/olivierpere\/files\/2012\/07\/le-moulin-des-supplices.jpg\" alt=\"Le Moulin des supplices\" width=\"640\" height=\"480\" srcset=\"https:\/\/www.arte.tv\/sites\/olivierpere\/files\/2012\/07\/le-moulin-des-supplices.jpg 1200w, https:\/\/www.arte.tv\/sites\/olivierpere\/files\/2012\/07\/le-moulin-des-supplices-372x280.jpg 372w, https:\/\/www.arte.tv\/sites\/olivierpere\/files\/2012\/07\/le-moulin-des-supplices-1024x768.jpg 1024w, https:\/\/www.arte.tv\/sites\/olivierpere\/files\/2012\/07\/le-moulin-des-supplices-580x435.jpg 580w\" sizes=\"(max-width: 640px) 100vw, 640px\" \/><p id=\"caption-attachment-6514\" class=\"wp-caption-text\">Le Moulin des supplices<\/p><\/div>\n<p>En Hollande, un \u00e9tudiant venu suivre l&rsquo;enseignement d&rsquo;un professeur de sculpture d\u00e9couvre que le vieux misanthrope habite dans un moulin r\u00e9put\u00e9 pour son carillon macabre compos\u00e9 de mannequins repr\u00e9sentants des sc\u00e8nes de martyres. Le visiteur d\u00e9couvre l&rsquo;existence secr\u00e8te de sa fille, sorte de spectre nymphomane d&rsquo;une stup\u00e9fiante beaut\u00e9 (Scilla Gabel, s\u0153ur en mal\u00e9fice de Barbara Steele). <em>Le Moulin des supplices<\/em> (<em>Il mulino delle donne di pietra<\/em>, 1960) appartient au second \u00e2ge d&rsquo;or du cin\u00e9ma fantastique, qui vit le jour entre la fin des ann\u00e9es 50 et le d\u00e9but des ann\u00e9es 60 en Europe, succ\u00e9dant \u00e0 un premier \u00e2ge d&rsquo;or, celui de la production hollywoodienne des ann\u00e9es 30. En Angleterre, Terence Fisher se livrait \u00e0 de nouvelles versions en couleurs des grands mythes litt\u00e9raires d\u00e9j\u00e0 adapt\u00e9s par le studio Universal. Les cin\u00e9astes italiens, au contraire, pr\u00e9f\u00e9raient commettre des variations \u00e9rotiques et sadiques plus h\u00e9t\u00e9rog\u00e8nes o\u00f9 se m\u00ealaient d\u00e9mence, perversions et sorcellerie. Moins c\u00e9l\u00e8bre que <em>Le Masque du d\u00e9mon<\/em> de Mario Bava ou <em>Les Vampires<\/em> de Riccardo Freda, <em>Le Moulin des supplices<\/em>n&rsquo;en est pas moins une r\u00e9ussite essentielle du fantastique gothique transalpin. Giorgio Ferroni parvient \u00e0 installer une atmosph\u00e8re inqui\u00e9tante gr\u00e2ce \u00e0 une utilisation remarquable des d\u00e9cors et surtout une photographie magnifique qui exalte les tons mordor\u00e9s et cramoisis. Le th\u00e8me de la r\u00e9g\u00e9n\u00e9ration sanguine, les incessants vas et viens entre la vie et la mort, le r\u00eave et la r\u00e9alit\u00e9, la p\u00e2leur cadav\u00e9rique et la flamme du d\u00e9sir charnel trouvent ici une illustration d&rsquo;une v\u00e9n\u00e9neuse splendeur plastique.<\/p>\n","protected":false},"excerpt":{"rendered":"<p>En Hollande, un \u00e9tudiant venu suivre l&rsquo;enseignement d&rsquo;un professeur de sculpture d\u00e9couvre que le vieux misanthrope habite dans un moulin\u2026<\/p>\n","protected":false},"author":116,"featured_media":6514,"comment_status":"open","ping_status":"open","sticky":false,"template":"","format":"standard","meta":[],"categories":[1],"tags":[],"yoast_head":"<!-- This site is optimized with the Yoast SEO plugin v20.8 - https:\/\/yoast.com\/wordpress\/plugins\/seo\/ -->\n<title>Le Moulin des supplices de Giorgio Ferroni - Olivier P\u00e8re<\/title>\n<meta name=\"robots\" content=\"index, follow, max-snippet:-1, max-image-preview:large, max-video-preview:-1\" \/>\n<link rel=\"canonical\" href=\"https:\/\/www.arte.tv\/sites\/olivierpere\/2012\/07\/08\/le-moulin-des-supplices-de-giorgio-ferroni\/\" \/>\n<meta property=\"og:locale\" content=\"fr_FR\" \/>\n<meta property=\"og:type\" content=\"article\" \/>\n<meta property=\"og:title\" content=\"Le Moulin des supplices de Giorgio Ferroni - Olivier P\u00e8re\" \/>\n<meta property=\"og:description\" content=\"En Hollande, un \u00e9tudiant venu suivre l&rsquo;enseignement d&rsquo;un professeur de sculpture d\u00e9couvre que le vieux misanthrope habite dans un moulin\u2026\" \/>\n<meta property=\"og:url\" content=\"https:\/\/www.arte.tv\/sites\/olivierpere\/2012\/07\/08\/le-moulin-des-supplices-de-giorgio-ferroni\/\" \/>\n<meta property=\"og:site_name\" content=\"Olivier P\u00e8re\" \/>\n<meta property=\"article:published_time\" content=\"2012-07-08T06:00:52+00:00\" \/>\n<meta property=\"article:modified_time\" content=\"2015-09-18T09:25:48+00:00\" \/>\n<meta property=\"og:image\" content=\"https:\/\/www.arte.tv\/sites\/olivierpere\/files\/2012\/07\/le-moulin-des-supplices.jpg\" \/>\n\t<meta property=\"og:image:width\" content=\"1200\" \/>\n\t<meta property=\"og:image:height\" content=\"901\" \/>\n\t<meta property=\"og:image:type\" content=\"image\/jpeg\" \/>\n<meta name=\"author\" content=\"Olivier P\u00e8re\" \/>\n<meta name=\"twitter:label1\" content=\"\u00c9crit par\" \/>\n\t<meta name=\"twitter:data1\" content=\"Olivier P\u00e8re\" \/>\n\t<meta name=\"twitter:label2\" content=\"Dur\u00e9e de lecture estim\u00e9e\" \/>\n\t<meta name=\"twitter:data2\" content=\"1 minute\" \/>\n<script type=\"application\/ld+json\" class=\"yoast-schema-graph\">{\"@context\":\"https:\/\/schema.org\",\"@graph\":[{\"@type\":\"WebPage\",\"@id\":\"https:\/\/www.arte.tv\/sites\/olivierpere\/2012\/07\/08\/le-moulin-des-supplices-de-giorgio-ferroni\/\",\"url\":\"https:\/\/www.arte.tv\/sites\/olivierpere\/2012\/07\/08\/le-moulin-des-supplices-de-giorgio-ferroni\/\",\"name\":\"Le Moulin des supplices de Giorgio Ferroni - Olivier P\u00e8re\",\"isPartOf\":{\"@id\":\"https:\/\/www.arte.tv\/sites\/olivierpere\/#website\"},\"datePublished\":\"2012-07-08T06:00:52+00:00\",\"dateModified\":\"2015-09-18T09:25:48+00:00\",\"author\":{\"@id\":\"https:\/\/www.arte.tv\/sites\/olivierpere\/#\/schema\/person\/dc32cd6c79be95e52d43b97a74182558\"},\"breadcrumb\":{\"@id\":\"https:\/\/www.arte.tv\/sites\/olivierpere\/2012\/07\/08\/le-moulin-des-supplices-de-giorgio-ferroni\/#breadcrumb\"},\"inLanguage\":\"fr-FR\",\"potentialAction\":[{\"@type\":\"ReadAction\",\"target\":[\"https:\/\/www.arte.tv\/sites\/olivierpere\/2012\/07\/08\/le-moulin-des-supplices-de-giorgio-ferroni\/\"]}]},{\"@type\":\"BreadcrumbList\",\"@id\":\"https:\/\/www.arte.tv\/sites\/olivierpere\/2012\/07\/08\/le-moulin-des-supplices-de-giorgio-ferroni\/#breadcrumb\",\"itemListElement\":[{\"@type\":\"ListItem\",\"position\":1,\"name\":\"Home\",\"item\":\"https:\/\/www.arte.tv\/sites\/olivierpere\/\"},{\"@type\":\"ListItem\",\"position\":2,\"name\":\"Le Moulin des supplices de Giorgio Ferroni\"}]},{\"@type\":\"WebSite\",\"@id\":\"https:\/\/www.arte.tv\/sites\/olivierpere\/#website\",\"url\":\"https:\/\/www.arte.tv\/sites\/olivierpere\/\",\"name\":\"Olivier P\u00e8re\",\"description\":\"\",\"potentialAction\":[{\"@type\":\"SearchAction\",\"target\":{\"@type\":\"EntryPoint\",\"urlTemplate\":\"https:\/\/www.arte.tv\/sites\/olivierpere\/?s={search_term_string}\"},\"query-input\":\"required name=search_term_string\"}],\"inLanguage\":\"fr-FR\"},{\"@type\":\"Person\",\"@id\":\"https:\/\/www.arte.tv\/sites\/olivierpere\/#\/schema\/person\/dc32cd6c79be95e52d43b97a74182558\",\"name\":\"Olivier P\u00e8re\",\"image\":{\"@type\":\"ImageObject\",\"inLanguage\":\"fr-FR\",\"@id\":\"https:\/\/www.arte.tv\/sites\/olivierpere\/#\/schema\/person\/image\/\",\"url\":\"https:\/\/secure.gravatar.com\/avatar\/bdea7b6a2c195e2c41772429a9694758?s=96&d=mm&r=g\",\"contentUrl\":\"https:\/\/secure.gravatar.com\/avatar\/bdea7b6a2c195e2c41772429a9694758?s=96&d=mm&r=g\",\"caption\":\"Olivier P\u00e8re\"},\"url\":\"https:\/\/www.arte.tv\/sites\/olivierpere\/author\/pereolivier\/\"}]}<\/script>\n<!-- \/ Yoast SEO plugin. -->","yoast_head_json":{"title":"Le Moulin des supplices de Giorgio Ferroni - Olivier P\u00e8re","robots":{"index":"index","follow":"follow","max-snippet":"max-snippet:-1","max-image-preview":"max-image-preview:large","max-video-preview":"max-video-preview:-1"},"canonical":"https:\/\/www.arte.tv\/sites\/olivierpere\/2012\/07\/08\/le-moulin-des-supplices-de-giorgio-ferroni\/","og_locale":"fr_FR","og_type":"article","og_title":"Le Moulin des supplices de Giorgio Ferroni - Olivier P\u00e8re","og_description":"En Hollande, un \u00e9tudiant venu suivre l&rsquo;enseignement d&rsquo;un professeur de sculpture d\u00e9couvre que le vieux misanthrope habite dans un moulin\u2026","og_url":"https:\/\/www.arte.tv\/sites\/olivierpere\/2012\/07\/08\/le-moulin-des-supplices-de-giorgio-ferroni\/","og_site_name":"Olivier P\u00e8re","article_published_time":"2012-07-08T06:00:52+00:00","article_modified_time":"2015-09-18T09:25:48+00:00","og_image":[{"width":"1200","height":"901","url":"https:\/\/www.arte.tv\/sites\/olivierpere\/files\/2012\/07\/le-moulin-des-supplices.jpg","type":"image\/jpeg"}],"author":"Olivier P\u00e8re","twitter_misc":{"\u00c9crit par":"Olivier P\u00e8re","Dur\u00e9e de lecture estim\u00e9e":"1 minute"},"schema":{"@context":"https:\/\/schema.org","@graph":[{"@type":"WebPage","@id":"https:\/\/www.arte.tv\/sites\/olivierpere\/2012\/07\/08\/le-moulin-des-supplices-de-giorgio-ferroni\/","url":"https:\/\/www.arte.tv\/sites\/olivierpere\/2012\/07\/08\/le-moulin-des-supplices-de-giorgio-ferroni\/","name":"Le Moulin des supplices de Giorgio Ferroni - Olivier P\u00e8re","isPartOf":{"@id":"https:\/\/www.arte.tv\/sites\/olivierpere\/#website"},"datePublished":"2012-07-08T06:00:52+00:00","dateModified":"2015-09-18T09:25:48+00:00","author":{"@id":"https:\/\/www.arte.tv\/sites\/olivierpere\/#\/schema\/person\/dc32cd6c79be95e52d43b97a74182558"},"breadcrumb":{"@id":"https:\/\/www.arte.tv\/sites\/olivierpere\/2012\/07\/08\/le-moulin-des-supplices-de-giorgio-ferroni\/#breadcrumb"},"inLanguage":"fr-FR","potentialAction":[{"@type":"ReadAction","target":["https:\/\/www.arte.tv\/sites\/olivierpere\/2012\/07\/08\/le-moulin-des-supplices-de-giorgio-ferroni\/"]}]},{"@type":"BreadcrumbList","@id":"https:\/\/www.arte.tv\/sites\/olivierpere\/2012\/07\/08\/le-moulin-des-supplices-de-giorgio-ferroni\/#breadcrumb","itemListElement":[{"@type":"ListItem","position":1,"name":"Home","item":"https:\/\/www.arte.tv\/sites\/olivierpere\/"},{"@type":"ListItem","position":2,"name":"Le Moulin des supplices de Giorgio Ferroni"}]},{"@type":"WebSite","@id":"https:\/\/www.arte.tv\/sites\/olivierpere\/#website","url":"https:\/\/www.arte.tv\/sites\/olivierpere\/","name":"Olivier P\u00e8re","description":"","potentialAction":[{"@type":"SearchAction","target":{"@type":"EntryPoint","urlTemplate":"https:\/\/www.arte.tv\/sites\/olivierpere\/?s={search_term_string}"},"query-input":"required name=search_term_string"}],"inLanguage":"fr-FR"},{"@type":"Person","@id":"https:\/\/www.arte.tv\/sites\/olivierpere\/#\/schema\/person\/dc32cd6c79be95e52d43b97a74182558","name":"Olivier P\u00e8re","image":{"@type":"ImageObject","inLanguage":"fr-FR","@id":"https:\/\/www.arte.tv\/sites\/olivierpere\/#\/schema\/person\/image\/","url":"https:\/\/secure.gravatar.com\/avatar\/bdea7b6a2c195e2c41772429a9694758?s=96&d=mm&r=g","contentUrl":"https:\/\/secure.gravatar.com\/avatar\/bdea7b6a2c195e2c41772429a9694758?s=96&d=mm&r=g","caption":"Olivier P\u00e8re"},"url":"https:\/\/www.arte.tv\/sites\/olivierpere\/author\/pereolivier\/"}]}},"_links":{"self":[{"href":"https:\/\/www.arte.tv\/sites\/olivierpere\/wp-json\/wp\/v2\/posts\/6513"}],"collection":[{"href":"https:\/\/www.arte.tv\/sites\/olivierpere\/wp-json\/wp\/v2\/posts"}],"about":[{"href":"https:\/\/www.arte.tv\/sites\/olivierpere\/wp-json\/wp\/v2\/types\/post"}],"author":[{"embeddable":true,"href":"https:\/\/www.arte.tv\/sites\/olivierpere\/wp-json\/wp\/v2\/users\/116"}],"replies":[{"embeddable":true,"href":"https:\/\/www.arte.tv\/sites\/olivierpere\/wp-json\/wp\/v2\/comments?post=6513"}],"version-history":[{"count":1,"href":"https:\/\/www.arte.tv\/sites\/olivierpere\/wp-json\/wp\/v2\/posts\/6513\/revisions"}],"predecessor-version":[{"id":17011,"href":"https:\/\/www.arte.tv\/sites\/olivierpere\/wp-json\/wp\/v2\/posts\/6513\/revisions\/17011"}],"wp:featuredmedia":[{"embeddable":true,"href":"https:\/\/www.arte.tv\/sites\/olivierpere\/wp-json\/wp\/v2\/media\/6514"}],"wp:attachment":[{"href":"https:\/\/www.arte.tv\/sites\/olivierpere\/wp-json\/wp\/v2\/media?parent=6513"}],"wp:term":[{"taxonomy":"category","embeddable":true,"href":"https:\/\/www.arte.tv\/sites\/olivierpere\/wp-json\/wp\/v2\/categories?post=6513"},{"taxonomy":"post_tag","embeddable":true,"href":"https:\/\/www.arte.tv\/sites\/olivierpere\/wp-json\/wp\/v2\/tags?post=6513"}],"curies":[{"name":"wp","href":"https:\/\/api.w.org\/{rel}","templated":true}]}}