{"id":6386,"date":"2012-06-15T07:00:14","date_gmt":"2012-06-15T06:00:14","guid":{"rendered":"http:\/\/olivierpere.wordpress.com\/?p=6386"},"modified":"2016-03-10T18:01:48","modified_gmt":"2016-03-10T17:01:48","slug":"la-mouche-noire-de-kurt-neumann","status":"publish","type":"post","link":"https:\/\/www.arte.tv\/sites\/olivierpere\/2012\/06\/15\/la-mouche-noire-de-kurt-neumann\/","title":{"rendered":"La Mouche noire de Kurt Neumann"},"content":{"rendered":"<div id=\"attachment_6388\" style=\"width: 650px\" class=\"wp-caption aligncenter\"><img aria-describedby=\"caption-attachment-6388\" decoding=\"async\" loading=\"lazy\" class=\"size-full wp-image-6388\" title=\"Affiche ame\u0301ricaine de La Mouche noire\" src=\"https:\/\/www.arte.tv\/sites\/olivierpere\/files\/2012\/06\/affiche-amecc81ricaine-de-la-mouche-noire.jpg\" alt=\"Affiche ame\u0301ricaine de La Mouche noire\" width=\"640\" height=\"484\" srcset=\"https:\/\/www.arte.tv\/sites\/olivierpere\/files\/2012\/06\/affiche-amecc81ricaine-de-la-mouche-noire.jpg 1600w, https:\/\/www.arte.tv\/sites\/olivierpere\/files\/2012\/06\/affiche-amecc81ricaine-de-la-mouche-noire-369x280.jpg 369w, https:\/\/www.arte.tv\/sites\/olivierpere\/files\/2012\/06\/affiche-amecc81ricaine-de-la-mouche-noire-1014x768.jpg 1014w, https:\/\/www.arte.tv\/sites\/olivierpere\/files\/2012\/06\/affiche-amecc81ricaine-de-la-mouche-noire-580x438.jpg 580w\" sizes=\"(max-width: 640px) 100vw, 640px\" \/><p id=\"caption-attachment-6388\" class=\"wp-caption-text\">Affiche ame\u0301ricaine de La Mouche noire<\/p><\/div>\n<p>Apr\u00e8s avoir traumatis\u00e9 plusieurs g\u00e9n\u00e9rations de spectateurs, <em>La Mouche noire<\/em> (<em>The Fly<\/em>, 1958) de Kurt Neumann (seul film notable d\u2019un t\u00e2cheron notoire) est c\u00e9l\u00e8bre aujourd&rsquo;hui pour avoir engengr\u00e9 le magnifique remake de 1986 sign\u00e9 David Cronenberg, tout aussi inoubliable mais charg\u00e9 d\u2019une dimension \u00e9motionnelle insurpassable. Nous en avons parl\u00e9 ici il n\u2019y a pas longtemps. Mais le film original ne manque pas de qualit\u00e9s et constitue lui aussi un jalon important dans le cin\u00e9ma fantastique et de science-fiction, par ses audaces et ses innovations. Le charme surann\u00e9 de la science-fiction hollywoodienne n&rsquo;est pas incompatible avec un traitement adulte du sujet. Loin de l&rsquo;esth\u00e9tisme surcharg\u00e9 des contes gothiques et des histoires de savants fous \u00e9mules du baron Frankenstein, le scientifique de <em>La Mouche noire<\/em> est un honn\u00eate p\u00e8re de famille et le film se d\u00e9roule dans le cadre paisible de la ville de Montr\u00e9al. Un savant g\u00e9nial qui se livre \u00e0 des travaux r\u00e9volutionnaires sur la t\u00e9l\u00e9portation de la mati\u00e8re est la victime d&rsquo;un accident. Au cours d&rsquo;une exp\u00e9rience dont il \u00e9tait le cobaye, ses mol\u00e9cules se m\u00e9langent avec celles d&rsquo;une mouche. L&rsquo;infortun\u00e9 chercheur se retrouve avec une t\u00eate et un membre monstrueux, tandis que l&rsquo;insecte vole dans la maison avec sa t\u00eate et sa main. Il commence par cacher l&rsquo;effroyable situation \u00e0 sa femme, reclus dans son laboratoire, puis finit par lui r\u00e9v\u00e9ler le drame. B\u00e9n\u00e9ficiant d&rsquo;un budget confortable et d&rsquo;excellents quoique discrets effets sp\u00e9ciaux, tourn\u00e9 en Cin\u00e9mascope couleur, <em>La Mouche noire<\/em> est encore capable d&rsquo;effrayer les spectateurs les plus blas\u00e9s, par la cruaut\u00e9 de son histoire et quelques sc\u00e8nes chocs, comme la vision de la mouche \u00e0 t\u00eate humaine captive d&rsquo;une toile d&rsquo;araign\u00e9e. En revanche, le sc\u00e9nariste n&rsquo;a pas os\u00e9 aller jusqu&rsquo;au bout de l&rsquo;horreur \u2013 contrairement \u00e0 Cronenberg &#8211; en pr\u00e9f\u00e9rant \u00e0 une narration subjective un r\u00e9cit en flash-back racont\u00e9 par l&rsquo;\u00e9pouse du savant. Le v\u00e9ritable h\u00e9ros du film n&rsquo;est pas l&rsquo;homme mouche mais son fr\u00e8re incr\u00e9dule, interpr\u00e9t\u00e9 par un t\u00e9nor du macabre, Vincent Price pour une fois dans un r\u00f4le \u00ab\u00a0normal\u00a0\u00bb.<\/p>\n<p>Le succ\u00e8s du film engendrera deux suites inf\u00e9rieures \u00e0 l\u2019original et tourn\u00e9es en noir et blanc\u00a0: <em>Return of the Fly<\/em> d\u2019Edward Bernds (1959) toujours avec Vincent Price et <em>Curse of the Fly<\/em> de Don Sharp (1965) produit et tourn\u00e9 en Angleterre avec une \u00e9quipe diff\u00e9rente des deux premiers films.<\/p>\n","protected":false},"excerpt":{"rendered":"<p>Apr\u00e8s avoir traumatis\u00e9 plusieurs g\u00e9n\u00e9rations de spectateurs, La Mouche noire (The Fly, 1958) de Kurt Neumann (seul film notable d\u2019un\u2026<\/p>\n","protected":false},"author":116,"featured_media":6388,"comment_status":"open","ping_status":"open","sticky":false,"template":"","format":"standard","meta":[],"categories":[9],"tags":[],"yoast_head":"<!-- This site is optimized with the Yoast SEO plugin v20.8 - https:\/\/yoast.com\/wordpress\/plugins\/seo\/ -->\n<title>La Mouche noire de Kurt Neumann - Olivier P\u00e8re<\/title>\n<meta name=\"robots\" content=\"index, follow, max-snippet:-1, max-image-preview:large, max-video-preview:-1\" \/>\n<link rel=\"canonical\" href=\"https:\/\/www.arte.tv\/sites\/olivierpere\/2012\/06\/15\/la-mouche-noire-de-kurt-neumann\/\" \/>\n<meta property=\"og:locale\" content=\"fr_FR\" \/>\n<meta property=\"og:type\" content=\"article\" \/>\n<meta property=\"og:title\" content=\"La Mouche noire de Kurt Neumann - Olivier P\u00e8re\" \/>\n<meta property=\"og:description\" content=\"Apr\u00e8s avoir traumatis\u00e9 plusieurs g\u00e9n\u00e9rations de spectateurs, La Mouche noire (The Fly, 1958) de Kurt Neumann (seul film notable d\u2019un\u2026\" \/>\n<meta property=\"og:url\" content=\"https:\/\/www.arte.tv\/sites\/olivierpere\/2012\/06\/15\/la-mouche-noire-de-kurt-neumann\/\" \/>\n<meta property=\"og:site_name\" content=\"Olivier P\u00e8re\" \/>\n<meta property=\"article:published_time\" content=\"2012-06-15T06:00:14+00:00\" \/>\n<meta property=\"article:modified_time\" content=\"2016-03-10T17:01:48+00:00\" \/>\n<meta property=\"og:image\" content=\"https:\/\/www.arte.tv\/sites\/olivierpere\/files\/2012\/06\/affiche-amecc81ricaine-de-la-mouche-noire.jpg\" \/>\n\t<meta property=\"og:image:width\" content=\"1600\" \/>\n\t<meta property=\"og:image:height\" content=\"1211\" \/>\n\t<meta property=\"og:image:type\" content=\"image\/jpeg\" \/>\n<meta name=\"author\" content=\"Olivier P\u00e8re\" \/>\n<meta name=\"twitter:label1\" content=\"\u00c9crit par\" \/>\n\t<meta name=\"twitter:data1\" content=\"Olivier P\u00e8re\" \/>\n\t<meta name=\"twitter:label2\" content=\"Dur\u00e9e de lecture estim\u00e9e\" \/>\n\t<meta name=\"twitter:data2\" content=\"2 minutes\" \/>\n<script type=\"application\/ld+json\" class=\"yoast-schema-graph\">{\"@context\":\"https:\/\/schema.org\",\"@graph\":[{\"@type\":\"WebPage\",\"@id\":\"https:\/\/www.arte.tv\/sites\/olivierpere\/2012\/06\/15\/la-mouche-noire-de-kurt-neumann\/\",\"url\":\"https:\/\/www.arte.tv\/sites\/olivierpere\/2012\/06\/15\/la-mouche-noire-de-kurt-neumann\/\",\"name\":\"La Mouche noire de Kurt Neumann - Olivier P\u00e8re\",\"isPartOf\":{\"@id\":\"https:\/\/www.arte.tv\/sites\/olivierpere\/#website\"},\"datePublished\":\"2012-06-15T06:00:14+00:00\",\"dateModified\":\"2016-03-10T17:01:48+00:00\",\"author\":{\"@id\":\"https:\/\/www.arte.tv\/sites\/olivierpere\/#\/schema\/person\/dc32cd6c79be95e52d43b97a74182558\"},\"breadcrumb\":{\"@id\":\"https:\/\/www.arte.tv\/sites\/olivierpere\/2012\/06\/15\/la-mouche-noire-de-kurt-neumann\/#breadcrumb\"},\"inLanguage\":\"fr-FR\",\"potentialAction\":[{\"@type\":\"ReadAction\",\"target\":[\"https:\/\/www.arte.tv\/sites\/olivierpere\/2012\/06\/15\/la-mouche-noire-de-kurt-neumann\/\"]}]},{\"@type\":\"BreadcrumbList\",\"@id\":\"https:\/\/www.arte.tv\/sites\/olivierpere\/2012\/06\/15\/la-mouche-noire-de-kurt-neumann\/#breadcrumb\",\"itemListElement\":[{\"@type\":\"ListItem\",\"position\":1,\"name\":\"Home\",\"item\":\"https:\/\/www.arte.tv\/sites\/olivierpere\/\"},{\"@type\":\"ListItem\",\"position\":2,\"name\":\"La Mouche noire de Kurt Neumann\"}]},{\"@type\":\"WebSite\",\"@id\":\"https:\/\/www.arte.tv\/sites\/olivierpere\/#website\",\"url\":\"https:\/\/www.arte.tv\/sites\/olivierpere\/\",\"name\":\"Olivier P\u00e8re\",\"description\":\"\",\"potentialAction\":[{\"@type\":\"SearchAction\",\"target\":{\"@type\":\"EntryPoint\",\"urlTemplate\":\"https:\/\/www.arte.tv\/sites\/olivierpere\/?s={search_term_string}\"},\"query-input\":\"required name=search_term_string\"}],\"inLanguage\":\"fr-FR\"},{\"@type\":\"Person\",\"@id\":\"https:\/\/www.arte.tv\/sites\/olivierpere\/#\/schema\/person\/dc32cd6c79be95e52d43b97a74182558\",\"name\":\"Olivier P\u00e8re\",\"image\":{\"@type\":\"ImageObject\",\"inLanguage\":\"fr-FR\",\"@id\":\"https:\/\/www.arte.tv\/sites\/olivierpere\/#\/schema\/person\/image\/\",\"url\":\"https:\/\/secure.gravatar.com\/avatar\/bdea7b6a2c195e2c41772429a9694758?s=96&d=mm&r=g\",\"contentUrl\":\"https:\/\/secure.gravatar.com\/avatar\/bdea7b6a2c195e2c41772429a9694758?s=96&d=mm&r=g\",\"caption\":\"Olivier P\u00e8re\"},\"url\":\"https:\/\/www.arte.tv\/sites\/olivierpere\/author\/pereolivier\/\"}]}<\/script>\n<!-- \/ Yoast SEO plugin. -->","yoast_head_json":{"title":"La Mouche noire de Kurt Neumann - Olivier P\u00e8re","robots":{"index":"index","follow":"follow","max-snippet":"max-snippet:-1","max-image-preview":"max-image-preview:large","max-video-preview":"max-video-preview:-1"},"canonical":"https:\/\/www.arte.tv\/sites\/olivierpere\/2012\/06\/15\/la-mouche-noire-de-kurt-neumann\/","og_locale":"fr_FR","og_type":"article","og_title":"La Mouche noire de Kurt Neumann - Olivier P\u00e8re","og_description":"Apr\u00e8s avoir traumatis\u00e9 plusieurs g\u00e9n\u00e9rations de spectateurs, La Mouche noire (The Fly, 1958) de Kurt Neumann (seul film notable d\u2019un\u2026","og_url":"https:\/\/www.arte.tv\/sites\/olivierpere\/2012\/06\/15\/la-mouche-noire-de-kurt-neumann\/","og_site_name":"Olivier P\u00e8re","article_published_time":"2012-06-15T06:00:14+00:00","article_modified_time":"2016-03-10T17:01:48+00:00","og_image":[{"width":"1600","height":"1211","url":"https:\/\/www.arte.tv\/sites\/olivierpere\/files\/2012\/06\/affiche-amecc81ricaine-de-la-mouche-noire.jpg","type":"image\/jpeg"}],"author":"Olivier P\u00e8re","twitter_misc":{"\u00c9crit par":"Olivier P\u00e8re","Dur\u00e9e de lecture estim\u00e9e":"2 minutes"},"schema":{"@context":"https:\/\/schema.org","@graph":[{"@type":"WebPage","@id":"https:\/\/www.arte.tv\/sites\/olivierpere\/2012\/06\/15\/la-mouche-noire-de-kurt-neumann\/","url":"https:\/\/www.arte.tv\/sites\/olivierpere\/2012\/06\/15\/la-mouche-noire-de-kurt-neumann\/","name":"La Mouche noire de Kurt Neumann - Olivier P\u00e8re","isPartOf":{"@id":"https:\/\/www.arte.tv\/sites\/olivierpere\/#website"},"datePublished":"2012-06-15T06:00:14+00:00","dateModified":"2016-03-10T17:01:48+00:00","author":{"@id":"https:\/\/www.arte.tv\/sites\/olivierpere\/#\/schema\/person\/dc32cd6c79be95e52d43b97a74182558"},"breadcrumb":{"@id":"https:\/\/www.arte.tv\/sites\/olivierpere\/2012\/06\/15\/la-mouche-noire-de-kurt-neumann\/#breadcrumb"},"inLanguage":"fr-FR","potentialAction":[{"@type":"ReadAction","target":["https:\/\/www.arte.tv\/sites\/olivierpere\/2012\/06\/15\/la-mouche-noire-de-kurt-neumann\/"]}]},{"@type":"BreadcrumbList","@id":"https:\/\/www.arte.tv\/sites\/olivierpere\/2012\/06\/15\/la-mouche-noire-de-kurt-neumann\/#breadcrumb","itemListElement":[{"@type":"ListItem","position":1,"name":"Home","item":"https:\/\/www.arte.tv\/sites\/olivierpere\/"},{"@type":"ListItem","position":2,"name":"La Mouche noire de Kurt Neumann"}]},{"@type":"WebSite","@id":"https:\/\/www.arte.tv\/sites\/olivierpere\/#website","url":"https:\/\/www.arte.tv\/sites\/olivierpere\/","name":"Olivier P\u00e8re","description":"","potentialAction":[{"@type":"SearchAction","target":{"@type":"EntryPoint","urlTemplate":"https:\/\/www.arte.tv\/sites\/olivierpere\/?s={search_term_string}"},"query-input":"required name=search_term_string"}],"inLanguage":"fr-FR"},{"@type":"Person","@id":"https:\/\/www.arte.tv\/sites\/olivierpere\/#\/schema\/person\/dc32cd6c79be95e52d43b97a74182558","name":"Olivier P\u00e8re","image":{"@type":"ImageObject","inLanguage":"fr-FR","@id":"https:\/\/www.arte.tv\/sites\/olivierpere\/#\/schema\/person\/image\/","url":"https:\/\/secure.gravatar.com\/avatar\/bdea7b6a2c195e2c41772429a9694758?s=96&d=mm&r=g","contentUrl":"https:\/\/secure.gravatar.com\/avatar\/bdea7b6a2c195e2c41772429a9694758?s=96&d=mm&r=g","caption":"Olivier P\u00e8re"},"url":"https:\/\/www.arte.tv\/sites\/olivierpere\/author\/pereolivier\/"}]}},"_links":{"self":[{"href":"https:\/\/www.arte.tv\/sites\/olivierpere\/wp-json\/wp\/v2\/posts\/6386"}],"collection":[{"href":"https:\/\/www.arte.tv\/sites\/olivierpere\/wp-json\/wp\/v2\/posts"}],"about":[{"href":"https:\/\/www.arte.tv\/sites\/olivierpere\/wp-json\/wp\/v2\/types\/post"}],"author":[{"embeddable":true,"href":"https:\/\/www.arte.tv\/sites\/olivierpere\/wp-json\/wp\/v2\/users\/116"}],"replies":[{"embeddable":true,"href":"https:\/\/www.arte.tv\/sites\/olivierpere\/wp-json\/wp\/v2\/comments?post=6386"}],"version-history":[{"count":1,"href":"https:\/\/www.arte.tv\/sites\/olivierpere\/wp-json\/wp\/v2\/posts\/6386\/revisions"}],"predecessor-version":[{"id":18042,"href":"https:\/\/www.arte.tv\/sites\/olivierpere\/wp-json\/wp\/v2\/posts\/6386\/revisions\/18042"}],"wp:featuredmedia":[{"embeddable":true,"href":"https:\/\/www.arte.tv\/sites\/olivierpere\/wp-json\/wp\/v2\/media\/6388"}],"wp:attachment":[{"href":"https:\/\/www.arte.tv\/sites\/olivierpere\/wp-json\/wp\/v2\/media?parent=6386"}],"wp:term":[{"taxonomy":"category","embeddable":true,"href":"https:\/\/www.arte.tv\/sites\/olivierpere\/wp-json\/wp\/v2\/categories?post=6386"},{"taxonomy":"post_tag","embeddable":true,"href":"https:\/\/www.arte.tv\/sites\/olivierpere\/wp-json\/wp\/v2\/tags?post=6386"}],"curies":[{"name":"wp","href":"https:\/\/api.w.org\/{rel}","templated":true}]}}