{"id":5862,"date":"2012-04-10T10:02:17","date_gmt":"2012-04-10T09:02:17","guid":{"rendered":"http:\/\/olivierpere.wordpress.com\/?p=5862"},"modified":"2020-03-29T10:20:40","modified_gmt":"2020-03-29T09:20:40","slug":"comedies-et-proverbes-deric-rohmer","status":"publish","type":"post","link":"https:\/\/www.arte.tv\/sites\/olivierpere\/2012\/04\/10\/comedies-et-proverbes-deric-rohmer\/","title":{"rendered":"\u00ab Com\u00e9dies et Proverbes \u00bb de \u00c9ric Rohmer"},"content":{"rendered":"<p>Succ\u00e9dant aux \u00ab\u00a0Six Contes moraux\u00a0\u00bb, la s\u00e9rie des \u00ab\u00a0Com\u00e9dies et Proverbes\u00a0\u00bb r\u00e9alis\u00e9e entre 1981 et 1987 forme un ensemble plus libre, avec des liens plus l\u00e2ches entre les films, une th\u00e9matique commune moins rigoureuse, plus sensiblement orient\u00e9 vers la com\u00e9die. Cette fois-ci le principe est simple : chaque film est l&rsquo;illustration d&rsquo;un proverbe ou d&rsquo;une citation emprunt\u00e9s \u00e0 la litt\u00e9rature classique ou au bon sens populaire. Il s&rsquo;agit toujours pour Rohmer de tisser une \u0153uvre autour du discours amoureux et de la recherche du bonheur, mais cette fois-ci contrari\u00e9e ou provoqu\u00e9e par des contingences socioculturelles davantage que mue par des enjeux spirituels et \u00e9thiques, comme dans les \u00ab\u00a0Contes moraux\u00a0\u00bb.<\/p>\n<p>Conciliant le go\u00fbt de Rohmer pour les fictions romanesques et l&rsquo;enregistrement documentaire du r\u00e9el, les \u00ab\u00a0Com\u00e9dies et Proverbes\u00a0\u00bb dessinent un portrait nuanc\u00e9 de la France des ann\u00e9es 80, avec les r\u00eaves de r\u00e9ussite sentimentale de jeunes hommes et femmes, mais aussi les m\u00e9tamorphoses de la soci\u00e9t\u00e9 fran\u00e7aise et de son paysage urbain, les modes vestimentaires et d\u00e9coratives. Le cycle commence avec <em>La Femme de l&rsquo;aviateur<\/em> (1981). Ce film \u00e0 la structure \u00e9trange et somnambulique est une d\u00e9claration d&rsquo;amour aux rues de Paris, comme <em>Le Signe du Lion<\/em> ou <em>Nadja \u00e0 Paris<\/em>, avec des r\u00e9miniscences du r\u00e9alisme po\u00e9tique de Carn\u00e9 qu&rsquo;appr\u00e9ciait beaucoup Rohmer.<\/p>\n<p>Le dernier film de la s\u00e9rie, <em>L&rsquo;Ami de mon amie<\/em> (1987), se d\u00e9roule dans la ville nouvelle de Cergy. Cette utopie architecturale prolonge la r\u00eaverie moderne d&rsquo;un documentaire pr\u00e9coce de Rohmer, <em>Les M\u00e9tamorphose du paysage<\/em> (1964), dans lequel le cin\u00e9aste chantait, pour la t\u00e9l\u00e9vision scolaire, avec un \u00e9vident plaisir du paradoxe et de la provocation, la beaut\u00e9 du b\u00e9ton et de l&rsquo;acier et la po\u00e9sie des zones industrielles pr\u00e9f\u00e9r\u00e9es aux paysages champ\u00eatres.<\/p>\n<p>&nbsp;<\/p>\n<p>Entre ces deux films, <em>Le Beau Mariage<\/em> (1982), <em>Le Rayon vert<\/em> (1986) et <em>Les Nuits de la pleine lune<\/em>(1984) suivent l&rsquo;errance ou le sur-place maniaco-d\u00e9pressifs de fr\u00eales h\u00e9ro\u00efnes.<br \/>\nCes derni\u00e8res sont incarn\u00e9es avec beaucoup de gr\u00e2ce par B\u00e9atrice Romand (compar\u00e9e \u00e0 Fernandel par Rohmer en raison de son \u00e9locution lente, claire et dr\u00f4le \u2013 \u00ab\u00a0elle articule\u00a0\u00bb, Marie Rivi\u00e8re ou la diaphane Pascale Ogier, actrice trop t\u00f4t disparue qui traverse <em>Les Nuits de la pleine lune<\/em> avec une gr\u00e2ce exceptionnelle. Ce film manifeste du Paris des ann\u00e9es 80, p\u00e9riode Palace, French cold wave, Novo visions et Elie et Jacno (qui signent la bande originale) d\u00e9montre que le classique Rohmer savait aussi capturer les modes et les tendances les plus branch\u00e9es, comme la constellation Zanzibar \u00e0 l\u2019\u00e9poque de <em>La Collectionneuse<\/em>.<\/p>\n<p><em>Pauline \u00e0 la plage<\/em> (1983), l\u2019un des chefs-d&rsquo;\u0153uvre de l&rsquo;auteur, poss\u00e8de les qualit\u00e9s d&rsquo;un manifeste esth\u00e9tique. Originellement con\u00e7ue pour le th\u00e9\u00e2tre dans les ann\u00e9es 40, puis port\u00e9e \u00e0 l&rsquo;\u00e9cran, l&rsquo;histoire de cette jeune fille t\u00e9moin et actrice de chass\u00e9s-crois\u00e9s amoureux d\u00e9gage une impression de spontan\u00e9it\u00e9, d&rsquo;improvisation et de hasard alors que le moindre \u00e9l\u00e9ment visuel ou narratif est parfaitement agenc\u00e9 par le cin\u00e9aste conteur. Il faut aussi souligner l&rsquo;importance des couleurs dans les films de Rohmer en g\u00e9n\u00e9ral, et son travail avec le grand directeur de la photographie N\u00e9stor Almendros et l&rsquo;influence de Matisse sur <em>Pauline \u00e0 la plage<\/em> en particulier. C\u2019est aussi dans les \u00ab\u00a0Com\u00e9dies et Proverbes\u00a0\u00bb que Rohmer r\u00e9v\u00e8le des com\u00e9diens qui allaient, apr\u00e8s leur passage remarqu\u00e9 chez le cin\u00e9aste, devenir des vedettes du cin\u00e9ma fran\u00e7ais et poursuivre une brillante carri\u00e8re entre film d\u2019auteur, th\u00e9\u00e2tre et productions commerciales : Andr\u00e9 Dussollier, Fabrice Luchini, Arielle Dombasle, Pascal Greggory\u2026<\/p>\n","protected":false},"excerpt":{"rendered":"<p>Succ\u00e9dant aux \u00ab\u00a0Six Contes moraux\u00a0\u00bb, la s\u00e9rie des \u00ab\u00a0Com\u00e9dies et Proverbes\u00a0\u00bb r\u00e9alis\u00e9e entre 1981 et 1987 forme un ensemble plus\u2026<\/p>\n","protected":false},"author":116,"featured_media":0,"comment_status":"open","ping_status":"open","sticky":false,"template":"","format":"standard","meta":[],"categories":[9],"tags":[],"yoast_head":"<!-- This site is optimized with the Yoast SEO plugin v20.8 - https:\/\/yoast.com\/wordpress\/plugins\/seo\/ -->\n<title>\u00ab Com\u00e9dies et Proverbes \u00bb de \u00c9ric Rohmer - Olivier P\u00e8re<\/title>\n<meta name=\"robots\" content=\"index, follow, max-snippet:-1, max-image-preview:large, max-video-preview:-1\" \/>\n<link rel=\"canonical\" href=\"https:\/\/www.arte.tv\/sites\/olivierpere\/2012\/04\/10\/comedies-et-proverbes-deric-rohmer\/\" \/>\n<meta property=\"og:locale\" content=\"fr_FR\" \/>\n<meta property=\"og:type\" content=\"article\" \/>\n<meta property=\"og:title\" content=\"\u00ab Com\u00e9dies et Proverbes \u00bb de \u00c9ric Rohmer - Olivier P\u00e8re\" \/>\n<meta property=\"og:description\" content=\"Succ\u00e9dant aux \u00ab\u00a0Six Contes moraux\u00a0\u00bb, la s\u00e9rie des \u00ab\u00a0Com\u00e9dies et Proverbes\u00a0\u00bb r\u00e9alis\u00e9e entre 1981 et 1987 forme un ensemble plus\u2026\" \/>\n<meta property=\"og:url\" content=\"https:\/\/www.arte.tv\/sites\/olivierpere\/2012\/04\/10\/comedies-et-proverbes-deric-rohmer\/\" \/>\n<meta property=\"og:site_name\" content=\"Olivier P\u00e8re\" \/>\n<meta property=\"article:published_time\" content=\"2012-04-10T09:02:17+00:00\" \/>\n<meta property=\"article:modified_time\" content=\"2020-03-29T09:20:40+00:00\" \/>\n<meta name=\"author\" content=\"Olivier P\u00e8re\" \/>\n<meta name=\"twitter:label1\" content=\"\u00c9crit par\" \/>\n\t<meta name=\"twitter:data1\" content=\"Olivier P\u00e8re\" \/>\n\t<meta name=\"twitter:label2\" content=\"Dur\u00e9e de lecture estim\u00e9e\" \/>\n\t<meta name=\"twitter:data2\" content=\"3 minutes\" \/>\n<script type=\"application\/ld+json\" class=\"yoast-schema-graph\">{\"@context\":\"https:\/\/schema.org\",\"@graph\":[{\"@type\":\"WebPage\",\"@id\":\"https:\/\/www.arte.tv\/sites\/olivierpere\/2012\/04\/10\/comedies-et-proverbes-deric-rohmer\/\",\"url\":\"https:\/\/www.arte.tv\/sites\/olivierpere\/2012\/04\/10\/comedies-et-proverbes-deric-rohmer\/\",\"name\":\"\u00ab Com\u00e9dies et Proverbes \u00bb de \u00c9ric Rohmer - Olivier P\u00e8re\",\"isPartOf\":{\"@id\":\"https:\/\/www.arte.tv\/sites\/olivierpere\/#website\"},\"datePublished\":\"2012-04-10T09:02:17+00:00\",\"dateModified\":\"2020-03-29T09:20:40+00:00\",\"author\":{\"@id\":\"https:\/\/www.arte.tv\/sites\/olivierpere\/#\/schema\/person\/dc32cd6c79be95e52d43b97a74182558\"},\"breadcrumb\":{\"@id\":\"https:\/\/www.arte.tv\/sites\/olivierpere\/2012\/04\/10\/comedies-et-proverbes-deric-rohmer\/#breadcrumb\"},\"inLanguage\":\"fr-FR\",\"potentialAction\":[{\"@type\":\"ReadAction\",\"target\":[\"https:\/\/www.arte.tv\/sites\/olivierpere\/2012\/04\/10\/comedies-et-proverbes-deric-rohmer\/\"]}]},{\"@type\":\"BreadcrumbList\",\"@id\":\"https:\/\/www.arte.tv\/sites\/olivierpere\/2012\/04\/10\/comedies-et-proverbes-deric-rohmer\/#breadcrumb\",\"itemListElement\":[{\"@type\":\"ListItem\",\"position\":1,\"name\":\"Home\",\"item\":\"https:\/\/www.arte.tv\/sites\/olivierpere\/\"},{\"@type\":\"ListItem\",\"position\":2,\"name\":\"\u00ab Com\u00e9dies et Proverbes \u00bb de \u00c9ric Rohmer\"}]},{\"@type\":\"WebSite\",\"@id\":\"https:\/\/www.arte.tv\/sites\/olivierpere\/#website\",\"url\":\"https:\/\/www.arte.tv\/sites\/olivierpere\/\",\"name\":\"Olivier P\u00e8re\",\"description\":\"\",\"potentialAction\":[{\"@type\":\"SearchAction\",\"target\":{\"@type\":\"EntryPoint\",\"urlTemplate\":\"https:\/\/www.arte.tv\/sites\/olivierpere\/?s={search_term_string}\"},\"query-input\":\"required name=search_term_string\"}],\"inLanguage\":\"fr-FR\"},{\"@type\":\"Person\",\"@id\":\"https:\/\/www.arte.tv\/sites\/olivierpere\/#\/schema\/person\/dc32cd6c79be95e52d43b97a74182558\",\"name\":\"Olivier P\u00e8re\",\"image\":{\"@type\":\"ImageObject\",\"inLanguage\":\"fr-FR\",\"@id\":\"https:\/\/www.arte.tv\/sites\/olivierpere\/#\/schema\/person\/image\/\",\"url\":\"https:\/\/secure.gravatar.com\/avatar\/bdea7b6a2c195e2c41772429a9694758?s=96&d=mm&r=g\",\"contentUrl\":\"https:\/\/secure.gravatar.com\/avatar\/bdea7b6a2c195e2c41772429a9694758?s=96&d=mm&r=g\",\"caption\":\"Olivier P\u00e8re\"},\"url\":\"https:\/\/www.arte.tv\/sites\/olivierpere\/author\/pereolivier\/\"}]}<\/script>\n<!-- \/ Yoast SEO plugin. -->","yoast_head_json":{"title":"\u00ab Com\u00e9dies et Proverbes \u00bb de \u00c9ric Rohmer - Olivier P\u00e8re","robots":{"index":"index","follow":"follow","max-snippet":"max-snippet:-1","max-image-preview":"max-image-preview:large","max-video-preview":"max-video-preview:-1"},"canonical":"https:\/\/www.arte.tv\/sites\/olivierpere\/2012\/04\/10\/comedies-et-proverbes-deric-rohmer\/","og_locale":"fr_FR","og_type":"article","og_title":"\u00ab Com\u00e9dies et Proverbes \u00bb de \u00c9ric Rohmer - Olivier P\u00e8re","og_description":"Succ\u00e9dant aux \u00ab\u00a0Six Contes moraux\u00a0\u00bb, la s\u00e9rie des \u00ab\u00a0Com\u00e9dies et Proverbes\u00a0\u00bb r\u00e9alis\u00e9e entre 1981 et 1987 forme un ensemble plus\u2026","og_url":"https:\/\/www.arte.tv\/sites\/olivierpere\/2012\/04\/10\/comedies-et-proverbes-deric-rohmer\/","og_site_name":"Olivier P\u00e8re","article_published_time":"2012-04-10T09:02:17+00:00","article_modified_time":"2020-03-29T09:20:40+00:00","author":"Olivier P\u00e8re","twitter_misc":{"\u00c9crit par":"Olivier P\u00e8re","Dur\u00e9e de lecture estim\u00e9e":"3 minutes"},"schema":{"@context":"https:\/\/schema.org","@graph":[{"@type":"WebPage","@id":"https:\/\/www.arte.tv\/sites\/olivierpere\/2012\/04\/10\/comedies-et-proverbes-deric-rohmer\/","url":"https:\/\/www.arte.tv\/sites\/olivierpere\/2012\/04\/10\/comedies-et-proverbes-deric-rohmer\/","name":"\u00ab Com\u00e9dies et Proverbes \u00bb de \u00c9ric Rohmer - Olivier P\u00e8re","isPartOf":{"@id":"https:\/\/www.arte.tv\/sites\/olivierpere\/#website"},"datePublished":"2012-04-10T09:02:17+00:00","dateModified":"2020-03-29T09:20:40+00:00","author":{"@id":"https:\/\/www.arte.tv\/sites\/olivierpere\/#\/schema\/person\/dc32cd6c79be95e52d43b97a74182558"},"breadcrumb":{"@id":"https:\/\/www.arte.tv\/sites\/olivierpere\/2012\/04\/10\/comedies-et-proverbes-deric-rohmer\/#breadcrumb"},"inLanguage":"fr-FR","potentialAction":[{"@type":"ReadAction","target":["https:\/\/www.arte.tv\/sites\/olivierpere\/2012\/04\/10\/comedies-et-proverbes-deric-rohmer\/"]}]},{"@type":"BreadcrumbList","@id":"https:\/\/www.arte.tv\/sites\/olivierpere\/2012\/04\/10\/comedies-et-proverbes-deric-rohmer\/#breadcrumb","itemListElement":[{"@type":"ListItem","position":1,"name":"Home","item":"https:\/\/www.arte.tv\/sites\/olivierpere\/"},{"@type":"ListItem","position":2,"name":"\u00ab Com\u00e9dies et Proverbes \u00bb de \u00c9ric Rohmer"}]},{"@type":"WebSite","@id":"https:\/\/www.arte.tv\/sites\/olivierpere\/#website","url":"https:\/\/www.arte.tv\/sites\/olivierpere\/","name":"Olivier P\u00e8re","description":"","potentialAction":[{"@type":"SearchAction","target":{"@type":"EntryPoint","urlTemplate":"https:\/\/www.arte.tv\/sites\/olivierpere\/?s={search_term_string}"},"query-input":"required name=search_term_string"}],"inLanguage":"fr-FR"},{"@type":"Person","@id":"https:\/\/www.arte.tv\/sites\/olivierpere\/#\/schema\/person\/dc32cd6c79be95e52d43b97a74182558","name":"Olivier P\u00e8re","image":{"@type":"ImageObject","inLanguage":"fr-FR","@id":"https:\/\/www.arte.tv\/sites\/olivierpere\/#\/schema\/person\/image\/","url":"https:\/\/secure.gravatar.com\/avatar\/bdea7b6a2c195e2c41772429a9694758?s=96&d=mm&r=g","contentUrl":"https:\/\/secure.gravatar.com\/avatar\/bdea7b6a2c195e2c41772429a9694758?s=96&d=mm&r=g","caption":"Olivier P\u00e8re"},"url":"https:\/\/www.arte.tv\/sites\/olivierpere\/author\/pereolivier\/"}]}},"_links":{"self":[{"href":"https:\/\/www.arte.tv\/sites\/olivierpere\/wp-json\/wp\/v2\/posts\/5862"}],"collection":[{"href":"https:\/\/www.arte.tv\/sites\/olivierpere\/wp-json\/wp\/v2\/posts"}],"about":[{"href":"https:\/\/www.arte.tv\/sites\/olivierpere\/wp-json\/wp\/v2\/types\/post"}],"author":[{"embeddable":true,"href":"https:\/\/www.arte.tv\/sites\/olivierpere\/wp-json\/wp\/v2\/users\/116"}],"replies":[{"embeddable":true,"href":"https:\/\/www.arte.tv\/sites\/olivierpere\/wp-json\/wp\/v2\/comments?post=5862"}],"version-history":[{"count":2,"href":"https:\/\/www.arte.tv\/sites\/olivierpere\/wp-json\/wp\/v2\/posts\/5862\/revisions"}],"predecessor-version":[{"id":24657,"href":"https:\/\/www.arte.tv\/sites\/olivierpere\/wp-json\/wp\/v2\/posts\/5862\/revisions\/24657"}],"wp:attachment":[{"href":"https:\/\/www.arte.tv\/sites\/olivierpere\/wp-json\/wp\/v2\/media?parent=5862"}],"wp:term":[{"taxonomy":"category","embeddable":true,"href":"https:\/\/www.arte.tv\/sites\/olivierpere\/wp-json\/wp\/v2\/categories?post=5862"},{"taxonomy":"post_tag","embeddable":true,"href":"https:\/\/www.arte.tv\/sites\/olivierpere\/wp-json\/wp\/v2\/tags?post=5862"}],"curies":[{"name":"wp","href":"https:\/\/api.w.org\/{rel}","templated":true}]}}