{"id":5332,"date":"2012-02-12T09:00:36","date_gmt":"2012-02-12T08:00:36","guid":{"rendered":"http:\/\/olivierpere.wordpress.com\/?p=5332"},"modified":"2017-06-07T23:37:33","modified_gmt":"2017-06-07T22:37:33","slug":"linconsolable-de-jean-marie-straub","status":"publish","type":"post","link":"https:\/\/www.arte.tv\/sites\/olivierpere\/2012\/02\/12\/linconsolable-de-jean-marie-straub\/","title":{"rendered":"L\u2019Inconsolable de Jean-Marie Straub"},"content":{"rendered":"<div id=\"attachment_5349\" style=\"width: 160px\" class=\"wp-caption alignright\"><a href=\"http:\/\/olivierpere.wordpress.com\/2012\/02\/12\/linconsolable-de-jean-marie-straub\/l-inconsolable-2012-23674-737482774\/\" rel=\"attachment wp-att-5349\"><img aria-describedby=\"caption-attachment-5349\" decoding=\"async\" loading=\"lazy\" class=\"size-thumbnail wp-image-5349\" title=\"L'Inconsolable\" src=\"https:\/\/www.arte.tv\/sites\/olivierpere\/files\/2012\/02\/l-inconsolable-2012-23674-737482774.jpg?w=150\" alt=\"L'Inconsolable\" width=\"150\" height=\"112\" srcset=\"https:\/\/www.arte.tv\/sites\/olivierpere\/files\/2012\/02\/l-inconsolable-2012-23674-737482774.jpg 650w, https:\/\/www.arte.tv\/sites\/olivierpere\/files\/2012\/02\/l-inconsolable-2012-23674-737482774-372x280.jpg 372w, https:\/\/www.arte.tv\/sites\/olivierpere\/files\/2012\/02\/l-inconsolable-2012-23674-737482774-580x435.jpg 580w\" sizes=\"(max-width: 150px) 100vw, 150px\" \/><\/a><p id=\"caption-attachment-5349\" class=\"wp-caption-text\">L&rsquo;Inconsolable<\/p><\/div>\n<p>Sous ce titre g\u00e9n\u00e9rique sont sortis mercredi 8 f\u00e9vrier \u00e0 Paris (distribu\u00e9s par Independencia) quatre courts m\u00e9trages de Jean-Marie Straub pr\u00e9sent\u00e9s pour la premi\u00e8re fois ensemble en s\u00e9ance sp\u00e9ciale lors du 64<sup>\u00e8me<\/sup> Festival del film Locarno :<em> L\u2019Inconsolable<\/em> d\u2019apr\u00e8s Cesare Pavese, <em>L\u2019H\u00e9ritier<\/em> d\u2019apr\u00e8s Maurice Barr\u00e8s, <em>Chacals et Arabes<\/em> d\u2019apr\u00e8s Franz Kafka. A ces trois nouveaux films s\u2019ajoute <em>Lothringen\u00a0!<\/em> r\u00e9alis\u00e9 en 1994 par Jean-Marie Straub et Dani\u00e8le Huillet, une \u00e9vocation de l&rsquo;arriv\u00e9e des prussiens en Lorraine apr\u00e8s la d\u00e9faite de 1870 adapt\u00e9e du roman de Maurice Barr\u00e8s, <em>Colette Baudoche<\/em> (1909), auquel fait \u00e9videmment \u00e9cho <em>L\u2019H\u00e9ritier<\/em>. Soit un certain art de la programmation, dans lequel Straub, en plus de celui de la mise en sc\u00e8ne et de l\u2019adaptation, est pass\u00e9 ma\u00eetre.<\/p>\n<div id=\"attachment_5334\" style=\"width: 235px\" class=\"wp-caption alignleft\"><a href=\"http:\/\/olivierpere.wordpress.com\/2012\/02\/12\/linconsolable-de-jean-marie-straub\/affiche-de-linconsolable-de-jean-marie-straub\/\" rel=\"attachment wp-att-5334\"><img aria-describedby=\"caption-attachment-5334\" decoding=\"async\" loading=\"lazy\" class=\"size-medium wp-image-5334 \" title=\"Affiche de &lt;em&gt;L'Inconsolable&lt;\/em&gt; (2011) de Jean-Marie Straub\" src=\"https:\/\/www.arte.tv\/sites\/olivierpere\/files\/2012\/02\/affiche-de-linconsolable-de-jean-marie-straub.jpg?w=225\" alt=\"Affiche de L'Inconsolable (2011) de Jean-Marie Straub\" width=\"225\" height=\"300\" srcset=\"https:\/\/www.arte.tv\/sites\/olivierpere\/files\/2012\/02\/affiche-de-linconsolable-de-jean-marie-straub.jpg 600w, https:\/\/www.arte.tv\/sites\/olivierpere\/files\/2012\/02\/affiche-de-linconsolable-de-jean-marie-straub-210x280.jpg 210w, https:\/\/www.arte.tv\/sites\/olivierpere\/files\/2012\/02\/affiche-de-linconsolable-de-jean-marie-straub-576x768.jpg 576w, https:\/\/www.arte.tv\/sites\/olivierpere\/files\/2012\/02\/affiche-de-linconsolable-de-jean-marie-straub-580x773.jpg 580w\" sizes=\"(max-width: 225px) 100vw, 225px\" \/><\/a><p id=\"caption-attachment-5334\" class=\"wp-caption-text\">Affiche de L&rsquo;Inconsolable (2011) de Jean-Marie Straub<\/p><\/div>\n<p>Avec <em>L\u2019Inconsolable <\/em>(15 minutes), r\u00e9flexion sur le mythe d\u2019Orph\u00e9e, Jean-Marie Straub continue la mise en sc\u00e8ne des <em>Dialogues avec Leuc\u00f2<\/em> de Cesare Pavese, commenc\u00e9e en 1978 avec <em>De la nu\u00e9e \u00e0 la r\u00e9sistance<\/em> et poursuivie en 2006, 2007 et 2008 avec <em>Ces rencontres avec eux<\/em>, <em>Le Genou d\u2019Art\u00e9mide<\/em> et <em>Le streghe \u2013 femmes entre elles. <\/em><em>Un h\u00e9ritier<\/em> (22 minutes) a \u00e9t\u00e9 r\u00e9alis\u00e9 dans le cadre du Jeonju Digital Project. Chaque ann\u00e9e le festival de Jeonju en Cor\u00e9e du Sud produit une s\u00e9rie de trois courts m\u00e9trages tourn\u00e9s en num\u00e9rique. Ces commandes sont confi\u00e9es aux meilleurs r\u00e9alisateurs d\u2019Asie et du monde entier, toutes g\u00e9n\u00e9rations confondues. Il est de tradition que le Festival del film Locarno montre ces films juste apr\u00e8s leur pr\u00e9sentation en premi\u00e8re mondiale \u00e0 Jeonju.<\/p>\n<div id=\"attachment_5339\" style=\"width: 160px\" class=\"wp-caption alignright\"><a href=\"http:\/\/olivierpere.wordpress.com\/2012\/02\/12\/linconsolable-de-jean-marie-straub\/lothringen_-2\/\" rel=\"attachment wp-att-5339\"><img aria-describedby=\"caption-attachment-5339\" decoding=\"async\" loading=\"lazy\" class=\"size-thumbnail wp-image-5339 \" title=\"Lothringen ! (1994)\" src=\"https:\/\/www.arte.tv\/sites\/olivierpere\/files\/2012\/02\/lothringen_1.jpg?w=150\" alt=\"Lothringen ! (1994)\" width=\"150\" height=\"109\" srcset=\"https:\/\/www.arte.tv\/sites\/olivierpere\/files\/2012\/02\/lothringen_1.jpg 597w, https:\/\/www.arte.tv\/sites\/olivierpere\/files\/2012\/02\/lothringen_1-385x280.jpg 385w, https:\/\/www.arte.tv\/sites\/olivierpere\/files\/2012\/02\/lothringen_1-580x421.jpg 580w\" sizes=\"(max-width: 150px) 100vw, 150px\" \/><\/a><p id=\"caption-attachment-5339\" class=\"wp-caption-text\">Lothringen ! (1994)<\/p><\/div>\n<p>En 1994 Jean-Marie Straub et Dani\u00e8le Huillet r\u00e9alisaient le film <em>Lothringen !<\/em>, d\u2019apr\u00e8s le roman de Maurice Barr\u00e8s <em>Colette Bodauche<\/em>. En 2010, Jean-Marie Straub se rend en Alsace pour terminer le second film de la s\u00e9rie Barr\u00e8s, cette fois-ci adapt\u00e9 d\u2019<em>Au service de<\/em> <em>l\u2019Allemagne<\/em>, une \u0153uvre de 1905 sur le mont Sainte-Odile. \u00c0 la mani\u00e8re de Joseph, le personnage principal, Jean-Marie Straub (sous le pseudonyme anagramme de Jubarite Semaran, celui-l\u00e0 m\u00eame d\u00e9j\u00e0 utilis\u00e9 dans <em>Othon <\/em>o\u00f9 JMS interpr\u00e9tait Lucus) arpente le mont Sainte-Odile, sur les pas d\u2019un jeune m\u00e9decin de campagne.<\/p>\n<div id=\"attachment_5342\" style=\"width: 160px\" class=\"wp-caption alignright\"><a href=\"http:\/\/olivierpere.wordpress.com\/2012\/02\/12\/linconsolable-de-jean-marie-straub\/oc573741_p3001_154557\/\" rel=\"attachment wp-att-5342\"><img aria-describedby=\"caption-attachment-5342\" decoding=\"async\" loading=\"lazy\" class=\"size-thumbnail wp-image-5342\" title=\"Chacals et Arabes (2011)\" src=\"https:\/\/www.arte.tv\/sites\/olivierpere\/files\/2012\/02\/oc573741_p3001_154557.jpg?w=150\" alt=\"Chacals et Arabes (2011)\" width=\"150\" height=\"112\" srcset=\"https:\/\/www.arte.tv\/sites\/olivierpere\/files\/2012\/02\/oc573741_p3001_154557.jpg 768w, https:\/\/www.arte.tv\/sites\/olivierpere\/files\/2012\/02\/oc573741_p3001_154557-373x280.jpg 373w, https:\/\/www.arte.tv\/sites\/olivierpere\/files\/2012\/02\/oc573741_p3001_154557-580x435.jpg 580w\" sizes=\"(max-width: 150px) 100vw, 150px\" \/><\/a><p id=\"caption-attachment-5342\" class=\"wp-caption-text\">Chacals et Arabes (2011)<\/p><\/div>\n<p><em>Chacals et Arabes<\/em> (11 minutes) est une r\u00e9flexion sur l\u2019Europe\u00a0:<\/p>\n<p>Chacals, Arabes et Europ\u00e9ens, meute, masse, individu \u2013 selon Deleuze \u2013\u00a0: qui r\u00e9soudra l&rsquo;\u00e9nigme du monde dans cette nouvelle de Kafka\u00a0?<\/p>\n<p>&nbsp;<\/p>\n<p>&nbsp;<\/p>\n<div id=\"attachment_5348\" style=\"width: 585px\" class=\"wp-caption aligncenter\"><a href=\"http:\/\/olivierpere.wordpress.com\/2012\/02\/12\/linconsolable-de-jean-marie-straub\/jean-marie-straub-et-danie%cc%80le-huillet-au-festival-del-film-locarno\/\" rel=\"attachment wp-att-5348\"><img aria-describedby=\"caption-attachment-5348\" decoding=\"async\" loading=\"lazy\" class=\"size-full wp-image-5348 \" title=\"Jean-Marie Straub et Dani\u00e8le Huillet au Festival del film Locarno (1984)\" src=\"https:\/\/www.arte.tv\/sites\/olivierpere\/files\/2012\/02\/jean-marie-straub-et-daniecc80le-huillet-au-festival-del-film-locarno.jpg\" alt=\"Jean-Marie Straub et Dani\u00e8le Huillet au Festival del film Locarno (1984)\" width=\"575\" height=\"365\" srcset=\"https:\/\/www.arte.tv\/sites\/olivierpere\/files\/2012\/02\/jean-marie-straub-et-daniecc80le-huillet-au-festival-del-film-locarno.jpg 575w, https:\/\/www.arte.tv\/sites\/olivierpere\/files\/2012\/02\/jean-marie-straub-et-daniecc80le-huillet-au-festival-del-film-locarno-441x280.jpg 441w\" sizes=\"(max-width: 575px) 100vw, 575px\" \/><\/a><p id=\"caption-attachment-5348\" class=\"wp-caption-text\">Jean-Marie Straub et Dani\u00e8le Huillet au Festival del film Locarno (1984)<\/p><\/div>\n","protected":false},"excerpt":{"rendered":"<p>Sous ce titre g\u00e9n\u00e9rique sont sortis mercredi 8 f\u00e9vrier \u00e0 Paris (distribu\u00e9s par Independencia) quatre courts m\u00e9trages de Jean-Marie Straub\u2026<\/p>\n","protected":false},"author":116,"featured_media":5334,"comment_status":"open","ping_status":"open","sticky":false,"template":"","format":"standard","meta":[],"categories":[9],"tags":[],"yoast_head":"<!-- This site is optimized with the Yoast SEO plugin v20.8 - https:\/\/yoast.com\/wordpress\/plugins\/seo\/ -->\n<title>L\u2019Inconsolable de Jean-Marie Straub - Olivier P\u00e8re<\/title>\n<meta name=\"robots\" content=\"index, follow, max-snippet:-1, max-image-preview:large, max-video-preview:-1\" \/>\n<link rel=\"canonical\" href=\"https:\/\/www.arte.tv\/sites\/olivierpere\/2012\/02\/12\/linconsolable-de-jean-marie-straub\/\" \/>\n<meta property=\"og:locale\" content=\"fr_FR\" \/>\n<meta property=\"og:type\" content=\"article\" \/>\n<meta property=\"og:title\" content=\"L\u2019Inconsolable de Jean-Marie Straub - Olivier P\u00e8re\" \/>\n<meta property=\"og:description\" content=\"Sous ce titre g\u00e9n\u00e9rique sont sortis mercredi 8 f\u00e9vrier \u00e0 Paris (distribu\u00e9s par Independencia) quatre courts m\u00e9trages de Jean-Marie Straub\u2026\" \/>\n<meta property=\"og:url\" content=\"https:\/\/www.arte.tv\/sites\/olivierpere\/2012\/02\/12\/linconsolable-de-jean-marie-straub\/\" \/>\n<meta property=\"og:site_name\" content=\"Olivier P\u00e8re\" \/>\n<meta property=\"article:published_time\" content=\"2012-02-12T08:00:36+00:00\" \/>\n<meta property=\"article:modified_time\" content=\"2017-06-07T22:37:33+00:00\" \/>\n<meta property=\"og:image\" content=\"https:\/\/www.arte.tv\/sites\/olivierpere\/files\/2012\/02\/affiche-de-linconsolable-de-jean-marie-straub.jpg\" \/>\n\t<meta property=\"og:image:width\" content=\"600\" \/>\n\t<meta property=\"og:image:height\" content=\"800\" \/>\n\t<meta property=\"og:image:type\" content=\"image\/jpeg\" \/>\n<meta name=\"author\" content=\"Olivier P\u00e8re\" \/>\n<meta name=\"twitter:label1\" content=\"\u00c9crit par\" \/>\n\t<meta name=\"twitter:data1\" content=\"Olivier P\u00e8re\" \/>\n\t<meta name=\"twitter:label2\" content=\"Dur\u00e9e de lecture estim\u00e9e\" \/>\n\t<meta name=\"twitter:data2\" content=\"2 minutes\" \/>\n<script type=\"application\/ld+json\" class=\"yoast-schema-graph\">{\"@context\":\"https:\/\/schema.org\",\"@graph\":[{\"@type\":\"WebPage\",\"@id\":\"https:\/\/www.arte.tv\/sites\/olivierpere\/2012\/02\/12\/linconsolable-de-jean-marie-straub\/\",\"url\":\"https:\/\/www.arte.tv\/sites\/olivierpere\/2012\/02\/12\/linconsolable-de-jean-marie-straub\/\",\"name\":\"L\u2019Inconsolable de Jean-Marie Straub - Olivier P\u00e8re\",\"isPartOf\":{\"@id\":\"https:\/\/www.arte.tv\/sites\/olivierpere\/#website\"},\"datePublished\":\"2012-02-12T08:00:36+00:00\",\"dateModified\":\"2017-06-07T22:37:33+00:00\",\"author\":{\"@id\":\"https:\/\/www.arte.tv\/sites\/olivierpere\/#\/schema\/person\/dc32cd6c79be95e52d43b97a74182558\"},\"breadcrumb\":{\"@id\":\"https:\/\/www.arte.tv\/sites\/olivierpere\/2012\/02\/12\/linconsolable-de-jean-marie-straub\/#breadcrumb\"},\"inLanguage\":\"fr-FR\",\"potentialAction\":[{\"@type\":\"ReadAction\",\"target\":[\"https:\/\/www.arte.tv\/sites\/olivierpere\/2012\/02\/12\/linconsolable-de-jean-marie-straub\/\"]}]},{\"@type\":\"BreadcrumbList\",\"@id\":\"https:\/\/www.arte.tv\/sites\/olivierpere\/2012\/02\/12\/linconsolable-de-jean-marie-straub\/#breadcrumb\",\"itemListElement\":[{\"@type\":\"ListItem\",\"position\":1,\"name\":\"Home\",\"item\":\"https:\/\/www.arte.tv\/sites\/olivierpere\/\"},{\"@type\":\"ListItem\",\"position\":2,\"name\":\"L\u2019Inconsolable de Jean-Marie Straub\"}]},{\"@type\":\"WebSite\",\"@id\":\"https:\/\/www.arte.tv\/sites\/olivierpere\/#website\",\"url\":\"https:\/\/www.arte.tv\/sites\/olivierpere\/\",\"name\":\"Olivier P\u00e8re\",\"description\":\"\",\"potentialAction\":[{\"@type\":\"SearchAction\",\"target\":{\"@type\":\"EntryPoint\",\"urlTemplate\":\"https:\/\/www.arte.tv\/sites\/olivierpere\/?s={search_term_string}\"},\"query-input\":\"required name=search_term_string\"}],\"inLanguage\":\"fr-FR\"},{\"@type\":\"Person\",\"@id\":\"https:\/\/www.arte.tv\/sites\/olivierpere\/#\/schema\/person\/dc32cd6c79be95e52d43b97a74182558\",\"name\":\"Olivier P\u00e8re\",\"image\":{\"@type\":\"ImageObject\",\"inLanguage\":\"fr-FR\",\"@id\":\"https:\/\/www.arte.tv\/sites\/olivierpere\/#\/schema\/person\/image\/\",\"url\":\"https:\/\/secure.gravatar.com\/avatar\/bdea7b6a2c195e2c41772429a9694758?s=96&d=mm&r=g\",\"contentUrl\":\"https:\/\/secure.gravatar.com\/avatar\/bdea7b6a2c195e2c41772429a9694758?s=96&d=mm&r=g\",\"caption\":\"Olivier P\u00e8re\"},\"url\":\"https:\/\/www.arte.tv\/sites\/olivierpere\/author\/pereolivier\/\"}]}<\/script>\n<!-- \/ Yoast SEO plugin. -->","yoast_head_json":{"title":"L\u2019Inconsolable de Jean-Marie Straub - Olivier P\u00e8re","robots":{"index":"index","follow":"follow","max-snippet":"max-snippet:-1","max-image-preview":"max-image-preview:large","max-video-preview":"max-video-preview:-1"},"canonical":"https:\/\/www.arte.tv\/sites\/olivierpere\/2012\/02\/12\/linconsolable-de-jean-marie-straub\/","og_locale":"fr_FR","og_type":"article","og_title":"L\u2019Inconsolable de Jean-Marie Straub - Olivier P\u00e8re","og_description":"Sous ce titre g\u00e9n\u00e9rique sont sortis mercredi 8 f\u00e9vrier \u00e0 Paris (distribu\u00e9s par Independencia) quatre courts m\u00e9trages de Jean-Marie Straub\u2026","og_url":"https:\/\/www.arte.tv\/sites\/olivierpere\/2012\/02\/12\/linconsolable-de-jean-marie-straub\/","og_site_name":"Olivier P\u00e8re","article_published_time":"2012-02-12T08:00:36+00:00","article_modified_time":"2017-06-07T22:37:33+00:00","og_image":[{"width":"600","height":"800","url":"https:\/\/www.arte.tv\/sites\/olivierpere\/files\/2012\/02\/affiche-de-linconsolable-de-jean-marie-straub.jpg","type":"image\/jpeg"}],"author":"Olivier P\u00e8re","twitter_misc":{"\u00c9crit par":"Olivier P\u00e8re","Dur\u00e9e de lecture estim\u00e9e":"2 minutes"},"schema":{"@context":"https:\/\/schema.org","@graph":[{"@type":"WebPage","@id":"https:\/\/www.arte.tv\/sites\/olivierpere\/2012\/02\/12\/linconsolable-de-jean-marie-straub\/","url":"https:\/\/www.arte.tv\/sites\/olivierpere\/2012\/02\/12\/linconsolable-de-jean-marie-straub\/","name":"L\u2019Inconsolable de Jean-Marie Straub - Olivier P\u00e8re","isPartOf":{"@id":"https:\/\/www.arte.tv\/sites\/olivierpere\/#website"},"datePublished":"2012-02-12T08:00:36+00:00","dateModified":"2017-06-07T22:37:33+00:00","author":{"@id":"https:\/\/www.arte.tv\/sites\/olivierpere\/#\/schema\/person\/dc32cd6c79be95e52d43b97a74182558"},"breadcrumb":{"@id":"https:\/\/www.arte.tv\/sites\/olivierpere\/2012\/02\/12\/linconsolable-de-jean-marie-straub\/#breadcrumb"},"inLanguage":"fr-FR","potentialAction":[{"@type":"ReadAction","target":["https:\/\/www.arte.tv\/sites\/olivierpere\/2012\/02\/12\/linconsolable-de-jean-marie-straub\/"]}]},{"@type":"BreadcrumbList","@id":"https:\/\/www.arte.tv\/sites\/olivierpere\/2012\/02\/12\/linconsolable-de-jean-marie-straub\/#breadcrumb","itemListElement":[{"@type":"ListItem","position":1,"name":"Home","item":"https:\/\/www.arte.tv\/sites\/olivierpere\/"},{"@type":"ListItem","position":2,"name":"L\u2019Inconsolable de Jean-Marie Straub"}]},{"@type":"WebSite","@id":"https:\/\/www.arte.tv\/sites\/olivierpere\/#website","url":"https:\/\/www.arte.tv\/sites\/olivierpere\/","name":"Olivier P\u00e8re","description":"","potentialAction":[{"@type":"SearchAction","target":{"@type":"EntryPoint","urlTemplate":"https:\/\/www.arte.tv\/sites\/olivierpere\/?s={search_term_string}"},"query-input":"required name=search_term_string"}],"inLanguage":"fr-FR"},{"@type":"Person","@id":"https:\/\/www.arte.tv\/sites\/olivierpere\/#\/schema\/person\/dc32cd6c79be95e52d43b97a74182558","name":"Olivier P\u00e8re","image":{"@type":"ImageObject","inLanguage":"fr-FR","@id":"https:\/\/www.arte.tv\/sites\/olivierpere\/#\/schema\/person\/image\/","url":"https:\/\/secure.gravatar.com\/avatar\/bdea7b6a2c195e2c41772429a9694758?s=96&d=mm&r=g","contentUrl":"https:\/\/secure.gravatar.com\/avatar\/bdea7b6a2c195e2c41772429a9694758?s=96&d=mm&r=g","caption":"Olivier P\u00e8re"},"url":"https:\/\/www.arte.tv\/sites\/olivierpere\/author\/pereolivier\/"}]}},"_links":{"self":[{"href":"https:\/\/www.arte.tv\/sites\/olivierpere\/wp-json\/wp\/v2\/posts\/5332"}],"collection":[{"href":"https:\/\/www.arte.tv\/sites\/olivierpere\/wp-json\/wp\/v2\/posts"}],"about":[{"href":"https:\/\/www.arte.tv\/sites\/olivierpere\/wp-json\/wp\/v2\/types\/post"}],"author":[{"embeddable":true,"href":"https:\/\/www.arte.tv\/sites\/olivierpere\/wp-json\/wp\/v2\/users\/116"}],"replies":[{"embeddable":true,"href":"https:\/\/www.arte.tv\/sites\/olivierpere\/wp-json\/wp\/v2\/comments?post=5332"}],"version-history":[{"count":1,"href":"https:\/\/www.arte.tv\/sites\/olivierpere\/wp-json\/wp\/v2\/posts\/5332\/revisions"}],"predecessor-version":[{"id":20821,"href":"https:\/\/www.arte.tv\/sites\/olivierpere\/wp-json\/wp\/v2\/posts\/5332\/revisions\/20821"}],"wp:featuredmedia":[{"embeddable":true,"href":"https:\/\/www.arte.tv\/sites\/olivierpere\/wp-json\/wp\/v2\/media\/5334"}],"wp:attachment":[{"href":"https:\/\/www.arte.tv\/sites\/olivierpere\/wp-json\/wp\/v2\/media?parent=5332"}],"wp:term":[{"taxonomy":"category","embeddable":true,"href":"https:\/\/www.arte.tv\/sites\/olivierpere\/wp-json\/wp\/v2\/categories?post=5332"},{"taxonomy":"post_tag","embeddable":true,"href":"https:\/\/www.arte.tv\/sites\/olivierpere\/wp-json\/wp\/v2\/tags?post=5332"}],"curies":[{"name":"wp","href":"https:\/\/api.w.org\/{rel}","templated":true}]}}