{"id":519,"date":"2011-03-15T10:30:13","date_gmt":"2011-03-15T09:30:13","guid":{"rendered":"http:\/\/olivierpere.wordpress.com\/?p=519"},"modified":"2020-03-27T13:34:07","modified_gmt":"2020-03-27T12:34:07","slug":"la-petite-chambre-sacre-meilleur-film-suisse-de-lannee","status":"publish","type":"post","link":"https:\/\/www.arte.tv\/sites\/olivierpere\/2011\/03\/15\/la-petite-chambre-sacre-meilleur-film-suisse-de-lannee\/","title":{"rendered":"La Petite Chambre sacr\u00e9 meilleur film suisse de l\u2019ann\u00e9e"},"content":{"rendered":"<p><span style=\"font-family: arial;font-size: 10pt\">Samedi 12 mars \u00e0 Lucerne s\u2019est d\u00e9roul\u00e9e la c\u00e9r\u00e9monie des Quartz, prix du cin\u00e9ma d\u00e9cern\u00e9s par l\u2019acad\u00e9mie du Cin\u00e9ma Suisse. La soir\u00e9e a \u00e9t\u00e9 marqu\u00e9e par la victoire de <em>La Petite Chambre<\/em>, sacr\u00e9 meilleur film suisse de l\u2019ann\u00e9e et \u00e9galement r\u00e9compens\u00e9 par le prix du meilleur sc\u00e9nario. Le film avait \u00e9t\u00e9 projet\u00e9 pour la premi\u00e8re fois lors du Festival del film Locarno en ao\u00fbt 2010, en comp\u00e9tition internationale. Il y avait \u00e9t\u00e9 tr\u00e8s chaleureusement accueilli par la presse et le public. Les spectateurs lui avaient r\u00e9serv\u00e9 un triomphe, avec de tr\u00e8s longs applaudissements et beaucoup d\u2019\u00e9motion \u00e0 l\u2019issue de la projection officielle au Fevi, la grande salle du Festival. Depuis le film est sorti en France et en Suisse Romande o\u00f9 il rencontre un beau succ\u00e8s. <em>La Petite Chambre<\/em> est le premier long m\u00e9trage de deux jeunes femmes qui sont amies depuis l\u2019enfance et travaillent ensemble depuis leurs d\u00e9buts. St\u00e9phanie Chuat et V\u00e9ronique Reymond se sont rencontr\u00e9es sur les bancs d\u2019\u00e9cole, ont suivi des cours de com\u00e9die avant de mettre en sc\u00e8ne et d\u2019interpr\u00e9ter des spectacles, de r\u00e9aliser cinq courts m\u00e9trages et deux documentaires, toujours ins\u00e9parables. <em>La Petite Chambre<\/em> est une \u00e9mouvante histoire d\u2019approche, d\u2019adoption et enfin d\u2019amiti\u00e9 entre un vieil homme grincheux abandonn\u00e9 par son fils et qui refuse avec v\u00e9h\u00e9mence d\u2019entrer en maison de retraite, et son infirmi\u00e8re \u00e0 domicile, une jeune femme bienveillante marqu\u00e9e par la mort de son b\u00e9b\u00e9 avant la naissance, et incapable d\u2019en faire le deuil. Ce r\u00e9cit d\u2019une rencontre, o\u00f9 l\u2019on doit apprendre \u00e0 vivre avec la mort, la sienne et celle de l\u2019autre, b\u00e9n\u00e9ficie de l\u2019interpr\u00e9tation remarquable de Michel Bouquet. C\u2019est le grand retour de l\u2019acteur fran\u00e7ais que l\u2019on n\u2019avait pas vu au cin\u00e9ma depuis <em>Le Promeneur du champ de Mars<\/em> de Robert Gu\u00e9diguian en 2005 o\u00f9 il incarnait de mani\u00e8re impressionnante Fran\u00e7ois Mitterrand. A ses c\u00f4t\u00e9s, Florence Loiret-Caille et Eric Caravaca sont eux aussi remarquables.<\/span><\/p>\n<p><span style=\"font-family: arial;font-size: 10pt\"><em>La Petite Chambre<\/em> est une nouvelle r\u00e9ussite \u00e0 ajouter au palmar\u00e8s de Ruth Waldburger, valeureuse productrice suisse qui avec sa soci\u00e9t\u00e9 Vega film a produit ou coproduit le meilleur du cin\u00e9ma europ\u00e9en de Resnais (<em>On conna\u00eet la chanson<\/em>) \u00e0 Angelopoulos (<em>Le Pas suspendu de la cigogne<\/em>) en passant par No\u00e9mie Lvovsky (<em>La vie ne me fait pas peur<\/em>) ou Claire Simon (<em>\u00e7a br\u00fble<\/em>). Fid\u00e8le \u00e0 quelques grands auteurs (Jean-Luc Godard, B\u00e9la Tarr), Ruth Waldburger est aussi une d\u00e9couvreuse de talent qui n\u2019a pas h\u00e9sit\u00e9 \u00e0 faire confiance au deux jeunes cin\u00e9astes n\u00e9ophytes pour leur premi\u00e8re fiction.<\/span><\/p>\n<p><span style=\"font-family: arial;font-size: 10pt\">Il n\u2019aura \u00e9chapp\u00e9 \u00e0 personne que le cin\u00e9ma suisse sied aux jeunes femmes romandes, puisqu\u2019avant St\u00e9phanie et V\u00e9ronique, resplendissantes dans leurs robes hollywoodiennes, les derniers vainqueurs des Quartz \u00e9taient <em>Home <\/em><!-- @font-face { font-family: \"Cambria\"; }@font-face { font-family: \"Helvetica Light\"; }p.MsoNormal, li.MsoNormal, div.MsoNormal { margin: 0cm 0cm 0.0001pt; font-size: 12pt; font-family: \"Times New Roman\"; }div.Section1 { page: Section1; } --> d\u2019Ursula Meier et <em>C\u0153ur animal<\/em> de S\u00e9verine Cornamusaz<\/span><\/p>\n<p style=\"text-align: center\">\n<p style=\"text-align: center\">\n","protected":false},"excerpt":{"rendered":"<p>Samedi 12 mars \u00e0 Lucerne s\u2019est d\u00e9roul\u00e9e la c\u00e9r\u00e9monie des Quartz, prix du cin\u00e9ma d\u00e9cern\u00e9s par l\u2019acad\u00e9mie du Cin\u00e9ma Suisse.\u2026<\/p>\n","protected":false},"author":116,"featured_media":0,"comment_status":"open","ping_status":"open","sticky":false,"template":"","format":"standard","meta":[],"categories":[3],"tags":[],"yoast_head":"<!-- This site is optimized with the Yoast SEO plugin v20.8 - https:\/\/yoast.com\/wordpress\/plugins\/seo\/ -->\n<title>La Petite Chambre sacr\u00e9 meilleur film suisse de l\u2019ann\u00e9e - Olivier P\u00e8re<\/title>\n<meta name=\"robots\" content=\"index, follow, max-snippet:-1, max-image-preview:large, max-video-preview:-1\" \/>\n<link rel=\"canonical\" href=\"https:\/\/www.arte.tv\/sites\/olivierpere\/2011\/03\/15\/la-petite-chambre-sacre-meilleur-film-suisse-de-lannee\/\" \/>\n<meta property=\"og:locale\" content=\"fr_FR\" \/>\n<meta property=\"og:type\" content=\"article\" \/>\n<meta property=\"og:title\" content=\"La Petite Chambre sacr\u00e9 meilleur film suisse de l\u2019ann\u00e9e - Olivier P\u00e8re\" \/>\n<meta property=\"og:description\" content=\"Samedi 12 mars \u00e0 Lucerne s\u2019est d\u00e9roul\u00e9e la c\u00e9r\u00e9monie des Quartz, prix du cin\u00e9ma d\u00e9cern\u00e9s par l\u2019acad\u00e9mie du Cin\u00e9ma Suisse.\u2026\" \/>\n<meta property=\"og:url\" content=\"https:\/\/www.arte.tv\/sites\/olivierpere\/2011\/03\/15\/la-petite-chambre-sacre-meilleur-film-suisse-de-lannee\/\" \/>\n<meta property=\"og:site_name\" content=\"Olivier P\u00e8re\" \/>\n<meta property=\"article:published_time\" content=\"2011-03-15T09:30:13+00:00\" \/>\n<meta property=\"article:modified_time\" content=\"2020-03-27T12:34:07+00:00\" \/>\n<meta name=\"author\" content=\"Olivier P\u00e8re\" \/>\n<meta name=\"twitter:label1\" content=\"\u00c9crit par\" \/>\n\t<meta name=\"twitter:data1\" content=\"Olivier P\u00e8re\" \/>\n\t<meta name=\"twitter:label2\" content=\"Dur\u00e9e de lecture estim\u00e9e\" \/>\n\t<meta name=\"twitter:data2\" content=\"3 minutes\" \/>\n<script type=\"application\/ld+json\" class=\"yoast-schema-graph\">{\"@context\":\"https:\/\/schema.org\",\"@graph\":[{\"@type\":\"WebPage\",\"@id\":\"https:\/\/www.arte.tv\/sites\/olivierpere\/2011\/03\/15\/la-petite-chambre-sacre-meilleur-film-suisse-de-lannee\/\",\"url\":\"https:\/\/www.arte.tv\/sites\/olivierpere\/2011\/03\/15\/la-petite-chambre-sacre-meilleur-film-suisse-de-lannee\/\",\"name\":\"La Petite Chambre sacr\u00e9 meilleur film suisse de l\u2019ann\u00e9e - Olivier P\u00e8re\",\"isPartOf\":{\"@id\":\"https:\/\/www.arte.tv\/sites\/olivierpere\/#website\"},\"datePublished\":\"2011-03-15T09:30:13+00:00\",\"dateModified\":\"2020-03-27T12:34:07+00:00\",\"author\":{\"@id\":\"https:\/\/www.arte.tv\/sites\/olivierpere\/#\/schema\/person\/dc32cd6c79be95e52d43b97a74182558\"},\"breadcrumb\":{\"@id\":\"https:\/\/www.arte.tv\/sites\/olivierpere\/2011\/03\/15\/la-petite-chambre-sacre-meilleur-film-suisse-de-lannee\/#breadcrumb\"},\"inLanguage\":\"fr-FR\",\"potentialAction\":[{\"@type\":\"ReadAction\",\"target\":[\"https:\/\/www.arte.tv\/sites\/olivierpere\/2011\/03\/15\/la-petite-chambre-sacre-meilleur-film-suisse-de-lannee\/\"]}]},{\"@type\":\"BreadcrumbList\",\"@id\":\"https:\/\/www.arte.tv\/sites\/olivierpere\/2011\/03\/15\/la-petite-chambre-sacre-meilleur-film-suisse-de-lannee\/#breadcrumb\",\"itemListElement\":[{\"@type\":\"ListItem\",\"position\":1,\"name\":\"Home\",\"item\":\"https:\/\/www.arte.tv\/sites\/olivierpere\/\"},{\"@type\":\"ListItem\",\"position\":2,\"name\":\"La Petite Chambre sacr\u00e9 meilleur film suisse de l\u2019ann\u00e9e\"}]},{\"@type\":\"WebSite\",\"@id\":\"https:\/\/www.arte.tv\/sites\/olivierpere\/#website\",\"url\":\"https:\/\/www.arte.tv\/sites\/olivierpere\/\",\"name\":\"Olivier P\u00e8re\",\"description\":\"\",\"potentialAction\":[{\"@type\":\"SearchAction\",\"target\":{\"@type\":\"EntryPoint\",\"urlTemplate\":\"https:\/\/www.arte.tv\/sites\/olivierpere\/?s={search_term_string}\"},\"query-input\":\"required name=search_term_string\"}],\"inLanguage\":\"fr-FR\"},{\"@type\":\"Person\",\"@id\":\"https:\/\/www.arte.tv\/sites\/olivierpere\/#\/schema\/person\/dc32cd6c79be95e52d43b97a74182558\",\"name\":\"Olivier P\u00e8re\",\"image\":{\"@type\":\"ImageObject\",\"inLanguage\":\"fr-FR\",\"@id\":\"https:\/\/www.arte.tv\/sites\/olivierpere\/#\/schema\/person\/image\/\",\"url\":\"https:\/\/secure.gravatar.com\/avatar\/bdea7b6a2c195e2c41772429a9694758?s=96&d=mm&r=g\",\"contentUrl\":\"https:\/\/secure.gravatar.com\/avatar\/bdea7b6a2c195e2c41772429a9694758?s=96&d=mm&r=g\",\"caption\":\"Olivier P\u00e8re\"},\"url\":\"https:\/\/www.arte.tv\/sites\/olivierpere\/author\/pereolivier\/\"}]}<\/script>\n<!-- \/ Yoast SEO plugin. -->","yoast_head_json":{"title":"La Petite Chambre sacr\u00e9 meilleur film suisse de l\u2019ann\u00e9e - Olivier P\u00e8re","robots":{"index":"index","follow":"follow","max-snippet":"max-snippet:-1","max-image-preview":"max-image-preview:large","max-video-preview":"max-video-preview:-1"},"canonical":"https:\/\/www.arte.tv\/sites\/olivierpere\/2011\/03\/15\/la-petite-chambre-sacre-meilleur-film-suisse-de-lannee\/","og_locale":"fr_FR","og_type":"article","og_title":"La Petite Chambre sacr\u00e9 meilleur film suisse de l\u2019ann\u00e9e - Olivier P\u00e8re","og_description":"Samedi 12 mars \u00e0 Lucerne s\u2019est d\u00e9roul\u00e9e la c\u00e9r\u00e9monie des Quartz, prix du cin\u00e9ma d\u00e9cern\u00e9s par l\u2019acad\u00e9mie du Cin\u00e9ma Suisse.\u2026","og_url":"https:\/\/www.arte.tv\/sites\/olivierpere\/2011\/03\/15\/la-petite-chambre-sacre-meilleur-film-suisse-de-lannee\/","og_site_name":"Olivier P\u00e8re","article_published_time":"2011-03-15T09:30:13+00:00","article_modified_time":"2020-03-27T12:34:07+00:00","author":"Olivier P\u00e8re","twitter_misc":{"\u00c9crit par":"Olivier P\u00e8re","Dur\u00e9e de lecture estim\u00e9e":"3 minutes"},"schema":{"@context":"https:\/\/schema.org","@graph":[{"@type":"WebPage","@id":"https:\/\/www.arte.tv\/sites\/olivierpere\/2011\/03\/15\/la-petite-chambre-sacre-meilleur-film-suisse-de-lannee\/","url":"https:\/\/www.arte.tv\/sites\/olivierpere\/2011\/03\/15\/la-petite-chambre-sacre-meilleur-film-suisse-de-lannee\/","name":"La Petite Chambre sacr\u00e9 meilleur film suisse de l\u2019ann\u00e9e - Olivier P\u00e8re","isPartOf":{"@id":"https:\/\/www.arte.tv\/sites\/olivierpere\/#website"},"datePublished":"2011-03-15T09:30:13+00:00","dateModified":"2020-03-27T12:34:07+00:00","author":{"@id":"https:\/\/www.arte.tv\/sites\/olivierpere\/#\/schema\/person\/dc32cd6c79be95e52d43b97a74182558"},"breadcrumb":{"@id":"https:\/\/www.arte.tv\/sites\/olivierpere\/2011\/03\/15\/la-petite-chambre-sacre-meilleur-film-suisse-de-lannee\/#breadcrumb"},"inLanguage":"fr-FR","potentialAction":[{"@type":"ReadAction","target":["https:\/\/www.arte.tv\/sites\/olivierpere\/2011\/03\/15\/la-petite-chambre-sacre-meilleur-film-suisse-de-lannee\/"]}]},{"@type":"BreadcrumbList","@id":"https:\/\/www.arte.tv\/sites\/olivierpere\/2011\/03\/15\/la-petite-chambre-sacre-meilleur-film-suisse-de-lannee\/#breadcrumb","itemListElement":[{"@type":"ListItem","position":1,"name":"Home","item":"https:\/\/www.arte.tv\/sites\/olivierpere\/"},{"@type":"ListItem","position":2,"name":"La Petite Chambre sacr\u00e9 meilleur film suisse de l\u2019ann\u00e9e"}]},{"@type":"WebSite","@id":"https:\/\/www.arte.tv\/sites\/olivierpere\/#website","url":"https:\/\/www.arte.tv\/sites\/olivierpere\/","name":"Olivier P\u00e8re","description":"","potentialAction":[{"@type":"SearchAction","target":{"@type":"EntryPoint","urlTemplate":"https:\/\/www.arte.tv\/sites\/olivierpere\/?s={search_term_string}"},"query-input":"required name=search_term_string"}],"inLanguage":"fr-FR"},{"@type":"Person","@id":"https:\/\/www.arte.tv\/sites\/olivierpere\/#\/schema\/person\/dc32cd6c79be95e52d43b97a74182558","name":"Olivier P\u00e8re","image":{"@type":"ImageObject","inLanguage":"fr-FR","@id":"https:\/\/www.arte.tv\/sites\/olivierpere\/#\/schema\/person\/image\/","url":"https:\/\/secure.gravatar.com\/avatar\/bdea7b6a2c195e2c41772429a9694758?s=96&d=mm&r=g","contentUrl":"https:\/\/secure.gravatar.com\/avatar\/bdea7b6a2c195e2c41772429a9694758?s=96&d=mm&r=g","caption":"Olivier P\u00e8re"},"url":"https:\/\/www.arte.tv\/sites\/olivierpere\/author\/pereolivier\/"}]}},"_links":{"self":[{"href":"https:\/\/www.arte.tv\/sites\/olivierpere\/wp-json\/wp\/v2\/posts\/519"}],"collection":[{"href":"https:\/\/www.arte.tv\/sites\/olivierpere\/wp-json\/wp\/v2\/posts"}],"about":[{"href":"https:\/\/www.arte.tv\/sites\/olivierpere\/wp-json\/wp\/v2\/types\/post"}],"author":[{"embeddable":true,"href":"https:\/\/www.arte.tv\/sites\/olivierpere\/wp-json\/wp\/v2\/users\/116"}],"replies":[{"embeddable":true,"href":"https:\/\/www.arte.tv\/sites\/olivierpere\/wp-json\/wp\/v2\/comments?post=519"}],"version-history":[{"count":3,"href":"https:\/\/www.arte.tv\/sites\/olivierpere\/wp-json\/wp\/v2\/posts\/519\/revisions"}],"predecessor-version":[{"id":24495,"href":"https:\/\/www.arte.tv\/sites\/olivierpere\/wp-json\/wp\/v2\/posts\/519\/revisions\/24495"}],"wp:attachment":[{"href":"https:\/\/www.arte.tv\/sites\/olivierpere\/wp-json\/wp\/v2\/media?parent=519"}],"wp:term":[{"taxonomy":"category","embeddable":true,"href":"https:\/\/www.arte.tv\/sites\/olivierpere\/wp-json\/wp\/v2\/categories?post=519"},{"taxonomy":"post_tag","embeddable":true,"href":"https:\/\/www.arte.tv\/sites\/olivierpere\/wp-json\/wp\/v2\/tags?post=519"}],"curies":[{"name":"wp","href":"https:\/\/api.w.org\/{rel}","templated":true}]}}