{"id":4808,"date":"2011-12-18T08:00:50","date_gmt":"2011-12-18T07:00:50","guid":{"rendered":"http:\/\/olivierpere.wordpress.com\/?p=4808"},"modified":"2015-07-13T21:17:44","modified_gmt":"2015-07-13T20:17:44","slug":"la-poursuite-infernale-de-john-ford","status":"publish","type":"post","link":"https:\/\/www.arte.tv\/sites\/olivierpere\/2011\/12\/18\/la-poursuite-infernale-de-john-ford\/","title":{"rendered":"La Poursuite infernale de John Ford"},"content":{"rendered":"<p><span style=\"font-family: arial;font-size: 10pt\">Nouvel \u00e9pisode du feuilleton John Ford avec l\u2019un de ses meilleurs films. Il y en aura d\u2019autres, dans un ordre chronologique approximatif et lacunaire. Nous sommes loin d\u2019avoir tout vu du plus grand cin\u00e9aste de l\u2019histoire du cin\u00e9ma, m\u00eame s\u2019il est peut-\u00eatre, sans doute, notre cin\u00e9aste pr\u00e9f\u00e9r\u00e9, le plus \u00e9mouvant, le plus , le plus po\u00e9tique. Apr\u00e8s <em>La Charge h\u00e9ro\u00efque<\/em> (r\u00e9alis\u00e9 en 1949) voici un autre western (r\u00e9alis\u00e9 en 1946) qui peut aussi pr\u00e9tendre au titre fran\u00e7ais le plus \u00e0 c\u00f4t\u00e9 de la plaque de la longue filmographie fordienne.<em><br \/>\n<\/em><\/span><\/p>\n<div id=\"attachment_4810\" style=\"width: 264px\" class=\"wp-caption alignright\"><a href=\"http:\/\/olivierpere.wordpress.com\/2011\/12\/18\/la-poursuite-infernale-de-john-ford\/henry-fonda-dans-la-poursuite-infernale\/\" rel=\"attachment wp-att-4810\"><img aria-describedby=\"caption-attachment-4810\" decoding=\"async\" loading=\"lazy\" class=\"size-medium wp-image-4810\" title=\"Henry Fonda dans La Poursuite infernale (1946)\" src=\"https:\/\/www.arte.tv\/sites\/olivierpere\/files\/2011\/12\/henry-fonda-dans-la-poursuite-infernale.jpg?w=254\" alt=\"Henry Fonda dans La Poursuite infernale (1946)\" width=\"254\" height=\"300\" \/><\/a><p id=\"caption-attachment-4810\" class=\"wp-caption-text\">Henry Fonda dans <em>La Poursuite infernale<\/em> (1946)<\/p><\/div>\n<p><span style=\"font-family: arial;font-size: 10pt\"><em>La Poursuite infernale<\/em> (soit <em>My Darling Clementine<\/em>, le titre original est tellement plus beau et juste) existe dans deux montages diff\u00e9rents, disponibles en DVD. Il y a quelques ann\u00e9es fut d\u00e9couverte la premi\u00e8re version du film, tel qu\u2019il fut mont\u00e9 avant son exploitation commerciale. Plus longue de cinq minutes, cette version correspondait davantage \u00e0 la volont\u00e9 de John Ford, qui dut proc\u00e9der \u00e0 quelques retouches \u00e0 la demande de la Twentieth Century Fox. Ces modifications sont minimes et seuls les fordiens patent\u00e9s pourront appr\u00e9cier les diff\u00e9rences entre les deux versions. Par exemple, au tout dernier plan du montage de Ford, Henry Fonda (Wyatt Earp) serre la main de Cathy Downs (sa Clementine ch\u00e9rie) \u2013 ce geste en forme de litote exprime davantage la flamme de Earp pour sa dulcin\u00e9e qu\u2019une fougueuse \u00e9treinte \u2013 tandis que les producteurs exig\u00e8rent une fin plus conventionnelle o\u00f9 les deux amoureux d\u2019embrassent avant de se quitter.<br \/>\n<\/span><\/p>\n<div id=\"attachment_4811\" style=\"width: 310px\" class=\"wp-caption alignleft\"><a href=\"http:\/\/olivierpere.wordpress.com\/2011\/12\/18\/la-poursuite-infernale-de-john-ford\/la-poursuite-infernale\/\" rel=\"attachment wp-att-4811\"><img aria-describedby=\"caption-attachment-4811\" decoding=\"async\" loading=\"lazy\" class=\"size-medium wp-image-4811\" title=\"La Poursuite infernale (1946)\" src=\"https:\/\/www.arte.tv\/sites\/olivierpere\/files\/2011\/12\/la-poursuite-infernale.jpg?w=300\" alt=\"La Poursuite infernale (1946)\" width=\"300\" height=\"225\" srcset=\"https:\/\/www.arte.tv\/sites\/olivierpere\/files\/2011\/12\/la-poursuite-infernale.jpg 1600w, https:\/\/www.arte.tv\/sites\/olivierpere\/files\/2011\/12\/la-poursuite-infernale-371x280.jpg 371w, https:\/\/www.arte.tv\/sites\/olivierpere\/files\/2011\/12\/la-poursuite-infernale-1019x768.jpg 1019w, https:\/\/www.arte.tv\/sites\/olivierpere\/files\/2011\/12\/la-poursuite-infernale-580x436.jpg 580w\" sizes=\"(max-width: 300px) 100vw, 300px\" \/><\/a><p id=\"caption-attachment-4811\" class=\"wp-caption-text\"><em>La Poursuite infernale<\/em> (1946)<\/p><\/div>\n<p><span style=\"font-family: arial;font-size: 10pt\">Mais on a le droit d\u2019ignorer ce d\u00e9bat cin\u00e9philique \u2013 pourtant passionnant\u00a0 \u2013 et admirer l\u2019un des plus sublimes westerns de l\u2019histoire du cin\u00e9ma et un sommet de l\u2019art fordien. Lorsque Ford met en sc\u00e8ne <em>My Darling Clementine<\/em>, sur le combat du sh\u00e9rif Wyatt Earp et ses fr\u00e8res contre des \u00e9leveurs de b\u00e9tail assassins du cadet de la famille, cet \u00e9pisode v\u00e9ridique de l\u2019Histoire de l\u2019Ouest appartient depuis longtemps \u00e0 la mythologie des \u00c9tats-Unis et a d\u00e9j\u00e0 \u00e9t\u00e9 adapt\u00e9 plusieurs fois au cin\u00e9ma (il le sera encore apr\u00e8s le film de Ford.) John Ford avait lui-m\u00eame rencontr\u00e9 Wyatt Earp dans sa jeunesse et il pr\u00e9tendit avoir reconstitu\u00e9 le fameux r\u00e8glement de comptes \u00e0 O.K. Corral tel qu\u2019il s\u2019\u00e9tait r\u00e9ellement d\u00e9roul\u00e9. Vrai ou faux, on s\u2019en fiche, puisque le film touche au g\u00e9nie.<\/span><\/p>\n<div id=\"attachment_4812\" style=\"width: 310px\" class=\"wp-caption alignright\"><a href=\"http:\/\/olivierpere.wordpress.com\/2011\/12\/18\/la-poursuite-infernale-de-john-ford\/victor-mature-dans-la-poursuite-infernale\/\" rel=\"attachment wp-att-4812\"><img aria-describedby=\"caption-attachment-4812\" decoding=\"async\" loading=\"lazy\" class=\"size-medium wp-image-4812\" title=\"Victor Mature dans La Poursuite infernale (1946)\" src=\"https:\/\/www.arte.tv\/sites\/olivierpere\/files\/2011\/12\/victor-mature-dans-la-poursuite-infernale.jpg?w=300\" alt=\"Victor Mature dans La Poursuite infernale (1946)\" width=\"300\" height=\"216\" srcset=\"https:\/\/www.arte.tv\/sites\/olivierpere\/files\/2011\/12\/victor-mature-dans-la-poursuite-infernale.jpg 1600w, https:\/\/www.arte.tv\/sites\/olivierpere\/files\/2011\/12\/victor-mature-dans-la-poursuite-infernale-388x280.jpg 388w, https:\/\/www.arte.tv\/sites\/olivierpere\/files\/2011\/12\/victor-mature-dans-la-poursuite-infernale-1024x737.jpg 1024w, https:\/\/www.arte.tv\/sites\/olivierpere\/files\/2011\/12\/victor-mature-dans-la-poursuite-infernale-580x417.jpg 580w\" sizes=\"(max-width: 300px) 100vw, 300px\" \/><\/a><p id=\"caption-attachment-4812\" class=\"wp-caption-text\">Victor Mature dans <em>La Poursuite infernale<\/em> (1946)<\/p><\/div>\n<p><span style=\"font-family: arial;font-size: 10pt\">On admire sans r\u00e9serve la construction digressive du r\u00e9cit, qui multiplie les sc\u00e8nes annexes pour mieux laisser \u00e9clater la violence et la trag\u00e9die, la fausse nonchalance du rythme, la photographie cr\u00e9pusculaire. Les acteurs (Henry Fonda, Victor Mature inoubliable dans le r\u00f4le de Doc Hollyday, la sensuelle Linda Darnell) sont tous magnifiques et expriment \u00e0 la perfection la complexit\u00e9 des sentiments des personnages qu\u2019ils interpr\u00e8tent. Un chef-d\u2019\u0153uvre.<\/span><\/p>\n","protected":false},"excerpt":{"rendered":"<p>Nouvel \u00e9pisode du feuilleton John Ford avec l\u2019un de ses meilleurs films. Il y en aura d\u2019autres, dans un ordre\u2026<\/p>\n","protected":false},"author":116,"featured_media":4811,"comment_status":"open","ping_status":"open","sticky":false,"template":"","format":"standard","meta":[],"categories":[9],"tags":[],"yoast_head":"<!-- This site is optimized with the Yoast SEO plugin v20.8 - https:\/\/yoast.com\/wordpress\/plugins\/seo\/ -->\n<title>La Poursuite infernale de John Ford - Olivier P\u00e8re<\/title>\n<meta name=\"robots\" content=\"index, follow, max-snippet:-1, max-image-preview:large, max-video-preview:-1\" \/>\n<link rel=\"canonical\" href=\"https:\/\/www.arte.tv\/sites\/olivierpere\/2011\/12\/18\/la-poursuite-infernale-de-john-ford\/\" \/>\n<meta property=\"og:locale\" content=\"fr_FR\" \/>\n<meta property=\"og:type\" content=\"article\" \/>\n<meta property=\"og:title\" content=\"La Poursuite infernale de John Ford - Olivier P\u00e8re\" \/>\n<meta property=\"og:description\" content=\"Nouvel \u00e9pisode du feuilleton John Ford avec l\u2019un de ses meilleurs films. Il y en aura d\u2019autres, dans un ordre\u2026\" \/>\n<meta property=\"og:url\" content=\"https:\/\/www.arte.tv\/sites\/olivierpere\/2011\/12\/18\/la-poursuite-infernale-de-john-ford\/\" \/>\n<meta property=\"og:site_name\" content=\"Olivier P\u00e8re\" \/>\n<meta property=\"article:published_time\" content=\"2011-12-18T07:00:50+00:00\" \/>\n<meta property=\"article:modified_time\" content=\"2015-07-13T20:17:44+00:00\" \/>\n<meta property=\"og:image\" content=\"https:\/\/www.arte.tv\/sites\/olivierpere\/files\/2011\/12\/la-poursuite-infernale.jpg\" \/>\n\t<meta property=\"og:image:width\" content=\"1600\" \/>\n\t<meta property=\"og:image:height\" content=\"1205\" \/>\n\t<meta property=\"og:image:type\" content=\"image\/jpeg\" \/>\n<meta name=\"author\" content=\"Olivier P\u00e8re\" \/>\n<meta name=\"twitter:label1\" content=\"\u00c9crit par\" \/>\n\t<meta name=\"twitter:data1\" content=\"Olivier P\u00e8re\" \/>\n\t<meta name=\"twitter:label2\" content=\"Dur\u00e9e de lecture estim\u00e9e\" \/>\n\t<meta name=\"twitter:data2\" content=\"3 minutes\" \/>\n<script type=\"application\/ld+json\" class=\"yoast-schema-graph\">{\"@context\":\"https:\/\/schema.org\",\"@graph\":[{\"@type\":\"WebPage\",\"@id\":\"https:\/\/www.arte.tv\/sites\/olivierpere\/2011\/12\/18\/la-poursuite-infernale-de-john-ford\/\",\"url\":\"https:\/\/www.arte.tv\/sites\/olivierpere\/2011\/12\/18\/la-poursuite-infernale-de-john-ford\/\",\"name\":\"La Poursuite infernale de John Ford - Olivier P\u00e8re\",\"isPartOf\":{\"@id\":\"https:\/\/www.arte.tv\/sites\/olivierpere\/#website\"},\"datePublished\":\"2011-12-18T07:00:50+00:00\",\"dateModified\":\"2015-07-13T20:17:44+00:00\",\"author\":{\"@id\":\"https:\/\/www.arte.tv\/sites\/olivierpere\/#\/schema\/person\/dc32cd6c79be95e52d43b97a74182558\"},\"breadcrumb\":{\"@id\":\"https:\/\/www.arte.tv\/sites\/olivierpere\/2011\/12\/18\/la-poursuite-infernale-de-john-ford\/#breadcrumb\"},\"inLanguage\":\"fr-FR\",\"potentialAction\":[{\"@type\":\"ReadAction\",\"target\":[\"https:\/\/www.arte.tv\/sites\/olivierpere\/2011\/12\/18\/la-poursuite-infernale-de-john-ford\/\"]}]},{\"@type\":\"BreadcrumbList\",\"@id\":\"https:\/\/www.arte.tv\/sites\/olivierpere\/2011\/12\/18\/la-poursuite-infernale-de-john-ford\/#breadcrumb\",\"itemListElement\":[{\"@type\":\"ListItem\",\"position\":1,\"name\":\"Home\",\"item\":\"https:\/\/www.arte.tv\/sites\/olivierpere\/\"},{\"@type\":\"ListItem\",\"position\":2,\"name\":\"La Poursuite infernale de John Ford\"}]},{\"@type\":\"WebSite\",\"@id\":\"https:\/\/www.arte.tv\/sites\/olivierpere\/#website\",\"url\":\"https:\/\/www.arte.tv\/sites\/olivierpere\/\",\"name\":\"Olivier P\u00e8re\",\"description\":\"\",\"potentialAction\":[{\"@type\":\"SearchAction\",\"target\":{\"@type\":\"EntryPoint\",\"urlTemplate\":\"https:\/\/www.arte.tv\/sites\/olivierpere\/?s={search_term_string}\"},\"query-input\":\"required name=search_term_string\"}],\"inLanguage\":\"fr-FR\"},{\"@type\":\"Person\",\"@id\":\"https:\/\/www.arte.tv\/sites\/olivierpere\/#\/schema\/person\/dc32cd6c79be95e52d43b97a74182558\",\"name\":\"Olivier P\u00e8re\",\"image\":{\"@type\":\"ImageObject\",\"inLanguage\":\"fr-FR\",\"@id\":\"https:\/\/www.arte.tv\/sites\/olivierpere\/#\/schema\/person\/image\/\",\"url\":\"https:\/\/secure.gravatar.com\/avatar\/bdea7b6a2c195e2c41772429a9694758?s=96&d=mm&r=g\",\"contentUrl\":\"https:\/\/secure.gravatar.com\/avatar\/bdea7b6a2c195e2c41772429a9694758?s=96&d=mm&r=g\",\"caption\":\"Olivier P\u00e8re\"},\"url\":\"https:\/\/www.arte.tv\/sites\/olivierpere\/author\/pereolivier\/\"}]}<\/script>\n<!-- \/ Yoast SEO plugin. -->","yoast_head_json":{"title":"La Poursuite infernale de John Ford - Olivier P\u00e8re","robots":{"index":"index","follow":"follow","max-snippet":"max-snippet:-1","max-image-preview":"max-image-preview:large","max-video-preview":"max-video-preview:-1"},"canonical":"https:\/\/www.arte.tv\/sites\/olivierpere\/2011\/12\/18\/la-poursuite-infernale-de-john-ford\/","og_locale":"fr_FR","og_type":"article","og_title":"La Poursuite infernale de John Ford - Olivier P\u00e8re","og_description":"Nouvel \u00e9pisode du feuilleton John Ford avec l\u2019un de ses meilleurs films. Il y en aura d\u2019autres, dans un ordre\u2026","og_url":"https:\/\/www.arte.tv\/sites\/olivierpere\/2011\/12\/18\/la-poursuite-infernale-de-john-ford\/","og_site_name":"Olivier P\u00e8re","article_published_time":"2011-12-18T07:00:50+00:00","article_modified_time":"2015-07-13T20:17:44+00:00","og_image":[{"width":"1600","height":"1205","url":"https:\/\/www.arte.tv\/sites\/olivierpere\/files\/2011\/12\/la-poursuite-infernale.jpg","type":"image\/jpeg"}],"author":"Olivier P\u00e8re","twitter_misc":{"\u00c9crit par":"Olivier P\u00e8re","Dur\u00e9e de lecture estim\u00e9e":"3 minutes"},"schema":{"@context":"https:\/\/schema.org","@graph":[{"@type":"WebPage","@id":"https:\/\/www.arte.tv\/sites\/olivierpere\/2011\/12\/18\/la-poursuite-infernale-de-john-ford\/","url":"https:\/\/www.arte.tv\/sites\/olivierpere\/2011\/12\/18\/la-poursuite-infernale-de-john-ford\/","name":"La Poursuite infernale de John Ford - Olivier P\u00e8re","isPartOf":{"@id":"https:\/\/www.arte.tv\/sites\/olivierpere\/#website"},"datePublished":"2011-12-18T07:00:50+00:00","dateModified":"2015-07-13T20:17:44+00:00","author":{"@id":"https:\/\/www.arte.tv\/sites\/olivierpere\/#\/schema\/person\/dc32cd6c79be95e52d43b97a74182558"},"breadcrumb":{"@id":"https:\/\/www.arte.tv\/sites\/olivierpere\/2011\/12\/18\/la-poursuite-infernale-de-john-ford\/#breadcrumb"},"inLanguage":"fr-FR","potentialAction":[{"@type":"ReadAction","target":["https:\/\/www.arte.tv\/sites\/olivierpere\/2011\/12\/18\/la-poursuite-infernale-de-john-ford\/"]}]},{"@type":"BreadcrumbList","@id":"https:\/\/www.arte.tv\/sites\/olivierpere\/2011\/12\/18\/la-poursuite-infernale-de-john-ford\/#breadcrumb","itemListElement":[{"@type":"ListItem","position":1,"name":"Home","item":"https:\/\/www.arte.tv\/sites\/olivierpere\/"},{"@type":"ListItem","position":2,"name":"La Poursuite infernale de John Ford"}]},{"@type":"WebSite","@id":"https:\/\/www.arte.tv\/sites\/olivierpere\/#website","url":"https:\/\/www.arte.tv\/sites\/olivierpere\/","name":"Olivier P\u00e8re","description":"","potentialAction":[{"@type":"SearchAction","target":{"@type":"EntryPoint","urlTemplate":"https:\/\/www.arte.tv\/sites\/olivierpere\/?s={search_term_string}"},"query-input":"required name=search_term_string"}],"inLanguage":"fr-FR"},{"@type":"Person","@id":"https:\/\/www.arte.tv\/sites\/olivierpere\/#\/schema\/person\/dc32cd6c79be95e52d43b97a74182558","name":"Olivier P\u00e8re","image":{"@type":"ImageObject","inLanguage":"fr-FR","@id":"https:\/\/www.arte.tv\/sites\/olivierpere\/#\/schema\/person\/image\/","url":"https:\/\/secure.gravatar.com\/avatar\/bdea7b6a2c195e2c41772429a9694758?s=96&d=mm&r=g","contentUrl":"https:\/\/secure.gravatar.com\/avatar\/bdea7b6a2c195e2c41772429a9694758?s=96&d=mm&r=g","caption":"Olivier P\u00e8re"},"url":"https:\/\/www.arte.tv\/sites\/olivierpere\/author\/pereolivier\/"}]}},"_links":{"self":[{"href":"https:\/\/www.arte.tv\/sites\/olivierpere\/wp-json\/wp\/v2\/posts\/4808"}],"collection":[{"href":"https:\/\/www.arte.tv\/sites\/olivierpere\/wp-json\/wp\/v2\/posts"}],"about":[{"href":"https:\/\/www.arte.tv\/sites\/olivierpere\/wp-json\/wp\/v2\/types\/post"}],"author":[{"embeddable":true,"href":"https:\/\/www.arte.tv\/sites\/olivierpere\/wp-json\/wp\/v2\/users\/116"}],"replies":[{"embeddable":true,"href":"https:\/\/www.arte.tv\/sites\/olivierpere\/wp-json\/wp\/v2\/comments?post=4808"}],"version-history":[{"count":1,"href":"https:\/\/www.arte.tv\/sites\/olivierpere\/wp-json\/wp\/v2\/posts\/4808\/revisions"}],"predecessor-version":[{"id":16348,"href":"https:\/\/www.arte.tv\/sites\/olivierpere\/wp-json\/wp\/v2\/posts\/4808\/revisions\/16348"}],"wp:featuredmedia":[{"embeddable":true,"href":"https:\/\/www.arte.tv\/sites\/olivierpere\/wp-json\/wp\/v2\/media\/4811"}],"wp:attachment":[{"href":"https:\/\/www.arte.tv\/sites\/olivierpere\/wp-json\/wp\/v2\/media?parent=4808"}],"wp:term":[{"taxonomy":"category","embeddable":true,"href":"https:\/\/www.arte.tv\/sites\/olivierpere\/wp-json\/wp\/v2\/categories?post=4808"},{"taxonomy":"post_tag","embeddable":true,"href":"https:\/\/www.arte.tv\/sites\/olivierpere\/wp-json\/wp\/v2\/tags?post=4808"}],"curies":[{"name":"wp","href":"https:\/\/api.w.org\/{rel}","templated":true}]}}