{"id":472,"date":"2011-03-10T10:30:45","date_gmt":"2011-03-10T09:30:45","guid":{"rendered":"http:\/\/olivierpere.wordpress.com\/?p=472"},"modified":"2017-06-07T23:41:56","modified_gmt":"2017-06-07T22:41:56","slug":"new-directorsnew-films","status":"publish","type":"post","link":"https:\/\/www.arte.tv\/sites\/olivierpere\/2011\/03\/10\/new-directorsnew-films\/","title":{"rendered":"New Directors\/New Films"},"content":{"rendered":"<p><span style=\"font-family: arial;font-size: 10pt\">A la Film Society of Lincoln Center encore, en collaboration avec le MoMA, du 23 mars au 4 avril, se tiendra la quaranti\u00e8me \u00e9dition du fameux festival New Directors\/New Films orchestr\u00e9e par Richard Pe\u00f1a. Ce festival d\u00e9di\u00e9 aux nouveaux auteurs du monde entier permet au public new yorkais de voir une sorte de best of de la saison cin\u00e9matographique, avec le meilleur de la jeune cr\u00e9ation contemporaine d\u00e9couvert dans les grands festivals internationaux, de Cannes \u00e0 Sundance en passant par Venise. Sur les 24 longs m\u00e9trages pr\u00e9sent\u00e9s cinq \u00e9taient issus des diff\u00e9rentes sections du Festival del film Locarno, et cela nous fait tr\u00e8s plaisir. New Directors\/New Films est une \u00e9tape importante dans la carri\u00e8re d\u2019un film, et garantit \u00e0 son jeune auteur une reconnaissance aupr\u00e8s de la presse et du public am\u00e9ricains. Bravo donc \u00e0 <em>Winter Vacation <\/em>(photo en t\u00eate de texte) la dr\u00f4le de com\u00e9die chinoise de Li Hongqi, L\u00e9opard d\u2019or 2010, \u00e0 <em>Curling<\/em> du qu\u00e9b\u00e9cois Denis C\u00f4t\u00e9, prix de la mise en sc\u00e8ne et de la meilleure interpr\u00e9tation masculine pour Daniel Bilodeau, \u00e0 <em>Periferic<\/em>, premier film du roumain Bogdan George Apetri, \u00e0 <em>Memory Lane<\/em>, premier long m\u00e9trage du tr\u00e8s talentueux cin\u00e9aste fran\u00e7ais Mikha\u00ebl Hers et enfin \u00e0 <em>Im Alter von Ellen<\/em> de Pia Marais. <em>Memory Lane<\/em> a \u00e9t\u00e9 distribu\u00e9 \u00e0 l\u2019automne 2010 par Ad Vitam, <em>Winter Vacation<\/em> vient de sortir en France, distribu\u00e9 par Capricci, les autres devraient sortir dans l\u2019ann\u00e9e. Cet \u00e9v\u00e9nement new yorkais nous offre l\u2019occasion de revenir sur le beau film de Pia Marais, reparti bredouille de la comp\u00e9tition internationale de Locarno.<br \/>\nLe cin\u00e9ma moderne est un art du portrait. Rossellini avec <em>Europa 51<\/em>, Antonioni avec <em>L\u2019avventura <\/em>et <em>Le D\u00e9sert rouge<\/em>, ont montr\u00e9 la voie d\u2019un cin\u00e9ma de l\u2019introspection et de l\u2019\u00e9tude psychologique, d\u2019un d\u00e9sir de fiction intimement li\u00e9 \u00e0 l\u2019id\u00e9e de crise et de fuite. <em>Im Alter von Ellen<\/em> est seulement le deuxi\u00e8me long m\u00e9trage de Pia Marais, jeune cin\u00e9aste allemande, mais c\u2019est un film si accompli, si ma\u00eetris\u00e9 qu\u2019il s\u2019impose d\u2019embl\u00e9e comme un des titres les plus importants de cette d\u00e9cennie naissante. Le cin\u00e9ma est aussi affaire de rencontres. Nul doute que celle qui s\u2019op\u00e8re devant nos yeux, entre une r\u00e9alisatrice qui sait ce qu\u2019elle d\u00e9sire et une actrice au sommet de son art (je veux parler de la grande actrice fran\u00e7aise Jeanne Balibar, g\u00e9niale dans son premier r\u00f4le en allemand), comptera bient\u00f4t parmi les plus essentielles du cin\u00e9ma contemporain.<br \/>\nJeanne Balibar interpr\u00e8te Ellen, une h\u00f4tesse de l\u2019air. Sa profession la conduit \u00e0 \u00eatre en perp\u00e9tuel mouvement, mais c\u2019est une voyageuse immobile, ali\u00e9n\u00e9e par une vie d\u00e9cevante et sans surprise. Lasse de son existence et de son insatisfaction sentimentale, elle d\u00e9cide de tout plaquer et d\u2019emprunter des chemins de traverse, au hasard des rencontres et des p\u00e9rip\u00e9ties. Le r\u00e9cit emprunte alors un mode al\u00e9atoire, sans jamais perdre de vue ce qui fait un grand film\u00a0: la beaut\u00e9 de celle qui regarde (Pia Marais) et celle qui est observ\u00e9e (Jeanne Balibar). Inutile de dire qu\u2019elle sont toutes les deux au sommet de leur art. C\u2019est suffisamment rare pour \u00eatre applaudi, et pour que l\u2019on puisse affirmer, dans un film qui ose les ruptures de tons et les accidents de parcours\u00a0: tout est gr\u00e2ce.<br \/>\nN\u2019oublions d\u2019autres films projet\u00e9s dans le cadre de New Directors\/New Films et qui comptent parmi les plus belles r\u00e9v\u00e9lations ou surprises de l\u2019ann\u00e9e derni\u00e8re\u00a0: la com\u00e9die <em>Copacabana<\/em> de Marc Fitoussi avec une Isabelle Huppert g\u00e9niale, donnant la r\u00e9plique \u00e0 la non moins formidable Lolita Chammah, sa fille \u00e0 la ville comme \u00e0 l\u2019\u00e9cran (Lolita Chammah joue aussi dans <em>Memory Lane<\/em>)\u00a0; <em>Belle Epine<\/em> de Rebecca Zlotowski avec L\u00e9a Seydoux, <em>Attenberg <\/em>d\u2019Athina Rachel Tsangari (Gr\u00e8ce), <em>Verano de Goliath<\/em> de Nicolas Pereda (Mexique). Isabelle Huppert, Jeanne Balibar, Lolita Chammah, L\u00e9a Seydoux\u2026 Je soup\u00e7onne Richard Pe\u00f1a d\u2019avoir un faible pour les actrices fran\u00e7aises belles et talentueuses\u2026<\/span><\/p>\n<p style=\"text-align: center\"><span style=\"font-family: arial;font-size: 10pt\"><a href=\"http:\/\/olivierpere.wordpress.com\/2011\/03\/10\/new-directorsnew-films\/im_alter_von_ellen_stills_a_100712_bild33\/\" rel=\"attachment wp-att-477\"><img decoding=\"async\" loading=\"lazy\" class=\"aligncenter size-medium wp-image-477\" title=\"Im Alter von Ellen de Pia Marais. \u00a9 Festival del film Locarno 2010\" src=\"https:\/\/www.arte.tv\/sites\/olivierpere\/files\/2011\/03\/im_alter_von_ellen_stills_a_100712_bild33.jpg?w=300\" alt=\"Im Alter von Ellen de Pia Marais. \" width=\"300\" height=\"168\" srcset=\"https:\/\/www.arte.tv\/sites\/olivierpere\/files\/2011\/03\/im_alter_von_ellen_stills_a_100712_bild33.jpg 1920w, https:\/\/www.arte.tv\/sites\/olivierpere\/files\/2011\/03\/im_alter_von_ellen_stills_a_100712_bild33-497x280.jpg 497w, https:\/\/www.arte.tv\/sites\/olivierpere\/files\/2011\/03\/im_alter_von_ellen_stills_a_100712_bild33-1024x576.jpg 1024w, https:\/\/www.arte.tv\/sites\/olivierpere\/files\/2011\/03\/im_alter_von_ellen_stills_a_100712_bild33-580x326.jpg 580w\" sizes=\"(max-width: 300px) 100vw, 300px\" \/><\/a><\/span><span style=\"font-family: arial;font-size: 10pt\"><em>Im Alter von Ellen<\/em> de Pia Marais.<\/span><br \/>\n<span style=\"font-family: arial;font-size: 10pt\">\u00a9 Festival del film Locarno 2010<\/span><\/p>\n","protected":false},"excerpt":{"rendered":"<p>A la Film Society of Lincoln Center encore, en collaboration avec le MoMA, du 23 mars au 4 avril, se\u2026<\/p>\n","protected":false},"author":116,"featured_media":10438,"comment_status":"open","ping_status":"open","sticky":false,"template":"","format":"standard","meta":[],"categories":[9],"tags":[],"yoast_head":"<!-- This site is optimized with the Yoast SEO plugin v20.8 - https:\/\/yoast.com\/wordpress\/plugins\/seo\/ -->\n<title>New Directors\/New Films - Olivier P\u00e8re<\/title>\n<meta name=\"robots\" content=\"index, follow, max-snippet:-1, max-image-preview:large, max-video-preview:-1\" \/>\n<link rel=\"canonical\" href=\"https:\/\/www.arte.tv\/sites\/olivierpere\/2011\/03\/10\/new-directorsnew-films\/\" \/>\n<meta property=\"og:locale\" content=\"fr_FR\" \/>\n<meta property=\"og:type\" content=\"article\" \/>\n<meta property=\"og:title\" content=\"New Directors\/New Films - Olivier P\u00e8re\" \/>\n<meta property=\"og:description\" content=\"A la Film Society of Lincoln Center encore, en collaboration avec le MoMA, du 23 mars au 4 avril, se\u2026\" \/>\n<meta property=\"og:url\" content=\"https:\/\/www.arte.tv\/sites\/olivierpere\/2011\/03\/10\/new-directorsnew-films\/\" \/>\n<meta property=\"og:site_name\" content=\"Olivier P\u00e8re\" \/>\n<meta property=\"article:published_time\" content=\"2011-03-10T09:30:45+00:00\" \/>\n<meta property=\"article:modified_time\" content=\"2017-06-07T22:41:56+00:00\" \/>\n<meta property=\"og:image\" content=\"https:\/\/www.arte.tv\/sites\/olivierpere\/files\/2011\/03\/winter-vacation-7.jpg\" \/>\n\t<meta property=\"og:image:width\" content=\"1280\" \/>\n\t<meta property=\"og:image:height\" content=\"720\" \/>\n\t<meta property=\"og:image:type\" content=\"image\/jpeg\" \/>\n<meta name=\"author\" content=\"Olivier P\u00e8re\" \/>\n<meta name=\"twitter:label1\" content=\"\u00c9crit par\" \/>\n\t<meta name=\"twitter:data1\" content=\"Olivier P\u00e8re\" \/>\n\t<meta name=\"twitter:label2\" content=\"Dur\u00e9e de lecture estim\u00e9e\" \/>\n\t<meta name=\"twitter:data2\" content=\"4 minutes\" \/>\n<script type=\"application\/ld+json\" class=\"yoast-schema-graph\">{\"@context\":\"https:\/\/schema.org\",\"@graph\":[{\"@type\":\"WebPage\",\"@id\":\"https:\/\/www.arte.tv\/sites\/olivierpere\/2011\/03\/10\/new-directorsnew-films\/\",\"url\":\"https:\/\/www.arte.tv\/sites\/olivierpere\/2011\/03\/10\/new-directorsnew-films\/\",\"name\":\"New Directors\/New Films - Olivier P\u00e8re\",\"isPartOf\":{\"@id\":\"https:\/\/www.arte.tv\/sites\/olivierpere\/#website\"},\"datePublished\":\"2011-03-10T09:30:45+00:00\",\"dateModified\":\"2017-06-07T22:41:56+00:00\",\"author\":{\"@id\":\"https:\/\/www.arte.tv\/sites\/olivierpere\/#\/schema\/person\/dc32cd6c79be95e52d43b97a74182558\"},\"breadcrumb\":{\"@id\":\"https:\/\/www.arte.tv\/sites\/olivierpere\/2011\/03\/10\/new-directorsnew-films\/#breadcrumb\"},\"inLanguage\":\"fr-FR\",\"potentialAction\":[{\"@type\":\"ReadAction\",\"target\":[\"https:\/\/www.arte.tv\/sites\/olivierpere\/2011\/03\/10\/new-directorsnew-films\/\"]}]},{\"@type\":\"BreadcrumbList\",\"@id\":\"https:\/\/www.arte.tv\/sites\/olivierpere\/2011\/03\/10\/new-directorsnew-films\/#breadcrumb\",\"itemListElement\":[{\"@type\":\"ListItem\",\"position\":1,\"name\":\"Home\",\"item\":\"https:\/\/www.arte.tv\/sites\/olivierpere\/\"},{\"@type\":\"ListItem\",\"position\":2,\"name\":\"New Directors\/New Films\"}]},{\"@type\":\"WebSite\",\"@id\":\"https:\/\/www.arte.tv\/sites\/olivierpere\/#website\",\"url\":\"https:\/\/www.arte.tv\/sites\/olivierpere\/\",\"name\":\"Olivier P\u00e8re\",\"description\":\"\",\"potentialAction\":[{\"@type\":\"SearchAction\",\"target\":{\"@type\":\"EntryPoint\",\"urlTemplate\":\"https:\/\/www.arte.tv\/sites\/olivierpere\/?s={search_term_string}\"},\"query-input\":\"required name=search_term_string\"}],\"inLanguage\":\"fr-FR\"},{\"@type\":\"Person\",\"@id\":\"https:\/\/www.arte.tv\/sites\/olivierpere\/#\/schema\/person\/dc32cd6c79be95e52d43b97a74182558\",\"name\":\"Olivier P\u00e8re\",\"image\":{\"@type\":\"ImageObject\",\"inLanguage\":\"fr-FR\",\"@id\":\"https:\/\/www.arte.tv\/sites\/olivierpere\/#\/schema\/person\/image\/\",\"url\":\"https:\/\/secure.gravatar.com\/avatar\/bdea7b6a2c195e2c41772429a9694758?s=96&d=mm&r=g\",\"contentUrl\":\"https:\/\/secure.gravatar.com\/avatar\/bdea7b6a2c195e2c41772429a9694758?s=96&d=mm&r=g\",\"caption\":\"Olivier P\u00e8re\"},\"url\":\"https:\/\/www.arte.tv\/sites\/olivierpere\/author\/pereolivier\/\"}]}<\/script>\n<!-- \/ Yoast SEO plugin. -->","yoast_head_json":{"title":"New Directors\/New Films - Olivier P\u00e8re","robots":{"index":"index","follow":"follow","max-snippet":"max-snippet:-1","max-image-preview":"max-image-preview:large","max-video-preview":"max-video-preview:-1"},"canonical":"https:\/\/www.arte.tv\/sites\/olivierpere\/2011\/03\/10\/new-directorsnew-films\/","og_locale":"fr_FR","og_type":"article","og_title":"New Directors\/New Films - Olivier P\u00e8re","og_description":"A la Film Society of Lincoln Center encore, en collaboration avec le MoMA, du 23 mars au 4 avril, se\u2026","og_url":"https:\/\/www.arte.tv\/sites\/olivierpere\/2011\/03\/10\/new-directorsnew-films\/","og_site_name":"Olivier P\u00e8re","article_published_time":"2011-03-10T09:30:45+00:00","article_modified_time":"2017-06-07T22:41:56+00:00","og_image":[{"width":1280,"height":720,"url":"https:\/\/www.arte.tv\/sites\/olivierpere\/files\/2011\/03\/winter-vacation-7.jpg","type":"image\/jpeg"}],"author":"Olivier P\u00e8re","twitter_misc":{"\u00c9crit par":"Olivier P\u00e8re","Dur\u00e9e de lecture estim\u00e9e":"4 minutes"},"schema":{"@context":"https:\/\/schema.org","@graph":[{"@type":"WebPage","@id":"https:\/\/www.arte.tv\/sites\/olivierpere\/2011\/03\/10\/new-directorsnew-films\/","url":"https:\/\/www.arte.tv\/sites\/olivierpere\/2011\/03\/10\/new-directorsnew-films\/","name":"New Directors\/New Films - Olivier P\u00e8re","isPartOf":{"@id":"https:\/\/www.arte.tv\/sites\/olivierpere\/#website"},"datePublished":"2011-03-10T09:30:45+00:00","dateModified":"2017-06-07T22:41:56+00:00","author":{"@id":"https:\/\/www.arte.tv\/sites\/olivierpere\/#\/schema\/person\/dc32cd6c79be95e52d43b97a74182558"},"breadcrumb":{"@id":"https:\/\/www.arte.tv\/sites\/olivierpere\/2011\/03\/10\/new-directorsnew-films\/#breadcrumb"},"inLanguage":"fr-FR","potentialAction":[{"@type":"ReadAction","target":["https:\/\/www.arte.tv\/sites\/olivierpere\/2011\/03\/10\/new-directorsnew-films\/"]}]},{"@type":"BreadcrumbList","@id":"https:\/\/www.arte.tv\/sites\/olivierpere\/2011\/03\/10\/new-directorsnew-films\/#breadcrumb","itemListElement":[{"@type":"ListItem","position":1,"name":"Home","item":"https:\/\/www.arte.tv\/sites\/olivierpere\/"},{"@type":"ListItem","position":2,"name":"New Directors\/New Films"}]},{"@type":"WebSite","@id":"https:\/\/www.arte.tv\/sites\/olivierpere\/#website","url":"https:\/\/www.arte.tv\/sites\/olivierpere\/","name":"Olivier P\u00e8re","description":"","potentialAction":[{"@type":"SearchAction","target":{"@type":"EntryPoint","urlTemplate":"https:\/\/www.arte.tv\/sites\/olivierpere\/?s={search_term_string}"},"query-input":"required name=search_term_string"}],"inLanguage":"fr-FR"},{"@type":"Person","@id":"https:\/\/www.arte.tv\/sites\/olivierpere\/#\/schema\/person\/dc32cd6c79be95e52d43b97a74182558","name":"Olivier P\u00e8re","image":{"@type":"ImageObject","inLanguage":"fr-FR","@id":"https:\/\/www.arte.tv\/sites\/olivierpere\/#\/schema\/person\/image\/","url":"https:\/\/secure.gravatar.com\/avatar\/bdea7b6a2c195e2c41772429a9694758?s=96&d=mm&r=g","contentUrl":"https:\/\/secure.gravatar.com\/avatar\/bdea7b6a2c195e2c41772429a9694758?s=96&d=mm&r=g","caption":"Olivier P\u00e8re"},"url":"https:\/\/www.arte.tv\/sites\/olivierpere\/author\/pereolivier\/"}]}},"_links":{"self":[{"href":"https:\/\/www.arte.tv\/sites\/olivierpere\/wp-json\/wp\/v2\/posts\/472"}],"collection":[{"href":"https:\/\/www.arte.tv\/sites\/olivierpere\/wp-json\/wp\/v2\/posts"}],"about":[{"href":"https:\/\/www.arte.tv\/sites\/olivierpere\/wp-json\/wp\/v2\/types\/post"}],"author":[{"embeddable":true,"href":"https:\/\/www.arte.tv\/sites\/olivierpere\/wp-json\/wp\/v2\/users\/116"}],"replies":[{"embeddable":true,"href":"https:\/\/www.arte.tv\/sites\/olivierpere\/wp-json\/wp\/v2\/comments?post=472"}],"version-history":[{"count":3,"href":"https:\/\/www.arte.tv\/sites\/olivierpere\/wp-json\/wp\/v2\/posts\/472\/revisions"}],"predecessor-version":[{"id":20825,"href":"https:\/\/www.arte.tv\/sites\/olivierpere\/wp-json\/wp\/v2\/posts\/472\/revisions\/20825"}],"wp:featuredmedia":[{"embeddable":true,"href":"https:\/\/www.arte.tv\/sites\/olivierpere\/wp-json\/wp\/v2\/media\/10438"}],"wp:attachment":[{"href":"https:\/\/www.arte.tv\/sites\/olivierpere\/wp-json\/wp\/v2\/media?parent=472"}],"wp:term":[{"taxonomy":"category","embeddable":true,"href":"https:\/\/www.arte.tv\/sites\/olivierpere\/wp-json\/wp\/v2\/categories?post=472"},{"taxonomy":"post_tag","embeddable":true,"href":"https:\/\/www.arte.tv\/sites\/olivierpere\/wp-json\/wp\/v2\/tags?post=472"}],"curies":[{"name":"wp","href":"https:\/\/api.w.org\/{rel}","templated":true}]}}