{"id":3142,"date":"2011-11-16T08:00:34","date_gmt":"2011-11-16T07:00:34","guid":{"rendered":"http:\/\/olivierpere.wordpress.com\/?p=3142"},"modified":"2020-03-26T09:21:57","modified_gmt":"2020-03-26T08:21:57","slug":"cocteau-et-le-cinema-desordres-de-philippe-azoury-et-jean-marc-lalanne","status":"publish","type":"post","link":"https:\/\/www.arte.tv\/sites\/olivierpere\/2011\/11\/16\/cocteau-et-le-cinema-desordres-de-philippe-azoury-et-jean-marc-lalanne\/","title":{"rendered":"Cocteau et le cin\u00e9ma \u2013 D\u00e9sordres de Philippe Azoury et Jean-Marc Lalanne"},"content":{"rendered":"<p><span style=\"font-family: arial;font-size: 10pt\">Dans une librairie je tombe par hasard sur ce livre que j\u2019ach\u00e8te et lis aussit\u00f4t. \u00ab\u00a0Cocteau et le cin\u00e9ma \u2013 D\u00e9sordres\u00a0\u00bb publi\u00e9 aux Editions des Cahiers du cin\u00e9ma, avec le Centre Georges Pompidou, \u00e0 l\u2019occasion de la r\u00e9trospective Cocteau en 2003. Les deux auteurs, Philippe Azoury et Jean-Marc Lalanne ont \u00e9galement publi\u00e9 ensemble un essai sur Fant\u00f4mas et, s\u00e9par\u00e9ment, des \u00e9tudes sur Gus Van Sant (Lalanne, aux Editions des Cahiers du cin\u00e9ma) et Werner Schroeter (Azoury, chez Capricci) qui font r\u00e9f\u00e9rence. Le livre est magnifique, s\u2019y m\u00ealent empathie lyrique pour l\u2019homme et l\u2019artiste et de subtiles et d\u00e9taill\u00e9es analyses de l\u2019\u0153uvre, film par film, avec aussi une mise en perspective de Cocteau avec tout un pan du cin\u00e9ma moderne et contemporain qu\u2019il continue de nourrir de son influence, de Carax \u00e0 Carpenter.<br \/>\n<\/span><\/p>\n<p><span style=\"font-family: arial;font-size: 10pt\">C&rsquo;est une exception fran\u00e7aise. Bon nombre de nos grands cin\u00e9astes (pour ne pas dire les plus grands) sont aussi &#8211; et avant tout &#8211; des \u00e9crivains : Sacha Guitry, Marcel Pagnol, Marguerite Duras et bien s\u00fbr Jean Cocteau, sans compter les incursions uniques et sublimes de Jean Genet et Andr\u00e9 Malraux derri\u00e8re la cam\u00e9ra. Touche-\u00e0-tout de g\u00e9nie, Jean Cocteau se caract\u00e9rise par son rapport joyeux et d\u00e9complex\u00e9 \u00e0 la mise en sc\u00e8ne de cin\u00e9ma, par son amour pour l&rsquo;artisanat et le travail d&rsquo;\u00e9quipe qui l&rsquo;\u00e9loignent et le gu\u00e9rissent des affres de l&rsquo;\u00e9criture et de la cr\u00e9ation solitaire. La diversit\u00e9 de son \u0153uvre cin\u00e9matographique succincte (cinq longs m\u00e9trages en trente ans) en dit long sur cette gourmandise frustr\u00e9e d&rsquo;explorer toutes les possibilit\u00e9s d&rsquo;un art encore jeune, d&rsquo;un territoire \u00e9tranger. Par son enthousiasme, sa na\u00efvet\u00e9 mais aussi son ignorance de la technique, Jean Cocteau donne \u00e0 chacun de ses films l&rsquo;impression d&rsquo;inventer le cin\u00e9ma. C&rsquo;est un amateur amoureux. Les trucages astucieux du <em>Sang d&rsquo;un po\u00e8te<\/em>, les proc\u00e9d\u00e9s filmiques de <em>La Belle et la B\u00eate<\/em> (Josette Day plac\u00e9e sur une planche \u00e0 roulettes glisse en direction de la cam\u00e9ra, dans une subtile inversion du mouvement du plan) t\u00e9moignent de la libert\u00e9 et de l&rsquo;inventivit\u00e9 sans borne de Cocteau, qui renoue avec M\u00e9li\u00e8s et les origines foraines du cin\u00e9matographe. <em>Le Sang d&rsquo;un po\u00e8te <\/em>(1930), essai subjectif, intime et onirique, propose une plong\u00e9e dans les phantasmes de l&rsquo;\u00e9crivain. <em><br \/>\nLa Belle et la B\u00eate<\/em> (1945, photo en t\u00eate de texte), au contraire, illustre une page de l&rsquo;inconscient collectif. C&rsquo;est sans doute le chef-d&rsquo;\u0153uvre de l&rsquo;auteur, qui revisite l&rsquo;univers merveilleux des contes de f\u00e9es et donne \u00e0 ses obsessions (les miroirs, les statues, les amours interdites) une port\u00e9e universelle. <em>L&rsquo;Aigle \u00e0 deux t\u00eates<\/em> (1947) s&rsquo;oppose au film pr\u00e9c\u00e9dent en d\u00e9graissant un m\u00e9lodrame th\u00e9\u00e2tral de ses \u00e9l\u00e9ments d\u00e9coratifs. <em>Les Parents terribles<\/em> (1948) constitue une le\u00e7on exemplaire de th\u00e9\u00e2tre film\u00e9 o\u00f9 Cocteau utilise une sc\u00e9nographie claustrophobe et diversifie la place du spectateur. Nombreux sont les admirateurs de l&rsquo;artiste qui trouvent la po\u00e9sie d&rsquo;<em>Orph\u00e9e<\/em> (1949) un peu trop fabriqu\u00e9e, m\u00eame si l&rsquo;influence de cette modernisation du mythe traverse aujourd&rsquo;hui encore certains films de Lynch ou Cronenberg. <em>Le Testament d&rsquo;Orph\u00e9e<\/em> (1960) est le dernier film de Jean Cocteau, qui conclut son \u0153uvre cin\u00e9matographique comme elle avait commenc\u00e9, par un essai affranchi de la narration classique, qui emprunte aux m\u00e9canismes du r\u00eave et \u00e0 l&rsquo;\u00e9criture po\u00e9tique sans jamais renier le r\u00e9alisme ontologique du cin\u00e9matographe.<\/span> [slideshow]<span style=\"font-family: arial;font-size: 10pt\">Cocteau interpr\u00e8te le r\u00f4le du po\u00e8te qui \u00e9volue au gr\u00e9 des rencontres parmi les th\u00e8mes et les figures mythologiques (Orph\u00e9e et \u0152dipe) qui le hant\u00e8rent toute sa vie. Le cin\u00e9aste cite \u00e9galement ses propres films et abuse de ses proc\u00e9d\u00e9s pr\u00e9f\u00e9r\u00e9s comme les images invers\u00e9es ou le ralenti puisque \u00ab\u00a0ce que l&rsquo;on te reproche, cultive-le. C&rsquo;est toi.\u00a0\u00bb Fran\u00e7ois Truffaut, gr\u00e2ce au succ\u00e8s commercial des <em>Quatre Cents Coups<\/em>, aida Cocteau \u00e0 financer ce film magnifique d\u00e9di\u00e9 \u00e0 la jeunesse et d&rsquo;une stup\u00e9fiante modernit\u00e9.<br \/>\nLes films auxquels Cocteau participa comme sc\u00e9nariste, dialoguistes ou adaptateurs sont g\u00e9n\u00e9ralement d&rsquo;une facture beaucoup moins novatrice, voire acad\u00e9miques, comme ceux de Jean Delannoy (<em>L\u2019Eternel Retour<\/em>) ou Pierre Billon (<em>Ruy Blas<\/em>). <em>Le Baron fant\u00f4me<\/em> de Serge de Poligny appartient au courant fantastique n\u00e9 sous l&rsquo;Occupation et <em>Les Enfants terribles<\/em> marque la rencontre conflictuelle mais r\u00e9ussie du po\u00e8te avec un autre franc-tireur, Jean-Pierre Melville. On retiendra surtout <em>Les Dames du bois de Boulogne<\/em> de Robert Bresson, librement adapt\u00e9 d&rsquo;un \u00e9pisode de \u00ab\u00a0Jacques le fataliste\u00a0\u00bb de Denis Diderot, trag\u00e9die moderne dont Cocteau \u00e9crivit les dialogues \u00e9l\u00e9gants et incisifs.<\/span><\/p>\n","protected":false},"excerpt":{"rendered":"<p>Dans une librairie je tombe par hasard sur ce livre que j\u2019ach\u00e8te et lis aussit\u00f4t. \u00ab\u00a0Cocteau et le cin\u00e9ma \u2013\u2026<\/p>\n","protected":false},"author":116,"featured_media":0,"comment_status":"open","ping_status":"open","sticky":false,"template":"","format":"standard","meta":[],"categories":[3],"tags":[],"yoast_head":"<!-- This site is optimized with the Yoast SEO plugin v20.8 - https:\/\/yoast.com\/wordpress\/plugins\/seo\/ -->\n<title>Cocteau et le cin\u00e9ma \u2013 D\u00e9sordres de Philippe Azoury et Jean-Marc Lalanne - Olivier P\u00e8re<\/title>\n<meta name=\"robots\" content=\"index, follow, max-snippet:-1, max-image-preview:large, max-video-preview:-1\" \/>\n<link rel=\"canonical\" href=\"https:\/\/www.arte.tv\/sites\/olivierpere\/2011\/11\/16\/cocteau-et-le-cinema-desordres-de-philippe-azoury-et-jean-marc-lalanne\/\" \/>\n<meta property=\"og:locale\" content=\"fr_FR\" \/>\n<meta property=\"og:type\" content=\"article\" \/>\n<meta property=\"og:title\" content=\"Cocteau et le cin\u00e9ma \u2013 D\u00e9sordres de Philippe Azoury et Jean-Marc Lalanne - Olivier P\u00e8re\" \/>\n<meta property=\"og:description\" content=\"Dans une librairie je tombe par hasard sur ce livre que j\u2019ach\u00e8te et lis aussit\u00f4t. \u00ab\u00a0Cocteau et le cin\u00e9ma \u2013\u2026\" \/>\n<meta property=\"og:url\" content=\"https:\/\/www.arte.tv\/sites\/olivierpere\/2011\/11\/16\/cocteau-et-le-cinema-desordres-de-philippe-azoury-et-jean-marc-lalanne\/\" \/>\n<meta property=\"og:site_name\" content=\"Olivier P\u00e8re\" \/>\n<meta property=\"article:published_time\" content=\"2011-11-16T07:00:34+00:00\" \/>\n<meta property=\"article:modified_time\" content=\"2020-03-26T08:21:57+00:00\" \/>\n<meta name=\"author\" content=\"Olivier P\u00e8re\" \/>\n<meta name=\"twitter:label1\" content=\"\u00c9crit par\" \/>\n\t<meta name=\"twitter:data1\" content=\"Olivier P\u00e8re\" \/>\n\t<meta name=\"twitter:label2\" content=\"Dur\u00e9e de lecture estim\u00e9e\" \/>\n\t<meta name=\"twitter:data2\" content=\"4 minutes\" \/>\n<script type=\"application\/ld+json\" class=\"yoast-schema-graph\">{\"@context\":\"https:\/\/schema.org\",\"@graph\":[{\"@type\":\"WebPage\",\"@id\":\"https:\/\/www.arte.tv\/sites\/olivierpere\/2011\/11\/16\/cocteau-et-le-cinema-desordres-de-philippe-azoury-et-jean-marc-lalanne\/\",\"url\":\"https:\/\/www.arte.tv\/sites\/olivierpere\/2011\/11\/16\/cocteau-et-le-cinema-desordres-de-philippe-azoury-et-jean-marc-lalanne\/\",\"name\":\"Cocteau et le cin\u00e9ma \u2013 D\u00e9sordres de Philippe Azoury et Jean-Marc Lalanne - Olivier P\u00e8re\",\"isPartOf\":{\"@id\":\"https:\/\/www.arte.tv\/sites\/olivierpere\/#website\"},\"datePublished\":\"2011-11-16T07:00:34+00:00\",\"dateModified\":\"2020-03-26T08:21:57+00:00\",\"author\":{\"@id\":\"https:\/\/www.arte.tv\/sites\/olivierpere\/#\/schema\/person\/dc32cd6c79be95e52d43b97a74182558\"},\"breadcrumb\":{\"@id\":\"https:\/\/www.arte.tv\/sites\/olivierpere\/2011\/11\/16\/cocteau-et-le-cinema-desordres-de-philippe-azoury-et-jean-marc-lalanne\/#breadcrumb\"},\"inLanguage\":\"fr-FR\",\"potentialAction\":[{\"@type\":\"ReadAction\",\"target\":[\"https:\/\/www.arte.tv\/sites\/olivierpere\/2011\/11\/16\/cocteau-et-le-cinema-desordres-de-philippe-azoury-et-jean-marc-lalanne\/\"]}]},{\"@type\":\"BreadcrumbList\",\"@id\":\"https:\/\/www.arte.tv\/sites\/olivierpere\/2011\/11\/16\/cocteau-et-le-cinema-desordres-de-philippe-azoury-et-jean-marc-lalanne\/#breadcrumb\",\"itemListElement\":[{\"@type\":\"ListItem\",\"position\":1,\"name\":\"Home\",\"item\":\"https:\/\/www.arte.tv\/sites\/olivierpere\/\"},{\"@type\":\"ListItem\",\"position\":2,\"name\":\"Cocteau et le cin\u00e9ma \u2013 D\u00e9sordres de Philippe Azoury et Jean-Marc Lalanne\"}]},{\"@type\":\"WebSite\",\"@id\":\"https:\/\/www.arte.tv\/sites\/olivierpere\/#website\",\"url\":\"https:\/\/www.arte.tv\/sites\/olivierpere\/\",\"name\":\"Olivier P\u00e8re\",\"description\":\"\",\"potentialAction\":[{\"@type\":\"SearchAction\",\"target\":{\"@type\":\"EntryPoint\",\"urlTemplate\":\"https:\/\/www.arte.tv\/sites\/olivierpere\/?s={search_term_string}\"},\"query-input\":\"required name=search_term_string\"}],\"inLanguage\":\"fr-FR\"},{\"@type\":\"Person\",\"@id\":\"https:\/\/www.arte.tv\/sites\/olivierpere\/#\/schema\/person\/dc32cd6c79be95e52d43b97a74182558\",\"name\":\"Olivier P\u00e8re\",\"image\":{\"@type\":\"ImageObject\",\"inLanguage\":\"fr-FR\",\"@id\":\"https:\/\/www.arte.tv\/sites\/olivierpere\/#\/schema\/person\/image\/\",\"url\":\"https:\/\/secure.gravatar.com\/avatar\/bdea7b6a2c195e2c41772429a9694758?s=96&d=mm&r=g\",\"contentUrl\":\"https:\/\/secure.gravatar.com\/avatar\/bdea7b6a2c195e2c41772429a9694758?s=96&d=mm&r=g\",\"caption\":\"Olivier P\u00e8re\"},\"url\":\"https:\/\/www.arte.tv\/sites\/olivierpere\/author\/pereolivier\/\"}]}<\/script>\n<!-- \/ Yoast SEO plugin. -->","yoast_head_json":{"title":"Cocteau et le cin\u00e9ma \u2013 D\u00e9sordres de Philippe Azoury et Jean-Marc Lalanne - Olivier P\u00e8re","robots":{"index":"index","follow":"follow","max-snippet":"max-snippet:-1","max-image-preview":"max-image-preview:large","max-video-preview":"max-video-preview:-1"},"canonical":"https:\/\/www.arte.tv\/sites\/olivierpere\/2011\/11\/16\/cocteau-et-le-cinema-desordres-de-philippe-azoury-et-jean-marc-lalanne\/","og_locale":"fr_FR","og_type":"article","og_title":"Cocteau et le cin\u00e9ma \u2013 D\u00e9sordres de Philippe Azoury et Jean-Marc Lalanne - Olivier P\u00e8re","og_description":"Dans une librairie je tombe par hasard sur ce livre que j\u2019ach\u00e8te et lis aussit\u00f4t. \u00ab\u00a0Cocteau et le cin\u00e9ma \u2013\u2026","og_url":"https:\/\/www.arte.tv\/sites\/olivierpere\/2011\/11\/16\/cocteau-et-le-cinema-desordres-de-philippe-azoury-et-jean-marc-lalanne\/","og_site_name":"Olivier P\u00e8re","article_published_time":"2011-11-16T07:00:34+00:00","article_modified_time":"2020-03-26T08:21:57+00:00","author":"Olivier P\u00e8re","twitter_misc":{"\u00c9crit par":"Olivier P\u00e8re","Dur\u00e9e de lecture estim\u00e9e":"4 minutes"},"schema":{"@context":"https:\/\/schema.org","@graph":[{"@type":"WebPage","@id":"https:\/\/www.arte.tv\/sites\/olivierpere\/2011\/11\/16\/cocteau-et-le-cinema-desordres-de-philippe-azoury-et-jean-marc-lalanne\/","url":"https:\/\/www.arte.tv\/sites\/olivierpere\/2011\/11\/16\/cocteau-et-le-cinema-desordres-de-philippe-azoury-et-jean-marc-lalanne\/","name":"Cocteau et le cin\u00e9ma \u2013 D\u00e9sordres de Philippe Azoury et Jean-Marc Lalanne - Olivier P\u00e8re","isPartOf":{"@id":"https:\/\/www.arte.tv\/sites\/olivierpere\/#website"},"datePublished":"2011-11-16T07:00:34+00:00","dateModified":"2020-03-26T08:21:57+00:00","author":{"@id":"https:\/\/www.arte.tv\/sites\/olivierpere\/#\/schema\/person\/dc32cd6c79be95e52d43b97a74182558"},"breadcrumb":{"@id":"https:\/\/www.arte.tv\/sites\/olivierpere\/2011\/11\/16\/cocteau-et-le-cinema-desordres-de-philippe-azoury-et-jean-marc-lalanne\/#breadcrumb"},"inLanguage":"fr-FR","potentialAction":[{"@type":"ReadAction","target":["https:\/\/www.arte.tv\/sites\/olivierpere\/2011\/11\/16\/cocteau-et-le-cinema-desordres-de-philippe-azoury-et-jean-marc-lalanne\/"]}]},{"@type":"BreadcrumbList","@id":"https:\/\/www.arte.tv\/sites\/olivierpere\/2011\/11\/16\/cocteau-et-le-cinema-desordres-de-philippe-azoury-et-jean-marc-lalanne\/#breadcrumb","itemListElement":[{"@type":"ListItem","position":1,"name":"Home","item":"https:\/\/www.arte.tv\/sites\/olivierpere\/"},{"@type":"ListItem","position":2,"name":"Cocteau et le cin\u00e9ma \u2013 D\u00e9sordres de Philippe Azoury et Jean-Marc Lalanne"}]},{"@type":"WebSite","@id":"https:\/\/www.arte.tv\/sites\/olivierpere\/#website","url":"https:\/\/www.arte.tv\/sites\/olivierpere\/","name":"Olivier P\u00e8re","description":"","potentialAction":[{"@type":"SearchAction","target":{"@type":"EntryPoint","urlTemplate":"https:\/\/www.arte.tv\/sites\/olivierpere\/?s={search_term_string}"},"query-input":"required name=search_term_string"}],"inLanguage":"fr-FR"},{"@type":"Person","@id":"https:\/\/www.arte.tv\/sites\/olivierpere\/#\/schema\/person\/dc32cd6c79be95e52d43b97a74182558","name":"Olivier P\u00e8re","image":{"@type":"ImageObject","inLanguage":"fr-FR","@id":"https:\/\/www.arte.tv\/sites\/olivierpere\/#\/schema\/person\/image\/","url":"https:\/\/secure.gravatar.com\/avatar\/bdea7b6a2c195e2c41772429a9694758?s=96&d=mm&r=g","contentUrl":"https:\/\/secure.gravatar.com\/avatar\/bdea7b6a2c195e2c41772429a9694758?s=96&d=mm&r=g","caption":"Olivier P\u00e8re"},"url":"https:\/\/www.arte.tv\/sites\/olivierpere\/author\/pereolivier\/"}]}},"_links":{"self":[{"href":"https:\/\/www.arte.tv\/sites\/olivierpere\/wp-json\/wp\/v2\/posts\/3142"}],"collection":[{"href":"https:\/\/www.arte.tv\/sites\/olivierpere\/wp-json\/wp\/v2\/posts"}],"about":[{"href":"https:\/\/www.arte.tv\/sites\/olivierpere\/wp-json\/wp\/v2\/types\/post"}],"author":[{"embeddable":true,"href":"https:\/\/www.arte.tv\/sites\/olivierpere\/wp-json\/wp\/v2\/users\/116"}],"replies":[{"embeddable":true,"href":"https:\/\/www.arte.tv\/sites\/olivierpere\/wp-json\/wp\/v2\/comments?post=3142"}],"version-history":[{"count":2,"href":"https:\/\/www.arte.tv\/sites\/olivierpere\/wp-json\/wp\/v2\/posts\/3142\/revisions"}],"predecessor-version":[{"id":24441,"href":"https:\/\/www.arte.tv\/sites\/olivierpere\/wp-json\/wp\/v2\/posts\/3142\/revisions\/24441"}],"wp:attachment":[{"href":"https:\/\/www.arte.tv\/sites\/olivierpere\/wp-json\/wp\/v2\/media?parent=3142"}],"wp:term":[{"taxonomy":"category","embeddable":true,"href":"https:\/\/www.arte.tv\/sites\/olivierpere\/wp-json\/wp\/v2\/categories?post=3142"},{"taxonomy":"post_tag","embeddable":true,"href":"https:\/\/www.arte.tv\/sites\/olivierpere\/wp-json\/wp\/v2\/tags?post=3142"}],"curies":[{"name":"wp","href":"https:\/\/api.w.org\/{rel}","templated":true}]}}