{"id":28599,"date":"2026-03-26T17:56:32","date_gmt":"2026-03-26T16:56:32","guid":{"rendered":"https:\/\/www.arte.tv\/sites\/olivierpere\/?p=28599"},"modified":"2026-04-28T17:57:19","modified_gmt":"2026-04-28T16:57:19","slug":"cycle-pedro-almodovar-sur-arte","status":"publish","type":"post","link":"https:\/\/www.arte.tv\/sites\/olivierpere\/2026\/03\/26\/cycle-pedro-almodovar-sur-arte\/","title":{"rendered":"Cycle Pedro Almod\u00f3var sur ARTE"},"content":{"rendered":"<p><strong>Alors que son nouveau film <em>Autofiction<\/em> est attendu en comp\u00e9tition au Festival de Cannes (sortie en salle le mercredi 20 mai), ARTE propose un cycle Pedro Almod\u00f3var sur son antenne et sa plateforme.<\/strong><\/p>\n<p><strong>\u00a0<\/strong><\/p>\n<p><strong><em>Douleur et Gloire<\/em><\/strong><\/p>\n<p><strong><em>Douleur et Gloire <\/em><\/strong><strong>(<\/strong><strong><em>Dolor y gloria<\/em><\/strong><strong>, 2019<\/strong><strong>) nous plonge<\/strong><strong> dans l\u2019intimit\u00e9 de Salvador Mallo, r\u00e9alisateur autrefois admir\u00e9, aujourd\u2019hui d\u00e9pressif. Il ne tourne plus \u00e0 cause des nombreuses douleurs physiques et psychiques qui l\u2019accablent. Une s\u00e9rie de retrouvailles et un flot de souvenirs vont lui permettre d\u2019approcher le sens de sa vie. Avec <em>Douleur et Gloire<\/em>, Almodovar signe son <em>Huit et demi<\/em>. Comme dans le chef-d\u2019\u0153uvre de Fellini, le cin\u00e9aste entreprend un voyage introspectif au c\u0153ur de son univers. Il se penche, sans complaisance, sur les affres de la cr\u00e9ation, ses relations privil\u00e9gi\u00e9es avec ses acteurs f\u00e9tiches, l\u2019importance de la m\u00e9moire et son attachement \u00e0 la figure maternelle, mais aussi sur ses addictions. En raison de son sujet, le film aurait pu \u00eatre sombre et tortur\u00e9. Il est au contraire ensoleill\u00e9 et doux, tendrement m\u00e9lancolique et nimb\u00e9 de couleurs vives. Antonio Banderas incarne magnifiquement l\u2019alter ego d\u2019Almodovar. Sa performance bouleversante lui a valu le prix d\u2019interpr\u00e9tation au Festival de Cannes.<\/strong><\/p>\n<p><strong>Diffusion sur ARTE le mercredi 6 mai \u00e0 21h<\/strong><\/p>\n<p><strong>\u00a0<\/strong><\/p>\n<p><strong>Sur Arte.tv du 1<sup>er<\/sup> mai au 31 juillet 2026<\/strong><\/p>\n<p><strong><em>Femmes au bord de la crise de nerfs<\/em><\/strong><\/p>\n<p><strong>C\u2019est avec <em>Femmes au bord de la crise de nerfs <\/em>(<em>Mujeres al borde de un ataque de nervios<\/em>), son neuvi\u00e8me long m\u00e9trage r\u00e9alis\u00e9 en 1988, que Pedro Almod\u00f3var connait enfin son premier grand succ\u00e8s international et un d\u00e9but de reconnaissance critique. Celui qui passait encore pour un trublion potache de la movida malgr\u00e9 la beaut\u00e9 de films comme <em>La Loi du d\u00e9sir<\/em> ou <em>Matador<\/em> acc\u00e8de d\u00e9finitivement au statut de v\u00e9ritable auteur, et de grand cin\u00e9aste, capable de transcender un mat\u00e9riau en apparence trivial \u2013 parodie de soap opera ou de telenovela emport\u00e9e par des interpr\u00e8tes survolt\u00e9es \u2013 par la virtuosit\u00e9 de sa mise en sc\u00e8ne, qui n\u2019a rien \u00e0 envier \u00e0 celle du De Palma du d\u00e9but des ann\u00e9es 80 ou du Fassbinder admirateur des m\u00e9lodrames de Douglas Sirk et Michael Curtiz.<\/strong><\/p>\n<p><strong>\u00a0<\/strong><\/p>\n<p><strong><em>Talons aiguilles<\/em><\/strong><\/p>\n<p><strong><em>Talons aiguilles<\/em><\/strong><strong>, (<em>Tacones lejanos<\/em>, 1991) est le premier film o\u00f9 Pedro Almod\u00f3var aborde de mani\u00e8re frontale les relations m\u00e8re-fille, m\u00e9lange de retrouvailles, de rivalit\u00e9 et d\u2019amour inconditionnel. Ce th\u00e8me reviendra de mani\u00e8re r\u00e9currente dans son cin\u00e9ma, d\u00e9di\u00e9 aux femmes et \u00e0 toutes les dimensions de la f\u00e9minit\u00e9. Marisa Paredes et Victoria Abril incarnent magnifiquement Becky, c\u00e9l\u00e8bre chanteuse pop des ann\u00e9es 60 et sa fille Rebecca, malheureuse entre son mari et son amant.<\/strong><\/p>\n<p><strong>Superbe m\u00e9lodrame sur fond d\u2019enqu\u00eate polici\u00e8re, <em>Talons aiguilles<\/em> est un hommage aux films hollywoodiens de Douglas Sirk et d\u2019Alfred Hitchcock. <\/strong><\/p>\n<p><strong>Avec cette histoire pleine de chansons, de larmes et de passion, Almod\u00f3var n\u2019abandonne pas l\u2019extravagance et les provocations des d\u00e9buts de sa carri\u00e8re. Ce m\u00e9lange de glamour, de trivialit\u00e9 et de trag\u00e9die fait tout le prix du cin\u00e9ma d\u2019Almod\u00f3var, qui propose sa propre relecture du cin\u00e9ma classique am\u00e9ricain et aussi des grands ma\u00eetres de la modernit\u00e9 europ\u00e9enne (Bu\u00f1uel, Bergman, Antonioni).<\/strong><\/p>\n<p><strong>Le film sera \u00e9galement diffus\u00e9 sur ARTE le lundi 18 mai \u00e0 21h<\/strong><\/p>\n<p><strong>\u00a0<\/strong><\/p>\n<p><strong><em>En chair et en os<\/em><\/strong><strong> (<em>Carne tr\u00e9mula<\/em>, 1997)<\/strong><\/p>\n<p><strong>Le film noir selon Almod\u00f3var, o\u00f9 il est bien s\u00fbr question de d\u00e9sir mais aussi de violences conjugales, de vengeance et de destins crois\u00e9s. Le cin\u00e9aste signe un film virtuose, offrant \u00e0 Javier Bardem l\u2019un de ses premiers r\u00f4les importants.<\/strong><\/p>\n<p><strong>\u00ab\u00a0Comme quasi tous mes films, <em>En chair et en os<\/em>\u00a0n&rsquo;est pas facile \u00e0 classer au niveau du genre. Je sais seulement qu&rsquo;il s&rsquo;agit du film le plus troublant que j&rsquo;ai fait jusqu&rsquo;\u00e0 ce jour et qui m&rsquo;a le plus troubl\u00e9. [\u2026]\u00a0<em>En chair et en os<\/em>\u00a0est un drame intense, baroque et sensuel (totalement ind\u00e9pendant de la nouvelle de Ruth Rendell qui en fut l&rsquo;inspiration) qui tient du thriller et de la trag\u00e9die classique. \u00bb (<\/strong><strong>Pedro Almod\u00f3var)<\/strong><\/p>\n<p><strong><em>\u00a0<\/em><\/strong><\/p>\n<p><strong><em>La Mauvaise \u00c9ducation<\/em><\/strong><\/p>\n<p><strong><em>La Mauvaise \u00c9ducation <\/em><\/strong><strong>(<em>La mala educaci\u00f3n<\/em>, 2004) est un film tr\u00e8s intime, qui se nourrit des souvenirs de Pedro Almod\u00f3var \u00e0 deux \u00e9poques charni\u00e8res de sa vie : le coll\u00e8ge catholique dans les ann\u00e9es 60 et les d\u00e9buts de la \u00ab movida \u00bb madril\u00e8ne en 1980. Le r\u00e9alisateur brasse plusieurs r\u00e9cits, une mise en abyme et diff\u00e9rentes temporalit\u00e9s avec une virtuosit\u00e9 folle. Il nous invite \u00e0 un voyage \u00e0 travers les souvenirs de deux amis marqu\u00e9s par un secret d\u2019enfance, \u00e0 une histoire de vampirisation dans les milieux du cin\u00e9ma. Almod\u00f3var r\u00e9veille les d\u00e9mons de l\u2019Espagne franquiste et affronte le tabou des abus sexuels dans le syst\u00e8me de l\u2019\u00e9ducation nationale-catholique de l\u2019\u00e9poque. La folie, les passions et les drames de ses personnages nourrissent ce m\u00e9lodrame sur les forces irrationnelles de l\u2019amour et de la s\u00e9duction. <em>La Mauvaise \u00c9ducation<\/em> a consacr\u00e9 l\u2019acteur mexicain Gael Garcia Bernal, sensationnel dans un triple r\u00f4le, aupr\u00e8s du public international.<\/strong><\/p>\n<p><strong>\u00a0<\/strong><\/p>\n<p><strong>\u00a0<\/strong><\/p>\n<p><strong><em>Volver<\/em><\/strong><\/p>\n<p><strong><em>Volver <\/em><\/strong><strong>est un film de la maturit\u00e9 pour Almod\u00f3var qui aborde une nouvelle fois les th\u00e8mes du deuil, de la mort, du mensonge ou du secret, et principalement des relations m\u00e8re fille, d\u00e9clin\u00e9es sur deux g\u00e9n\u00e9rations. Si le fond du film est tr\u00e8s sombre, parcouru par le spectre de l\u2019inceste et de la violence faite aux femmes, Almod\u00f3var opte pour une esth\u00e9tique solaire et situe <em>Volver <\/em>dans la province de la Mancha dont il est originaire. <em>Volver<\/em> est un retour aux sources, un hommage aux femmes de son enfance, et aux traditions de l\u2019Espagne populaire, avec les r\u00f4les primordiaux que jouent la musique, la f\u00eate ou la nourriture comme liens sociaux et familiaux \u2013 une part de l\u2019action de d\u00e9roule dans un petit restaurant de quartier. On aurait tort de r\u00e9duire l\u2019univers de Pedro Almod\u00f3var \u00e0 un folklore color\u00e9 et kitsch qui s\u2019enivre de sa fantaisie. Avec les ann\u00e9es le cin\u00e9aste s\u2019est d\u00e9tourn\u00e9 des provocations et des pastiches de ses d\u00e9buts pour d\u00e9montrer une virtuosit\u00e9 \u00e9tourdissante dans l\u2019art du r\u00e9cit. <em>Volver<\/em> parvient \u00e0 raconter plusieurs destins de femmes intimement m\u00eal\u00e9s, d\u00e9nouer diff\u00e9rentes intrigues avec des \u00e9l\u00e9ments emprunt\u00e9s au cin\u00e9ma criminel et fantastique \u2013 un cadavre \u00e0 faire dispara\u00eetre, un fant\u00f4me qui appara\u00eet \u2013 sans jamais avoir recours \u00e0 des facilit\u00e9s sc\u00e9naristiques ou des conventions comme le retour en arri\u00e8re ou la hors champ. Les dialogues parviennent \u00e0 exposer, nourrir et r\u00e9soudre les drames, tourments et incompr\u00e9hensions qui d\u00e9chirent les femmes d\u2019une m\u00eame famille, unies ou s\u00e9par\u00e9s par des actes odieux commis par des hommes. La mise en sc\u00e8ne de Pedro Almod\u00f3var est au diapason de la fluidit\u00e9 de son \u00e9criture. L\u2019interpr\u00e9tation sensuelle et \u00e9mouvante de Pen\u00e9lope Cruz et des actrices qui l\u2019entourent, toutes admirables, donne une incarnation exceptionnelle \u00e0 ce film qui s\u2019inscrit dans la plus belle tradition du m\u00e9lodrame et du \u00ab women\u2019s picture \u00bb hollywoodiens, en y apportant un style et une forme qui n\u2019appartiennent qu\u2019au cin\u00e9aste.<\/strong><\/p>\n<p><strong>Diffusion sur ARTE le mercredi 1<sup>er<\/sup> juillet \u00e0 21h<\/strong><\/p>\n<p><strong>\u00a0<\/strong><\/p>\n<p><strong>\u00a0<\/strong><\/p>\n<p><strong>\u00a0<\/strong><\/p>\n","protected":false},"excerpt":{"rendered":"<p>Alors que son nouveau film Autofiction est attendu en comp\u00e9tition au Festival de Cannes (sortie en salle le mercredi 20\u2026<\/p>\n","protected":false},"author":116,"featured_media":0,"comment_status":"open","ping_status":"open","sticky":false,"template":"","format":"standard","meta":[],"categories":[8],"tags":[],"yoast_head":"<!-- This site is optimized with the Yoast SEO plugin v20.8 - https:\/\/yoast.com\/wordpress\/plugins\/seo\/ -->\n<title>Cycle Pedro Almod\u00f3var sur ARTE - Olivier P\u00e8re<\/title>\n<meta name=\"robots\" content=\"index, follow, max-snippet:-1, max-image-preview:large, max-video-preview:-1\" \/>\n<link rel=\"canonical\" href=\"https:\/\/www.arte.tv\/sites\/olivierpere\/2026\/03\/26\/cycle-pedro-almodovar-sur-arte\/\" \/>\n<meta property=\"og:locale\" content=\"fr_FR\" \/>\n<meta property=\"og:type\" content=\"article\" \/>\n<meta property=\"og:title\" content=\"Cycle Pedro Almod\u00f3var sur ARTE - Olivier P\u00e8re\" \/>\n<meta property=\"og:description\" content=\"Alors que son nouveau film Autofiction est attendu en comp\u00e9tition au Festival de Cannes (sortie en salle le mercredi 20\u2026\" \/>\n<meta property=\"og:url\" content=\"https:\/\/www.arte.tv\/sites\/olivierpere\/2026\/03\/26\/cycle-pedro-almodovar-sur-arte\/\" \/>\n<meta property=\"og:site_name\" content=\"Olivier P\u00e8re\" \/>\n<meta property=\"article:published_time\" content=\"2026-03-26T16:56:32+00:00\" \/>\n<meta property=\"article:modified_time\" content=\"2026-04-28T16:57:19+00:00\" \/>\n<meta name=\"author\" content=\"Olivier P\u00e8re\" \/>\n<meta name=\"twitter:label1\" content=\"\u00c9crit par\" \/>\n\t<meta name=\"twitter:data1\" content=\"Olivier P\u00e8re\" \/>\n\t<meta name=\"twitter:label2\" content=\"Dur\u00e9e de lecture estim\u00e9e\" \/>\n\t<meta name=\"twitter:data2\" content=\"6 minutes\" \/>\n<script type=\"application\/ld+json\" class=\"yoast-schema-graph\">{\"@context\":\"https:\/\/schema.org\",\"@graph\":[{\"@type\":\"WebPage\",\"@id\":\"https:\/\/www.arte.tv\/sites\/olivierpere\/2026\/03\/26\/cycle-pedro-almodovar-sur-arte\/\",\"url\":\"https:\/\/www.arte.tv\/sites\/olivierpere\/2026\/03\/26\/cycle-pedro-almodovar-sur-arte\/\",\"name\":\"Cycle Pedro Almod\u00f3var sur ARTE - Olivier P\u00e8re\",\"isPartOf\":{\"@id\":\"https:\/\/www.arte.tv\/sites\/olivierpere\/#website\"},\"datePublished\":\"2026-03-26T16:56:32+00:00\",\"dateModified\":\"2026-04-28T16:57:19+00:00\",\"author\":{\"@id\":\"https:\/\/www.arte.tv\/sites\/olivierpere\/#\/schema\/person\/dc32cd6c79be95e52d43b97a74182558\"},\"breadcrumb\":{\"@id\":\"https:\/\/www.arte.tv\/sites\/olivierpere\/2026\/03\/26\/cycle-pedro-almodovar-sur-arte\/#breadcrumb\"},\"inLanguage\":\"fr-FR\",\"potentialAction\":[{\"@type\":\"ReadAction\",\"target\":[\"https:\/\/www.arte.tv\/sites\/olivierpere\/2026\/03\/26\/cycle-pedro-almodovar-sur-arte\/\"]}]},{\"@type\":\"BreadcrumbList\",\"@id\":\"https:\/\/www.arte.tv\/sites\/olivierpere\/2026\/03\/26\/cycle-pedro-almodovar-sur-arte\/#breadcrumb\",\"itemListElement\":[{\"@type\":\"ListItem\",\"position\":1,\"name\":\"Home\",\"item\":\"https:\/\/www.arte.tv\/sites\/olivierpere\/\"},{\"@type\":\"ListItem\",\"position\":2,\"name\":\"Cycle Pedro Almod\u00f3var sur ARTE\"}]},{\"@type\":\"WebSite\",\"@id\":\"https:\/\/www.arte.tv\/sites\/olivierpere\/#website\",\"url\":\"https:\/\/www.arte.tv\/sites\/olivierpere\/\",\"name\":\"Olivier P\u00e8re\",\"description\":\"\",\"potentialAction\":[{\"@type\":\"SearchAction\",\"target\":{\"@type\":\"EntryPoint\",\"urlTemplate\":\"https:\/\/www.arte.tv\/sites\/olivierpere\/?s={search_term_string}\"},\"query-input\":\"required name=search_term_string\"}],\"inLanguage\":\"fr-FR\"},{\"@type\":\"Person\",\"@id\":\"https:\/\/www.arte.tv\/sites\/olivierpere\/#\/schema\/person\/dc32cd6c79be95e52d43b97a74182558\",\"name\":\"Olivier P\u00e8re\",\"image\":{\"@type\":\"ImageObject\",\"inLanguage\":\"fr-FR\",\"@id\":\"https:\/\/www.arte.tv\/sites\/olivierpere\/#\/schema\/person\/image\/\",\"url\":\"https:\/\/secure.gravatar.com\/avatar\/bdea7b6a2c195e2c41772429a9694758?s=96&d=mm&r=g\",\"contentUrl\":\"https:\/\/secure.gravatar.com\/avatar\/bdea7b6a2c195e2c41772429a9694758?s=96&d=mm&r=g\",\"caption\":\"Olivier P\u00e8re\"},\"url\":\"https:\/\/www.arte.tv\/sites\/olivierpere\/author\/pereolivier\/\"}]}<\/script>\n<!-- \/ Yoast SEO plugin. -->","yoast_head_json":{"title":"Cycle Pedro Almod\u00f3var sur ARTE - Olivier P\u00e8re","robots":{"index":"index","follow":"follow","max-snippet":"max-snippet:-1","max-image-preview":"max-image-preview:large","max-video-preview":"max-video-preview:-1"},"canonical":"https:\/\/www.arte.tv\/sites\/olivierpere\/2026\/03\/26\/cycle-pedro-almodovar-sur-arte\/","og_locale":"fr_FR","og_type":"article","og_title":"Cycle Pedro Almod\u00f3var sur ARTE - Olivier P\u00e8re","og_description":"Alors que son nouveau film Autofiction est attendu en comp\u00e9tition au Festival de Cannes (sortie en salle le mercredi 20\u2026","og_url":"https:\/\/www.arte.tv\/sites\/olivierpere\/2026\/03\/26\/cycle-pedro-almodovar-sur-arte\/","og_site_name":"Olivier P\u00e8re","article_published_time":"2026-03-26T16:56:32+00:00","article_modified_time":"2026-04-28T16:57:19+00:00","author":"Olivier P\u00e8re","twitter_misc":{"\u00c9crit par":"Olivier P\u00e8re","Dur\u00e9e de lecture estim\u00e9e":"6 minutes"},"schema":{"@context":"https:\/\/schema.org","@graph":[{"@type":"WebPage","@id":"https:\/\/www.arte.tv\/sites\/olivierpere\/2026\/03\/26\/cycle-pedro-almodovar-sur-arte\/","url":"https:\/\/www.arte.tv\/sites\/olivierpere\/2026\/03\/26\/cycle-pedro-almodovar-sur-arte\/","name":"Cycle Pedro Almod\u00f3var sur ARTE - Olivier P\u00e8re","isPartOf":{"@id":"https:\/\/www.arte.tv\/sites\/olivierpere\/#website"},"datePublished":"2026-03-26T16:56:32+00:00","dateModified":"2026-04-28T16:57:19+00:00","author":{"@id":"https:\/\/www.arte.tv\/sites\/olivierpere\/#\/schema\/person\/dc32cd6c79be95e52d43b97a74182558"},"breadcrumb":{"@id":"https:\/\/www.arte.tv\/sites\/olivierpere\/2026\/03\/26\/cycle-pedro-almodovar-sur-arte\/#breadcrumb"},"inLanguage":"fr-FR","potentialAction":[{"@type":"ReadAction","target":["https:\/\/www.arte.tv\/sites\/olivierpere\/2026\/03\/26\/cycle-pedro-almodovar-sur-arte\/"]}]},{"@type":"BreadcrumbList","@id":"https:\/\/www.arte.tv\/sites\/olivierpere\/2026\/03\/26\/cycle-pedro-almodovar-sur-arte\/#breadcrumb","itemListElement":[{"@type":"ListItem","position":1,"name":"Home","item":"https:\/\/www.arte.tv\/sites\/olivierpere\/"},{"@type":"ListItem","position":2,"name":"Cycle Pedro Almod\u00f3var sur ARTE"}]},{"@type":"WebSite","@id":"https:\/\/www.arte.tv\/sites\/olivierpere\/#website","url":"https:\/\/www.arte.tv\/sites\/olivierpere\/","name":"Olivier P\u00e8re","description":"","potentialAction":[{"@type":"SearchAction","target":{"@type":"EntryPoint","urlTemplate":"https:\/\/www.arte.tv\/sites\/olivierpere\/?s={search_term_string}"},"query-input":"required name=search_term_string"}],"inLanguage":"fr-FR"},{"@type":"Person","@id":"https:\/\/www.arte.tv\/sites\/olivierpere\/#\/schema\/person\/dc32cd6c79be95e52d43b97a74182558","name":"Olivier P\u00e8re","image":{"@type":"ImageObject","inLanguage":"fr-FR","@id":"https:\/\/www.arte.tv\/sites\/olivierpere\/#\/schema\/person\/image\/","url":"https:\/\/secure.gravatar.com\/avatar\/bdea7b6a2c195e2c41772429a9694758?s=96&d=mm&r=g","contentUrl":"https:\/\/secure.gravatar.com\/avatar\/bdea7b6a2c195e2c41772429a9694758?s=96&d=mm&r=g","caption":"Olivier P\u00e8re"},"url":"https:\/\/www.arte.tv\/sites\/olivierpere\/author\/pereolivier\/"}]}},"_links":{"self":[{"href":"https:\/\/www.arte.tv\/sites\/olivierpere\/wp-json\/wp\/v2\/posts\/28599"}],"collection":[{"href":"https:\/\/www.arte.tv\/sites\/olivierpere\/wp-json\/wp\/v2\/posts"}],"about":[{"href":"https:\/\/www.arte.tv\/sites\/olivierpere\/wp-json\/wp\/v2\/types\/post"}],"author":[{"embeddable":true,"href":"https:\/\/www.arte.tv\/sites\/olivierpere\/wp-json\/wp\/v2\/users\/116"}],"replies":[{"embeddable":true,"href":"https:\/\/www.arte.tv\/sites\/olivierpere\/wp-json\/wp\/v2\/comments?post=28599"}],"version-history":[{"count":1,"href":"https:\/\/www.arte.tv\/sites\/olivierpere\/wp-json\/wp\/v2\/posts\/28599\/revisions"}],"predecessor-version":[{"id":28600,"href":"https:\/\/www.arte.tv\/sites\/olivierpere\/wp-json\/wp\/v2\/posts\/28599\/revisions\/28600"}],"wp:attachment":[{"href":"https:\/\/www.arte.tv\/sites\/olivierpere\/wp-json\/wp\/v2\/media?parent=28599"}],"wp:term":[{"taxonomy":"category","embeddable":true,"href":"https:\/\/www.arte.tv\/sites\/olivierpere\/wp-json\/wp\/v2\/categories?post=28599"},{"taxonomy":"post_tag","embeddable":true,"href":"https:\/\/www.arte.tv\/sites\/olivierpere\/wp-json\/wp\/v2\/tags?post=28599"}],"curies":[{"name":"wp","href":"https:\/\/api.w.org\/{rel}","templated":true}]}}