{"id":28514,"date":"2026-01-14T10:46:25","date_gmt":"2026-01-14T09:46:25","guid":{"rendered":"https:\/\/www.arte.tv\/sites\/olivierpere\/?p=28514"},"modified":"2026-02-04T10:47:39","modified_gmt":"2026-02-04T09:47:39","slug":"the-ugly-stepsister-de-emilie-blichfeldt","status":"publish","type":"post","link":"https:\/\/www.arte.tv\/sites\/olivierpere\/2026\/01\/14\/the-ugly-stepsister-de-emilie-blichfeldt\/","title":{"rendered":"The Ugly Stepsister de Emilie Blichfeldt"},"content":{"rendered":"<p><strong>C\u2019est un curieux film-sympt\u00f4me que cette <em>Ugly Stepsister<\/em> r\u00e9alis\u00e9e par la norv\u00e9gienne Emilie Blichfeldt en 2025, conte cruel et fantastique inspir\u00e9 du Cendrillon des fr\u00e8res Grimm plut\u00f4t que la version de Perrault. Curieux parce qu\u2019anti-hollywoodien et archa\u00efque par son esth\u00e9tisme, influenc\u00e9 par les films du tch\u00e8que Juraj Herz et du polonais Walerian Borowczyk, cin\u00e9astes antiquaires. Curieux mais aussi tr\u00e8s dans l\u2019air du temps, puisqu\u2019attach\u00e9 \u00e0 d\u00e9construire les st\u00e9r\u00e9otypes de genres qu\u2019on trouve dans les contes de f\u00e9es et leurs adaptations cin\u00e9matographiques. Ainsi, <em>The Ugly Stepsister<\/em> s\u2019inscrit dans la nouvelle tendance qui accorde aux monstres, m\u00e9chants et m\u00e9chantes des franchises et mythologies de la pop culture une seconde chance, en les r\u00e9habilitant et en les exposant \u00e0 la lumi\u00e8re du premier r\u00f4le : <em>Joker, Cruella, Harley Quinn, Frankenstein, Wicked<\/em>, etc. C\u2019est donc en toute logique progressiste et f\u00e9ministe que Emilie Blichfeldt, 35 ans, sort de l\u2019ombre \u00e0 l\u2019occasion de son premier long m\u00e9trage l\u2019une des deux d\u00e9testables belles-s\u0153urs de Cendrillon pour en faire l\u2019h\u00e9ro\u00efne de son film, et inspirer au public de l\u2019empathie pour elle. La jeune cin\u00e9aste explique qu\u2019elle a voulu traiter de \u00ab la dysmorphophobie corporelle et de la tyrannie de la beaut\u00e9, pour parler de ces douleurs qu\u2019on n\u2019exprime jamais en tant que femmes. \u00bb S\u2019ajoute \u00e0 cela une touche de \u00ab body horror \u00bb, courant du cin\u00e9ma fantastique lui aussi revisit\u00e9 par une nouvelle g\u00e9n\u00e9ration de r\u00e9alisatrices (Coralie Fargeat, Julia Ducournau, Sasha Rainbow\u2026). C\u2019est aussi un br\u00fblot anti-matriarcat, avec le personnage de la belle-m\u00e8re abusive et nymphomane. La misandrie s\u2019invite \u00e9galement dans la caract\u00e9risation des rares figures masculines, en particulier le prince, pas charmant du tout. Voici donc un film reflet de son \u00e9poque, se faisant l\u2019\u00e9cho de revendications f\u00e9ministes, avec beaucoup de style et de d\u00e9sir de cin\u00e9ma, ne craignant pas l\u2019exc\u00e8s (dans le kitsch, le trash), et port\u00e9 par une actrice assez g\u00e9niale, <\/strong><strong>Lea Myren.<\/strong><\/p>\n<p><strong>\u00a0<\/strong><\/p>\n<p><strong><em>The Ugly Stepsister <\/em><\/strong><strong>b\u00e9n\u00e9ficie d\u2019une tr\u00e8s belle \u00e9dition collector (combo UHD, BR), sous la forme d\u2019un livre ancien, propos\u00e9e par ESC.<\/strong><\/p>\n<p><img decoding=\"async\" loading=\"lazy\" class=\"alignnone size-full wp-image-28515\" src=\"https:\/\/www.arte.tv\/sites\/olivierpere\/files\/the-ugly-stepsister-combo-uhd-4k-bd-livret-edition-limitee.jpg\" alt=\"\" width=\"2500\" height=\"1717\" srcset=\"https:\/\/www.arte.tv\/sites\/olivierpere\/files\/the-ugly-stepsister-combo-uhd-4k-bd-livret-edition-limitee.jpg 2500w, https:\/\/www.arte.tv\/sites\/olivierpere\/files\/the-ugly-stepsister-combo-uhd-4k-bd-livret-edition-limitee-408x280.jpg 408w, https:\/\/www.arte.tv\/sites\/olivierpere\/files\/the-ugly-stepsister-combo-uhd-4k-bd-livret-edition-limitee-1024x703.jpg 1024w, https:\/\/www.arte.tv\/sites\/olivierpere\/files\/the-ugly-stepsister-combo-uhd-4k-bd-livret-edition-limitee-768x527.jpg 768w, https:\/\/www.arte.tv\/sites\/olivierpere\/files\/the-ugly-stepsister-combo-uhd-4k-bd-livret-edition-limitee-1536x1055.jpg 1536w, https:\/\/www.arte.tv\/sites\/olivierpere\/files\/the-ugly-stepsister-combo-uhd-4k-bd-livret-edition-limitee-2048x1407.jpg 2048w, https:\/\/www.arte.tv\/sites\/olivierpere\/files\/the-ugly-stepsister-combo-uhd-4k-bd-livret-edition-limitee-580x398.jpg 580w\" sizes=\"(max-width: 2500px) 100vw, 2500px\" \/><\/p>\n","protected":false},"excerpt":{"rendered":"<p>C\u2019est un curieux film-sympt\u00f4me que cette Ugly Stepsister r\u00e9alis\u00e9e par la norv\u00e9gienne Emilie Blichfeldt en 2025, conte cruel et fantastique\u2026<\/p>\n","protected":false},"author":116,"featured_media":0,"comment_status":"open","ping_status":"open","sticky":false,"template":"","format":"standard","meta":[],"categories":[9],"tags":[],"yoast_head":"<!-- This site is optimized with the Yoast SEO plugin v20.8 - https:\/\/yoast.com\/wordpress\/plugins\/seo\/ -->\n<title>The Ugly Stepsister de Emilie Blichfeldt - Olivier P\u00e8re<\/title>\n<meta name=\"robots\" content=\"index, follow, max-snippet:-1, max-image-preview:large, max-video-preview:-1\" \/>\n<link rel=\"canonical\" href=\"https:\/\/www.arte.tv\/sites\/olivierpere\/2026\/01\/14\/the-ugly-stepsister-de-emilie-blichfeldt\/\" \/>\n<meta property=\"og:locale\" content=\"fr_FR\" \/>\n<meta property=\"og:type\" content=\"article\" \/>\n<meta property=\"og:title\" content=\"The Ugly Stepsister de Emilie Blichfeldt - Olivier P\u00e8re\" \/>\n<meta property=\"og:description\" content=\"C\u2019est un curieux film-sympt\u00f4me que cette Ugly Stepsister r\u00e9alis\u00e9e par la norv\u00e9gienne Emilie Blichfeldt en 2025, conte cruel et fantastique\u2026\" \/>\n<meta property=\"og:url\" content=\"https:\/\/www.arte.tv\/sites\/olivierpere\/2026\/01\/14\/the-ugly-stepsister-de-emilie-blichfeldt\/\" \/>\n<meta property=\"og:site_name\" content=\"Olivier P\u00e8re\" \/>\n<meta property=\"article:published_time\" content=\"2026-01-14T09:46:25+00:00\" \/>\n<meta property=\"article:modified_time\" content=\"2026-02-04T09:47:39+00:00\" \/>\n<meta property=\"og:image\" content=\"https:\/\/www.arte.tv\/sites\/olivierpere\/files\/the-ugly-stepsister-combo-uhd-4k-bd-livret-edition-limitee.jpg\" \/>\n<meta name=\"author\" content=\"Olivier P\u00e8re\" \/>\n<meta name=\"twitter:label1\" content=\"\u00c9crit par\" \/>\n\t<meta name=\"twitter:data1\" content=\"Olivier P\u00e8re\" \/>\n\t<meta name=\"twitter:label2\" content=\"Dur\u00e9e de lecture estim\u00e9e\" \/>\n\t<meta name=\"twitter:data2\" content=\"2 minutes\" \/>\n<script type=\"application\/ld+json\" class=\"yoast-schema-graph\">{\"@context\":\"https:\/\/schema.org\",\"@graph\":[{\"@type\":\"WebPage\",\"@id\":\"https:\/\/www.arte.tv\/sites\/olivierpere\/2026\/01\/14\/the-ugly-stepsister-de-emilie-blichfeldt\/\",\"url\":\"https:\/\/www.arte.tv\/sites\/olivierpere\/2026\/01\/14\/the-ugly-stepsister-de-emilie-blichfeldt\/\",\"name\":\"The Ugly Stepsister de Emilie Blichfeldt - Olivier P\u00e8re\",\"isPartOf\":{\"@id\":\"https:\/\/www.arte.tv\/sites\/olivierpere\/#website\"},\"datePublished\":\"2026-01-14T09:46:25+00:00\",\"dateModified\":\"2026-02-04T09:47:39+00:00\",\"author\":{\"@id\":\"https:\/\/www.arte.tv\/sites\/olivierpere\/#\/schema\/person\/dc32cd6c79be95e52d43b97a74182558\"},\"breadcrumb\":{\"@id\":\"https:\/\/www.arte.tv\/sites\/olivierpere\/2026\/01\/14\/the-ugly-stepsister-de-emilie-blichfeldt\/#breadcrumb\"},\"inLanguage\":\"fr-FR\",\"potentialAction\":[{\"@type\":\"ReadAction\",\"target\":[\"https:\/\/www.arte.tv\/sites\/olivierpere\/2026\/01\/14\/the-ugly-stepsister-de-emilie-blichfeldt\/\"]}]},{\"@type\":\"BreadcrumbList\",\"@id\":\"https:\/\/www.arte.tv\/sites\/olivierpere\/2026\/01\/14\/the-ugly-stepsister-de-emilie-blichfeldt\/#breadcrumb\",\"itemListElement\":[{\"@type\":\"ListItem\",\"position\":1,\"name\":\"Home\",\"item\":\"https:\/\/www.arte.tv\/sites\/olivierpere\/\"},{\"@type\":\"ListItem\",\"position\":2,\"name\":\"The Ugly Stepsister de Emilie Blichfeldt\"}]},{\"@type\":\"WebSite\",\"@id\":\"https:\/\/www.arte.tv\/sites\/olivierpere\/#website\",\"url\":\"https:\/\/www.arte.tv\/sites\/olivierpere\/\",\"name\":\"Olivier P\u00e8re\",\"description\":\"\",\"potentialAction\":[{\"@type\":\"SearchAction\",\"target\":{\"@type\":\"EntryPoint\",\"urlTemplate\":\"https:\/\/www.arte.tv\/sites\/olivierpere\/?s={search_term_string}\"},\"query-input\":\"required name=search_term_string\"}],\"inLanguage\":\"fr-FR\"},{\"@type\":\"Person\",\"@id\":\"https:\/\/www.arte.tv\/sites\/olivierpere\/#\/schema\/person\/dc32cd6c79be95e52d43b97a74182558\",\"name\":\"Olivier P\u00e8re\",\"image\":{\"@type\":\"ImageObject\",\"inLanguage\":\"fr-FR\",\"@id\":\"https:\/\/www.arte.tv\/sites\/olivierpere\/#\/schema\/person\/image\/\",\"url\":\"https:\/\/secure.gravatar.com\/avatar\/bdea7b6a2c195e2c41772429a9694758?s=96&d=mm&r=g\",\"contentUrl\":\"https:\/\/secure.gravatar.com\/avatar\/bdea7b6a2c195e2c41772429a9694758?s=96&d=mm&r=g\",\"caption\":\"Olivier P\u00e8re\"},\"url\":\"https:\/\/www.arte.tv\/sites\/olivierpere\/author\/pereolivier\/\"}]}<\/script>\n<!-- \/ Yoast SEO plugin. -->","yoast_head_json":{"title":"The Ugly Stepsister de Emilie Blichfeldt - Olivier P\u00e8re","robots":{"index":"index","follow":"follow","max-snippet":"max-snippet:-1","max-image-preview":"max-image-preview:large","max-video-preview":"max-video-preview:-1"},"canonical":"https:\/\/www.arte.tv\/sites\/olivierpere\/2026\/01\/14\/the-ugly-stepsister-de-emilie-blichfeldt\/","og_locale":"fr_FR","og_type":"article","og_title":"The Ugly Stepsister de Emilie Blichfeldt - Olivier P\u00e8re","og_description":"C\u2019est un curieux film-sympt\u00f4me que cette Ugly Stepsister r\u00e9alis\u00e9e par la norv\u00e9gienne Emilie Blichfeldt en 2025, conte cruel et fantastique\u2026","og_url":"https:\/\/www.arte.tv\/sites\/olivierpere\/2026\/01\/14\/the-ugly-stepsister-de-emilie-blichfeldt\/","og_site_name":"Olivier P\u00e8re","article_published_time":"2026-01-14T09:46:25+00:00","article_modified_time":"2026-02-04T09:47:39+00:00","og_image":[{"url":"https:\/\/www.arte.tv\/sites\/olivierpere\/files\/the-ugly-stepsister-combo-uhd-4k-bd-livret-edition-limitee.jpg"}],"author":"Olivier P\u00e8re","twitter_misc":{"\u00c9crit par":"Olivier P\u00e8re","Dur\u00e9e de lecture estim\u00e9e":"2 minutes"},"schema":{"@context":"https:\/\/schema.org","@graph":[{"@type":"WebPage","@id":"https:\/\/www.arte.tv\/sites\/olivierpere\/2026\/01\/14\/the-ugly-stepsister-de-emilie-blichfeldt\/","url":"https:\/\/www.arte.tv\/sites\/olivierpere\/2026\/01\/14\/the-ugly-stepsister-de-emilie-blichfeldt\/","name":"The Ugly Stepsister de Emilie Blichfeldt - Olivier P\u00e8re","isPartOf":{"@id":"https:\/\/www.arte.tv\/sites\/olivierpere\/#website"},"datePublished":"2026-01-14T09:46:25+00:00","dateModified":"2026-02-04T09:47:39+00:00","author":{"@id":"https:\/\/www.arte.tv\/sites\/olivierpere\/#\/schema\/person\/dc32cd6c79be95e52d43b97a74182558"},"breadcrumb":{"@id":"https:\/\/www.arte.tv\/sites\/olivierpere\/2026\/01\/14\/the-ugly-stepsister-de-emilie-blichfeldt\/#breadcrumb"},"inLanguage":"fr-FR","potentialAction":[{"@type":"ReadAction","target":["https:\/\/www.arte.tv\/sites\/olivierpere\/2026\/01\/14\/the-ugly-stepsister-de-emilie-blichfeldt\/"]}]},{"@type":"BreadcrumbList","@id":"https:\/\/www.arte.tv\/sites\/olivierpere\/2026\/01\/14\/the-ugly-stepsister-de-emilie-blichfeldt\/#breadcrumb","itemListElement":[{"@type":"ListItem","position":1,"name":"Home","item":"https:\/\/www.arte.tv\/sites\/olivierpere\/"},{"@type":"ListItem","position":2,"name":"The Ugly Stepsister de Emilie Blichfeldt"}]},{"@type":"WebSite","@id":"https:\/\/www.arte.tv\/sites\/olivierpere\/#website","url":"https:\/\/www.arte.tv\/sites\/olivierpere\/","name":"Olivier P\u00e8re","description":"","potentialAction":[{"@type":"SearchAction","target":{"@type":"EntryPoint","urlTemplate":"https:\/\/www.arte.tv\/sites\/olivierpere\/?s={search_term_string}"},"query-input":"required name=search_term_string"}],"inLanguage":"fr-FR"},{"@type":"Person","@id":"https:\/\/www.arte.tv\/sites\/olivierpere\/#\/schema\/person\/dc32cd6c79be95e52d43b97a74182558","name":"Olivier P\u00e8re","image":{"@type":"ImageObject","inLanguage":"fr-FR","@id":"https:\/\/www.arte.tv\/sites\/olivierpere\/#\/schema\/person\/image\/","url":"https:\/\/secure.gravatar.com\/avatar\/bdea7b6a2c195e2c41772429a9694758?s=96&d=mm&r=g","contentUrl":"https:\/\/secure.gravatar.com\/avatar\/bdea7b6a2c195e2c41772429a9694758?s=96&d=mm&r=g","caption":"Olivier P\u00e8re"},"url":"https:\/\/www.arte.tv\/sites\/olivierpere\/author\/pereolivier\/"}]}},"_links":{"self":[{"href":"https:\/\/www.arte.tv\/sites\/olivierpere\/wp-json\/wp\/v2\/posts\/28514"}],"collection":[{"href":"https:\/\/www.arte.tv\/sites\/olivierpere\/wp-json\/wp\/v2\/posts"}],"about":[{"href":"https:\/\/www.arte.tv\/sites\/olivierpere\/wp-json\/wp\/v2\/types\/post"}],"author":[{"embeddable":true,"href":"https:\/\/www.arte.tv\/sites\/olivierpere\/wp-json\/wp\/v2\/users\/116"}],"replies":[{"embeddable":true,"href":"https:\/\/www.arte.tv\/sites\/olivierpere\/wp-json\/wp\/v2\/comments?post=28514"}],"version-history":[{"count":1,"href":"https:\/\/www.arte.tv\/sites\/olivierpere\/wp-json\/wp\/v2\/posts\/28514\/revisions"}],"predecessor-version":[{"id":28516,"href":"https:\/\/www.arte.tv\/sites\/olivierpere\/wp-json\/wp\/v2\/posts\/28514\/revisions\/28516"}],"wp:attachment":[{"href":"https:\/\/www.arte.tv\/sites\/olivierpere\/wp-json\/wp\/v2\/media?parent=28514"}],"wp:term":[{"taxonomy":"category","embeddable":true,"href":"https:\/\/www.arte.tv\/sites\/olivierpere\/wp-json\/wp\/v2\/categories?post=28514"},{"taxonomy":"post_tag","embeddable":true,"href":"https:\/\/www.arte.tv\/sites\/olivierpere\/wp-json\/wp\/v2\/tags?post=28514"}],"curies":[{"name":"wp","href":"https:\/\/api.w.org\/{rel}","templated":true}]}}