{"id":28491,"date":"2026-01-10T17:13:50","date_gmt":"2026-01-10T16:13:50","guid":{"rendered":"https:\/\/www.arte.tv\/sites\/olivierpere\/?p=28491"},"modified":"2026-01-18T09:57:14","modified_gmt":"2026-01-18T08:57:14","slug":"la-faille-de-peter-fleischmann","status":"publish","type":"post","link":"https:\/\/www.arte.tv\/sites\/olivierpere\/2026\/01\/10\/la-faille-de-peter-fleischmann\/","title":{"rendered":"La Faille de Peter Fleischmann"},"content":{"rendered":"<p><strong>Au cours des ann\u00e9es 70, Michel Piccoli participe, en tant qu\u2019acteur et parfois coproducteur, \u00e0 plusieurs films politiques, dans la mouvance des \u00ab fictions de gauche \u00bb incarn\u00e9e par Elio Petri en Italie (<em>Todo modo<\/em>), Yves Boisset, Jean-Louis Bertuccelli ou Francis Girod en France (<em>L\u2019Attentat<\/em>, <em>L\u2019Impr\u00e9cateur, L\u2019\u00c9tat sauvage<\/em>). Piccoli a toujours eu l\u2019intelligence de ne pas vouloir s\u2019attribuer le beau r\u00f4le, et interpr\u00e8te r\u00e9guli\u00e8rement dans ces films des valets du pouvoir, ou de figures de la r\u00e9pression polici\u00e8re. Dans ce regroupement de films aux ambitions politiques, <em>La Faille<\/em> (1975) de Peter Fleischmann requiert une attention particuli\u00e8re. Peter Fleischmann (1937-2021) \u00e9tait l\u2019un des principaux repr\u00e9sentants du nouveau cin\u00e9ma allemand apparu dans les ann\u00e9es 1960-70, remarqu\u00e9 sur le plan international gr\u00e2ce \u00e0 <em>Sc\u00e8nes de chasse en Bavi\u00e8re<\/em> (1969) dans lequel il auscultait le lynchage d\u2019un jeune m\u00e9canicien soup\u00e7onn\u00e9 d\u2019homosexualit\u00e9. Fleischmann \u00e9tait premier assistant r\u00e9alisateur sur le tournage de <em>La Voleuse <\/em>de Jean Chapot, o\u00f9 il rencontre Piccoli. <em>La Faille<\/em> est une coproduction europ\u00e9enne dont l\u2019action se d\u00e9roule dans une dictature fasciste, clairement identifiable comme la Gr\u00e8ce des colonels. Un modeste employ\u00e9 est arr\u00eat\u00e9 sur un malentendu, et interrog\u00e9 par un agent des forces sp\u00e9ciales qui le soup\u00e7onne de se livrer \u00e0 des activit\u00e9s subversives. Le film se r\u00e9sume \u00e0 un face-\u00e0-face psychologique entre un commissaire z\u00e9l\u00e9 (Piccoli) et un homme ordinaire victime d\u2019une injustice (Ugo Tognazzi), qui d\u00e9bute dans les bureaux de la police et se prolonge durant un d\u00e9placement en voiture \u00e0 travers le pays. La beaut\u00e9 des paysages ensoleill\u00e9s contraste avec la tension qui s\u2019installe entre les deux hommes, et la menace constante d\u2019une ex\u00e9cution sommaire. Le film de Fleischmann, cosc\u00e9naris\u00e9 par Jean-Claude Carri\u00e8re d\u2019apr\u00e8s un roman d\u2019Ant\u00f3nis Samar\u00e1kis,<\/strong> <strong>d\u00e9tonne dans la longue g\u00e9n\u00e9alogie des fictions politiques de l\u2019\u00e9poque, en raison de ses qualit\u00e9s d\u2019abstraction et du d\u00e9placement topographique d\u2019une enqu\u00eate kafka\u00efenne aux multiples coups de th\u00e9\u00e2tre dans la campagne m\u00e9diterran\u00e9enne. Ugo Tognazzi est remarquable dans un contre-emploi, tandis que son complice de <em>La Grande Bouffe<\/em> excelle \u00e0 distiller \u00e0 la fois de l\u2019inqui\u00e9tude et de la violence dans un personnage de fonctionnaire pris \u00e0 son propre pi\u00e8ge.<\/strong><\/p>\n<p><strong>\u00a0<\/strong><\/p>\n<p><strong><em>La Faille<\/em>, invisible depuis longtemps, a \u00e9t\u00e9 enfin \u00e9dit\u00e9 en combo DVD\/Blu-ray dans la collection \u00ab Make My Day ! \u00bb chez Studiocanal.<\/strong><\/p>\n<p><img decoding=\"async\" loading=\"lazy\" class=\"alignnone size-full wp-image-28492\" src=\"https:\/\/www.arte.tv\/sites\/olivierpere\/files\/mmd-90-la-faille-combo-dvd-bd.jpg\" alt=\"\" width=\"800\" height=\"800\" srcset=\"https:\/\/www.arte.tv\/sites\/olivierpere\/files\/mmd-90-la-faille-combo-dvd-bd.jpg 800w, https:\/\/www.arte.tv\/sites\/olivierpere\/files\/mmd-90-la-faille-combo-dvd-bd-280x280.jpg 280w, https:\/\/www.arte.tv\/sites\/olivierpere\/files\/mmd-90-la-faille-combo-dvd-bd-768x768.jpg 768w, https:\/\/www.arte.tv\/sites\/olivierpere\/files\/mmd-90-la-faille-combo-dvd-bd-150x150.jpg 150w, https:\/\/www.arte.tv\/sites\/olivierpere\/files\/mmd-90-la-faille-combo-dvd-bd-580x580.jpg 580w\" sizes=\"(max-width: 800px) 100vw, 800px\" \/><\/p>\n<p><strong>\u00a0<\/strong><\/p>\n<p><strong>Pour les Parisiens, il sera projet\u00e9 dimanche 18 janvier \u00e0 11h au Max Linder Panorama, dans le cadre du cin\u00e9-club \u00ab Caro Ennio \u00bb, car c&rsquo;est Ennio Morricone qui en a compos\u00e9 la musique.<\/strong><\/p>\n<p><img decoding=\"async\" loading=\"lazy\" class=\"alignnone size-full wp-image-28493\" src=\"https:\/\/www.arte.tv\/sites\/olivierpere\/files\/img_9639.jpg\" alt=\"\" width=\"1200\" height=\"628\" srcset=\"https:\/\/www.arte.tv\/sites\/olivierpere\/files\/img_9639.jpg 1200w, https:\/\/www.arte.tv\/sites\/olivierpere\/files\/img_9639-535x280.jpg 535w, https:\/\/www.arte.tv\/sites\/olivierpere\/files\/img_9639-1024x536.jpg 1024w, https:\/\/www.arte.tv\/sites\/olivierpere\/files\/img_9639-768x402.jpg 768w, https:\/\/www.arte.tv\/sites\/olivierpere\/files\/img_9639-580x304.jpg 580w\" sizes=\"(max-width: 1200px) 100vw, 1200px\" \/><\/p>\n<p><strong>\u00a0<\/strong><\/p>\n<p>&nbsp;<\/p>\n<p>&nbsp;<\/p>\n","protected":false},"excerpt":{"rendered":"<p>Au cours des ann\u00e9es 70, Michel Piccoli participe, en tant qu\u2019acteur et parfois coproducteur, \u00e0 plusieurs films politiques, dans la\u2026<\/p>\n","protected":false},"author":116,"featured_media":0,"comment_status":"open","ping_status":"open","sticky":false,"template":"","format":"standard","meta":[],"categories":[9],"tags":[],"yoast_head":"<!-- This site is optimized with the Yoast SEO plugin v20.8 - https:\/\/yoast.com\/wordpress\/plugins\/seo\/ -->\n<title>La Faille de Peter Fleischmann - Olivier P\u00e8re<\/title>\n<meta name=\"robots\" content=\"index, follow, max-snippet:-1, max-image-preview:large, max-video-preview:-1\" \/>\n<link rel=\"canonical\" href=\"https:\/\/www.arte.tv\/sites\/olivierpere\/2026\/01\/10\/la-faille-de-peter-fleischmann\/\" \/>\n<meta property=\"og:locale\" content=\"fr_FR\" \/>\n<meta property=\"og:type\" content=\"article\" \/>\n<meta property=\"og:title\" content=\"La Faille de Peter Fleischmann - Olivier P\u00e8re\" \/>\n<meta property=\"og:description\" content=\"Au cours des ann\u00e9es 70, Michel Piccoli participe, en tant qu\u2019acteur et parfois coproducteur, \u00e0 plusieurs films politiques, dans la\u2026\" \/>\n<meta property=\"og:url\" content=\"https:\/\/www.arte.tv\/sites\/olivierpere\/2026\/01\/10\/la-faille-de-peter-fleischmann\/\" \/>\n<meta property=\"og:site_name\" content=\"Olivier P\u00e8re\" \/>\n<meta property=\"article:published_time\" content=\"2026-01-10T16:13:50+00:00\" \/>\n<meta property=\"article:modified_time\" content=\"2026-01-18T08:57:14+00:00\" \/>\n<meta property=\"og:image\" content=\"https:\/\/www.arte.tv\/sites\/olivierpere\/files\/mmd-90-la-faille-combo-dvd-bd.jpg\" \/>\n<meta name=\"author\" content=\"Olivier P\u00e8re\" \/>\n<meta name=\"twitter:label1\" content=\"\u00c9crit par\" \/>\n\t<meta name=\"twitter:data1\" content=\"Olivier P\u00e8re\" \/>\n\t<meta name=\"twitter:label2\" content=\"Dur\u00e9e de lecture estim\u00e9e\" \/>\n\t<meta name=\"twitter:data2\" content=\"3 minutes\" \/>\n<script type=\"application\/ld+json\" class=\"yoast-schema-graph\">{\"@context\":\"https:\/\/schema.org\",\"@graph\":[{\"@type\":\"WebPage\",\"@id\":\"https:\/\/www.arte.tv\/sites\/olivierpere\/2026\/01\/10\/la-faille-de-peter-fleischmann\/\",\"url\":\"https:\/\/www.arte.tv\/sites\/olivierpere\/2026\/01\/10\/la-faille-de-peter-fleischmann\/\",\"name\":\"La Faille de Peter Fleischmann - Olivier P\u00e8re\",\"isPartOf\":{\"@id\":\"https:\/\/www.arte.tv\/sites\/olivierpere\/#website\"},\"datePublished\":\"2026-01-10T16:13:50+00:00\",\"dateModified\":\"2026-01-18T08:57:14+00:00\",\"author\":{\"@id\":\"https:\/\/www.arte.tv\/sites\/olivierpere\/#\/schema\/person\/dc32cd6c79be95e52d43b97a74182558\"},\"breadcrumb\":{\"@id\":\"https:\/\/www.arte.tv\/sites\/olivierpere\/2026\/01\/10\/la-faille-de-peter-fleischmann\/#breadcrumb\"},\"inLanguage\":\"fr-FR\",\"potentialAction\":[{\"@type\":\"ReadAction\",\"target\":[\"https:\/\/www.arte.tv\/sites\/olivierpere\/2026\/01\/10\/la-faille-de-peter-fleischmann\/\"]}]},{\"@type\":\"BreadcrumbList\",\"@id\":\"https:\/\/www.arte.tv\/sites\/olivierpere\/2026\/01\/10\/la-faille-de-peter-fleischmann\/#breadcrumb\",\"itemListElement\":[{\"@type\":\"ListItem\",\"position\":1,\"name\":\"Home\",\"item\":\"https:\/\/www.arte.tv\/sites\/olivierpere\/\"},{\"@type\":\"ListItem\",\"position\":2,\"name\":\"La Faille de Peter Fleischmann\"}]},{\"@type\":\"WebSite\",\"@id\":\"https:\/\/www.arte.tv\/sites\/olivierpere\/#website\",\"url\":\"https:\/\/www.arte.tv\/sites\/olivierpere\/\",\"name\":\"Olivier P\u00e8re\",\"description\":\"\",\"potentialAction\":[{\"@type\":\"SearchAction\",\"target\":{\"@type\":\"EntryPoint\",\"urlTemplate\":\"https:\/\/www.arte.tv\/sites\/olivierpere\/?s={search_term_string}\"},\"query-input\":\"required name=search_term_string\"}],\"inLanguage\":\"fr-FR\"},{\"@type\":\"Person\",\"@id\":\"https:\/\/www.arte.tv\/sites\/olivierpere\/#\/schema\/person\/dc32cd6c79be95e52d43b97a74182558\",\"name\":\"Olivier P\u00e8re\",\"image\":{\"@type\":\"ImageObject\",\"inLanguage\":\"fr-FR\",\"@id\":\"https:\/\/www.arte.tv\/sites\/olivierpere\/#\/schema\/person\/image\/\",\"url\":\"https:\/\/secure.gravatar.com\/avatar\/bdea7b6a2c195e2c41772429a9694758?s=96&d=mm&r=g\",\"contentUrl\":\"https:\/\/secure.gravatar.com\/avatar\/bdea7b6a2c195e2c41772429a9694758?s=96&d=mm&r=g\",\"caption\":\"Olivier P\u00e8re\"},\"url\":\"https:\/\/www.arte.tv\/sites\/olivierpere\/author\/pereolivier\/\"}]}<\/script>\n<!-- \/ Yoast SEO plugin. -->","yoast_head_json":{"title":"La Faille de Peter Fleischmann - Olivier P\u00e8re","robots":{"index":"index","follow":"follow","max-snippet":"max-snippet:-1","max-image-preview":"max-image-preview:large","max-video-preview":"max-video-preview:-1"},"canonical":"https:\/\/www.arte.tv\/sites\/olivierpere\/2026\/01\/10\/la-faille-de-peter-fleischmann\/","og_locale":"fr_FR","og_type":"article","og_title":"La Faille de Peter Fleischmann - Olivier P\u00e8re","og_description":"Au cours des ann\u00e9es 70, Michel Piccoli participe, en tant qu\u2019acteur et parfois coproducteur, \u00e0 plusieurs films politiques, dans la\u2026","og_url":"https:\/\/www.arte.tv\/sites\/olivierpere\/2026\/01\/10\/la-faille-de-peter-fleischmann\/","og_site_name":"Olivier P\u00e8re","article_published_time":"2026-01-10T16:13:50+00:00","article_modified_time":"2026-01-18T08:57:14+00:00","og_image":[{"url":"https:\/\/www.arte.tv\/sites\/olivierpere\/files\/mmd-90-la-faille-combo-dvd-bd.jpg"}],"author":"Olivier P\u00e8re","twitter_misc":{"\u00c9crit par":"Olivier P\u00e8re","Dur\u00e9e de lecture estim\u00e9e":"3 minutes"},"schema":{"@context":"https:\/\/schema.org","@graph":[{"@type":"WebPage","@id":"https:\/\/www.arte.tv\/sites\/olivierpere\/2026\/01\/10\/la-faille-de-peter-fleischmann\/","url":"https:\/\/www.arte.tv\/sites\/olivierpere\/2026\/01\/10\/la-faille-de-peter-fleischmann\/","name":"La Faille de Peter Fleischmann - Olivier P\u00e8re","isPartOf":{"@id":"https:\/\/www.arte.tv\/sites\/olivierpere\/#website"},"datePublished":"2026-01-10T16:13:50+00:00","dateModified":"2026-01-18T08:57:14+00:00","author":{"@id":"https:\/\/www.arte.tv\/sites\/olivierpere\/#\/schema\/person\/dc32cd6c79be95e52d43b97a74182558"},"breadcrumb":{"@id":"https:\/\/www.arte.tv\/sites\/olivierpere\/2026\/01\/10\/la-faille-de-peter-fleischmann\/#breadcrumb"},"inLanguage":"fr-FR","potentialAction":[{"@type":"ReadAction","target":["https:\/\/www.arte.tv\/sites\/olivierpere\/2026\/01\/10\/la-faille-de-peter-fleischmann\/"]}]},{"@type":"BreadcrumbList","@id":"https:\/\/www.arte.tv\/sites\/olivierpere\/2026\/01\/10\/la-faille-de-peter-fleischmann\/#breadcrumb","itemListElement":[{"@type":"ListItem","position":1,"name":"Home","item":"https:\/\/www.arte.tv\/sites\/olivierpere\/"},{"@type":"ListItem","position":2,"name":"La Faille de Peter Fleischmann"}]},{"@type":"WebSite","@id":"https:\/\/www.arte.tv\/sites\/olivierpere\/#website","url":"https:\/\/www.arte.tv\/sites\/olivierpere\/","name":"Olivier P\u00e8re","description":"","potentialAction":[{"@type":"SearchAction","target":{"@type":"EntryPoint","urlTemplate":"https:\/\/www.arte.tv\/sites\/olivierpere\/?s={search_term_string}"},"query-input":"required name=search_term_string"}],"inLanguage":"fr-FR"},{"@type":"Person","@id":"https:\/\/www.arte.tv\/sites\/olivierpere\/#\/schema\/person\/dc32cd6c79be95e52d43b97a74182558","name":"Olivier P\u00e8re","image":{"@type":"ImageObject","inLanguage":"fr-FR","@id":"https:\/\/www.arte.tv\/sites\/olivierpere\/#\/schema\/person\/image\/","url":"https:\/\/secure.gravatar.com\/avatar\/bdea7b6a2c195e2c41772429a9694758?s=96&d=mm&r=g","contentUrl":"https:\/\/secure.gravatar.com\/avatar\/bdea7b6a2c195e2c41772429a9694758?s=96&d=mm&r=g","caption":"Olivier P\u00e8re"},"url":"https:\/\/www.arte.tv\/sites\/olivierpere\/author\/pereolivier\/"}]}},"_links":{"self":[{"href":"https:\/\/www.arte.tv\/sites\/olivierpere\/wp-json\/wp\/v2\/posts\/28491"}],"collection":[{"href":"https:\/\/www.arte.tv\/sites\/olivierpere\/wp-json\/wp\/v2\/posts"}],"about":[{"href":"https:\/\/www.arte.tv\/sites\/olivierpere\/wp-json\/wp\/v2\/types\/post"}],"author":[{"embeddable":true,"href":"https:\/\/www.arte.tv\/sites\/olivierpere\/wp-json\/wp\/v2\/users\/116"}],"replies":[{"embeddable":true,"href":"https:\/\/www.arte.tv\/sites\/olivierpere\/wp-json\/wp\/v2\/comments?post=28491"}],"version-history":[{"count":2,"href":"https:\/\/www.arte.tv\/sites\/olivierpere\/wp-json\/wp\/v2\/posts\/28491\/revisions"}],"predecessor-version":[{"id":28495,"href":"https:\/\/www.arte.tv\/sites\/olivierpere\/wp-json\/wp\/v2\/posts\/28491\/revisions\/28495"}],"wp:attachment":[{"href":"https:\/\/www.arte.tv\/sites\/olivierpere\/wp-json\/wp\/v2\/media?parent=28491"}],"wp:term":[{"taxonomy":"category","embeddable":true,"href":"https:\/\/www.arte.tv\/sites\/olivierpere\/wp-json\/wp\/v2\/categories?post=28491"},{"taxonomy":"post_tag","embeddable":true,"href":"https:\/\/www.arte.tv\/sites\/olivierpere\/wp-json\/wp\/v2\/tags?post=28491"}],"curies":[{"name":"wp","href":"https:\/\/api.w.org\/{rel}","templated":true}]}}