{"id":28473,"date":"2026-01-05T07:47:03","date_gmt":"2026-01-05T06:47:03","guid":{"rendered":"https:\/\/www.arte.tv\/sites\/olivierpere\/?p=28473"},"modified":"2026-01-04T16:48:06","modified_gmt":"2026-01-04T15:48:06","slug":"when-evil-lurks-et-terrified-de-demian-rugna","status":"publish","type":"post","link":"https:\/\/www.arte.tv\/sites\/olivierpere\/2026\/01\/05\/when-evil-lurks-et-terrified-de-demian-rugna\/","title":{"rendered":"When Evil Lurks et Terrified de Demi\u00e1n Rugna"},"content":{"rendered":"<p><strong>Un coffret BR, \u00e9dit\u00e9 par Factoris Films, propose un bon double programme et met en lumi\u00e8re un nouveau cin\u00e9aste talentueux du cin\u00e9ma d&rsquo;horreur, venu d&rsquo;Argentine. Les deux films les plus connus de Demi\u00e1n Rugna (n\u00e9 en 1979 \u00e0 Buenos Aires) forment un ensemble coh\u00e9rent, sur des pr\u00e9sences mal\u00e9fiques qui hantent un environnement pavillonnaire (<em>Terrified<\/em>, 2017) ou la pampa d\u00e9sertique (<em>When Evil Lurks<\/em>, 2023), et sur les interactions entre le monde des vivants et celui des morts. Ces films ont \u00e9t\u00e9 tr\u00e8s remarqu\u00e9s dans les festivals sp\u00e9cialis\u00e9s, \u00e0 d\u00e9faut d\u2019avoir \u00e9t\u00e9 bien distribu\u00e9s en France. <\/strong><\/p>\n<p><strong>De son propre aveu, Demi\u00e1n Rugna est tr\u00e8s influenc\u00e9 par l&rsquo;horreur am\u00e9ricaine (Sam Raimi, Stephen King&#8230;), mais il a r\u00e9ussi \u00e0 transplanter des sc\u00e9narios de contaminations et de possessions diaboliques dans un environnement social et des paysages typiquement argentins. <em>When Evil Lurks<\/em> (<em>Cuando acecha la maldad<\/em>) \u00e9voque par le biais d\u2019une histoire fantastique \u00e0 la Lovecraft la d\u00e9tresse et l&rsquo;isolement des paysans argentins dans des petites exploitations familiales abandonn\u00e9es par la politique d&rsquo;extr\u00eame-droite du gouvernement. Apr\u00e8s avoir d\u00e9couvert un cadavre mutil\u00e9 pr\u00e8s de leur propri\u00e9t\u00e9, deux fr\u00e8res apprennent que les \u00e9v\u00e9nements \u00e9tranges survenant dans leur village sont caus\u00e9s par un esprit d\u00e9moniaque qui a \u00e9lu domicile dans le corps purulent d&rsquo;un homme. Le mal dont souffre ce dernier ne tarde pas \u00e0 se r\u00e9pandre comme une \u00e9pid\u00e9mie, affectant d&rsquo;autres habitants de la r\u00e9gion. <em>Terrified<\/em> est un peu plus conventionnel, et \u00e9voque un <em>Conjuring<\/em> argentin, en suivant l\u2019enqu\u00eate d\u2019un m\u00e9decin sp\u00e9cialis\u00e9 dans le paranormal, sa coll\u00e8gue et un ancien policier. Il est cependant tr\u00e8s correctement mis en sc\u00e8ne et contient des moments de terreur et d\u2019angoisse dignes de John Carpenter. Les deux films sont reli\u00e9s par un \u00e9trange artefact suppos\u00e9 combattre les d\u00e9mons, ce qui laisse pr\u00e9sager un autre titre pour compl\u00e9ter la trilogie. Adoub\u00e9 par Guillermo del Toro, Demi\u00e1n Rugna est un cin\u00e9aste \u00e0 suivre.<\/strong><\/p>\n<p><img decoding=\"async\" loading=\"lazy\" class=\"alignnone size-full wp-image-28474\" src=\"https:\/\/www.arte.tv\/sites\/olivierpere\/files\/when-evil-lurks-4k-collector-fnac.jpg\" alt=\"\" width=\"1000\" height=\"1000\" srcset=\"https:\/\/www.arte.tv\/sites\/olivierpere\/files\/when-evil-lurks-4k-collector-fnac.jpg 1000w, https:\/\/www.arte.tv\/sites\/olivierpere\/files\/when-evil-lurks-4k-collector-fnac-280x280.jpg 280w, https:\/\/www.arte.tv\/sites\/olivierpere\/files\/when-evil-lurks-4k-collector-fnac-768x768.jpg 768w, https:\/\/www.arte.tv\/sites\/olivierpere\/files\/when-evil-lurks-4k-collector-fnac-150x150.jpg 150w, https:\/\/www.arte.tv\/sites\/olivierpere\/files\/when-evil-lurks-4k-collector-fnac-580x580.jpg 580w\" sizes=\"(max-width: 1000px) 100vw, 1000px\" \/><\/p>\n<p>&nbsp;<\/p>\n<p>&nbsp;<\/p>\n","protected":false},"excerpt":{"rendered":"<p>Un coffret BR, \u00e9dit\u00e9 par Factoris Films, propose un bon double programme et met en lumi\u00e8re un nouveau cin\u00e9aste talentueux\u2026<\/p>\n","protected":false},"author":116,"featured_media":0,"comment_status":"open","ping_status":"open","sticky":false,"template":"","format":"standard","meta":[],"categories":[9],"tags":[],"yoast_head":"<!-- This site is optimized with the Yoast SEO plugin v20.8 - https:\/\/yoast.com\/wordpress\/plugins\/seo\/ -->\n<title>When Evil Lurks et Terrified de Demi\u00e1n Rugna - Olivier P\u00e8re<\/title>\n<meta name=\"robots\" content=\"index, follow, max-snippet:-1, max-image-preview:large, max-video-preview:-1\" \/>\n<link rel=\"canonical\" href=\"https:\/\/www.arte.tv\/sites\/olivierpere\/2026\/01\/05\/when-evil-lurks-et-terrified-de-demian-rugna\/\" \/>\n<meta property=\"og:locale\" content=\"fr_FR\" \/>\n<meta property=\"og:type\" content=\"article\" \/>\n<meta property=\"og:title\" content=\"When Evil Lurks et Terrified de Demi\u00e1n Rugna - Olivier P\u00e8re\" \/>\n<meta property=\"og:description\" content=\"Un coffret BR, \u00e9dit\u00e9 par Factoris Films, propose un bon double programme et met en lumi\u00e8re un nouveau cin\u00e9aste talentueux\u2026\" \/>\n<meta property=\"og:url\" content=\"https:\/\/www.arte.tv\/sites\/olivierpere\/2026\/01\/05\/when-evil-lurks-et-terrified-de-demian-rugna\/\" \/>\n<meta property=\"og:site_name\" content=\"Olivier P\u00e8re\" \/>\n<meta property=\"article:published_time\" content=\"2026-01-05T06:47:03+00:00\" \/>\n<meta property=\"article:modified_time\" content=\"2026-01-04T15:48:06+00:00\" \/>\n<meta property=\"og:image\" content=\"https:\/\/www.arte.tv\/sites\/olivierpere\/files\/when-evil-lurks-4k-collector-fnac.jpg\" \/>\n<meta name=\"author\" content=\"Olivier P\u00e8re\" \/>\n<meta name=\"twitter:label1\" content=\"\u00c9crit par\" \/>\n\t<meta name=\"twitter:data1\" content=\"Olivier P\u00e8re\" \/>\n\t<meta name=\"twitter:label2\" content=\"Dur\u00e9e de lecture estim\u00e9e\" \/>\n\t<meta name=\"twitter:data2\" content=\"2 minutes\" \/>\n<script type=\"application\/ld+json\" class=\"yoast-schema-graph\">{\"@context\":\"https:\/\/schema.org\",\"@graph\":[{\"@type\":\"WebPage\",\"@id\":\"https:\/\/www.arte.tv\/sites\/olivierpere\/2026\/01\/05\/when-evil-lurks-et-terrified-de-demian-rugna\/\",\"url\":\"https:\/\/www.arte.tv\/sites\/olivierpere\/2026\/01\/05\/when-evil-lurks-et-terrified-de-demian-rugna\/\",\"name\":\"When Evil Lurks et Terrified de Demi\u00e1n Rugna - Olivier P\u00e8re\",\"isPartOf\":{\"@id\":\"https:\/\/www.arte.tv\/sites\/olivierpere\/#website\"},\"datePublished\":\"2026-01-05T06:47:03+00:00\",\"dateModified\":\"2026-01-04T15:48:06+00:00\",\"author\":{\"@id\":\"https:\/\/www.arte.tv\/sites\/olivierpere\/#\/schema\/person\/dc32cd6c79be95e52d43b97a74182558\"},\"breadcrumb\":{\"@id\":\"https:\/\/www.arte.tv\/sites\/olivierpere\/2026\/01\/05\/when-evil-lurks-et-terrified-de-demian-rugna\/#breadcrumb\"},\"inLanguage\":\"fr-FR\",\"potentialAction\":[{\"@type\":\"ReadAction\",\"target\":[\"https:\/\/www.arte.tv\/sites\/olivierpere\/2026\/01\/05\/when-evil-lurks-et-terrified-de-demian-rugna\/\"]}]},{\"@type\":\"BreadcrumbList\",\"@id\":\"https:\/\/www.arte.tv\/sites\/olivierpere\/2026\/01\/05\/when-evil-lurks-et-terrified-de-demian-rugna\/#breadcrumb\",\"itemListElement\":[{\"@type\":\"ListItem\",\"position\":1,\"name\":\"Home\",\"item\":\"https:\/\/www.arte.tv\/sites\/olivierpere\/\"},{\"@type\":\"ListItem\",\"position\":2,\"name\":\"When Evil Lurks et Terrified de Demi\u00e1n Rugna\"}]},{\"@type\":\"WebSite\",\"@id\":\"https:\/\/www.arte.tv\/sites\/olivierpere\/#website\",\"url\":\"https:\/\/www.arte.tv\/sites\/olivierpere\/\",\"name\":\"Olivier P\u00e8re\",\"description\":\"\",\"potentialAction\":[{\"@type\":\"SearchAction\",\"target\":{\"@type\":\"EntryPoint\",\"urlTemplate\":\"https:\/\/www.arte.tv\/sites\/olivierpere\/?s={search_term_string}\"},\"query-input\":\"required name=search_term_string\"}],\"inLanguage\":\"fr-FR\"},{\"@type\":\"Person\",\"@id\":\"https:\/\/www.arte.tv\/sites\/olivierpere\/#\/schema\/person\/dc32cd6c79be95e52d43b97a74182558\",\"name\":\"Olivier P\u00e8re\",\"image\":{\"@type\":\"ImageObject\",\"inLanguage\":\"fr-FR\",\"@id\":\"https:\/\/www.arte.tv\/sites\/olivierpere\/#\/schema\/person\/image\/\",\"url\":\"https:\/\/secure.gravatar.com\/avatar\/bdea7b6a2c195e2c41772429a9694758?s=96&d=mm&r=g\",\"contentUrl\":\"https:\/\/secure.gravatar.com\/avatar\/bdea7b6a2c195e2c41772429a9694758?s=96&d=mm&r=g\",\"caption\":\"Olivier P\u00e8re\"},\"url\":\"https:\/\/www.arte.tv\/sites\/olivierpere\/author\/pereolivier\/\"}]}<\/script>\n<!-- \/ Yoast SEO plugin. -->","yoast_head_json":{"title":"When Evil Lurks et Terrified de Demi\u00e1n Rugna - Olivier P\u00e8re","robots":{"index":"index","follow":"follow","max-snippet":"max-snippet:-1","max-image-preview":"max-image-preview:large","max-video-preview":"max-video-preview:-1"},"canonical":"https:\/\/www.arte.tv\/sites\/olivierpere\/2026\/01\/05\/when-evil-lurks-et-terrified-de-demian-rugna\/","og_locale":"fr_FR","og_type":"article","og_title":"When Evil Lurks et Terrified de Demi\u00e1n Rugna - Olivier P\u00e8re","og_description":"Un coffret BR, \u00e9dit\u00e9 par Factoris Films, propose un bon double programme et met en lumi\u00e8re un nouveau cin\u00e9aste talentueux\u2026","og_url":"https:\/\/www.arte.tv\/sites\/olivierpere\/2026\/01\/05\/when-evil-lurks-et-terrified-de-demian-rugna\/","og_site_name":"Olivier P\u00e8re","article_published_time":"2026-01-05T06:47:03+00:00","article_modified_time":"2026-01-04T15:48:06+00:00","og_image":[{"url":"https:\/\/www.arte.tv\/sites\/olivierpere\/files\/when-evil-lurks-4k-collector-fnac.jpg"}],"author":"Olivier P\u00e8re","twitter_misc":{"\u00c9crit par":"Olivier P\u00e8re","Dur\u00e9e de lecture estim\u00e9e":"2 minutes"},"schema":{"@context":"https:\/\/schema.org","@graph":[{"@type":"WebPage","@id":"https:\/\/www.arte.tv\/sites\/olivierpere\/2026\/01\/05\/when-evil-lurks-et-terrified-de-demian-rugna\/","url":"https:\/\/www.arte.tv\/sites\/olivierpere\/2026\/01\/05\/when-evil-lurks-et-terrified-de-demian-rugna\/","name":"When Evil Lurks et Terrified de Demi\u00e1n Rugna - Olivier P\u00e8re","isPartOf":{"@id":"https:\/\/www.arte.tv\/sites\/olivierpere\/#website"},"datePublished":"2026-01-05T06:47:03+00:00","dateModified":"2026-01-04T15:48:06+00:00","author":{"@id":"https:\/\/www.arte.tv\/sites\/olivierpere\/#\/schema\/person\/dc32cd6c79be95e52d43b97a74182558"},"breadcrumb":{"@id":"https:\/\/www.arte.tv\/sites\/olivierpere\/2026\/01\/05\/when-evil-lurks-et-terrified-de-demian-rugna\/#breadcrumb"},"inLanguage":"fr-FR","potentialAction":[{"@type":"ReadAction","target":["https:\/\/www.arte.tv\/sites\/olivierpere\/2026\/01\/05\/when-evil-lurks-et-terrified-de-demian-rugna\/"]}]},{"@type":"BreadcrumbList","@id":"https:\/\/www.arte.tv\/sites\/olivierpere\/2026\/01\/05\/when-evil-lurks-et-terrified-de-demian-rugna\/#breadcrumb","itemListElement":[{"@type":"ListItem","position":1,"name":"Home","item":"https:\/\/www.arte.tv\/sites\/olivierpere\/"},{"@type":"ListItem","position":2,"name":"When Evil Lurks et Terrified de Demi\u00e1n Rugna"}]},{"@type":"WebSite","@id":"https:\/\/www.arte.tv\/sites\/olivierpere\/#website","url":"https:\/\/www.arte.tv\/sites\/olivierpere\/","name":"Olivier P\u00e8re","description":"","potentialAction":[{"@type":"SearchAction","target":{"@type":"EntryPoint","urlTemplate":"https:\/\/www.arte.tv\/sites\/olivierpere\/?s={search_term_string}"},"query-input":"required name=search_term_string"}],"inLanguage":"fr-FR"},{"@type":"Person","@id":"https:\/\/www.arte.tv\/sites\/olivierpere\/#\/schema\/person\/dc32cd6c79be95e52d43b97a74182558","name":"Olivier P\u00e8re","image":{"@type":"ImageObject","inLanguage":"fr-FR","@id":"https:\/\/www.arte.tv\/sites\/olivierpere\/#\/schema\/person\/image\/","url":"https:\/\/secure.gravatar.com\/avatar\/bdea7b6a2c195e2c41772429a9694758?s=96&d=mm&r=g","contentUrl":"https:\/\/secure.gravatar.com\/avatar\/bdea7b6a2c195e2c41772429a9694758?s=96&d=mm&r=g","caption":"Olivier P\u00e8re"},"url":"https:\/\/www.arte.tv\/sites\/olivierpere\/author\/pereolivier\/"}]}},"_links":{"self":[{"href":"https:\/\/www.arte.tv\/sites\/olivierpere\/wp-json\/wp\/v2\/posts\/28473"}],"collection":[{"href":"https:\/\/www.arte.tv\/sites\/olivierpere\/wp-json\/wp\/v2\/posts"}],"about":[{"href":"https:\/\/www.arte.tv\/sites\/olivierpere\/wp-json\/wp\/v2\/types\/post"}],"author":[{"embeddable":true,"href":"https:\/\/www.arte.tv\/sites\/olivierpere\/wp-json\/wp\/v2\/users\/116"}],"replies":[{"embeddable":true,"href":"https:\/\/www.arte.tv\/sites\/olivierpere\/wp-json\/wp\/v2\/comments?post=28473"}],"version-history":[{"count":1,"href":"https:\/\/www.arte.tv\/sites\/olivierpere\/wp-json\/wp\/v2\/posts\/28473\/revisions"}],"predecessor-version":[{"id":28475,"href":"https:\/\/www.arte.tv\/sites\/olivierpere\/wp-json\/wp\/v2\/posts\/28473\/revisions\/28475"}],"wp:attachment":[{"href":"https:\/\/www.arte.tv\/sites\/olivierpere\/wp-json\/wp\/v2\/media?parent=28473"}],"wp:term":[{"taxonomy":"category","embeddable":true,"href":"https:\/\/www.arte.tv\/sites\/olivierpere\/wp-json\/wp\/v2\/categories?post=28473"},{"taxonomy":"post_tag","embeddable":true,"href":"https:\/\/www.arte.tv\/sites\/olivierpere\/wp-json\/wp\/v2\/tags?post=28473"}],"curies":[{"name":"wp","href":"https:\/\/api.w.org\/{rel}","templated":true}]}}