{"id":28469,"date":"2026-01-04T15:27:06","date_gmt":"2026-01-04T14:27:06","guid":{"rendered":"https:\/\/www.arte.tv\/sites\/olivierpere\/?p=28469"},"modified":"2026-01-04T15:28:51","modified_gmt":"2026-01-04T14:28:51","slug":"l-giovedi-de-dino-risi","status":"publish","type":"post","link":"https:\/\/www.arte.tv\/sites\/olivierpere\/2026\/01\/04\/l-giovedi-de-dino-risi\/","title":{"rendered":"Il gioved\u00ec de Dino Risi"},"content":{"rendered":"<p><strong>Cette formidable com\u00e9die italienne &#8211; m\u00eame si le terme com\u00e9die semble ici tr\u00e8s r\u00e9ducteur \u2013 demeure moins connue, moins aim\u00e9e et comment\u00e9e que d&rsquo;autres films de Dino Risi, et pourtant elle occupe une centrale dans la filmographie du cin\u00e9aste. <i><span class=\"lang-it\" lang=\"it\">ll gioved\u00ec<\/span><\/i><\/strong><strong> (le jeudi, 1963) se r\u00e9v\u00e8le pourtant un film tr\u00e8s personnel et important, dans lequel le cin\u00e9aste se montre moins cruel et cynique que d&rsquo;habitude, et presque sentimental. On sent que le personnage interpr\u00e9t\u00e9 par Walter Chiari, p\u00e8re d\u00e9ficient et maladroit, est tr\u00e8s proche de lui. <i><span class=\"lang-it\" lang=\"it\">ll gioved\u00ec<\/span><\/i>\u00a0entretient un rapport tr\u00e8s \u00e9troit avec l&rsquo;un des chefs-d&rsquo;oeuvre de Dino Risi, <em>Le Fanfaron<\/em>. Dans les deux films, un p\u00e9riple en voiture r\u00e9unit deux \u00eatres de deux g\u00e9n\u00e9rations diff\u00e9rentes (une relation p\u00e8re-fils recr\u00e9\u00e9e dans <em>Le Fanfaron<\/em>, r\u00e9elle dans<em> I<i><span class=\"lang-it\" lang=\"it\"><em>l<\/em> gioved\u00ec<\/span><\/i><\/em>) et d\u00e9voile la m\u00e9diocrit\u00e9 et la faiblesse d&rsquo;un homme italien vantard et path\u00e9tique. Dans le cas d&rsquo;<em>I<i><span class=\"lang-it\" lang=\"it\">l gioved\u00ec<\/span><\/i><\/em>, il s\u2019agit d\u2019une journ\u00e9e de garde au cours de laquelle un p\u00e8re, s\u00e9par\u00e9 de la m\u00e8re de son enfant, toujours en qu\u00eate d\u2019argent, endett\u00e9e et vivant au crochet de sa ma\u00eetresse, finit humili\u00e9 devant son fils de huit ans qu&rsquo;il ne voit que tr\u00e8s rarement, apr\u00e8s avoir cherch\u00e9 \u00e0 gagner sa complicit\u00e9. Le film b\u00e9n\u00e9ficie d\u2019une composition subtile de Walter Chiari dans un r\u00f4le difficile. Moins matamore et s\u00e9duisant que Gassman, il se montre aussi plus humain, plus sympathique. Le talent de satiriste de Risi, observateur impitoyable de l&rsquo;Italie du boom \u00e9conomique, \u00e9clate dans de nombreuses sc\u00e8nes.<\/strong><\/p>\n<p><strong>\u00a0<\/strong><\/p>\n<p><strong>On n&rsquo;en finit pas red\u00e9couvrir des beaux films du cin\u00e9ma italien, longtemps in\u00e9dits ou mal distribu\u00e9s, gr\u00e2ce \u00e0 l&rsquo;\u00e9dition vid\u00e9o. Tamasa a fait une fois de plus un excellent travail sur ce titre de Risi, avec cette \u00e9dition DVD et BR, qui comprend un suppl\u00e9ment critique d\u2019Aurore Renaut, qui accompagne bien le film.<\/strong><\/p>\n<p><strong><img decoding=\"async\" loading=\"lazy\" class=\"alignnone size-full wp-image-28470\" src=\"https:\/\/www.arte.tv\/sites\/olivierpere\/files\/giovedi-3d-ouvert-1011x1024-1.jpg\" alt=\"\" width=\"1011\" height=\"1024\" srcset=\"https:\/\/www.arte.tv\/sites\/olivierpere\/files\/giovedi-3d-ouvert-1011x1024-1.jpg 1011w, https:\/\/www.arte.tv\/sites\/olivierpere\/files\/giovedi-3d-ouvert-1011x1024-1-276x280.jpg 276w, https:\/\/www.arte.tv\/sites\/olivierpere\/files\/giovedi-3d-ouvert-1011x1024-1-758x768.jpg 758w, https:\/\/www.arte.tv\/sites\/olivierpere\/files\/giovedi-3d-ouvert-1011x1024-1-768x778.jpg 768w, https:\/\/www.arte.tv\/sites\/olivierpere\/files\/giovedi-3d-ouvert-1011x1024-1-580x587.jpg 580w\" sizes=\"(max-width: 1011px) 100vw, 1011px\" \/>\u00a0<\/strong><\/p>\n","protected":false},"excerpt":{"rendered":"<p>Cette formidable com\u00e9die italienne &#8211; m\u00eame si le terme com\u00e9die semble ici tr\u00e8s r\u00e9ducteur \u2013 demeure moins connue, moins aim\u00e9e\u2026<\/p>\n","protected":false},"author":116,"featured_media":0,"comment_status":"open","ping_status":"open","sticky":false,"template":"","format":"standard","meta":[],"categories":[9],"tags":[],"yoast_head":"<!-- This site is optimized with the Yoast SEO plugin v20.8 - https:\/\/yoast.com\/wordpress\/plugins\/seo\/ -->\n<title>Il gioved\u00ec de Dino Risi - Olivier P\u00e8re<\/title>\n<meta name=\"robots\" content=\"index, follow, max-snippet:-1, max-image-preview:large, max-video-preview:-1\" \/>\n<link rel=\"canonical\" href=\"https:\/\/www.arte.tv\/sites\/olivierpere\/2026\/01\/04\/l-giovedi-de-dino-risi\/\" \/>\n<meta property=\"og:locale\" content=\"fr_FR\" \/>\n<meta property=\"og:type\" content=\"article\" \/>\n<meta property=\"og:title\" content=\"Il gioved\u00ec de Dino Risi - Olivier P\u00e8re\" \/>\n<meta property=\"og:description\" content=\"Cette formidable com\u00e9die italienne &#8211; m\u00eame si le terme com\u00e9die semble ici tr\u00e8s r\u00e9ducteur \u2013 demeure moins connue, moins aim\u00e9e\u2026\" \/>\n<meta property=\"og:url\" content=\"https:\/\/www.arte.tv\/sites\/olivierpere\/2026\/01\/04\/l-giovedi-de-dino-risi\/\" \/>\n<meta property=\"og:site_name\" content=\"Olivier P\u00e8re\" \/>\n<meta property=\"article:published_time\" content=\"2026-01-04T14:27:06+00:00\" \/>\n<meta property=\"article:modified_time\" content=\"2026-01-04T14:28:51+00:00\" \/>\n<meta property=\"og:image\" content=\"https:\/\/www.arte.tv\/sites\/olivierpere\/files\/giovedi-3d-ouvert-1011x1024-1.jpg\" \/>\n<meta name=\"author\" content=\"Olivier P\u00e8re\" \/>\n<meta name=\"twitter:label1\" content=\"\u00c9crit par\" \/>\n\t<meta name=\"twitter:data1\" content=\"Olivier P\u00e8re\" \/>\n\t<meta name=\"twitter:label2\" content=\"Dur\u00e9e de lecture estim\u00e9e\" \/>\n\t<meta name=\"twitter:data2\" content=\"2 minutes\" \/>\n<script type=\"application\/ld+json\" class=\"yoast-schema-graph\">{\"@context\":\"https:\/\/schema.org\",\"@graph\":[{\"@type\":\"WebPage\",\"@id\":\"https:\/\/www.arte.tv\/sites\/olivierpere\/2026\/01\/04\/l-giovedi-de-dino-risi\/\",\"url\":\"https:\/\/www.arte.tv\/sites\/olivierpere\/2026\/01\/04\/l-giovedi-de-dino-risi\/\",\"name\":\"Il gioved\u00ec de Dino Risi - Olivier P\u00e8re\",\"isPartOf\":{\"@id\":\"https:\/\/www.arte.tv\/sites\/olivierpere\/#website\"},\"datePublished\":\"2026-01-04T14:27:06+00:00\",\"dateModified\":\"2026-01-04T14:28:51+00:00\",\"author\":{\"@id\":\"https:\/\/www.arte.tv\/sites\/olivierpere\/#\/schema\/person\/dc32cd6c79be95e52d43b97a74182558\"},\"breadcrumb\":{\"@id\":\"https:\/\/www.arte.tv\/sites\/olivierpere\/2026\/01\/04\/l-giovedi-de-dino-risi\/#breadcrumb\"},\"inLanguage\":\"fr-FR\",\"potentialAction\":[{\"@type\":\"ReadAction\",\"target\":[\"https:\/\/www.arte.tv\/sites\/olivierpere\/2026\/01\/04\/l-giovedi-de-dino-risi\/\"]}]},{\"@type\":\"BreadcrumbList\",\"@id\":\"https:\/\/www.arte.tv\/sites\/olivierpere\/2026\/01\/04\/l-giovedi-de-dino-risi\/#breadcrumb\",\"itemListElement\":[{\"@type\":\"ListItem\",\"position\":1,\"name\":\"Home\",\"item\":\"https:\/\/www.arte.tv\/sites\/olivierpere\/\"},{\"@type\":\"ListItem\",\"position\":2,\"name\":\"Il gioved\u00ec de Dino Risi\"}]},{\"@type\":\"WebSite\",\"@id\":\"https:\/\/www.arte.tv\/sites\/olivierpere\/#website\",\"url\":\"https:\/\/www.arte.tv\/sites\/olivierpere\/\",\"name\":\"Olivier P\u00e8re\",\"description\":\"\",\"potentialAction\":[{\"@type\":\"SearchAction\",\"target\":{\"@type\":\"EntryPoint\",\"urlTemplate\":\"https:\/\/www.arte.tv\/sites\/olivierpere\/?s={search_term_string}\"},\"query-input\":\"required name=search_term_string\"}],\"inLanguage\":\"fr-FR\"},{\"@type\":\"Person\",\"@id\":\"https:\/\/www.arte.tv\/sites\/olivierpere\/#\/schema\/person\/dc32cd6c79be95e52d43b97a74182558\",\"name\":\"Olivier P\u00e8re\",\"image\":{\"@type\":\"ImageObject\",\"inLanguage\":\"fr-FR\",\"@id\":\"https:\/\/www.arte.tv\/sites\/olivierpere\/#\/schema\/person\/image\/\",\"url\":\"https:\/\/secure.gravatar.com\/avatar\/bdea7b6a2c195e2c41772429a9694758?s=96&d=mm&r=g\",\"contentUrl\":\"https:\/\/secure.gravatar.com\/avatar\/bdea7b6a2c195e2c41772429a9694758?s=96&d=mm&r=g\",\"caption\":\"Olivier P\u00e8re\"},\"url\":\"https:\/\/www.arte.tv\/sites\/olivierpere\/author\/pereolivier\/\"}]}<\/script>\n<!-- \/ Yoast SEO plugin. -->","yoast_head_json":{"title":"Il gioved\u00ec de Dino Risi - Olivier P\u00e8re","robots":{"index":"index","follow":"follow","max-snippet":"max-snippet:-1","max-image-preview":"max-image-preview:large","max-video-preview":"max-video-preview:-1"},"canonical":"https:\/\/www.arte.tv\/sites\/olivierpere\/2026\/01\/04\/l-giovedi-de-dino-risi\/","og_locale":"fr_FR","og_type":"article","og_title":"Il gioved\u00ec de Dino Risi - Olivier P\u00e8re","og_description":"Cette formidable com\u00e9die italienne &#8211; m\u00eame si le terme com\u00e9die semble ici tr\u00e8s r\u00e9ducteur \u2013 demeure moins connue, moins aim\u00e9e\u2026","og_url":"https:\/\/www.arte.tv\/sites\/olivierpere\/2026\/01\/04\/l-giovedi-de-dino-risi\/","og_site_name":"Olivier P\u00e8re","article_published_time":"2026-01-04T14:27:06+00:00","article_modified_time":"2026-01-04T14:28:51+00:00","og_image":[{"url":"https:\/\/www.arte.tv\/sites\/olivierpere\/files\/giovedi-3d-ouvert-1011x1024-1.jpg"}],"author":"Olivier P\u00e8re","twitter_misc":{"\u00c9crit par":"Olivier P\u00e8re","Dur\u00e9e de lecture estim\u00e9e":"2 minutes"},"schema":{"@context":"https:\/\/schema.org","@graph":[{"@type":"WebPage","@id":"https:\/\/www.arte.tv\/sites\/olivierpere\/2026\/01\/04\/l-giovedi-de-dino-risi\/","url":"https:\/\/www.arte.tv\/sites\/olivierpere\/2026\/01\/04\/l-giovedi-de-dino-risi\/","name":"Il gioved\u00ec de Dino Risi - Olivier P\u00e8re","isPartOf":{"@id":"https:\/\/www.arte.tv\/sites\/olivierpere\/#website"},"datePublished":"2026-01-04T14:27:06+00:00","dateModified":"2026-01-04T14:28:51+00:00","author":{"@id":"https:\/\/www.arte.tv\/sites\/olivierpere\/#\/schema\/person\/dc32cd6c79be95e52d43b97a74182558"},"breadcrumb":{"@id":"https:\/\/www.arte.tv\/sites\/olivierpere\/2026\/01\/04\/l-giovedi-de-dino-risi\/#breadcrumb"},"inLanguage":"fr-FR","potentialAction":[{"@type":"ReadAction","target":["https:\/\/www.arte.tv\/sites\/olivierpere\/2026\/01\/04\/l-giovedi-de-dino-risi\/"]}]},{"@type":"BreadcrumbList","@id":"https:\/\/www.arte.tv\/sites\/olivierpere\/2026\/01\/04\/l-giovedi-de-dino-risi\/#breadcrumb","itemListElement":[{"@type":"ListItem","position":1,"name":"Home","item":"https:\/\/www.arte.tv\/sites\/olivierpere\/"},{"@type":"ListItem","position":2,"name":"Il gioved\u00ec de Dino Risi"}]},{"@type":"WebSite","@id":"https:\/\/www.arte.tv\/sites\/olivierpere\/#website","url":"https:\/\/www.arte.tv\/sites\/olivierpere\/","name":"Olivier P\u00e8re","description":"","potentialAction":[{"@type":"SearchAction","target":{"@type":"EntryPoint","urlTemplate":"https:\/\/www.arte.tv\/sites\/olivierpere\/?s={search_term_string}"},"query-input":"required name=search_term_string"}],"inLanguage":"fr-FR"},{"@type":"Person","@id":"https:\/\/www.arte.tv\/sites\/olivierpere\/#\/schema\/person\/dc32cd6c79be95e52d43b97a74182558","name":"Olivier P\u00e8re","image":{"@type":"ImageObject","inLanguage":"fr-FR","@id":"https:\/\/www.arte.tv\/sites\/olivierpere\/#\/schema\/person\/image\/","url":"https:\/\/secure.gravatar.com\/avatar\/bdea7b6a2c195e2c41772429a9694758?s=96&d=mm&r=g","contentUrl":"https:\/\/secure.gravatar.com\/avatar\/bdea7b6a2c195e2c41772429a9694758?s=96&d=mm&r=g","caption":"Olivier P\u00e8re"},"url":"https:\/\/www.arte.tv\/sites\/olivierpere\/author\/pereolivier\/"}]}},"_links":{"self":[{"href":"https:\/\/www.arte.tv\/sites\/olivierpere\/wp-json\/wp\/v2\/posts\/28469"}],"collection":[{"href":"https:\/\/www.arte.tv\/sites\/olivierpere\/wp-json\/wp\/v2\/posts"}],"about":[{"href":"https:\/\/www.arte.tv\/sites\/olivierpere\/wp-json\/wp\/v2\/types\/post"}],"author":[{"embeddable":true,"href":"https:\/\/www.arte.tv\/sites\/olivierpere\/wp-json\/wp\/v2\/users\/116"}],"replies":[{"embeddable":true,"href":"https:\/\/www.arte.tv\/sites\/olivierpere\/wp-json\/wp\/v2\/comments?post=28469"}],"version-history":[{"count":2,"href":"https:\/\/www.arte.tv\/sites\/olivierpere\/wp-json\/wp\/v2\/posts\/28469\/revisions"}],"predecessor-version":[{"id":28472,"href":"https:\/\/www.arte.tv\/sites\/olivierpere\/wp-json\/wp\/v2\/posts\/28469\/revisions\/28472"}],"wp:attachment":[{"href":"https:\/\/www.arte.tv\/sites\/olivierpere\/wp-json\/wp\/v2\/media?parent=28469"}],"wp:term":[{"taxonomy":"category","embeddable":true,"href":"https:\/\/www.arte.tv\/sites\/olivierpere\/wp-json\/wp\/v2\/categories?post=28469"},{"taxonomy":"post_tag","embeddable":true,"href":"https:\/\/www.arte.tv\/sites\/olivierpere\/wp-json\/wp\/v2\/tags?post=28469"}],"curies":[{"name":"wp","href":"https:\/\/api.w.org\/{rel}","templated":true}]}}