{"id":28371,"date":"2025-07-12T11:08:25","date_gmt":"2025-07-12T10:08:25","guid":{"rendered":"https:\/\/www.arte.tv\/sites\/olivierpere\/?p=28371"},"modified":"2025-08-03T11:09:53","modified_gmt":"2025-08-03T10:09:53","slug":"cycle-anne-fontaine-sur-arte","status":"publish","type":"post","link":"https:\/\/www.arte.tv\/sites\/olivierpere\/2025\/07\/12\/cycle-anne-fontaine-sur-arte\/","title":{"rendered":"Cycle Anne Fontaine sur ARTE"},"content":{"rendered":"<p><strong>\u00a0<\/strong><strong>Un go\u00fbt pour l\u2019ambivalence, un don pour la direction d\u2019acteurs, une dose d\u2019ironie et une propension \u00e0 faire sortir des rails les existences bien rang\u00e9es caract\u00e9risent le cin\u00e9ma prot\u00e9iforme d&rsquo;Anne Fontaine. ARTE consacre un cycle \u00e0 la r\u00e9alisatrice, ex-danseuse et com\u00e9dienne, avec un cycle de quatre films en ao\u00fbt, qui se poursuivra avec cinq autres en septembre.<\/strong><\/p>\n<p><strong><\/p>\n<p><\/strong><\/p>\n<p><strong><em>Comment j\u2019ai tu\u00e9 mon p\u00e8re<\/em><\/strong><strong> (2001)<\/strong><\/p>\n<p><strong>Jean-Luc, qui m\u00e8ne une vie paisible et ais\u00e9e, pensait avoir oubli\u00e9 son p\u00e8re, parti lorsqu\u2019il \u00e9tait enfant sans plus jamais donner de nouvelles. Mais un jour, celui-ci resurgit et ne semble \u00e9prouver aucun remords\u2026 Tout l\u2019univers d\u2019Anne Fontaine est concentr\u00e9 dans ce film. A travers le canevas familier de l\u2019intrusion d\u2019un \u00e9l\u00e9ment perturbateur dans un milieu aux apparences paisibles mais trompeuses, la r\u00e9alisatrice brosse le portrait glac\u00e9 d\u2019une bourgeoisie rong\u00e9e par ses n\u00e9vroses. <\/strong><\/p>\n<p><strong>Ce film, l\u2019un des meilleurs d\u2019Anne Fontaine, ausculte au scalpel les relations p\u00e8re-fils d\u2019une mani\u00e8re assez in\u00e9dite, tr\u00e8s tendue et d\u00e9nu\u00e9e de tendresse. C\u2019est aussi un film terrible sur la solitude et l\u2019absence de communication, au sein m\u00eame d\u2019un couple et d\u2019une famille. La r\u00e9alisatrice a sorti Michel Bouquet de sa retraite. L\u2019acteur livre une interpr\u00e9tation g\u00e9niale.<\/strong><\/p>\n<p><strong>Lundi 11 ao\u00fbt \u00e0 21h00 sur ARTE et sur ARTE.tv\u00a0jusqu&rsquo;au 10 novembre.<\/strong><\/p>\n<p><strong>\u00a0<\/strong><\/p>\n<p><strong>Sur arte.tv du 1<sup>er\u00a0<\/sup>ao\u00fbt au 31 octobre.\u00a0<\/strong><\/p>\n<p><strong><em>Les histoires d\u2019amour finissent mal\u2026 en g\u00e9n\u00e9ral<\/em><\/strong><strong> (1992)<\/strong><\/p>\n<p><strong>Prix Jean-Vigo 1993<br \/>\nDans la France des ann\u00e9es 1990, Zina h\u00e9site entre deux hommes et deux mondes : Slim, chauffeur de taxi et aspirant avocat (Sami Bouajila dans l\u2019un de ses premiers r\u00f4les) ou Fr\u00e9d\u00e9ric, acteur de th\u00e9\u00e2tre tourment\u00e9\u2026 Zina le clame haut et fort : \u00ab\u00a0<em>L\u2019homme de ma vie, pour l\u2019instant, c\u2019est moi<\/em>\u00a0\u00bb. Servie par des dialogues percutants, cette com\u00e9die subtile, premier film d\u2019Anne Fontaine, brosse l\u2019attachant portrait d\u2019une jeune ind\u00e9cise \u00e0 l\u2019aube de l\u2019\u00e2ge adulte.<\/strong><\/p>\n<p><strong>\u00a0<\/strong><\/p>\n<p><strong><em>Nettoyage \u00e0 sec<\/em><\/strong><strong> (1997)<\/strong><\/p>\n<p><strong>Entre deux com\u00e9dies l\u00e9g\u00e8res et po\u00e9tiques, Anne Fontaine signe des films plus sombres, et m\u00eame transgressifs, voire d\u00e9rangeants.<\/strong><\/p>\n<p><strong>En 1996, elle brosse dans <em>Nettoyage \u00e0 sec<\/em> un portrait de la bourgeoisie de province et y \u00e9voque l\u2019intrusion d\u2019un personnage tr\u00e8s sexu\u00e9 qui va bouleverser la routine d\u2019un couple. Ce sont des \u00e9l\u00e9ments que l\u2019on retrouve dans d\u2019autres films comme <em>Nathalie<\/em>\u2026 ou <em>Gemma Bovery<\/em>. <\/strong><\/p>\n<p><strong>L&rsquo;ambigu\u00eft\u00e9 des couples et des familles bourgeoises est un grand th\u00e8me du cin\u00e9ma fran\u00e7ais. Cela permet d\u2019aborder la sexualit\u00e9, refoul\u00e9e ou v\u00e9cue, comme point central des comportements humains. On y distingue l&rsquo;envie, le d\u00e9sir bien s\u00fbr mais aussi la perte totale de contr\u00f4le, jusqu\u2019au d\u00e9sespoir et la violence. Dans ce film comme dans Entre ses mains, Anne Fontaine s\u2019inscrit dans une certaine tradition chabrolienne.<\/strong><\/p>\n<p><strong>\u00a0<\/strong><\/p>\n<p><strong><em>Gemma Bovery<\/em><\/strong><strong> (2013)<\/strong><\/p>\n<p><strong>Un ex-Parisien reconverti en boulanger dans un petit village normand voit en sa nouvelle et s\u00e9duisante voisine anglaise l\u2019incarnation de Madame Bovary. <em>Gemma Bovery<\/em> multiplie les allers-retours entre le chef-d\u2019oeuvre de Flaubert et la fiction du film. Anne fontaine adapte avec intelligence le roman graphique de Posy Simmons et signe une com\u00e9die sur le th\u00e8me de la vie qui imite l\u2019art. La r\u00e9alisatrice r\u00e9ussit un magnifique portrait de femme, et met en sc\u00e8ne cette actualisation du bovarysme avec beaucoup de sensualit\u00e9. Elle teinte d\u2019ironie et de m\u00e9lancolie une fantaisie pastorale illumin\u00e9e par la beaut\u00e9 de Gemma Arterton. Fabrice Luchini est l\u2019acteur id\u00e9al pour interpr\u00e9ter un passionn\u00e9 de litt\u00e9rature confront\u00e9 \u00e0 ses fantasmes. En cherchant \u00e0 modeler le destin de Gemma sur celui de l\u2019h\u00e9ro\u00efne de Flaubert, cet amoureux des mots passe du statut de voyeur \u00e0 celui de cr\u00e9ateur. <\/strong><\/p>\n<p><strong>\u00a0<\/strong><\/p>\n<p><strong>Le cycle se poursuivra en septembre avec cinq autres films :<\/strong><\/p>\n<p><strong>Mercredi 10 septembre \u00e0 21h00 sur ARTE et sur ARTE.tv jusqu&rsquo;au 10 d\u00e9cembre.<\/strong><\/p>\n<p><strong><em>Entre ses mains<\/em><\/strong><strong> (2005)<\/strong><\/p>\n<p><strong>Cette histoire de mort et de s\u00e9duction se r\u00e9v\u00e8le aussi fascinante que d\u00e9rangeante. Une jeune femme \u00e0 la vie tranquille fait la connaissance d\u2019un v\u00e9t\u00e9rinaire qui collectionne les conqu\u00eates. Elle ne va pas tarder \u00e0 d\u00e9couvrir que son nouvel ami cache un terrifiant secret.<\/strong><\/p>\n<p><strong>Ce thriller fi\u00e9vreux et troublant, l\u2019un des meilleurs films d\u2019Anne Fontaine, \u00e9voque par de nombreux aspects <em>Le Boucher<\/em> de Claude Chabrol. La cin\u00e9aste, qui se pla\u00eet \u00e0 interroger la nature du d\u00e9sir, y explore les zones dangereuses de l\u2019attirance amoureuse et sexuelle. <em>Entre ses mains<\/em> repose sur la confrontation des deux magnifiques com\u00e9diens, Isabelle Carr\u00e9, myst\u00e9rieuse et \u00e9mouvante, et Beno\u00eet Poelvoorde, \u00e9tonnant \u00e0 contre-emploi, dans le premier r\u00f4le dramatique de sa carri\u00e8re.<\/strong><\/p>\n<p><strong>\u00a0<\/strong><\/p>\n<p><strong>\u00a0<\/strong><\/p>\n<p><strong>Sur ARTE.tv du 1<sup>er<\/sup>\u00a0septembre\u00a0au 30 novembre\u00a0:<\/strong><\/p>\n<p><strong><br \/>\n<em>Augustin (1995), Augustin, roi du Kung Fu (1999), Nouvelle Chance <\/em>(2006)<\/strong><\/p>\n<p><strong>Anne Fontaine poss\u00e8de la particularit\u00e9 d\u2019avoir dirig\u00e9 trois fois son fr\u00e8re cadet, le com\u00e9dien Jean-Chr\u00e9tien Sibertin-Blanc, dans le r\u00f4le r\u00e9current d\u2019Augustin Dos Santos, personnage \u00e0 la fois burlesque, timide, phobique et d\u00e9phas\u00e9 dont les r\u00eaves se heurtent \u00e0 la r\u00e9alit\u00e9. En 1999, Augustin, qui s\u2019est pris de passion pour le Kung Fu apr\u00e8s avoir \u00e9t\u00e9 aspirant acteur, s\u2019installe dans le quartier chinois et fait la connaissance d\u2019un vieux droguiste interpr\u00e9t\u00e9 par Darry Cowl et d\u2019une jolie acupunctrice jou\u00e9e par Maggie Cheung, superstar du cin\u00e9ma de Hong Kong. En 2006, on retrouve Augustin dans <em>Nouvelle Chance<\/em>\u00a0: cette fois-ci, il est mari\u00e9 \u00e0 une Japonaise et met en sc\u00e8ne des spectacles de patronage un peu rudimentaires. Son chemin croise une chanteuse d\u2019op\u00e9rette compl\u00e8tement oubli\u00e9e dans sa maison de retraite et une vedette de la t\u00e9l\u00e9vision, respectivement Danielle Darrieux et Arielle Dombasle. Anne Fontaine offre \u00e0 Danielle Darrieux, un des mythes du cin\u00e9ma fran\u00e7ais, son dernier grand r\u00f4le. L\u2019actrice chante \u00e0 deux reprises <em>la Folle complainte<\/em> de Charles Trenet, chanson pleine de tendresse, mais aussi de m\u00e9lancolie et de sous-entendus sexuels.<\/strong><\/p>\n<p><strong><em>\u00a0<\/em><\/strong><\/p>\n<p><strong><em>Nathalie&#8230;<\/em><\/strong><strong>\u00a0(2003)<\/strong><\/p>\n<p><strong>Fine observatrice des sentiments amoureux, la r\u00e9alisatrice Anne Fontaine s\u2019int\u00e9resse dans <em>Nathalie\u2026<\/em> au fantasme f\u00e9minin, au mensonge et \u00e0 la manipulation. Elle met en sc\u00e8ne une \u00e9tonnante relation triangulaire : une \u00e9pouse tromp\u00e9e engage une entra\u00eeneuse de boite de nuit pour qu\u2019elle devienne la ma\u00eetresse de son mari. A partir d\u2019une situation scabreuse, Anne Fontaine signe un film sensuel et subtil qui place l\u2019imaginaire et le pouvoir \u00e9vocateur de la parole au c\u0153ur de son r\u00e9cit. Au fur et \u00e0 mesure que la jeune femme raconte dans les d\u00e9tails cette liaison sexuelle extra-conjugale, le trouble envahit sa commanditaire, qui devient aussi sa complice. <em>Nathalie\u2026<\/em> est interpr\u00e9t\u00e9 par un magnifique trio d\u2019acteurs. Le film r\u00e9unit \u00e0 nouveau G\u00e9rard Depardieu et Fanny Ardant, tandis qu\u2019Emmanuelle B\u00e9art s\u2019y montre tr\u00e8s convaincante en myst\u00e9rieux objet du d\u00e9sir qui circule \u00e0 l\u2019int\u00e9rieur du couple.<\/strong><\/p>\n<p><strong>\u00a0<\/strong><\/p>\n<p><strong>\u00a0<\/strong><\/p>\n<p><strong>Sur ARTE.tv, vous pouvez aussi retrouver la cin\u00e9aste qui revisite ses films le temps d\u2019un entretien<\/strong><\/p>\n<p><strong><a href=\"https:\/\/www.arte.tv\/fr\/videos\/118152-040-A\/conversation-avec-anne-fontaine\/\">Conversation entre Anne Fontaine et Olivier P\u00e8re, directeur du cin\u00e9ma d&rsquo;ARTE France<\/a><\/strong><strong><br \/>\nCom\u00e9dies, films biographiques, trag\u00e9dies historiques, drames soci\u00e9taux, contes judicieusement d\u00e9voy\u00e9s&#8230; Anne Fontaine les a tous explor\u00e9s. Avec le souci tr\u00e8s pr\u00e9cis de toujours livrer un cin\u00e9ma populaire, la r\u00e9alisatrice brosse un portrait kal\u00e9idoscopique de l&rsquo;\u00e2me humaine occidentale dans ses \u00e9garements les plus beaux et fascinants. <\/strong><\/p>\n<p><strong>\u00a0<\/strong><\/p>\n","protected":false},"excerpt":{"rendered":"<p>\u00a0Un go\u00fbt pour l\u2019ambivalence, un don pour la direction d\u2019acteurs, une dose d\u2019ironie et une propension \u00e0 faire sortir des\u2026<\/p>\n","protected":false},"author":116,"featured_media":0,"comment_status":"open","ping_status":"open","sticky":false,"template":"","format":"standard","meta":[],"categories":[8],"tags":[],"yoast_head":"<!-- This site is optimized with the Yoast SEO plugin v20.8 - https:\/\/yoast.com\/wordpress\/plugins\/seo\/ -->\n<title>Cycle Anne Fontaine sur ARTE - Olivier P\u00e8re<\/title>\n<meta name=\"robots\" content=\"index, follow, max-snippet:-1, max-image-preview:large, max-video-preview:-1\" \/>\n<link rel=\"canonical\" href=\"https:\/\/www.arte.tv\/sites\/olivierpere\/2025\/07\/12\/cycle-anne-fontaine-sur-arte\/\" \/>\n<meta property=\"og:locale\" content=\"fr_FR\" \/>\n<meta property=\"og:type\" content=\"article\" \/>\n<meta property=\"og:title\" content=\"Cycle Anne Fontaine sur ARTE - Olivier P\u00e8re\" \/>\n<meta property=\"og:description\" content=\"\u00a0Un go\u00fbt pour l\u2019ambivalence, un don pour la direction d\u2019acteurs, une dose d\u2019ironie et une propension \u00e0 faire sortir des\u2026\" \/>\n<meta property=\"og:url\" content=\"https:\/\/www.arte.tv\/sites\/olivierpere\/2025\/07\/12\/cycle-anne-fontaine-sur-arte\/\" \/>\n<meta property=\"og:site_name\" content=\"Olivier P\u00e8re\" \/>\n<meta property=\"article:published_time\" content=\"2025-07-12T10:08:25+00:00\" \/>\n<meta property=\"article:modified_time\" content=\"2025-08-03T10:09:53+00:00\" \/>\n<meta name=\"author\" content=\"Olivier P\u00e8re\" \/>\n<meta name=\"twitter:label1\" content=\"\u00c9crit par\" \/>\n\t<meta name=\"twitter:data1\" content=\"Olivier P\u00e8re\" \/>\n\t<meta name=\"twitter:label2\" content=\"Dur\u00e9e de lecture estim\u00e9e\" \/>\n\t<meta name=\"twitter:data2\" content=\"6 minutes\" \/>\n<script type=\"application\/ld+json\" class=\"yoast-schema-graph\">{\"@context\":\"https:\/\/schema.org\",\"@graph\":[{\"@type\":\"WebPage\",\"@id\":\"https:\/\/www.arte.tv\/sites\/olivierpere\/2025\/07\/12\/cycle-anne-fontaine-sur-arte\/\",\"url\":\"https:\/\/www.arte.tv\/sites\/olivierpere\/2025\/07\/12\/cycle-anne-fontaine-sur-arte\/\",\"name\":\"Cycle Anne Fontaine sur ARTE - Olivier P\u00e8re\",\"isPartOf\":{\"@id\":\"https:\/\/www.arte.tv\/sites\/olivierpere\/#website\"},\"datePublished\":\"2025-07-12T10:08:25+00:00\",\"dateModified\":\"2025-08-03T10:09:53+00:00\",\"author\":{\"@id\":\"https:\/\/www.arte.tv\/sites\/olivierpere\/#\/schema\/person\/dc32cd6c79be95e52d43b97a74182558\"},\"breadcrumb\":{\"@id\":\"https:\/\/www.arte.tv\/sites\/olivierpere\/2025\/07\/12\/cycle-anne-fontaine-sur-arte\/#breadcrumb\"},\"inLanguage\":\"fr-FR\",\"potentialAction\":[{\"@type\":\"ReadAction\",\"target\":[\"https:\/\/www.arte.tv\/sites\/olivierpere\/2025\/07\/12\/cycle-anne-fontaine-sur-arte\/\"]}]},{\"@type\":\"BreadcrumbList\",\"@id\":\"https:\/\/www.arte.tv\/sites\/olivierpere\/2025\/07\/12\/cycle-anne-fontaine-sur-arte\/#breadcrumb\",\"itemListElement\":[{\"@type\":\"ListItem\",\"position\":1,\"name\":\"Home\",\"item\":\"https:\/\/www.arte.tv\/sites\/olivierpere\/\"},{\"@type\":\"ListItem\",\"position\":2,\"name\":\"Cycle Anne Fontaine sur ARTE\"}]},{\"@type\":\"WebSite\",\"@id\":\"https:\/\/www.arte.tv\/sites\/olivierpere\/#website\",\"url\":\"https:\/\/www.arte.tv\/sites\/olivierpere\/\",\"name\":\"Olivier P\u00e8re\",\"description\":\"\",\"potentialAction\":[{\"@type\":\"SearchAction\",\"target\":{\"@type\":\"EntryPoint\",\"urlTemplate\":\"https:\/\/www.arte.tv\/sites\/olivierpere\/?s={search_term_string}\"},\"query-input\":\"required name=search_term_string\"}],\"inLanguage\":\"fr-FR\"},{\"@type\":\"Person\",\"@id\":\"https:\/\/www.arte.tv\/sites\/olivierpere\/#\/schema\/person\/dc32cd6c79be95e52d43b97a74182558\",\"name\":\"Olivier P\u00e8re\",\"image\":{\"@type\":\"ImageObject\",\"inLanguage\":\"fr-FR\",\"@id\":\"https:\/\/www.arte.tv\/sites\/olivierpere\/#\/schema\/person\/image\/\",\"url\":\"https:\/\/secure.gravatar.com\/avatar\/bdea7b6a2c195e2c41772429a9694758?s=96&d=mm&r=g\",\"contentUrl\":\"https:\/\/secure.gravatar.com\/avatar\/bdea7b6a2c195e2c41772429a9694758?s=96&d=mm&r=g\",\"caption\":\"Olivier P\u00e8re\"},\"url\":\"https:\/\/www.arte.tv\/sites\/olivierpere\/author\/pereolivier\/\"}]}<\/script>\n<!-- \/ Yoast SEO plugin. -->","yoast_head_json":{"title":"Cycle Anne Fontaine sur ARTE - Olivier P\u00e8re","robots":{"index":"index","follow":"follow","max-snippet":"max-snippet:-1","max-image-preview":"max-image-preview:large","max-video-preview":"max-video-preview:-1"},"canonical":"https:\/\/www.arte.tv\/sites\/olivierpere\/2025\/07\/12\/cycle-anne-fontaine-sur-arte\/","og_locale":"fr_FR","og_type":"article","og_title":"Cycle Anne Fontaine sur ARTE - Olivier P\u00e8re","og_description":"\u00a0Un go\u00fbt pour l\u2019ambivalence, un don pour la direction d\u2019acteurs, une dose d\u2019ironie et une propension \u00e0 faire sortir des\u2026","og_url":"https:\/\/www.arte.tv\/sites\/olivierpere\/2025\/07\/12\/cycle-anne-fontaine-sur-arte\/","og_site_name":"Olivier P\u00e8re","article_published_time":"2025-07-12T10:08:25+00:00","article_modified_time":"2025-08-03T10:09:53+00:00","author":"Olivier P\u00e8re","twitter_misc":{"\u00c9crit par":"Olivier P\u00e8re","Dur\u00e9e de lecture estim\u00e9e":"6 minutes"},"schema":{"@context":"https:\/\/schema.org","@graph":[{"@type":"WebPage","@id":"https:\/\/www.arte.tv\/sites\/olivierpere\/2025\/07\/12\/cycle-anne-fontaine-sur-arte\/","url":"https:\/\/www.arte.tv\/sites\/olivierpere\/2025\/07\/12\/cycle-anne-fontaine-sur-arte\/","name":"Cycle Anne Fontaine sur ARTE - Olivier P\u00e8re","isPartOf":{"@id":"https:\/\/www.arte.tv\/sites\/olivierpere\/#website"},"datePublished":"2025-07-12T10:08:25+00:00","dateModified":"2025-08-03T10:09:53+00:00","author":{"@id":"https:\/\/www.arte.tv\/sites\/olivierpere\/#\/schema\/person\/dc32cd6c79be95e52d43b97a74182558"},"breadcrumb":{"@id":"https:\/\/www.arte.tv\/sites\/olivierpere\/2025\/07\/12\/cycle-anne-fontaine-sur-arte\/#breadcrumb"},"inLanguage":"fr-FR","potentialAction":[{"@type":"ReadAction","target":["https:\/\/www.arte.tv\/sites\/olivierpere\/2025\/07\/12\/cycle-anne-fontaine-sur-arte\/"]}]},{"@type":"BreadcrumbList","@id":"https:\/\/www.arte.tv\/sites\/olivierpere\/2025\/07\/12\/cycle-anne-fontaine-sur-arte\/#breadcrumb","itemListElement":[{"@type":"ListItem","position":1,"name":"Home","item":"https:\/\/www.arte.tv\/sites\/olivierpere\/"},{"@type":"ListItem","position":2,"name":"Cycle Anne Fontaine sur ARTE"}]},{"@type":"WebSite","@id":"https:\/\/www.arte.tv\/sites\/olivierpere\/#website","url":"https:\/\/www.arte.tv\/sites\/olivierpere\/","name":"Olivier P\u00e8re","description":"","potentialAction":[{"@type":"SearchAction","target":{"@type":"EntryPoint","urlTemplate":"https:\/\/www.arte.tv\/sites\/olivierpere\/?s={search_term_string}"},"query-input":"required name=search_term_string"}],"inLanguage":"fr-FR"},{"@type":"Person","@id":"https:\/\/www.arte.tv\/sites\/olivierpere\/#\/schema\/person\/dc32cd6c79be95e52d43b97a74182558","name":"Olivier P\u00e8re","image":{"@type":"ImageObject","inLanguage":"fr-FR","@id":"https:\/\/www.arte.tv\/sites\/olivierpere\/#\/schema\/person\/image\/","url":"https:\/\/secure.gravatar.com\/avatar\/bdea7b6a2c195e2c41772429a9694758?s=96&d=mm&r=g","contentUrl":"https:\/\/secure.gravatar.com\/avatar\/bdea7b6a2c195e2c41772429a9694758?s=96&d=mm&r=g","caption":"Olivier P\u00e8re"},"url":"https:\/\/www.arte.tv\/sites\/olivierpere\/author\/pereolivier\/"}]}},"_links":{"self":[{"href":"https:\/\/www.arte.tv\/sites\/olivierpere\/wp-json\/wp\/v2\/posts\/28371"}],"collection":[{"href":"https:\/\/www.arte.tv\/sites\/olivierpere\/wp-json\/wp\/v2\/posts"}],"about":[{"href":"https:\/\/www.arte.tv\/sites\/olivierpere\/wp-json\/wp\/v2\/types\/post"}],"author":[{"embeddable":true,"href":"https:\/\/www.arte.tv\/sites\/olivierpere\/wp-json\/wp\/v2\/users\/116"}],"replies":[{"embeddable":true,"href":"https:\/\/www.arte.tv\/sites\/olivierpere\/wp-json\/wp\/v2\/comments?post=28371"}],"version-history":[{"count":1,"href":"https:\/\/www.arte.tv\/sites\/olivierpere\/wp-json\/wp\/v2\/posts\/28371\/revisions"}],"predecessor-version":[{"id":28372,"href":"https:\/\/www.arte.tv\/sites\/olivierpere\/wp-json\/wp\/v2\/posts\/28371\/revisions\/28372"}],"wp:attachment":[{"href":"https:\/\/www.arte.tv\/sites\/olivierpere\/wp-json\/wp\/v2\/media?parent=28371"}],"wp:term":[{"taxonomy":"category","embeddable":true,"href":"https:\/\/www.arte.tv\/sites\/olivierpere\/wp-json\/wp\/v2\/categories?post=28371"},{"taxonomy":"post_tag","embeddable":true,"href":"https:\/\/www.arte.tv\/sites\/olivierpere\/wp-json\/wp\/v2\/tags?post=28371"}],"curies":[{"name":"wp","href":"https:\/\/api.w.org\/{rel}","templated":true}]}}