{"id":28330,"date":"2025-06-30T13:48:53","date_gmt":"2025-06-30T12:48:53","guid":{"rendered":"https:\/\/www.arte.tv\/sites\/olivierpere\/?p=28330"},"modified":"2025-07-10T14:11:33","modified_gmt":"2025-07-10T13:11:33","slug":"arte-kino-conversation-avec-eric-judor","status":"publish","type":"post","link":"https:\/\/www.arte.tv\/sites\/olivierpere\/2025\/06\/30\/arte-kino-conversation-avec-eric-judor\/","title":{"rendered":"ARTE Kino Conversation avec Eric Judor"},"content":{"rendered":"<p><iframe loading=\"lazy\" style=\"margin: 0 auto;position: relative;background-color: #000000\" src=\"https:\/\/www.arte.tv\/embeds\/fr\/122119-030-A?autoplay=false\" width=\"720\" height=\"406\" frameborder=\"0\" scrolling=\"no\"><\/iframe><\/p>\n<p><strong>A l&rsquo;occasion de la diffusion de <em>Problemos<\/em> (2017) sur ARTE, nous avons souhait\u00e9 convers\u00e9 avec le c\u00e9l\u00e8bre humoriste pour \u00e9voquer sa carri\u00e8re et son passage remarqu\u00e9 devant et derri\u00e8re la cam\u00e9ra, \u00e0 la t\u00e9l\u00e9vision et au cin\u00e9ma, d&rsquo;abord aux c\u00f4t\u00e9s de son comparse Ramzy Bedia (<em>La Tour Montparnasse infernale<\/em>, <em>Steak<\/em>, <em>Seuls Two&#8230;<\/em>), puis en solo avec <em>Problemos<\/em> et la s\u00e9rie <em>Platane<\/em>.<\/strong><\/p>\n<p><strong>Le d\u00e9capant <em>Problemos<\/em> co-\u00e9crit par No\u00e9 Debr\u00e9 et Blanche Gardin aborde un ph\u00e9nom\u00e8ne contemporain : les communaut\u00e9s qui choisissent de r\u00e9sister contre la technologie et la soci\u00e9t\u00e9 industrielle. Une petite famille en vacances d\u00e9couvre la vie au grand air d\u2019un groupe de zadistes. Au m\u00eame moment, une pand\u00e9mie se d\u00e9clare et d\u00e9cime la population mondiale\u2026 <\/strong><strong><em>Problemos<\/em><\/strong><strong> est une com\u00e9die catastrophe, qui brosse un tableau sans illusion des utopies contestataires et imagine la fin de la civilisation telle que nous la connaissons. Derri\u00e8re les gags et les dialogues drolatiques, l\u2019inqui\u00e9tude pointe. <\/strong><strong>\u00c9ric Judor r\u00e9alise une fable satirique aussi surprenante que jubilatoire.<em> Problemos<\/em> marque un tournant dans la filmographie du com\u00e9dien, qui ne craint pas d\u2019y interpr\u00e9ter un personnage au comportement souvent discutable, pour notre plus grand plaisir.<\/strong><\/p>\n<p><strong>Diffusion mercredi 16 juillet \u00e0 21h sur ARTE. Disponible en t\u00e9l\u00e9vision de rattrapage sur ARTE.tv jusqu&rsquo;au 27 juillet.<\/strong><\/p>\n<p>&nbsp;<\/p>\n<p><img decoding=\"async\" loading=\"lazy\" class=\"alignnone size-full wp-image-28331\" src=\"https:\/\/www.arte.tv\/sites\/olivierpere\/files\/594018.jpg\" alt=\"\" width=\"1178\" height=\"1600\" srcset=\"https:\/\/www.arte.tv\/sites\/olivierpere\/files\/594018.jpg 1178w, https:\/\/www.arte.tv\/sites\/olivierpere\/files\/594018-206x280.jpg 206w, https:\/\/www.arte.tv\/sites\/olivierpere\/files\/594018-565x768.jpg 565w, https:\/\/www.arte.tv\/sites\/olivierpere\/files\/594018-768x1043.jpg 768w, https:\/\/www.arte.tv\/sites\/olivierpere\/files\/594018-1131x1536.jpg 1131w, https:\/\/www.arte.tv\/sites\/olivierpere\/files\/594018-580x788.jpg 580w\" sizes=\"(max-width: 1178px) 100vw, 1178px\" \/><\/p>\n","protected":false},"excerpt":{"rendered":"<p>A l&rsquo;occasion de la diffusion de Problemos (2017) sur ARTE, nous avons souhait\u00e9 convers\u00e9 avec le c\u00e9l\u00e8bre humoriste pour \u00e9voquer\u2026<\/p>\n","protected":false},"author":116,"featured_media":28333,"comment_status":"open","ping_status":"open","sticky":false,"template":"","format":"standard","meta":[],"categories":[7,8],"tags":[],"yoast_head":"<!-- This site is optimized with the Yoast SEO plugin v20.8 - https:\/\/yoast.com\/wordpress\/plugins\/seo\/ -->\n<title>ARTE Kino Conversation avec Eric Judor - Olivier P\u00e8re<\/title>\n<meta name=\"robots\" content=\"index, follow, max-snippet:-1, max-image-preview:large, max-video-preview:-1\" \/>\n<link rel=\"canonical\" href=\"https:\/\/www.arte.tv\/sites\/olivierpere\/2025\/06\/30\/arte-kino-conversation-avec-eric-judor\/\" \/>\n<meta property=\"og:locale\" content=\"fr_FR\" \/>\n<meta property=\"og:type\" content=\"article\" \/>\n<meta property=\"og:title\" content=\"ARTE Kino Conversation avec Eric Judor - Olivier P\u00e8re\" \/>\n<meta property=\"og:description\" content=\"A l&rsquo;occasion de la diffusion de Problemos (2017) sur ARTE, nous avons souhait\u00e9 convers\u00e9 avec le c\u00e9l\u00e8bre humoriste pour \u00e9voquer\u2026\" \/>\n<meta property=\"og:url\" content=\"https:\/\/www.arte.tv\/sites\/olivierpere\/2025\/06\/30\/arte-kino-conversation-avec-eric-judor\/\" \/>\n<meta property=\"og:site_name\" content=\"Olivier P\u00e8re\" \/>\n<meta property=\"article:published_time\" content=\"2025-06-30T12:48:53+00:00\" \/>\n<meta property=\"article:modified_time\" content=\"2025-07-10T13:11:33+00:00\" \/>\n<meta property=\"og:image\" content=\"https:\/\/www.arte.tv\/sites\/olivierpere\/files\/122119-030-a_5540079.jpg\" \/>\n\t<meta property=\"og:image:width\" content=\"1920\" \/>\n\t<meta property=\"og:image:height\" content=\"1080\" \/>\n\t<meta property=\"og:image:type\" content=\"image\/jpeg\" \/>\n<meta name=\"author\" content=\"Olivier P\u00e8re\" \/>\n<meta name=\"twitter:label1\" content=\"\u00c9crit par\" \/>\n\t<meta name=\"twitter:data1\" content=\"Olivier P\u00e8re\" \/>\n\t<meta name=\"twitter:label2\" content=\"Dur\u00e9e de lecture estim\u00e9e\" \/>\n\t<meta name=\"twitter:data2\" content=\"2 minutes\" \/>\n<script type=\"application\/ld+json\" class=\"yoast-schema-graph\">{\"@context\":\"https:\/\/schema.org\",\"@graph\":[{\"@type\":\"WebPage\",\"@id\":\"https:\/\/www.arte.tv\/sites\/olivierpere\/2025\/06\/30\/arte-kino-conversation-avec-eric-judor\/\",\"url\":\"https:\/\/www.arte.tv\/sites\/olivierpere\/2025\/06\/30\/arte-kino-conversation-avec-eric-judor\/\",\"name\":\"ARTE Kino Conversation avec Eric Judor - Olivier P\u00e8re\",\"isPartOf\":{\"@id\":\"https:\/\/www.arte.tv\/sites\/olivierpere\/#website\"},\"datePublished\":\"2025-06-30T12:48:53+00:00\",\"dateModified\":\"2025-07-10T13:11:33+00:00\",\"author\":{\"@id\":\"https:\/\/www.arte.tv\/sites\/olivierpere\/#\/schema\/person\/dc32cd6c79be95e52d43b97a74182558\"},\"breadcrumb\":{\"@id\":\"https:\/\/www.arte.tv\/sites\/olivierpere\/2025\/06\/30\/arte-kino-conversation-avec-eric-judor\/#breadcrumb\"},\"inLanguage\":\"fr-FR\",\"potentialAction\":[{\"@type\":\"ReadAction\",\"target\":[\"https:\/\/www.arte.tv\/sites\/olivierpere\/2025\/06\/30\/arte-kino-conversation-avec-eric-judor\/\"]}]},{\"@type\":\"BreadcrumbList\",\"@id\":\"https:\/\/www.arte.tv\/sites\/olivierpere\/2025\/06\/30\/arte-kino-conversation-avec-eric-judor\/#breadcrumb\",\"itemListElement\":[{\"@type\":\"ListItem\",\"position\":1,\"name\":\"Home\",\"item\":\"https:\/\/www.arte.tv\/sites\/olivierpere\/\"},{\"@type\":\"ListItem\",\"position\":2,\"name\":\"ARTE Kino Conversation avec Eric Judor\"}]},{\"@type\":\"WebSite\",\"@id\":\"https:\/\/www.arte.tv\/sites\/olivierpere\/#website\",\"url\":\"https:\/\/www.arte.tv\/sites\/olivierpere\/\",\"name\":\"Olivier P\u00e8re\",\"description\":\"\",\"potentialAction\":[{\"@type\":\"SearchAction\",\"target\":{\"@type\":\"EntryPoint\",\"urlTemplate\":\"https:\/\/www.arte.tv\/sites\/olivierpere\/?s={search_term_string}\"},\"query-input\":\"required name=search_term_string\"}],\"inLanguage\":\"fr-FR\"},{\"@type\":\"Person\",\"@id\":\"https:\/\/www.arte.tv\/sites\/olivierpere\/#\/schema\/person\/dc32cd6c79be95e52d43b97a74182558\",\"name\":\"Olivier P\u00e8re\",\"image\":{\"@type\":\"ImageObject\",\"inLanguage\":\"fr-FR\",\"@id\":\"https:\/\/www.arte.tv\/sites\/olivierpere\/#\/schema\/person\/image\/\",\"url\":\"https:\/\/secure.gravatar.com\/avatar\/bdea7b6a2c195e2c41772429a9694758?s=96&d=mm&r=g\",\"contentUrl\":\"https:\/\/secure.gravatar.com\/avatar\/bdea7b6a2c195e2c41772429a9694758?s=96&d=mm&r=g\",\"caption\":\"Olivier P\u00e8re\"},\"url\":\"https:\/\/www.arte.tv\/sites\/olivierpere\/author\/pereolivier\/\"}]}<\/script>\n<!-- \/ Yoast SEO plugin. -->","yoast_head_json":{"title":"ARTE Kino Conversation avec Eric Judor - Olivier P\u00e8re","robots":{"index":"index","follow":"follow","max-snippet":"max-snippet:-1","max-image-preview":"max-image-preview:large","max-video-preview":"max-video-preview:-1"},"canonical":"https:\/\/www.arte.tv\/sites\/olivierpere\/2025\/06\/30\/arte-kino-conversation-avec-eric-judor\/","og_locale":"fr_FR","og_type":"article","og_title":"ARTE Kino Conversation avec Eric Judor - Olivier P\u00e8re","og_description":"A l&rsquo;occasion de la diffusion de Problemos (2017) sur ARTE, nous avons souhait\u00e9 convers\u00e9 avec le c\u00e9l\u00e8bre humoriste pour \u00e9voquer\u2026","og_url":"https:\/\/www.arte.tv\/sites\/olivierpere\/2025\/06\/30\/arte-kino-conversation-avec-eric-judor\/","og_site_name":"Olivier P\u00e8re","article_published_time":"2025-06-30T12:48:53+00:00","article_modified_time":"2025-07-10T13:11:33+00:00","og_image":[{"width":1920,"height":1080,"url":"https:\/\/www.arte.tv\/sites\/olivierpere\/files\/122119-030-a_5540079.jpg","type":"image\/jpeg"}],"author":"Olivier P\u00e8re","twitter_misc":{"\u00c9crit par":"Olivier P\u00e8re","Dur\u00e9e de lecture estim\u00e9e":"2 minutes"},"schema":{"@context":"https:\/\/schema.org","@graph":[{"@type":"WebPage","@id":"https:\/\/www.arte.tv\/sites\/olivierpere\/2025\/06\/30\/arte-kino-conversation-avec-eric-judor\/","url":"https:\/\/www.arte.tv\/sites\/olivierpere\/2025\/06\/30\/arte-kino-conversation-avec-eric-judor\/","name":"ARTE Kino Conversation avec Eric Judor - Olivier P\u00e8re","isPartOf":{"@id":"https:\/\/www.arte.tv\/sites\/olivierpere\/#website"},"datePublished":"2025-06-30T12:48:53+00:00","dateModified":"2025-07-10T13:11:33+00:00","author":{"@id":"https:\/\/www.arte.tv\/sites\/olivierpere\/#\/schema\/person\/dc32cd6c79be95e52d43b97a74182558"},"breadcrumb":{"@id":"https:\/\/www.arte.tv\/sites\/olivierpere\/2025\/06\/30\/arte-kino-conversation-avec-eric-judor\/#breadcrumb"},"inLanguage":"fr-FR","potentialAction":[{"@type":"ReadAction","target":["https:\/\/www.arte.tv\/sites\/olivierpere\/2025\/06\/30\/arte-kino-conversation-avec-eric-judor\/"]}]},{"@type":"BreadcrumbList","@id":"https:\/\/www.arte.tv\/sites\/olivierpere\/2025\/06\/30\/arte-kino-conversation-avec-eric-judor\/#breadcrumb","itemListElement":[{"@type":"ListItem","position":1,"name":"Home","item":"https:\/\/www.arte.tv\/sites\/olivierpere\/"},{"@type":"ListItem","position":2,"name":"ARTE Kino Conversation avec Eric Judor"}]},{"@type":"WebSite","@id":"https:\/\/www.arte.tv\/sites\/olivierpere\/#website","url":"https:\/\/www.arte.tv\/sites\/olivierpere\/","name":"Olivier P\u00e8re","description":"","potentialAction":[{"@type":"SearchAction","target":{"@type":"EntryPoint","urlTemplate":"https:\/\/www.arte.tv\/sites\/olivierpere\/?s={search_term_string}"},"query-input":"required name=search_term_string"}],"inLanguage":"fr-FR"},{"@type":"Person","@id":"https:\/\/www.arte.tv\/sites\/olivierpere\/#\/schema\/person\/dc32cd6c79be95e52d43b97a74182558","name":"Olivier P\u00e8re","image":{"@type":"ImageObject","inLanguage":"fr-FR","@id":"https:\/\/www.arte.tv\/sites\/olivierpere\/#\/schema\/person\/image\/","url":"https:\/\/secure.gravatar.com\/avatar\/bdea7b6a2c195e2c41772429a9694758?s=96&d=mm&r=g","contentUrl":"https:\/\/secure.gravatar.com\/avatar\/bdea7b6a2c195e2c41772429a9694758?s=96&d=mm&r=g","caption":"Olivier P\u00e8re"},"url":"https:\/\/www.arte.tv\/sites\/olivierpere\/author\/pereolivier\/"}]}},"_links":{"self":[{"href":"https:\/\/www.arte.tv\/sites\/olivierpere\/wp-json\/wp\/v2\/posts\/28330"}],"collection":[{"href":"https:\/\/www.arte.tv\/sites\/olivierpere\/wp-json\/wp\/v2\/posts"}],"about":[{"href":"https:\/\/www.arte.tv\/sites\/olivierpere\/wp-json\/wp\/v2\/types\/post"}],"author":[{"embeddable":true,"href":"https:\/\/www.arte.tv\/sites\/olivierpere\/wp-json\/wp\/v2\/users\/116"}],"replies":[{"embeddable":true,"href":"https:\/\/www.arte.tv\/sites\/olivierpere\/wp-json\/wp\/v2\/comments?post=28330"}],"version-history":[{"count":1,"href":"https:\/\/www.arte.tv\/sites\/olivierpere\/wp-json\/wp\/v2\/posts\/28330\/revisions"}],"predecessor-version":[{"id":28332,"href":"https:\/\/www.arte.tv\/sites\/olivierpere\/wp-json\/wp\/v2\/posts\/28330\/revisions\/28332"}],"wp:featuredmedia":[{"embeddable":true,"href":"https:\/\/www.arte.tv\/sites\/olivierpere\/wp-json\/wp\/v2\/media\/28333"}],"wp:attachment":[{"href":"https:\/\/www.arte.tv\/sites\/olivierpere\/wp-json\/wp\/v2\/media?parent=28330"}],"wp:term":[{"taxonomy":"category","embeddable":true,"href":"https:\/\/www.arte.tv\/sites\/olivierpere\/wp-json\/wp\/v2\/categories?post=28330"},{"taxonomy":"post_tag","embeddable":true,"href":"https:\/\/www.arte.tv\/sites\/olivierpere\/wp-json\/wp\/v2\/tags?post=28330"}],"curies":[{"name":"wp","href":"https:\/\/api.w.org\/{rel}","templated":true}]}}