{"id":28326,"date":"2025-06-29T12:58:01","date_gmt":"2025-06-29T11:58:01","guid":{"rendered":"https:\/\/www.arte.tv\/sites\/olivierpere\/?p=28326"},"modified":"2025-07-10T14:16:15","modified_gmt":"2025-07-10T13:16:15","slug":"arte-kino-conversation-avec-wang-bing","status":"publish","type":"post","link":"https:\/\/www.arte.tv\/sites\/olivierpere\/2025\/06\/29\/arte-kino-conversation-avec-wang-bing\/","title":{"rendered":"ARTE Kino Conversation avec Wang Bing"},"content":{"rendered":"<p><iframe loading=\"lazy\" style=\"margin: 0 auto;position: relative;background-color: #000000\" src=\"https:\/\/www.arte.tv\/embeds\/fr\/122119-032-A?autoplay=false\" width=\"720\" height=\"406\" frameborder=\"0\" scrolling=\"no\"><\/iframe><\/p>\n<p><strong>Wang Bing recevra lundi 7 juillet le Vigo d&rsquo;honneur pour l&rsquo;ensemble de son oeuvre. Le 9 juillet sortira en France le dernier volet, <em>Retour au pays<\/em>, de sa gigantesque trilogie immersive <em>Jeunesse<\/em>, consacr\u00e9e \u00e0 la vie des ouvriers des ateliers textiles de Zhili. Deux bonnes raisons pour retrouver le grand cin\u00e9aste chinois et discuter avec lui de son parcours et de ses m\u00e9thodes de travail.<\/strong><\/p>\n<p><img decoding=\"async\" loading=\"lazy\" class=\"alignnone size-full wp-image-28328\" src=\"https:\/\/www.arte.tv\/sites\/olivierpere\/files\/jeunesse-retour-au-pays.jpg\" alt=\"\" width=\"520\" height=\"728\" srcset=\"https:\/\/www.arte.tv\/sites\/olivierpere\/files\/jeunesse-retour-au-pays.jpg 520w, https:\/\/www.arte.tv\/sites\/olivierpere\/files\/jeunesse-retour-au-pays-200x280.jpg 200w\" sizes=\"(max-width: 520px) 100vw, 520px\" \/><\/p>\n","protected":false},"excerpt":{"rendered":"<p>Wang Bing recevra lundi 7 juillet le Vigo d&rsquo;honneur pour l&rsquo;ensemble de son oeuvre. Le 9 juillet sortira en France\u2026<\/p>\n","protected":false},"author":116,"featured_media":28334,"comment_status":"open","ping_status":"open","sticky":false,"template":"","format":"standard","meta":[],"categories":[9,6,7],"tags":[],"yoast_head":"<!-- This site is optimized with the Yoast SEO plugin v20.8 - https:\/\/yoast.com\/wordpress\/plugins\/seo\/ -->\n<title>ARTE Kino Conversation avec Wang Bing - Olivier P\u00e8re<\/title>\n<meta name=\"robots\" content=\"index, follow, max-snippet:-1, max-image-preview:large, max-video-preview:-1\" \/>\n<link rel=\"canonical\" href=\"https:\/\/www.arte.tv\/sites\/olivierpere\/2025\/06\/29\/arte-kino-conversation-avec-wang-bing\/\" \/>\n<meta property=\"og:locale\" content=\"fr_FR\" \/>\n<meta property=\"og:type\" content=\"article\" \/>\n<meta property=\"og:title\" content=\"ARTE Kino Conversation avec Wang Bing - Olivier P\u00e8re\" \/>\n<meta property=\"og:description\" content=\"Wang Bing recevra lundi 7 juillet le Vigo d&rsquo;honneur pour l&rsquo;ensemble de son oeuvre. Le 9 juillet sortira en France\u2026\" \/>\n<meta property=\"og:url\" content=\"https:\/\/www.arte.tv\/sites\/olivierpere\/2025\/06\/29\/arte-kino-conversation-avec-wang-bing\/\" \/>\n<meta property=\"og:site_name\" content=\"Olivier P\u00e8re\" \/>\n<meta property=\"article:published_time\" content=\"2025-06-29T11:58:01+00:00\" \/>\n<meta property=\"article:modified_time\" content=\"2025-07-10T13:16:15+00:00\" \/>\n<meta property=\"og:image\" content=\"https:\/\/www.arte.tv\/sites\/olivierpere\/files\/wang-bing-arret-sur-image-02.jpg\" \/>\n\t<meta property=\"og:image:width\" content=\"1920\" \/>\n\t<meta property=\"og:image:height\" content=\"1080\" \/>\n\t<meta property=\"og:image:type\" content=\"image\/jpeg\" \/>\n<meta name=\"author\" content=\"Olivier P\u00e8re\" \/>\n<meta name=\"twitter:label1\" content=\"\u00c9crit par\" \/>\n\t<meta name=\"twitter:data1\" content=\"Olivier P\u00e8re\" \/>\n\t<meta name=\"twitter:label2\" content=\"Dur\u00e9e de lecture estim\u00e9e\" \/>\n\t<meta name=\"twitter:data2\" content=\"1 minute\" \/>\n<script type=\"application\/ld+json\" class=\"yoast-schema-graph\">{\"@context\":\"https:\/\/schema.org\",\"@graph\":[{\"@type\":\"WebPage\",\"@id\":\"https:\/\/www.arte.tv\/sites\/olivierpere\/2025\/06\/29\/arte-kino-conversation-avec-wang-bing\/\",\"url\":\"https:\/\/www.arte.tv\/sites\/olivierpere\/2025\/06\/29\/arte-kino-conversation-avec-wang-bing\/\",\"name\":\"ARTE Kino Conversation avec Wang Bing - Olivier P\u00e8re\",\"isPartOf\":{\"@id\":\"https:\/\/www.arte.tv\/sites\/olivierpere\/#website\"},\"datePublished\":\"2025-06-29T11:58:01+00:00\",\"dateModified\":\"2025-07-10T13:16:15+00:00\",\"author\":{\"@id\":\"https:\/\/www.arte.tv\/sites\/olivierpere\/#\/schema\/person\/dc32cd6c79be95e52d43b97a74182558\"},\"breadcrumb\":{\"@id\":\"https:\/\/www.arte.tv\/sites\/olivierpere\/2025\/06\/29\/arte-kino-conversation-avec-wang-bing\/#breadcrumb\"},\"inLanguage\":\"fr-FR\",\"potentialAction\":[{\"@type\":\"ReadAction\",\"target\":[\"https:\/\/www.arte.tv\/sites\/olivierpere\/2025\/06\/29\/arte-kino-conversation-avec-wang-bing\/\"]}]},{\"@type\":\"BreadcrumbList\",\"@id\":\"https:\/\/www.arte.tv\/sites\/olivierpere\/2025\/06\/29\/arte-kino-conversation-avec-wang-bing\/#breadcrumb\",\"itemListElement\":[{\"@type\":\"ListItem\",\"position\":1,\"name\":\"Home\",\"item\":\"https:\/\/www.arte.tv\/sites\/olivierpere\/\"},{\"@type\":\"ListItem\",\"position\":2,\"name\":\"ARTE Kino Conversation avec Wang Bing\"}]},{\"@type\":\"WebSite\",\"@id\":\"https:\/\/www.arte.tv\/sites\/olivierpere\/#website\",\"url\":\"https:\/\/www.arte.tv\/sites\/olivierpere\/\",\"name\":\"Olivier P\u00e8re\",\"description\":\"\",\"potentialAction\":[{\"@type\":\"SearchAction\",\"target\":{\"@type\":\"EntryPoint\",\"urlTemplate\":\"https:\/\/www.arte.tv\/sites\/olivierpere\/?s={search_term_string}\"},\"query-input\":\"required name=search_term_string\"}],\"inLanguage\":\"fr-FR\"},{\"@type\":\"Person\",\"@id\":\"https:\/\/www.arte.tv\/sites\/olivierpere\/#\/schema\/person\/dc32cd6c79be95e52d43b97a74182558\",\"name\":\"Olivier P\u00e8re\",\"image\":{\"@type\":\"ImageObject\",\"inLanguage\":\"fr-FR\",\"@id\":\"https:\/\/www.arte.tv\/sites\/olivierpere\/#\/schema\/person\/image\/\",\"url\":\"https:\/\/secure.gravatar.com\/avatar\/bdea7b6a2c195e2c41772429a9694758?s=96&d=mm&r=g\",\"contentUrl\":\"https:\/\/secure.gravatar.com\/avatar\/bdea7b6a2c195e2c41772429a9694758?s=96&d=mm&r=g\",\"caption\":\"Olivier P\u00e8re\"},\"url\":\"https:\/\/www.arte.tv\/sites\/olivierpere\/author\/pereolivier\/\"}]}<\/script>\n<!-- \/ Yoast SEO plugin. -->","yoast_head_json":{"title":"ARTE Kino Conversation avec Wang Bing - Olivier P\u00e8re","robots":{"index":"index","follow":"follow","max-snippet":"max-snippet:-1","max-image-preview":"max-image-preview:large","max-video-preview":"max-video-preview:-1"},"canonical":"https:\/\/www.arte.tv\/sites\/olivierpere\/2025\/06\/29\/arte-kino-conversation-avec-wang-bing\/","og_locale":"fr_FR","og_type":"article","og_title":"ARTE Kino Conversation avec Wang Bing - Olivier P\u00e8re","og_description":"Wang Bing recevra lundi 7 juillet le Vigo d&rsquo;honneur pour l&rsquo;ensemble de son oeuvre. Le 9 juillet sortira en France\u2026","og_url":"https:\/\/www.arte.tv\/sites\/olivierpere\/2025\/06\/29\/arte-kino-conversation-avec-wang-bing\/","og_site_name":"Olivier P\u00e8re","article_published_time":"2025-06-29T11:58:01+00:00","article_modified_time":"2025-07-10T13:16:15+00:00","og_image":[{"width":1920,"height":1080,"url":"https:\/\/www.arte.tv\/sites\/olivierpere\/files\/wang-bing-arret-sur-image-02.jpg","type":"image\/jpeg"}],"author":"Olivier P\u00e8re","twitter_misc":{"\u00c9crit par":"Olivier P\u00e8re","Dur\u00e9e de lecture estim\u00e9e":"1 minute"},"schema":{"@context":"https:\/\/schema.org","@graph":[{"@type":"WebPage","@id":"https:\/\/www.arte.tv\/sites\/olivierpere\/2025\/06\/29\/arte-kino-conversation-avec-wang-bing\/","url":"https:\/\/www.arte.tv\/sites\/olivierpere\/2025\/06\/29\/arte-kino-conversation-avec-wang-bing\/","name":"ARTE Kino Conversation avec Wang Bing - Olivier P\u00e8re","isPartOf":{"@id":"https:\/\/www.arte.tv\/sites\/olivierpere\/#website"},"datePublished":"2025-06-29T11:58:01+00:00","dateModified":"2025-07-10T13:16:15+00:00","author":{"@id":"https:\/\/www.arte.tv\/sites\/olivierpere\/#\/schema\/person\/dc32cd6c79be95e52d43b97a74182558"},"breadcrumb":{"@id":"https:\/\/www.arte.tv\/sites\/olivierpere\/2025\/06\/29\/arte-kino-conversation-avec-wang-bing\/#breadcrumb"},"inLanguage":"fr-FR","potentialAction":[{"@type":"ReadAction","target":["https:\/\/www.arte.tv\/sites\/olivierpere\/2025\/06\/29\/arte-kino-conversation-avec-wang-bing\/"]}]},{"@type":"BreadcrumbList","@id":"https:\/\/www.arte.tv\/sites\/olivierpere\/2025\/06\/29\/arte-kino-conversation-avec-wang-bing\/#breadcrumb","itemListElement":[{"@type":"ListItem","position":1,"name":"Home","item":"https:\/\/www.arte.tv\/sites\/olivierpere\/"},{"@type":"ListItem","position":2,"name":"ARTE Kino Conversation avec Wang Bing"}]},{"@type":"WebSite","@id":"https:\/\/www.arte.tv\/sites\/olivierpere\/#website","url":"https:\/\/www.arte.tv\/sites\/olivierpere\/","name":"Olivier P\u00e8re","description":"","potentialAction":[{"@type":"SearchAction","target":{"@type":"EntryPoint","urlTemplate":"https:\/\/www.arte.tv\/sites\/olivierpere\/?s={search_term_string}"},"query-input":"required name=search_term_string"}],"inLanguage":"fr-FR"},{"@type":"Person","@id":"https:\/\/www.arte.tv\/sites\/olivierpere\/#\/schema\/person\/dc32cd6c79be95e52d43b97a74182558","name":"Olivier P\u00e8re","image":{"@type":"ImageObject","inLanguage":"fr-FR","@id":"https:\/\/www.arte.tv\/sites\/olivierpere\/#\/schema\/person\/image\/","url":"https:\/\/secure.gravatar.com\/avatar\/bdea7b6a2c195e2c41772429a9694758?s=96&d=mm&r=g","contentUrl":"https:\/\/secure.gravatar.com\/avatar\/bdea7b6a2c195e2c41772429a9694758?s=96&d=mm&r=g","caption":"Olivier P\u00e8re"},"url":"https:\/\/www.arte.tv\/sites\/olivierpere\/author\/pereolivier\/"}]}},"_links":{"self":[{"href":"https:\/\/www.arte.tv\/sites\/olivierpere\/wp-json\/wp\/v2\/posts\/28326"}],"collection":[{"href":"https:\/\/www.arte.tv\/sites\/olivierpere\/wp-json\/wp\/v2\/posts"}],"about":[{"href":"https:\/\/www.arte.tv\/sites\/olivierpere\/wp-json\/wp\/v2\/types\/post"}],"author":[{"embeddable":true,"href":"https:\/\/www.arte.tv\/sites\/olivierpere\/wp-json\/wp\/v2\/users\/116"}],"replies":[{"embeddable":true,"href":"https:\/\/www.arte.tv\/sites\/olivierpere\/wp-json\/wp\/v2\/comments?post=28326"}],"version-history":[{"count":2,"href":"https:\/\/www.arte.tv\/sites\/olivierpere\/wp-json\/wp\/v2\/posts\/28326\/revisions"}],"predecessor-version":[{"id":28329,"href":"https:\/\/www.arte.tv\/sites\/olivierpere\/wp-json\/wp\/v2\/posts\/28326\/revisions\/28329"}],"wp:featuredmedia":[{"embeddable":true,"href":"https:\/\/www.arte.tv\/sites\/olivierpere\/wp-json\/wp\/v2\/media\/28334"}],"wp:attachment":[{"href":"https:\/\/www.arte.tv\/sites\/olivierpere\/wp-json\/wp\/v2\/media?parent=28326"}],"wp:term":[{"taxonomy":"category","embeddable":true,"href":"https:\/\/www.arte.tv\/sites\/olivierpere\/wp-json\/wp\/v2\/categories?post=28326"},{"taxonomy":"post_tag","embeddable":true,"href":"https:\/\/www.arte.tv\/sites\/olivierpere\/wp-json\/wp\/v2\/tags?post=28326"}],"curies":[{"name":"wp","href":"https:\/\/api.w.org\/{rel}","templated":true}]}}