{"id":28322,"date":"2025-06-28T10:22:39","date_gmt":"2025-06-28T09:22:39","guid":{"rendered":"https:\/\/www.arte.tv\/sites\/olivierpere\/?p=28322"},"modified":"2025-06-30T10:23:51","modified_gmt":"2025-06-30T09:23:51","slug":"36-fillette-de-catherine-breillat","status":"publish","type":"post","link":"https:\/\/www.arte.tv\/sites\/olivierpere\/2025\/06\/28\/36-fillette-de-catherine-breillat\/","title":{"rendered":"36 Fillette de Catherine Breillat"},"content":{"rendered":"<p><strong>Lili, quatorze ans, passe ses vacances dans un camping avec ses parents et son fr\u00e8re. Un soir, elle rencontre Maurice, personnage cynique de quarante ans qui cherche \u00e0 la s\u00e9duire. Une relation ambigu\u00eb s&rsquo;installe alors. Apr\u00e8s <em>Une vraie jeune fille<\/em>, Catherine Breillat brosse dans son troisi\u00e8me long m\u00e9trage <em>36 Fillette<\/em> (1988) un nouveau portrait d&rsquo;adolescente rebelle, taraud\u00e9e par le d\u00e9sir sexuel. Catherine Breillat a plac\u00e9 le d\u00e9go\u00fbt de soi au c\u0153ur de plusieurs de ses films consacr\u00e9s \u00e0 la sexualit\u00e9 f\u00e9minine. Dans le sillage de Maurice Pialat, elle regarde les relations amoureuses, les rapports hommes\/femmes et le d\u00e9sir adolescent dans un style tr\u00e8s cru, \u00e0 la recherche d\u2019une v\u00e9rit\u00e9 impudique. La r\u00e9alisatrice adapte ici son roman \u00e9ponyme, publi\u00e9 l\u2019ann\u00e9e pr\u00e9c\u00e9dente. Breillat se souvient de la tentative de viol dont elle fut victime \u00e0 l\u2019\u00e2ge de quatorze ans. Elle a d\u00e9fini <em>36 Fillette<\/em> comme un film o\u00f9 la culpabilit\u00e9 du d\u00e9sir change de camp. C\u2019est un film antiromantique, provocateur et brutal mais sans complaisance, o\u00f9 se pr\u00e9cise le style froid de la r\u00e9alisatrice. <em>36 Fillette<\/em> avait subi au moment de sa sortie un violent rejet critique et public, avant d\u2019\u00eatre salu\u00e9 par la presse am\u00e9ricaine au festival de New York. Le film d\u00e9range toujours, sa force ne s\u2019est pas \u00e9mouss\u00e9e trente-sept ans plus tard. C\u2019est donc une r\u00e9ussite.<\/strong><\/p>\n<p><strong>Le Chat qui fume a \u00e9dit\u00e9 tous les films de Catherine Breillat en Blu-ray. Les suppl\u00e9ments permettent d\u2019\u00e9couter la cin\u00e9aste parler longuement, avec intelligence, de son travail au sujet de <em>36 Fillette<\/em>. On y trouve aussi un livret sign\u00e9 Murielle Joudet et des images d&rsquo;archives sur le tournage.<\/strong><\/p>\n<p><img decoding=\"async\" loading=\"lazy\" class=\"alignnone size-full wp-image-28323\" src=\"https:\/\/www.arte.tv\/sites\/olivierpere\/files\/3760147493123_vid.jpg\" alt=\"\" width=\"600\" height=\"811\" srcset=\"https:\/\/www.arte.tv\/sites\/olivierpere\/files\/3760147493123_vid.jpg 600w, https:\/\/www.arte.tv\/sites\/olivierpere\/files\/3760147493123_vid-207x280.jpg 207w, https:\/\/www.arte.tv\/sites\/olivierpere\/files\/3760147493123_vid-568x768.jpg 568w, https:\/\/www.arte.tv\/sites\/olivierpere\/files\/3760147493123_vid-580x784.jpg 580w\" sizes=\"(max-width: 600px) 100vw, 600px\" \/><\/p>\n<p>&nbsp;<\/p>\n","protected":false},"excerpt":{"rendered":"<p>Lili, quatorze ans, passe ses vacances dans un camping avec ses parents et son fr\u00e8re. Un soir, elle rencontre Maurice,\u2026<\/p>\n","protected":false},"author":116,"featured_media":0,"comment_status":"open","ping_status":"open","sticky":false,"template":"","format":"standard","meta":[],"categories":[9],"tags":[],"yoast_head":"<!-- This site is optimized with the Yoast SEO plugin v20.8 - https:\/\/yoast.com\/wordpress\/plugins\/seo\/ -->\n<title>36 Fillette de Catherine Breillat - Olivier P\u00e8re<\/title>\n<meta name=\"robots\" content=\"index, follow, max-snippet:-1, max-image-preview:large, max-video-preview:-1\" \/>\n<link rel=\"canonical\" href=\"https:\/\/www.arte.tv\/sites\/olivierpere\/2025\/06\/28\/36-fillette-de-catherine-breillat\/\" \/>\n<meta property=\"og:locale\" content=\"fr_FR\" \/>\n<meta property=\"og:type\" content=\"article\" \/>\n<meta property=\"og:title\" content=\"36 Fillette de Catherine Breillat - Olivier P\u00e8re\" \/>\n<meta property=\"og:description\" content=\"Lili, quatorze ans, passe ses vacances dans un camping avec ses parents et son fr\u00e8re. Un soir, elle rencontre Maurice,\u2026\" \/>\n<meta property=\"og:url\" content=\"https:\/\/www.arte.tv\/sites\/olivierpere\/2025\/06\/28\/36-fillette-de-catherine-breillat\/\" \/>\n<meta property=\"og:site_name\" content=\"Olivier P\u00e8re\" \/>\n<meta property=\"article:published_time\" content=\"2025-06-28T09:22:39+00:00\" \/>\n<meta property=\"article:modified_time\" content=\"2025-06-30T09:23:51+00:00\" \/>\n<meta property=\"og:image\" content=\"https:\/\/www.arte.tv\/sites\/olivierpere\/files\/3760147493123_vid.jpg\" \/>\n<meta name=\"author\" content=\"Olivier P\u00e8re\" \/>\n<meta name=\"twitter:label1\" content=\"\u00c9crit par\" \/>\n\t<meta name=\"twitter:data1\" content=\"Olivier P\u00e8re\" \/>\n\t<meta name=\"twitter:label2\" content=\"Dur\u00e9e de lecture estim\u00e9e\" \/>\n\t<meta name=\"twitter:data2\" content=\"2 minutes\" \/>\n<script type=\"application\/ld+json\" class=\"yoast-schema-graph\">{\"@context\":\"https:\/\/schema.org\",\"@graph\":[{\"@type\":\"WebPage\",\"@id\":\"https:\/\/www.arte.tv\/sites\/olivierpere\/2025\/06\/28\/36-fillette-de-catherine-breillat\/\",\"url\":\"https:\/\/www.arte.tv\/sites\/olivierpere\/2025\/06\/28\/36-fillette-de-catherine-breillat\/\",\"name\":\"36 Fillette de Catherine Breillat - Olivier P\u00e8re\",\"isPartOf\":{\"@id\":\"https:\/\/www.arte.tv\/sites\/olivierpere\/#website\"},\"datePublished\":\"2025-06-28T09:22:39+00:00\",\"dateModified\":\"2025-06-30T09:23:51+00:00\",\"author\":{\"@id\":\"https:\/\/www.arte.tv\/sites\/olivierpere\/#\/schema\/person\/dc32cd6c79be95e52d43b97a74182558\"},\"breadcrumb\":{\"@id\":\"https:\/\/www.arte.tv\/sites\/olivierpere\/2025\/06\/28\/36-fillette-de-catherine-breillat\/#breadcrumb\"},\"inLanguage\":\"fr-FR\",\"potentialAction\":[{\"@type\":\"ReadAction\",\"target\":[\"https:\/\/www.arte.tv\/sites\/olivierpere\/2025\/06\/28\/36-fillette-de-catherine-breillat\/\"]}]},{\"@type\":\"BreadcrumbList\",\"@id\":\"https:\/\/www.arte.tv\/sites\/olivierpere\/2025\/06\/28\/36-fillette-de-catherine-breillat\/#breadcrumb\",\"itemListElement\":[{\"@type\":\"ListItem\",\"position\":1,\"name\":\"Home\",\"item\":\"https:\/\/www.arte.tv\/sites\/olivierpere\/\"},{\"@type\":\"ListItem\",\"position\":2,\"name\":\"36 Fillette de Catherine Breillat\"}]},{\"@type\":\"WebSite\",\"@id\":\"https:\/\/www.arte.tv\/sites\/olivierpere\/#website\",\"url\":\"https:\/\/www.arte.tv\/sites\/olivierpere\/\",\"name\":\"Olivier P\u00e8re\",\"description\":\"\",\"potentialAction\":[{\"@type\":\"SearchAction\",\"target\":{\"@type\":\"EntryPoint\",\"urlTemplate\":\"https:\/\/www.arte.tv\/sites\/olivierpere\/?s={search_term_string}\"},\"query-input\":\"required name=search_term_string\"}],\"inLanguage\":\"fr-FR\"},{\"@type\":\"Person\",\"@id\":\"https:\/\/www.arte.tv\/sites\/olivierpere\/#\/schema\/person\/dc32cd6c79be95e52d43b97a74182558\",\"name\":\"Olivier P\u00e8re\",\"image\":{\"@type\":\"ImageObject\",\"inLanguage\":\"fr-FR\",\"@id\":\"https:\/\/www.arte.tv\/sites\/olivierpere\/#\/schema\/person\/image\/\",\"url\":\"https:\/\/secure.gravatar.com\/avatar\/bdea7b6a2c195e2c41772429a9694758?s=96&d=mm&r=g\",\"contentUrl\":\"https:\/\/secure.gravatar.com\/avatar\/bdea7b6a2c195e2c41772429a9694758?s=96&d=mm&r=g\",\"caption\":\"Olivier P\u00e8re\"},\"url\":\"https:\/\/www.arte.tv\/sites\/olivierpere\/author\/pereolivier\/\"}]}<\/script>\n<!-- \/ Yoast SEO plugin. -->","yoast_head_json":{"title":"36 Fillette de Catherine Breillat - Olivier P\u00e8re","robots":{"index":"index","follow":"follow","max-snippet":"max-snippet:-1","max-image-preview":"max-image-preview:large","max-video-preview":"max-video-preview:-1"},"canonical":"https:\/\/www.arte.tv\/sites\/olivierpere\/2025\/06\/28\/36-fillette-de-catherine-breillat\/","og_locale":"fr_FR","og_type":"article","og_title":"36 Fillette de Catherine Breillat - Olivier P\u00e8re","og_description":"Lili, quatorze ans, passe ses vacances dans un camping avec ses parents et son fr\u00e8re. Un soir, elle rencontre Maurice,\u2026","og_url":"https:\/\/www.arte.tv\/sites\/olivierpere\/2025\/06\/28\/36-fillette-de-catherine-breillat\/","og_site_name":"Olivier P\u00e8re","article_published_time":"2025-06-28T09:22:39+00:00","article_modified_time":"2025-06-30T09:23:51+00:00","og_image":[{"url":"https:\/\/www.arte.tv\/sites\/olivierpere\/files\/3760147493123_vid.jpg"}],"author":"Olivier P\u00e8re","twitter_misc":{"\u00c9crit par":"Olivier P\u00e8re","Dur\u00e9e de lecture estim\u00e9e":"2 minutes"},"schema":{"@context":"https:\/\/schema.org","@graph":[{"@type":"WebPage","@id":"https:\/\/www.arte.tv\/sites\/olivierpere\/2025\/06\/28\/36-fillette-de-catherine-breillat\/","url":"https:\/\/www.arte.tv\/sites\/olivierpere\/2025\/06\/28\/36-fillette-de-catherine-breillat\/","name":"36 Fillette de Catherine Breillat - Olivier P\u00e8re","isPartOf":{"@id":"https:\/\/www.arte.tv\/sites\/olivierpere\/#website"},"datePublished":"2025-06-28T09:22:39+00:00","dateModified":"2025-06-30T09:23:51+00:00","author":{"@id":"https:\/\/www.arte.tv\/sites\/olivierpere\/#\/schema\/person\/dc32cd6c79be95e52d43b97a74182558"},"breadcrumb":{"@id":"https:\/\/www.arte.tv\/sites\/olivierpere\/2025\/06\/28\/36-fillette-de-catherine-breillat\/#breadcrumb"},"inLanguage":"fr-FR","potentialAction":[{"@type":"ReadAction","target":["https:\/\/www.arte.tv\/sites\/olivierpere\/2025\/06\/28\/36-fillette-de-catherine-breillat\/"]}]},{"@type":"BreadcrumbList","@id":"https:\/\/www.arte.tv\/sites\/olivierpere\/2025\/06\/28\/36-fillette-de-catherine-breillat\/#breadcrumb","itemListElement":[{"@type":"ListItem","position":1,"name":"Home","item":"https:\/\/www.arte.tv\/sites\/olivierpere\/"},{"@type":"ListItem","position":2,"name":"36 Fillette de Catherine Breillat"}]},{"@type":"WebSite","@id":"https:\/\/www.arte.tv\/sites\/olivierpere\/#website","url":"https:\/\/www.arte.tv\/sites\/olivierpere\/","name":"Olivier P\u00e8re","description":"","potentialAction":[{"@type":"SearchAction","target":{"@type":"EntryPoint","urlTemplate":"https:\/\/www.arte.tv\/sites\/olivierpere\/?s={search_term_string}"},"query-input":"required name=search_term_string"}],"inLanguage":"fr-FR"},{"@type":"Person","@id":"https:\/\/www.arte.tv\/sites\/olivierpere\/#\/schema\/person\/dc32cd6c79be95e52d43b97a74182558","name":"Olivier P\u00e8re","image":{"@type":"ImageObject","inLanguage":"fr-FR","@id":"https:\/\/www.arte.tv\/sites\/olivierpere\/#\/schema\/person\/image\/","url":"https:\/\/secure.gravatar.com\/avatar\/bdea7b6a2c195e2c41772429a9694758?s=96&d=mm&r=g","contentUrl":"https:\/\/secure.gravatar.com\/avatar\/bdea7b6a2c195e2c41772429a9694758?s=96&d=mm&r=g","caption":"Olivier P\u00e8re"},"url":"https:\/\/www.arte.tv\/sites\/olivierpere\/author\/pereolivier\/"}]}},"_links":{"self":[{"href":"https:\/\/www.arte.tv\/sites\/olivierpere\/wp-json\/wp\/v2\/posts\/28322"}],"collection":[{"href":"https:\/\/www.arte.tv\/sites\/olivierpere\/wp-json\/wp\/v2\/posts"}],"about":[{"href":"https:\/\/www.arte.tv\/sites\/olivierpere\/wp-json\/wp\/v2\/types\/post"}],"author":[{"embeddable":true,"href":"https:\/\/www.arte.tv\/sites\/olivierpere\/wp-json\/wp\/v2\/users\/116"}],"replies":[{"embeddable":true,"href":"https:\/\/www.arte.tv\/sites\/olivierpere\/wp-json\/wp\/v2\/comments?post=28322"}],"version-history":[{"count":1,"href":"https:\/\/www.arte.tv\/sites\/olivierpere\/wp-json\/wp\/v2\/posts\/28322\/revisions"}],"predecessor-version":[{"id":28324,"href":"https:\/\/www.arte.tv\/sites\/olivierpere\/wp-json\/wp\/v2\/posts\/28322\/revisions\/28324"}],"wp:attachment":[{"href":"https:\/\/www.arte.tv\/sites\/olivierpere\/wp-json\/wp\/v2\/media?parent=28322"}],"wp:term":[{"taxonomy":"category","embeddable":true,"href":"https:\/\/www.arte.tv\/sites\/olivierpere\/wp-json\/wp\/v2\/categories?post=28322"},{"taxonomy":"post_tag","embeddable":true,"href":"https:\/\/www.arte.tv\/sites\/olivierpere\/wp-json\/wp\/v2\/tags?post=28322"}],"curies":[{"name":"wp","href":"https:\/\/api.w.org\/{rel}","templated":true}]}}