{"id":28319,"date":"2025-06-27T14:49:58","date_gmt":"2025-06-27T13:49:58","guid":{"rendered":"https:\/\/www.arte.tv\/sites\/olivierpere\/?p=28319"},"modified":"2025-10-21T15:00:58","modified_gmt":"2025-10-21T14:00:58","slug":"arte-france-cinema-coproduit-les-prochains-films-de-robert-guediguian-july-jung-riyusuke-hamaguchi-pawel-pawlikovski-et-le-premier-long-metrage-de-masha-kondakova","status":"publish","type":"post","link":"https:\/\/www.arte.tv\/sites\/olivierpere\/2025\/06\/27\/arte-france-cinema-coproduit-les-prochains-films-de-robert-guediguian-july-jung-riyusuke-hamaguchi-pawel-pawlikovski-et-le-premier-long-metrage-de-masha-kondakova\/","title":{"rendered":"ARTE France Cin\u00e9ma coproduit les prochains films de Robert Gu\u00e9diguian, July Jung, Riy\u00fbsuke Hamaguchi, Pawel Pawlikowski et le premier long m\u00e9trage de Masha Kondakova"},"content":{"rendered":"<table role=\"presentation\" border=\"0\" width=\"100%\" cellspacing=\"0\" cellpadding=\"0\">\n<tbody>\n<tr>\n<td class=\"chapo\" align=\"left\">\n<div>\n<p><strong>Le comit\u00e9 de s\u00e9lection d\u2019ARTE France Cin\u00e9ma, r\u00e9uni le 19 juin, a d\u00e9cid\u00e9 de s\u2019engager sur cinq nouveaux long m\u00e9trages.\u00a0<\/strong><\/p>\n<\/div>\n<\/td>\n<\/tr>\n<tr>\n<td align=\"left\">\n<div>\n<p><strong><em>Une femme aujourd\u2019hui<\/em> de Robert Gu\u00e9diguian<\/strong><br \/>\n<strong>\u00c9crit par Robert Gu\u00e9diguian, Serge Valletti et Laurette Polmanns<\/strong><br \/>\n<strong>AGAT FILMS (France)<\/strong><br \/>\n<strong>Avec Ariane Ascaride, Marilou Aussilloux, Jean-Pierre Darroussin, Gr\u00e9goire Leprince-Ringuet, G\u00e9rard Meylan, Lola Naymark, Robinson St\u00e9venin, Patrick Bonnel<\/strong><br \/>\n<strong>Robert Gu\u00e9diguian poursuit, toujours aux c\u00f4t\u00e9s de ses acteurs phares Ariane Ascaride, Jean-Pierre Darroussin, sa qu\u00eate d\u2019un cin\u00e9ma engag\u00e9 r\u00e9v\u00e9lant les blessures sociales et g\u00e9n\u00e9rationnelles enfouies dans un monde en mutation.<\/strong><br \/>\n<strong>C\u2019est l\u2019histoire d\u2019une jeune femme qui se croit \u00e9mancip\u00e9e, une jeune femme pour qui la vie est facile et l\u00e9g\u00e8re jusqu\u2019au jour o\u00f9 une violente agression lui r\u00e9v\u00e8le que sa libert\u00e9 n\u2019\u00e9tait qu\u2019un vernis qui, en craquant, laisse appara\u00eetre les plaies de notre \u00e9poque\u2026 Elle va alors chercher un nouveau chemin pour que sa vie trouve un sens.Tournage pr\u00e9vu \u00e0 partir du 1<sup>er<\/sup> septembre pour une dur\u00e9e de huit semaines, \u00e0 Marseille.\u00a0<\/strong><\/p>\n<p><strong><em>Soudain <\/em>de Ry\u00fbsuke Hamaguchi<\/strong><br \/>\n<strong>\u00c9crit par Ry\u00fbsuke Hamaguchi et L\u00e9a Le Dimna<\/strong><br \/>\n<strong>CIN\u00c9FRANCE STUDIOS (France), SHIROUS OFFICE et BITTERS END (Japon), TARANTULA (Belgique), HEIMAT FILMS (Allemagne)<\/strong><br \/>\n<strong>Avec Virginie Efira, Tao Okamoto<\/strong><br \/>\n<strong>Apr\u00e8s <em>Drive My Car<\/em> (Oscar 2022 du Meilleur Film \u00c9tranger, et Prix du Sc\u00e9nario au Festival de Cannes en 2021) et <em>Le mal n\u2019existe pas<\/em> (Grand prix du jury, Mostra de Venise 2023), Ry\u00fbsuke Hamaguchi \u00e9tablit un dialogue interculturel entre deux femmes, au confluent des traditions cin\u00e9matographiques fran\u00e7aise et japonaise.<\/strong><br \/>\n<strong>\u00c0 la t\u00eate d\u2019un EHPAD en banlieue parisienne, Marie-Lou tente d\u2019y introduire une m\u00e9thode de soins innovante et trs\u00e8 humaine, malgr\u00e9 les r\u00e9sistances. Sa rencontre inattendue avec Mari, une metteuse en sc\u00e8ne japonaise atteinte d\u2019un cancer, bouleverse sa trajectoire. Li\u00e9es par une vision commune et l&rsquo;attachement de chacune \u00e0 la langue de l&rsquo;autre, les deux femmes entament une amiti\u00e9 profonde qui transformera leur regard sur la vie \u2014 et celui de tout un \u00e9tablissement.<\/strong><br \/>\n<strong>Tournage pr\u00e9vu du 30 juin au 6 septembre 2025, \u00e0 Paris et \u00e0 Kyoto au Japon.<\/strong><\/p>\n<p><strong><em>Warrior<\/em> de Masha Kondakova \u2013 1<sup>er<\/sup> film<\/strong><br \/>\n<strong>\u00c9crit par Masha Kondakova et Pascal Marc<\/strong><br \/>\n<strong>WILD WEST (France), MICRO FILM (Roumanie)<\/strong><br \/>\n<strong>Masha Kondakova explore dans ce premier long m\u00e9trage le croisement de l\u2019intime et de la guerre. Sasha, une jeune tireuse d&rsquo;\u00e9lite, rentre dans son village de l&rsquo;ouest de l&rsquo;Ukraine apr\u00e8s avoir combattu dans le Donbass. Elle retrouve son p\u00e8re et renoue avec son premier amour, Den, un v\u00e9t\u00e9ran r\u00eavant de regagner le front. Lorsqu&rsquo;elle d\u00e9couvre que la for\u00eat familiale a \u00e9t\u00e9 abattue, Sasha mesure la d\u00e9forestation en cours. Elle d\u00e9cide de tirer sur les camions forestiers mais finit par \u00eatre elle-m\u00eame prise pour cible Den, boulevers\u00e9, veut venger la jeune femme, mais Sasha cherche une autre fa\u00e7on de se battre.<\/strong><br \/>\n<strong>Tournage pr\u00e9vu de f\u00e9vrier \u00e0 juin 2026, dans l\u2019ouest de l\u2019Ukraine.<\/strong><\/p>\n<p><strong><em>Dora<\/em> de July Jung<\/strong><br \/>\n<strong>The French Connection (France), RedPeter Films (Cor\u00e9e du Sud), Les Films Fauve (Luxembourg)<\/strong><br \/>\n<strong>Avec Sakura And\u00f4, Kim Do-yeon<\/strong><br \/>\n<strong>Pour son troisi\u00e8me long m\u00e9trage apr\u00e8s <em>A Girl at My Door <\/em>et <em>About Kim Sohee<\/em>, July Jung livre une \u0153uvre marqu\u00e9e par la qu\u00eate de r\u00e9silience, r\u00e9interpr\u00e9tant le cas Dora de Freud, qu\u2019elle r\u00e9actualise dans un contexte cor\u00e9en contemporain.<\/strong><br \/>\n<strong>Dora est une jeune fille qui souffre d\u2019une maladie qui l\u2019affecte tant sur le plan physique que mental. Lorsqu\u2019elle tombe amoureuse, un chemin de gu\u00e9rison commence. La force impitoyable de l\u2019amour et de la haine qu\u2019elle traversera viendra, malgr\u00e9 tout, r\u00e9v\u00e9ler des moments de fascination lumineux.<\/strong><br \/>\n<strong>Tournage pr\u00e9vu du 4 ao\u00fbt au 19 septembre 2025, \u00e0 Namhae en Cor\u00e9e du Sud.<\/strong><\/p>\n<p><strong>Le comit\u00e9 s&rsquo;est \u00e9galement engag\u00e9 sur le prochain long m\u00e9trage de Pawel Pawlikowski. Des infos plus d\u00e9taill\u00e9es seront communiqu\u00e9es ult\u00e9rieurement.\u00a0<\/strong><\/p>\n<\/div>\n<\/td>\n<\/tr>\n<\/tbody>\n<\/table>\n","protected":false},"excerpt":{"rendered":"<p>Le comit\u00e9 de s\u00e9lection d\u2019ARTE France Cin\u00e9ma, r\u00e9uni le 19 juin, a d\u00e9cid\u00e9 de s\u2019engager sur cinq nouveaux long m\u00e9trages.\u00a0\u2026<\/p>\n","protected":false},"author":116,"featured_media":0,"comment_status":"open","ping_status":"open","sticky":false,"template":"","format":"standard","meta":[],"categories":[9,6],"tags":[],"yoast_head":"<!-- This site is optimized with the Yoast SEO plugin v20.8 - https:\/\/yoast.com\/wordpress\/plugins\/seo\/ -->\n<title>ARTE France Cin\u00e9ma coproduit les prochains films de Robert Gu\u00e9diguian, July Jung, Riy\u00fbsuke Hamaguchi, Pawel Pawlikowski et le premier long m\u00e9trage de Masha Kondakova - Olivier P\u00e8re<\/title>\n<meta name=\"robots\" content=\"index, follow, max-snippet:-1, max-image-preview:large, max-video-preview:-1\" \/>\n<link rel=\"canonical\" href=\"https:\/\/www.arte.tv\/sites\/olivierpere\/2025\/06\/27\/arte-france-cinema-coproduit-les-prochains-films-de-robert-guediguian-july-jung-riyusuke-hamaguchi-pawel-pawlikovski-et-le-premier-long-metrage-de-masha-kondakova\/\" \/>\n<meta property=\"og:locale\" content=\"fr_FR\" \/>\n<meta property=\"og:type\" content=\"article\" \/>\n<meta property=\"og:title\" content=\"ARTE France Cin\u00e9ma coproduit les prochains films de Robert Gu\u00e9diguian, July Jung, Riy\u00fbsuke Hamaguchi, Pawel Pawlikowski et le premier long m\u00e9trage de Masha Kondakova - Olivier P\u00e8re\" \/>\n<meta property=\"og:description\" content=\"Le comit\u00e9 de s\u00e9lection d\u2019ARTE France Cin\u00e9ma, r\u00e9uni le 19 juin, a d\u00e9cid\u00e9 de s\u2019engager sur cinq nouveaux long m\u00e9trages.\u00a0\u2026\" \/>\n<meta property=\"og:url\" content=\"https:\/\/www.arte.tv\/sites\/olivierpere\/2025\/06\/27\/arte-france-cinema-coproduit-les-prochains-films-de-robert-guediguian-july-jung-riyusuke-hamaguchi-pawel-pawlikovski-et-le-premier-long-metrage-de-masha-kondakova\/\" \/>\n<meta property=\"og:site_name\" content=\"Olivier P\u00e8re\" \/>\n<meta property=\"article:published_time\" content=\"2025-06-27T13:49:58+00:00\" \/>\n<meta property=\"article:modified_time\" content=\"2025-10-21T14:00:58+00:00\" \/>\n<meta name=\"author\" content=\"Olivier P\u00e8re\" \/>\n<meta name=\"twitter:label1\" content=\"\u00c9crit par\" \/>\n\t<meta name=\"twitter:data1\" content=\"Olivier P\u00e8re\" \/>\n\t<meta name=\"twitter:label2\" content=\"Dur\u00e9e de lecture estim\u00e9e\" \/>\n\t<meta name=\"twitter:data2\" content=\"4 minutes\" \/>\n<script type=\"application\/ld+json\" class=\"yoast-schema-graph\">{\"@context\":\"https:\/\/schema.org\",\"@graph\":[{\"@type\":\"WebPage\",\"@id\":\"https:\/\/www.arte.tv\/sites\/olivierpere\/2025\/06\/27\/arte-france-cinema-coproduit-les-prochains-films-de-robert-guediguian-july-jung-riyusuke-hamaguchi-pawel-pawlikovski-et-le-premier-long-metrage-de-masha-kondakova\/\",\"url\":\"https:\/\/www.arte.tv\/sites\/olivierpere\/2025\/06\/27\/arte-france-cinema-coproduit-les-prochains-films-de-robert-guediguian-july-jung-riyusuke-hamaguchi-pawel-pawlikovski-et-le-premier-long-metrage-de-masha-kondakova\/\",\"name\":\"ARTE France Cin\u00e9ma coproduit les prochains films de Robert Gu\u00e9diguian, July Jung, Riy\u00fbsuke Hamaguchi, Pawel Pawlikowski et le premier long m\u00e9trage de Masha Kondakova - Olivier P\u00e8re\",\"isPartOf\":{\"@id\":\"https:\/\/www.arte.tv\/sites\/olivierpere\/#website\"},\"datePublished\":\"2025-06-27T13:49:58+00:00\",\"dateModified\":\"2025-10-21T14:00:58+00:00\",\"author\":{\"@id\":\"https:\/\/www.arte.tv\/sites\/olivierpere\/#\/schema\/person\/dc32cd6c79be95e52d43b97a74182558\"},\"breadcrumb\":{\"@id\":\"https:\/\/www.arte.tv\/sites\/olivierpere\/2025\/06\/27\/arte-france-cinema-coproduit-les-prochains-films-de-robert-guediguian-july-jung-riyusuke-hamaguchi-pawel-pawlikovski-et-le-premier-long-metrage-de-masha-kondakova\/#breadcrumb\"},\"inLanguage\":\"fr-FR\",\"potentialAction\":[{\"@type\":\"ReadAction\",\"target\":[\"https:\/\/www.arte.tv\/sites\/olivierpere\/2025\/06\/27\/arte-france-cinema-coproduit-les-prochains-films-de-robert-guediguian-july-jung-riyusuke-hamaguchi-pawel-pawlikovski-et-le-premier-long-metrage-de-masha-kondakova\/\"]}]},{\"@type\":\"BreadcrumbList\",\"@id\":\"https:\/\/www.arte.tv\/sites\/olivierpere\/2025\/06\/27\/arte-france-cinema-coproduit-les-prochains-films-de-robert-guediguian-july-jung-riyusuke-hamaguchi-pawel-pawlikovski-et-le-premier-long-metrage-de-masha-kondakova\/#breadcrumb\",\"itemListElement\":[{\"@type\":\"ListItem\",\"position\":1,\"name\":\"Home\",\"item\":\"https:\/\/www.arte.tv\/sites\/olivierpere\/\"},{\"@type\":\"ListItem\",\"position\":2,\"name\":\"ARTE France Cin\u00e9ma coproduit les prochains films de Robert Gu\u00e9diguian, July Jung, Riy\u00fbsuke Hamaguchi, Pawel Pawlikowski et le premier long m\u00e9trage de Masha Kondakova\"}]},{\"@type\":\"WebSite\",\"@id\":\"https:\/\/www.arte.tv\/sites\/olivierpere\/#website\",\"url\":\"https:\/\/www.arte.tv\/sites\/olivierpere\/\",\"name\":\"Olivier P\u00e8re\",\"description\":\"\",\"potentialAction\":[{\"@type\":\"SearchAction\",\"target\":{\"@type\":\"EntryPoint\",\"urlTemplate\":\"https:\/\/www.arte.tv\/sites\/olivierpere\/?s={search_term_string}\"},\"query-input\":\"required name=search_term_string\"}],\"inLanguage\":\"fr-FR\"},{\"@type\":\"Person\",\"@id\":\"https:\/\/www.arte.tv\/sites\/olivierpere\/#\/schema\/person\/dc32cd6c79be95e52d43b97a74182558\",\"name\":\"Olivier P\u00e8re\",\"image\":{\"@type\":\"ImageObject\",\"inLanguage\":\"fr-FR\",\"@id\":\"https:\/\/www.arte.tv\/sites\/olivierpere\/#\/schema\/person\/image\/\",\"url\":\"https:\/\/secure.gravatar.com\/avatar\/bdea7b6a2c195e2c41772429a9694758?s=96&d=mm&r=g\",\"contentUrl\":\"https:\/\/secure.gravatar.com\/avatar\/bdea7b6a2c195e2c41772429a9694758?s=96&d=mm&r=g\",\"caption\":\"Olivier P\u00e8re\"},\"url\":\"https:\/\/www.arte.tv\/sites\/olivierpere\/author\/pereolivier\/\"}]}<\/script>\n<!-- \/ Yoast SEO plugin. -->","yoast_head_json":{"title":"ARTE France Cin\u00e9ma coproduit les prochains films de Robert Gu\u00e9diguian, July Jung, Riy\u00fbsuke Hamaguchi, Pawel Pawlikowski et le premier long m\u00e9trage de Masha Kondakova - Olivier P\u00e8re","robots":{"index":"index","follow":"follow","max-snippet":"max-snippet:-1","max-image-preview":"max-image-preview:large","max-video-preview":"max-video-preview:-1"},"canonical":"https:\/\/www.arte.tv\/sites\/olivierpere\/2025\/06\/27\/arte-france-cinema-coproduit-les-prochains-films-de-robert-guediguian-july-jung-riyusuke-hamaguchi-pawel-pawlikovski-et-le-premier-long-metrage-de-masha-kondakova\/","og_locale":"fr_FR","og_type":"article","og_title":"ARTE France Cin\u00e9ma coproduit les prochains films de Robert Gu\u00e9diguian, July Jung, Riy\u00fbsuke Hamaguchi, Pawel Pawlikowski et le premier long m\u00e9trage de Masha Kondakova - Olivier P\u00e8re","og_description":"Le comit\u00e9 de s\u00e9lection d\u2019ARTE France Cin\u00e9ma, r\u00e9uni le 19 juin, a d\u00e9cid\u00e9 de s\u2019engager sur cinq nouveaux long m\u00e9trages.\u00a0\u2026","og_url":"https:\/\/www.arte.tv\/sites\/olivierpere\/2025\/06\/27\/arte-france-cinema-coproduit-les-prochains-films-de-robert-guediguian-july-jung-riyusuke-hamaguchi-pawel-pawlikovski-et-le-premier-long-metrage-de-masha-kondakova\/","og_site_name":"Olivier P\u00e8re","article_published_time":"2025-06-27T13:49:58+00:00","article_modified_time":"2025-10-21T14:00:58+00:00","author":"Olivier P\u00e8re","twitter_misc":{"\u00c9crit par":"Olivier P\u00e8re","Dur\u00e9e de lecture estim\u00e9e":"4 minutes"},"schema":{"@context":"https:\/\/schema.org","@graph":[{"@type":"WebPage","@id":"https:\/\/www.arte.tv\/sites\/olivierpere\/2025\/06\/27\/arte-france-cinema-coproduit-les-prochains-films-de-robert-guediguian-july-jung-riyusuke-hamaguchi-pawel-pawlikovski-et-le-premier-long-metrage-de-masha-kondakova\/","url":"https:\/\/www.arte.tv\/sites\/olivierpere\/2025\/06\/27\/arte-france-cinema-coproduit-les-prochains-films-de-robert-guediguian-july-jung-riyusuke-hamaguchi-pawel-pawlikovski-et-le-premier-long-metrage-de-masha-kondakova\/","name":"ARTE France Cin\u00e9ma coproduit les prochains films de Robert Gu\u00e9diguian, July Jung, Riy\u00fbsuke Hamaguchi, Pawel Pawlikowski et le premier long m\u00e9trage de Masha Kondakova - Olivier P\u00e8re","isPartOf":{"@id":"https:\/\/www.arte.tv\/sites\/olivierpere\/#website"},"datePublished":"2025-06-27T13:49:58+00:00","dateModified":"2025-10-21T14:00:58+00:00","author":{"@id":"https:\/\/www.arte.tv\/sites\/olivierpere\/#\/schema\/person\/dc32cd6c79be95e52d43b97a74182558"},"breadcrumb":{"@id":"https:\/\/www.arte.tv\/sites\/olivierpere\/2025\/06\/27\/arte-france-cinema-coproduit-les-prochains-films-de-robert-guediguian-july-jung-riyusuke-hamaguchi-pawel-pawlikovski-et-le-premier-long-metrage-de-masha-kondakova\/#breadcrumb"},"inLanguage":"fr-FR","potentialAction":[{"@type":"ReadAction","target":["https:\/\/www.arte.tv\/sites\/olivierpere\/2025\/06\/27\/arte-france-cinema-coproduit-les-prochains-films-de-robert-guediguian-july-jung-riyusuke-hamaguchi-pawel-pawlikovski-et-le-premier-long-metrage-de-masha-kondakova\/"]}]},{"@type":"BreadcrumbList","@id":"https:\/\/www.arte.tv\/sites\/olivierpere\/2025\/06\/27\/arte-france-cinema-coproduit-les-prochains-films-de-robert-guediguian-july-jung-riyusuke-hamaguchi-pawel-pawlikovski-et-le-premier-long-metrage-de-masha-kondakova\/#breadcrumb","itemListElement":[{"@type":"ListItem","position":1,"name":"Home","item":"https:\/\/www.arte.tv\/sites\/olivierpere\/"},{"@type":"ListItem","position":2,"name":"ARTE France Cin\u00e9ma coproduit les prochains films de Robert Gu\u00e9diguian, July Jung, Riy\u00fbsuke Hamaguchi, Pawel Pawlikowski et le premier long m\u00e9trage de Masha Kondakova"}]},{"@type":"WebSite","@id":"https:\/\/www.arte.tv\/sites\/olivierpere\/#website","url":"https:\/\/www.arte.tv\/sites\/olivierpere\/","name":"Olivier P\u00e8re","description":"","potentialAction":[{"@type":"SearchAction","target":{"@type":"EntryPoint","urlTemplate":"https:\/\/www.arte.tv\/sites\/olivierpere\/?s={search_term_string}"},"query-input":"required name=search_term_string"}],"inLanguage":"fr-FR"},{"@type":"Person","@id":"https:\/\/www.arte.tv\/sites\/olivierpere\/#\/schema\/person\/dc32cd6c79be95e52d43b97a74182558","name":"Olivier P\u00e8re","image":{"@type":"ImageObject","inLanguage":"fr-FR","@id":"https:\/\/www.arte.tv\/sites\/olivierpere\/#\/schema\/person\/image\/","url":"https:\/\/secure.gravatar.com\/avatar\/bdea7b6a2c195e2c41772429a9694758?s=96&d=mm&r=g","contentUrl":"https:\/\/secure.gravatar.com\/avatar\/bdea7b6a2c195e2c41772429a9694758?s=96&d=mm&r=g","caption":"Olivier P\u00e8re"},"url":"https:\/\/www.arte.tv\/sites\/olivierpere\/author\/pereolivier\/"}]}},"_links":{"self":[{"href":"https:\/\/www.arte.tv\/sites\/olivierpere\/wp-json\/wp\/v2\/posts\/28319"}],"collection":[{"href":"https:\/\/www.arte.tv\/sites\/olivierpere\/wp-json\/wp\/v2\/posts"}],"about":[{"href":"https:\/\/www.arte.tv\/sites\/olivierpere\/wp-json\/wp\/v2\/types\/post"}],"author":[{"embeddable":true,"href":"https:\/\/www.arte.tv\/sites\/olivierpere\/wp-json\/wp\/v2\/users\/116"}],"replies":[{"embeddable":true,"href":"https:\/\/www.arte.tv\/sites\/olivierpere\/wp-json\/wp\/v2\/comments?post=28319"}],"version-history":[{"count":3,"href":"https:\/\/www.arte.tv\/sites\/olivierpere\/wp-json\/wp\/v2\/posts\/28319\/revisions"}],"predecessor-version":[{"id":28397,"href":"https:\/\/www.arte.tv\/sites\/olivierpere\/wp-json\/wp\/v2\/posts\/28319\/revisions\/28397"}],"wp:attachment":[{"href":"https:\/\/www.arte.tv\/sites\/olivierpere\/wp-json\/wp\/v2\/media?parent=28319"}],"wp:term":[{"taxonomy":"category","embeddable":true,"href":"https:\/\/www.arte.tv\/sites\/olivierpere\/wp-json\/wp\/v2\/categories?post=28319"},{"taxonomy":"post_tag","embeddable":true,"href":"https:\/\/www.arte.tv\/sites\/olivierpere\/wp-json\/wp\/v2\/tags?post=28319"}],"curies":[{"name":"wp","href":"https:\/\/api.w.org\/{rel}","templated":true}]}}