{"id":28241,"date":"2025-05-12T08:24:18","date_gmt":"2025-05-12T07:24:18","guid":{"rendered":"https:\/\/www.arte.tv\/sites\/olivierpere\/?p=28241"},"modified":"2025-05-21T18:21:24","modified_gmt":"2025-05-21T17:21:24","slug":"arte-kino-conversation-avec-juliette-binoche","status":"publish","type":"post","link":"https:\/\/www.arte.tv\/sites\/olivierpere\/2025\/05\/12\/arte-kino-conversation-avec-juliette-binoche\/","title":{"rendered":"ARTE Kino Conversation avec Juliette Binoche"},"content":{"rendered":"<p><iframe loading=\"lazy\" style=\"margin: 0 auto;position: relative;background-color: #000000\" src=\"https:\/\/www.arte.tv\/embeds\/fr\/122119-005-A?autoplay=false\" width=\"720\" height=\"406\" frameborder=\"0\" scrolling=\"no\"><\/iframe><\/p>\n<p><strong>Le 78\u00e8me Festival de Cannes s&rsquo;ouvre mardi 13 mai, avec Juliette Binoche dans le r\u00f4le de la pr\u00e9sidente du jury. A cette occasion, Arte vous propose de voir ou revoir <em>Rendez-vous<\/em> d&rsquo;Andr\u00e9 T\u00e9chin\u00e9, <em>L&rsquo;Heure d&rsquo;\u00e9t\u00e9<\/em> d&rsquo;Olivier Assayas, <em>Un beau soleil int\u00e9rieur<\/em> et <em>High Life<\/em> de Claire Denis (photo en t\u00eate de texte), quatre titres remarquables d&rsquo;une filmographie exceptionnelle au cours de laquelle Juliette Binoche a explor\u00e9 tout le cin\u00e9ma, et travaill\u00e9 avec plusieurs grands cin\u00e9astes du monde entier. Nous avons rencontr\u00e9 Juliette Binoche pour converser avec elle de son travail d&rsquo;actrice, de son rapport au jeu et \u00e0 la mise en sc\u00e8ne.<\/strong><\/p>\n<p><strong>Les films sont disponibles gratuitement sur Arte.tv. <em>Un beau soleil int\u00e9rieur <\/em>sera mis en ligne apr\u00e8s le festival.<\/strong><\/p>\n","protected":false},"excerpt":{"rendered":"<p>Le 78\u00e8me Festival de Cannes s&rsquo;ouvre mardi 13 mai, avec Juliette Binoche dans le r\u00f4le de la pr\u00e9sidente du jury.\u2026<\/p>\n","protected":false},"author":116,"featured_media":28281,"comment_status":"open","ping_status":"open","sticky":false,"template":"","format":"standard","meta":[],"categories":[9,6,7,8],"tags":[],"yoast_head":"<!-- This site is optimized with the Yoast SEO plugin v20.8 - https:\/\/yoast.com\/wordpress\/plugins\/seo\/ -->\n<title>ARTE Kino Conversation avec Juliette Binoche - Olivier P\u00e8re<\/title>\n<meta name=\"robots\" content=\"index, follow, max-snippet:-1, max-image-preview:large, max-video-preview:-1\" \/>\n<link rel=\"canonical\" href=\"https:\/\/www.arte.tv\/sites\/olivierpere\/2025\/05\/12\/arte-kino-conversation-avec-juliette-binoche\/\" \/>\n<meta property=\"og:locale\" content=\"fr_FR\" \/>\n<meta property=\"og:type\" content=\"article\" \/>\n<meta property=\"og:title\" content=\"ARTE Kino Conversation avec Juliette Binoche - Olivier P\u00e8re\" \/>\n<meta property=\"og:description\" content=\"Le 78\u00e8me Festival de Cannes s&rsquo;ouvre mardi 13 mai, avec Juliette Binoche dans le r\u00f4le de la pr\u00e9sidente du jury.\u2026\" \/>\n<meta property=\"og:url\" content=\"https:\/\/www.arte.tv\/sites\/olivierpere\/2025\/05\/12\/arte-kino-conversation-avec-juliette-binoche\/\" \/>\n<meta property=\"og:site_name\" content=\"Olivier P\u00e8re\" \/>\n<meta property=\"article:published_time\" content=\"2025-05-12T07:24:18+00:00\" \/>\n<meta property=\"article:modified_time\" content=\"2025-05-21T17:21:24+00:00\" \/>\n<meta property=\"og:image\" content=\"https:\/\/www.arte.tv\/sites\/olivierpere\/files\/large_landscape_169431.jpg\" \/>\n\t<meta property=\"og:image:width\" content=\"1200\" \/>\n\t<meta property=\"og:image:height\" content=\"675\" \/>\n\t<meta property=\"og:image:type\" content=\"image\/jpeg\" \/>\n<meta name=\"author\" content=\"Olivier P\u00e8re\" \/>\n<meta name=\"twitter:label1\" content=\"\u00c9crit par\" \/>\n\t<meta name=\"twitter:data1\" content=\"Olivier P\u00e8re\" \/>\n\t<meta name=\"twitter:label2\" content=\"Dur\u00e9e de lecture estim\u00e9e\" \/>\n\t<meta name=\"twitter:data2\" content=\"1 minute\" \/>\n<script type=\"application\/ld+json\" class=\"yoast-schema-graph\">{\"@context\":\"https:\/\/schema.org\",\"@graph\":[{\"@type\":\"WebPage\",\"@id\":\"https:\/\/www.arte.tv\/sites\/olivierpere\/2025\/05\/12\/arte-kino-conversation-avec-juliette-binoche\/\",\"url\":\"https:\/\/www.arte.tv\/sites\/olivierpere\/2025\/05\/12\/arte-kino-conversation-avec-juliette-binoche\/\",\"name\":\"ARTE Kino Conversation avec Juliette Binoche - Olivier P\u00e8re\",\"isPartOf\":{\"@id\":\"https:\/\/www.arte.tv\/sites\/olivierpere\/#website\"},\"datePublished\":\"2025-05-12T07:24:18+00:00\",\"dateModified\":\"2025-05-21T17:21:24+00:00\",\"author\":{\"@id\":\"https:\/\/www.arte.tv\/sites\/olivierpere\/#\/schema\/person\/dc32cd6c79be95e52d43b97a74182558\"},\"breadcrumb\":{\"@id\":\"https:\/\/www.arte.tv\/sites\/olivierpere\/2025\/05\/12\/arte-kino-conversation-avec-juliette-binoche\/#breadcrumb\"},\"inLanguage\":\"fr-FR\",\"potentialAction\":[{\"@type\":\"ReadAction\",\"target\":[\"https:\/\/www.arte.tv\/sites\/olivierpere\/2025\/05\/12\/arte-kino-conversation-avec-juliette-binoche\/\"]}]},{\"@type\":\"BreadcrumbList\",\"@id\":\"https:\/\/www.arte.tv\/sites\/olivierpere\/2025\/05\/12\/arte-kino-conversation-avec-juliette-binoche\/#breadcrumb\",\"itemListElement\":[{\"@type\":\"ListItem\",\"position\":1,\"name\":\"Home\",\"item\":\"https:\/\/www.arte.tv\/sites\/olivierpere\/\"},{\"@type\":\"ListItem\",\"position\":2,\"name\":\"ARTE Kino Conversation avec Juliette Binoche\"}]},{\"@type\":\"WebSite\",\"@id\":\"https:\/\/www.arte.tv\/sites\/olivierpere\/#website\",\"url\":\"https:\/\/www.arte.tv\/sites\/olivierpere\/\",\"name\":\"Olivier P\u00e8re\",\"description\":\"\",\"potentialAction\":[{\"@type\":\"SearchAction\",\"target\":{\"@type\":\"EntryPoint\",\"urlTemplate\":\"https:\/\/www.arte.tv\/sites\/olivierpere\/?s={search_term_string}\"},\"query-input\":\"required name=search_term_string\"}],\"inLanguage\":\"fr-FR\"},{\"@type\":\"Person\",\"@id\":\"https:\/\/www.arte.tv\/sites\/olivierpere\/#\/schema\/person\/dc32cd6c79be95e52d43b97a74182558\",\"name\":\"Olivier P\u00e8re\",\"image\":{\"@type\":\"ImageObject\",\"inLanguage\":\"fr-FR\",\"@id\":\"https:\/\/www.arte.tv\/sites\/olivierpere\/#\/schema\/person\/image\/\",\"url\":\"https:\/\/secure.gravatar.com\/avatar\/bdea7b6a2c195e2c41772429a9694758?s=96&d=mm&r=g\",\"contentUrl\":\"https:\/\/secure.gravatar.com\/avatar\/bdea7b6a2c195e2c41772429a9694758?s=96&d=mm&r=g\",\"caption\":\"Olivier P\u00e8re\"},\"url\":\"https:\/\/www.arte.tv\/sites\/olivierpere\/author\/pereolivier\/\"}]}<\/script>\n<!-- \/ Yoast SEO plugin. -->","yoast_head_json":{"title":"ARTE Kino Conversation avec Juliette Binoche - Olivier P\u00e8re","robots":{"index":"index","follow":"follow","max-snippet":"max-snippet:-1","max-image-preview":"max-image-preview:large","max-video-preview":"max-video-preview:-1"},"canonical":"https:\/\/www.arte.tv\/sites\/olivierpere\/2025\/05\/12\/arte-kino-conversation-avec-juliette-binoche\/","og_locale":"fr_FR","og_type":"article","og_title":"ARTE Kino Conversation avec Juliette Binoche - Olivier P\u00e8re","og_description":"Le 78\u00e8me Festival de Cannes s&rsquo;ouvre mardi 13 mai, avec Juliette Binoche dans le r\u00f4le de la pr\u00e9sidente du jury.\u2026","og_url":"https:\/\/www.arte.tv\/sites\/olivierpere\/2025\/05\/12\/arte-kino-conversation-avec-juliette-binoche\/","og_site_name":"Olivier P\u00e8re","article_published_time":"2025-05-12T07:24:18+00:00","article_modified_time":"2025-05-21T17:21:24+00:00","og_image":[{"width":1200,"height":675,"url":"https:\/\/www.arte.tv\/sites\/olivierpere\/files\/large_landscape_169431.jpg","type":"image\/jpeg"}],"author":"Olivier P\u00e8re","twitter_misc":{"\u00c9crit par":"Olivier P\u00e8re","Dur\u00e9e de lecture estim\u00e9e":"1 minute"},"schema":{"@context":"https:\/\/schema.org","@graph":[{"@type":"WebPage","@id":"https:\/\/www.arte.tv\/sites\/olivierpere\/2025\/05\/12\/arte-kino-conversation-avec-juliette-binoche\/","url":"https:\/\/www.arte.tv\/sites\/olivierpere\/2025\/05\/12\/arte-kino-conversation-avec-juliette-binoche\/","name":"ARTE Kino Conversation avec Juliette Binoche - Olivier P\u00e8re","isPartOf":{"@id":"https:\/\/www.arte.tv\/sites\/olivierpere\/#website"},"datePublished":"2025-05-12T07:24:18+00:00","dateModified":"2025-05-21T17:21:24+00:00","author":{"@id":"https:\/\/www.arte.tv\/sites\/olivierpere\/#\/schema\/person\/dc32cd6c79be95e52d43b97a74182558"},"breadcrumb":{"@id":"https:\/\/www.arte.tv\/sites\/olivierpere\/2025\/05\/12\/arte-kino-conversation-avec-juliette-binoche\/#breadcrumb"},"inLanguage":"fr-FR","potentialAction":[{"@type":"ReadAction","target":["https:\/\/www.arte.tv\/sites\/olivierpere\/2025\/05\/12\/arte-kino-conversation-avec-juliette-binoche\/"]}]},{"@type":"BreadcrumbList","@id":"https:\/\/www.arte.tv\/sites\/olivierpere\/2025\/05\/12\/arte-kino-conversation-avec-juliette-binoche\/#breadcrumb","itemListElement":[{"@type":"ListItem","position":1,"name":"Home","item":"https:\/\/www.arte.tv\/sites\/olivierpere\/"},{"@type":"ListItem","position":2,"name":"ARTE Kino Conversation avec Juliette Binoche"}]},{"@type":"WebSite","@id":"https:\/\/www.arte.tv\/sites\/olivierpere\/#website","url":"https:\/\/www.arte.tv\/sites\/olivierpere\/","name":"Olivier P\u00e8re","description":"","potentialAction":[{"@type":"SearchAction","target":{"@type":"EntryPoint","urlTemplate":"https:\/\/www.arte.tv\/sites\/olivierpere\/?s={search_term_string}"},"query-input":"required name=search_term_string"}],"inLanguage":"fr-FR"},{"@type":"Person","@id":"https:\/\/www.arte.tv\/sites\/olivierpere\/#\/schema\/person\/dc32cd6c79be95e52d43b97a74182558","name":"Olivier P\u00e8re","image":{"@type":"ImageObject","inLanguage":"fr-FR","@id":"https:\/\/www.arte.tv\/sites\/olivierpere\/#\/schema\/person\/image\/","url":"https:\/\/secure.gravatar.com\/avatar\/bdea7b6a2c195e2c41772429a9694758?s=96&d=mm&r=g","contentUrl":"https:\/\/secure.gravatar.com\/avatar\/bdea7b6a2c195e2c41772429a9694758?s=96&d=mm&r=g","caption":"Olivier P\u00e8re"},"url":"https:\/\/www.arte.tv\/sites\/olivierpere\/author\/pereolivier\/"}]}},"_links":{"self":[{"href":"https:\/\/www.arte.tv\/sites\/olivierpere\/wp-json\/wp\/v2\/posts\/28241"}],"collection":[{"href":"https:\/\/www.arte.tv\/sites\/olivierpere\/wp-json\/wp\/v2\/posts"}],"about":[{"href":"https:\/\/www.arte.tv\/sites\/olivierpere\/wp-json\/wp\/v2\/types\/post"}],"author":[{"embeddable":true,"href":"https:\/\/www.arte.tv\/sites\/olivierpere\/wp-json\/wp\/v2\/users\/116"}],"replies":[{"embeddable":true,"href":"https:\/\/www.arte.tv\/sites\/olivierpere\/wp-json\/wp\/v2\/comments?post=28241"}],"version-history":[{"count":3,"href":"https:\/\/www.arte.tv\/sites\/olivierpere\/wp-json\/wp\/v2\/posts\/28241\/revisions"}],"predecessor-version":[{"id":28282,"href":"https:\/\/www.arte.tv\/sites\/olivierpere\/wp-json\/wp\/v2\/posts\/28241\/revisions\/28282"}],"wp:featuredmedia":[{"embeddable":true,"href":"https:\/\/www.arte.tv\/sites\/olivierpere\/wp-json\/wp\/v2\/media\/28281"}],"wp:attachment":[{"href":"https:\/\/www.arte.tv\/sites\/olivierpere\/wp-json\/wp\/v2\/media?parent=28241"}],"wp:term":[{"taxonomy":"category","embeddable":true,"href":"https:\/\/www.arte.tv\/sites\/olivierpere\/wp-json\/wp\/v2\/categories?post=28241"},{"taxonomy":"post_tag","embeddable":true,"href":"https:\/\/www.arte.tv\/sites\/olivierpere\/wp-json\/wp\/v2\/tags?post=28241"}],"curies":[{"name":"wp","href":"https:\/\/api.w.org\/{rel}","templated":true}]}}