{"id":28186,"date":"2025-01-07T20:05:41","date_gmt":"2025-01-07T19:05:41","guid":{"rendered":"https:\/\/www.arte.tv\/sites\/olivierpere\/?p=28186"},"modified":"2025-02-24T20:07:09","modified_gmt":"2025-02-24T19:07:09","slug":"cycle-manoel-de-oliveira-sur-arte-tv","status":"publish","type":"post","link":"https:\/\/www.arte.tv\/sites\/olivierpere\/2025\/01\/07\/cycle-manoel-de-oliveira-sur-arte-tv\/","title":{"rendered":"Cycle Manoel de Oliveira sur ARTE.tv"},"content":{"rendered":"<p><strong>Ce cycle se concentre, \u00e0 l\u2019exception de <em>Francisca<\/em>, sur des titres de la p\u00e9riode \u00ab fran\u00e7aise \u00bb de la longue et fantastique carri\u00e8re du cin\u00e9aste portugais, dont l\u2019\u0153uvre a d\u00e9but\u00e9 au temps du muet avant de s\u2019achever en 2015, soixante-six films plus tard, au terme d\u2019une vie longue de cent six ann\u00e9es. D\u2019abord \u00e9pisodique et contrari\u00e9 par la dictature de Salazar, le rythme de travail de Oliveira s\u2019acc\u00e9l\u00e8re dans les ann\u00e9es 80 gr\u00e2ce \u00e0 sa rencontre avec le jeune producteur Paulo Branco. Parmi ses chefs-d\u2019\u0153uvre on peut citer <em>Francisca<\/em>, <em>Val Abraham<\/em> d\u2019apr\u00e8s <em>Madame Bovary<\/em> ou <em>Je rentre \u00e0 la maison<\/em> qui offre \u00e0 Michel Piccoli l\u2019un de ses plus beaux r\u00f4les. <\/strong><\/p>\n<p><strong>Sur <a href=\"http:\/\/arte.tv\">arte.tv<\/a><\/strong><strong> et YouTube ARTE Cin\u00e9ma du 1<sup>er<\/sup> mars au 31 ao\u00fbt.<\/strong><\/p>\n<p><strong>\u00a0<\/strong><\/p>\n<p><em><strong>Francisca<\/strong><\/em><\/p>\n<p><strong>Portugal, 1981, 2h40, version restaur\u00e9e.<br \/>\nd&rsquo;apr\u00e8s le roman d\u2019Agustina Bessa-Lu\u00eds.<br \/>\nAvec Teresa Menezes, Diogo D\u00f3ria, M\u00e1rio Barroso, Manuela de Freitas, Cec\u00edlia Guimar\u00e3es.<br \/>\nDans les ann\u00e9es 1850, au Portugal, un \u00e9crivain et son ami s&rsquo;\u00e9prennent de deux s\u0153urs anglaises. Dernier volet de la \u00ab\u00a0t\u00e9tralogie des amours frustr\u00e9es\u00a0\u00bb ce film-fleuve puise sa trame dans le roman <em>Fanny Owen\u00a0<\/em>(1979) de l\u2019immense \u00e9crivaine Agustina Bessa-Lu\u00eds, il sera pr\u00e9sent\u00e9 \u00e0 la Quinzaine des r\u00e9alisateurs \u00e0 Cannes en 1981.<\/strong><\/p>\n<p><strong>\u00a0<\/strong><\/p>\n<p><strong><em>Party<\/em><\/strong><\/p>\n<p><strong>Portugal\/France, 1996, 1h30, version restaur\u00e9e.<br \/>\nAvec Leonor Silveira, Michel Piccoli, Irene Papas, Rog\u00e9rio Samora.<br \/>\n<\/strong><strong>La rencontre avec Manoel de Oliveira demeure certainement la plus importante de la derni\u00e8re partie de la filmographie de Michel Piccoli. Le cin\u00e9aste portugais d\u00e9bute sa carri\u00e8re au d\u00e9but des ann\u00e9es 1930 avec un court m\u00e9trage muet, <em>Douro, Faina Fluvial<\/em>, puis r\u00e9alise en 1942 son premier chef-d\u2019\u0153uvre, <em>Aniki B\u00f3b\u00f3<\/em>, annonciateur du n\u00e9o-r\u00e9alisme italien. Apr\u00e8s une longue \u00e9clipse, la carri\u00e8re d\u2019Oliveira s\u2019acc\u00e9l\u00e8re \u00e0 la fin des ann\u00e9es 1970 sous l\u2019impulsion du producteur Paulo Branco, au rythme soutenu d\u2019un film annuel. Oliveira a quatre-vingt-sept ans quand il dirige Michel Piccoli pour la premi\u00e8re fois dans <em>Party<\/em>, en 1995. Le film, divis\u00e9 en deux actes, se joue entre quatre personnages et propose une r\u00e9flexion sur les jeux de l\u2019amour et les rapports entre hommes et femmes. Michel Piccoli interpr\u00e8te un libertin vieillissant mais toujours vert, \u00ab un g\u00e9n\u00e9ral dans la guerre des sexes \u00bb qui consid\u00e8re la s\u00e9duction comme un complot m\u00eal\u00e9 d\u2019un amusement. Invit\u00e9 \u00e0 une garden-party, il entreprend de convaincre la ma\u00eetresse de maison (Leonor Silveira) de tout quitter pour lui.<\/strong><strong><\/p>\n<p><\/strong><\/p>\n<p><strong><em>La Lettre<\/em><\/strong><\/p>\n<p><strong>Portugal\/France\/Espagne, 1998, 1h43, version restaur\u00e9e.<br \/>\nd\u2019apr\u00e8s\u00a0<em>La princesse de Cl\u00e8ves<\/em>\u00a0de Madame de La Fayette<br \/>\nAvec Chiara Mastroianni, Antoine Chappey, Pedro Abrunhosa<br \/>\nPrix du jury \u00e0 Cannes en 1999, cette libre adaptation de <em>La princesse de Cl\u00e8ves<\/em> dans le Paris des ann\u00e9es 1990 propose la r\u00e9jouissante dissection d\u2019une haute bourgeoisie hors de son temps et du monde. Manoel de Oliveira offre \u00e0 Chiara Mastroianni un r\u00f4le aux antipodes du naturalisme ou de la psychologie. Sans beaut\u00e9 alti\u00e8re, sa r\u00e9serve un peu sauvage en fait un objet de fascination dans <em>La Lettre<\/em>, o\u00f9 elle est sublim\u00e9e par le cin\u00e9aste portugais.<\/p>\n<p><em>Je rentre \u00e0 la maison<\/em><\/strong><\/p>\n<p><strong>France\/Portugal, 2001, 1h26, version restaur\u00e9e.<br \/>\nAvec Michel Piccoli, Antoine Chappey, John Malkovich, Catherine Deneuve, Sylvie Testud.<br \/>\n<\/strong><strong>Oliveira et Piccoli se retrouvent en 2001 pour le magnifique <em>Je rentre \u00e0 la maison<\/em>, qui s\u2019apparente \u00e0 un testament cin\u00e9matographique. <\/strong><strong>Dans cette \u0153uvre sur le deuil, sans doute la plus accessible de l\u2019exigeante filmographie du cin\u00e9aste, l\u2019acteur fait merveille dans le r\u00f4le principal. <\/strong><strong>Au d\u00e9but du film, on le voit sur sc\u00e8ne donner la r\u00e9plique \u00e0 Catherine Deneuve lors d\u2019une repr\u00e9sentation du <em>Roi se meurt<\/em> de Ionesco. <em>Je rentre \u00e0 la maison<\/em> propose \u00e0 la fois le portrait d\u2019un grand com\u00e9dien de th\u00e9\u00e2tre, qui croit \u00e0 une d\u00e9ontologie de son art et refuse de galvauder son talent, et la critique radicale de notre civilisation, qui a tout sacrifi\u00e9 au profit et \u00e0 l\u2019artifice. Piccoli joue un personnage qui lui ressemble, en m\u00eame temps qu\u2019un double de son cin\u00e9aste, comme souvent. <\/strong><strong><em>Je rentre \u00e0 la maison<\/em><\/strong><strong> fut le plus grand succ\u00e8s public d\u2019Oliveira dans les salles fran\u00e7aises.<\/strong><\/p>\n<p><strong><br \/>\n<em>Un film parl\u00e9<\/em><\/strong><\/p>\n<p><strong>Portugal\/France\/Italie, 2003, 1h31, version restaur\u00e9e.<br \/>\nAvec Leonor Silveira, John Malkovich, Catherine Deneuve, Ir\u00e8ne Papas.<br \/>\n<em>Un film parl\u00e9<\/em> d\u00e9bute litt\u00e9ralement sur un oc\u00e9an de questions \u2013 celles pos\u00e9es avec une gourmandise insatiable par la jeune Maria Joana \u00e0 sa m\u00e8re, professeure avide de transmettre son savoir. Dans cet \u00e9change ininterrompu, qui fait peu de cas du trivial, se joue la survivance d\u2019un monde au bord de l\u2019extinction.<\/strong><\/p>\n<p><strong>\u00a0<\/strong><\/p>\n<p><strong><em>Manoel de Oliveira, n&rsquo;oublie pas que je joue !<br \/>\n<\/em><\/strong><strong>Un documentaire in\u00e9dit r\u00e9alis\u00e9 par Virginie Apiou.<br \/>\nManoel de Oliveira laisse une \u0153uvre totalement unique. Spirituel et joueur, le r\u00e9alisateur fascin\u00e9 par l\u2019architecture, oscille entre le besoin de livrer des fresques sentimentales et politiques ; et des com\u00e9dies qui s\u2019amusent avec l\u2019ambigu\u00eft\u00e9, la m\u00e9chancet\u00e9, l\u2019amour par le prisme de dialogues hallucinants. Le point commun \u00e0 ces \u0153uvres : un go\u00fbt pour le sacr\u00e9. Ce documentaire propose un voyage \u00e0 travers le \u00ab domaine Oliveira \u00bb. On y croise l\u2019amour inconditionnel de <em>Francisca<\/em>, la cruaut\u00e9 ironique le temps d\u2019une<em> Party<\/em>, la d\u00e9licatesse de la jeune fille de <em>La Lettre<\/em>, le jeu de la promenade de <em>Je rentre \u00e0 la maison<\/em>, et le discours disruptif sur le monde d\u2019<em>Un film parl\u00e9<\/em>.<\/strong><\/p>\n<p><strong>\u00a0<\/strong><\/p>\n<p><strong>\u00a0<\/strong><\/p>\n<p><strong>\u00a0<\/strong><\/p>\n<p><strong>\u00a0<\/strong><\/p>\n","protected":false},"excerpt":{"rendered":"<p>Ce cycle se concentre, \u00e0 l\u2019exception de Francisca, sur des titres de la p\u00e9riode \u00ab fran\u00e7aise \u00bb de la longue\u2026<\/p>\n","protected":false},"author":116,"featured_media":0,"comment_status":"open","ping_status":"open","sticky":false,"template":"","format":"standard","meta":[],"categories":[8],"tags":[],"yoast_head":"<!-- This site is optimized with the Yoast SEO plugin v20.8 - https:\/\/yoast.com\/wordpress\/plugins\/seo\/ -->\n<title>Cycle Manoel de Oliveira sur ARTE.tv - Olivier P\u00e8re<\/title>\n<meta name=\"robots\" content=\"index, follow, max-snippet:-1, max-image-preview:large, max-video-preview:-1\" \/>\n<link rel=\"canonical\" href=\"https:\/\/www.arte.tv\/sites\/olivierpere\/2025\/01\/07\/cycle-manoel-de-oliveira-sur-arte-tv\/\" \/>\n<meta property=\"og:locale\" content=\"fr_FR\" \/>\n<meta property=\"og:type\" content=\"article\" \/>\n<meta property=\"og:title\" content=\"Cycle Manoel de Oliveira sur ARTE.tv - Olivier P\u00e8re\" \/>\n<meta property=\"og:description\" content=\"Ce cycle se concentre, \u00e0 l\u2019exception de Francisca, sur des titres de la p\u00e9riode \u00ab fran\u00e7aise \u00bb de la longue\u2026\" \/>\n<meta property=\"og:url\" content=\"https:\/\/www.arte.tv\/sites\/olivierpere\/2025\/01\/07\/cycle-manoel-de-oliveira-sur-arte-tv\/\" \/>\n<meta property=\"og:site_name\" content=\"Olivier P\u00e8re\" \/>\n<meta property=\"article:published_time\" content=\"2025-01-07T19:05:41+00:00\" \/>\n<meta property=\"article:modified_time\" content=\"2025-02-24T19:07:09+00:00\" \/>\n<meta name=\"author\" content=\"Olivier P\u00e8re\" \/>\n<meta name=\"twitter:label1\" content=\"\u00c9crit par\" \/>\n\t<meta name=\"twitter:data1\" content=\"Olivier P\u00e8re\" \/>\n\t<meta name=\"twitter:label2\" content=\"Dur\u00e9e de lecture estim\u00e9e\" \/>\n\t<meta name=\"twitter:data2\" content=\"5 minutes\" \/>\n<script type=\"application\/ld+json\" class=\"yoast-schema-graph\">{\"@context\":\"https:\/\/schema.org\",\"@graph\":[{\"@type\":\"WebPage\",\"@id\":\"https:\/\/www.arte.tv\/sites\/olivierpere\/2025\/01\/07\/cycle-manoel-de-oliveira-sur-arte-tv\/\",\"url\":\"https:\/\/www.arte.tv\/sites\/olivierpere\/2025\/01\/07\/cycle-manoel-de-oliveira-sur-arte-tv\/\",\"name\":\"Cycle Manoel de Oliveira sur ARTE.tv - Olivier P\u00e8re\",\"isPartOf\":{\"@id\":\"https:\/\/www.arte.tv\/sites\/olivierpere\/#website\"},\"datePublished\":\"2025-01-07T19:05:41+00:00\",\"dateModified\":\"2025-02-24T19:07:09+00:00\",\"author\":{\"@id\":\"https:\/\/www.arte.tv\/sites\/olivierpere\/#\/schema\/person\/dc32cd6c79be95e52d43b97a74182558\"},\"breadcrumb\":{\"@id\":\"https:\/\/www.arte.tv\/sites\/olivierpere\/2025\/01\/07\/cycle-manoel-de-oliveira-sur-arte-tv\/#breadcrumb\"},\"inLanguage\":\"fr-FR\",\"potentialAction\":[{\"@type\":\"ReadAction\",\"target\":[\"https:\/\/www.arte.tv\/sites\/olivierpere\/2025\/01\/07\/cycle-manoel-de-oliveira-sur-arte-tv\/\"]}]},{\"@type\":\"BreadcrumbList\",\"@id\":\"https:\/\/www.arte.tv\/sites\/olivierpere\/2025\/01\/07\/cycle-manoel-de-oliveira-sur-arte-tv\/#breadcrumb\",\"itemListElement\":[{\"@type\":\"ListItem\",\"position\":1,\"name\":\"Home\",\"item\":\"https:\/\/www.arte.tv\/sites\/olivierpere\/\"},{\"@type\":\"ListItem\",\"position\":2,\"name\":\"Cycle Manoel de Oliveira sur ARTE.tv\"}]},{\"@type\":\"WebSite\",\"@id\":\"https:\/\/www.arte.tv\/sites\/olivierpere\/#website\",\"url\":\"https:\/\/www.arte.tv\/sites\/olivierpere\/\",\"name\":\"Olivier P\u00e8re\",\"description\":\"\",\"potentialAction\":[{\"@type\":\"SearchAction\",\"target\":{\"@type\":\"EntryPoint\",\"urlTemplate\":\"https:\/\/www.arte.tv\/sites\/olivierpere\/?s={search_term_string}\"},\"query-input\":\"required name=search_term_string\"}],\"inLanguage\":\"fr-FR\"},{\"@type\":\"Person\",\"@id\":\"https:\/\/www.arte.tv\/sites\/olivierpere\/#\/schema\/person\/dc32cd6c79be95e52d43b97a74182558\",\"name\":\"Olivier P\u00e8re\",\"image\":{\"@type\":\"ImageObject\",\"inLanguage\":\"fr-FR\",\"@id\":\"https:\/\/www.arte.tv\/sites\/olivierpere\/#\/schema\/person\/image\/\",\"url\":\"https:\/\/secure.gravatar.com\/avatar\/bdea7b6a2c195e2c41772429a9694758?s=96&d=mm&r=g\",\"contentUrl\":\"https:\/\/secure.gravatar.com\/avatar\/bdea7b6a2c195e2c41772429a9694758?s=96&d=mm&r=g\",\"caption\":\"Olivier P\u00e8re\"},\"url\":\"https:\/\/www.arte.tv\/sites\/olivierpere\/author\/pereolivier\/\"}]}<\/script>\n<!-- \/ Yoast SEO plugin. -->","yoast_head_json":{"title":"Cycle Manoel de Oliveira sur ARTE.tv - Olivier P\u00e8re","robots":{"index":"index","follow":"follow","max-snippet":"max-snippet:-1","max-image-preview":"max-image-preview:large","max-video-preview":"max-video-preview:-1"},"canonical":"https:\/\/www.arte.tv\/sites\/olivierpere\/2025\/01\/07\/cycle-manoel-de-oliveira-sur-arte-tv\/","og_locale":"fr_FR","og_type":"article","og_title":"Cycle Manoel de Oliveira sur ARTE.tv - Olivier P\u00e8re","og_description":"Ce cycle se concentre, \u00e0 l\u2019exception de Francisca, sur des titres de la p\u00e9riode \u00ab fran\u00e7aise \u00bb de la longue\u2026","og_url":"https:\/\/www.arte.tv\/sites\/olivierpere\/2025\/01\/07\/cycle-manoel-de-oliveira-sur-arte-tv\/","og_site_name":"Olivier P\u00e8re","article_published_time":"2025-01-07T19:05:41+00:00","article_modified_time":"2025-02-24T19:07:09+00:00","author":"Olivier P\u00e8re","twitter_misc":{"\u00c9crit par":"Olivier P\u00e8re","Dur\u00e9e de lecture estim\u00e9e":"5 minutes"},"schema":{"@context":"https:\/\/schema.org","@graph":[{"@type":"WebPage","@id":"https:\/\/www.arte.tv\/sites\/olivierpere\/2025\/01\/07\/cycle-manoel-de-oliveira-sur-arte-tv\/","url":"https:\/\/www.arte.tv\/sites\/olivierpere\/2025\/01\/07\/cycle-manoel-de-oliveira-sur-arte-tv\/","name":"Cycle Manoel de Oliveira sur ARTE.tv - Olivier P\u00e8re","isPartOf":{"@id":"https:\/\/www.arte.tv\/sites\/olivierpere\/#website"},"datePublished":"2025-01-07T19:05:41+00:00","dateModified":"2025-02-24T19:07:09+00:00","author":{"@id":"https:\/\/www.arte.tv\/sites\/olivierpere\/#\/schema\/person\/dc32cd6c79be95e52d43b97a74182558"},"breadcrumb":{"@id":"https:\/\/www.arte.tv\/sites\/olivierpere\/2025\/01\/07\/cycle-manoel-de-oliveira-sur-arte-tv\/#breadcrumb"},"inLanguage":"fr-FR","potentialAction":[{"@type":"ReadAction","target":["https:\/\/www.arte.tv\/sites\/olivierpere\/2025\/01\/07\/cycle-manoel-de-oliveira-sur-arte-tv\/"]}]},{"@type":"BreadcrumbList","@id":"https:\/\/www.arte.tv\/sites\/olivierpere\/2025\/01\/07\/cycle-manoel-de-oliveira-sur-arte-tv\/#breadcrumb","itemListElement":[{"@type":"ListItem","position":1,"name":"Home","item":"https:\/\/www.arte.tv\/sites\/olivierpere\/"},{"@type":"ListItem","position":2,"name":"Cycle Manoel de Oliveira sur ARTE.tv"}]},{"@type":"WebSite","@id":"https:\/\/www.arte.tv\/sites\/olivierpere\/#website","url":"https:\/\/www.arte.tv\/sites\/olivierpere\/","name":"Olivier P\u00e8re","description":"","potentialAction":[{"@type":"SearchAction","target":{"@type":"EntryPoint","urlTemplate":"https:\/\/www.arte.tv\/sites\/olivierpere\/?s={search_term_string}"},"query-input":"required name=search_term_string"}],"inLanguage":"fr-FR"},{"@type":"Person","@id":"https:\/\/www.arte.tv\/sites\/olivierpere\/#\/schema\/person\/dc32cd6c79be95e52d43b97a74182558","name":"Olivier P\u00e8re","image":{"@type":"ImageObject","inLanguage":"fr-FR","@id":"https:\/\/www.arte.tv\/sites\/olivierpere\/#\/schema\/person\/image\/","url":"https:\/\/secure.gravatar.com\/avatar\/bdea7b6a2c195e2c41772429a9694758?s=96&d=mm&r=g","contentUrl":"https:\/\/secure.gravatar.com\/avatar\/bdea7b6a2c195e2c41772429a9694758?s=96&d=mm&r=g","caption":"Olivier P\u00e8re"},"url":"https:\/\/www.arte.tv\/sites\/olivierpere\/author\/pereolivier\/"}]}},"_links":{"self":[{"href":"https:\/\/www.arte.tv\/sites\/olivierpere\/wp-json\/wp\/v2\/posts\/28186"}],"collection":[{"href":"https:\/\/www.arte.tv\/sites\/olivierpere\/wp-json\/wp\/v2\/posts"}],"about":[{"href":"https:\/\/www.arte.tv\/sites\/olivierpere\/wp-json\/wp\/v2\/types\/post"}],"author":[{"embeddable":true,"href":"https:\/\/www.arte.tv\/sites\/olivierpere\/wp-json\/wp\/v2\/users\/116"}],"replies":[{"embeddable":true,"href":"https:\/\/www.arte.tv\/sites\/olivierpere\/wp-json\/wp\/v2\/comments?post=28186"}],"version-history":[{"count":1,"href":"https:\/\/www.arte.tv\/sites\/olivierpere\/wp-json\/wp\/v2\/posts\/28186\/revisions"}],"predecessor-version":[{"id":28187,"href":"https:\/\/www.arte.tv\/sites\/olivierpere\/wp-json\/wp\/v2\/posts\/28186\/revisions\/28187"}],"wp:attachment":[{"href":"https:\/\/www.arte.tv\/sites\/olivierpere\/wp-json\/wp\/v2\/media?parent=28186"}],"wp:term":[{"taxonomy":"category","embeddable":true,"href":"https:\/\/www.arte.tv\/sites\/olivierpere\/wp-json\/wp\/v2\/categories?post=28186"},{"taxonomy":"post_tag","embeddable":true,"href":"https:\/\/www.arte.tv\/sites\/olivierpere\/wp-json\/wp\/v2\/tags?post=28186"}],"curies":[{"name":"wp","href":"https:\/\/api.w.org\/{rel}","templated":true}]}}