{"id":28153,"date":"2025-01-02T13:21:25","date_gmt":"2025-01-02T12:21:25","guid":{"rendered":"https:\/\/www.arte.tv\/sites\/olivierpere\/?p=28153"},"modified":"2025-01-02T14:42:34","modified_gmt":"2025-01-02T13:42:34","slug":"arte-france-cinema-coproduit-les-prochains-films-de-vincent-le-port-et-kornel-mundruczo-et-le-premier-long-metrage-danimation-de-wesley-rodrigues","status":"publish","type":"post","link":"https:\/\/www.arte.tv\/sites\/olivierpere\/2025\/01\/02\/arte-france-cinema-coproduit-les-prochains-films-de-vincent-le-port-et-kornel-mundruczo-et-le-premier-long-metrage-danimation-de-wesley-rodrigues\/","title":{"rendered":"ARTE France Cin\u00e9ma coproduit les prochains films de Vincent Le Port et Korn\u00e9l Mundrucz\u00f3 et le premier long m\u00e9trage d&rsquo;animation de Wesley Rodrigues"},"content":{"rendered":"<p style=\"font-weight: 400\"><strong><em>Hautefaye<\/em> de Vincent Le Port <\/strong><br \/>\n<strong>Les Films du Losange (France)\u00a0<\/strong><br \/>\n<strong>Avec\u00a0Arieh Worthalter,\u00a0Antoine Reinartz<\/strong><br \/>\n<strong>Apr\u00e8s <em>Bruno Reidal<\/em>, Vincent Le Port s&rsquo;attelle \u00e0 un nouveau projet de film historique, bas\u00e9 sur le livre <em>Un crime de braves gens<\/em> de George Marbeck.\u00a0Le 16 ao\u00fbt 1870, aux derniers jours du Second Empire, une foule de paysans frappe et torture pendant plusieurs heures un homme avant de le br\u00fbler vif.\u00a0Les principaux coupables \u00e9taient des gens sans histoire. C&rsquo;est leur histoire que Vincent Le Port veut raconter, dans un r\u00e9cit scind\u00e9 en deux, passant d&rsquo;une chronique de la vie paysanne \u00e0 la trag\u00e9die d&rsquo;un proc\u00e8s. <\/strong><br \/>\n<strong>\u00a0\u00bb Dans le drame d\u2019Hautefaye, la col\u00e8re populaire l\u00e9gitime se teinte de sadisme et d\u2019arbitraire, la l\u00e2chet\u00e9 n\u2019est qu\u2019une forme compr\u00e9hensible de la peur, la raison d\u2019\u00c9tat se montre aussi cruelle et barbare que la folie d\u2019un jour.\u00a0\u00bb (V. Le Port)<\/strong><\/p>\n<p style=\"font-weight: 400\"><strong><em>La R\u00e9volution selon Kamo<\/em> <\/strong><strong>de\u00a0Korn\u00e9l Mundrucz\u00f3 <\/strong><br \/>\n<strong>MK Productions (France), Good Chaos &amp; Hype Studios\u00a0\u200b\u200b\u200b\u200b(Grande-Bretagne),\u00a0Proton Cinema (Hongrie), Madants (Pologne), Komplizen Films (Allemagne), Takes Film (G\u00e9orgie)<\/strong><br \/>\n<strong>Apr\u00e8s <em>Pieces of a Woman <\/em>puis <em>Evolution<\/em>, s\u00e9lectionn\u00e9 \u00e0 Cannes en 2021, Korn\u00e9l Mundrucz\u00f3 nous propose de partir sur les traces du jeune\u00a0Soso Dzhugashvili et de vivre la gen\u00e8se de l\u2019URSS. Pour le r\u00e9alisateur qui a grandi en Hongrie, cette p\u00e9riode est \u00ab\u00a0grav\u00e9e dans son ADN.\u00a0\u00bb <\/strong><br \/>\n<strong>Kamo et Soso, deux jeunes gar\u00e7ons de la petite ville de Gori deviennent des amis ins\u00e9parables. Alors que la r\u00e9volution commence \u00e0 gronder dans l&rsquo;ensemble de l&rsquo;Empire russe, les deux amis jouent un r\u00f4le grandissant dans le mouvement qui s&rsquo;appr\u00eate \u00e0 faire tomber le Tsar.<\/strong><br \/>\n<strong>Soso deviendra Joseph Staline, l&rsquo;un des dictateurs les plus impitoyables de l&rsquo;histoire. Tournage pr\u00e9vu \u00e0 l&rsquo;automne 2025.<\/strong><\/p>\n<p style=\"font-weight: 400\"><strong>\u00a0<\/strong><br \/>\n<strong>Par ailleurs, le choix d&rsquo;ARTE France Cin\u00e9ma pour le long m\u00e9trage d&rsquo;animation de l&rsquo;ann\u00e9e 2024 s&rsquo;est port\u00e9 sur :<\/strong><br \/>\n<em><strong>Le Royaume des oiseaux<\/strong><\/em><br \/>\n<strong>de Wesley Rodrigues<\/strong><br \/>\n<strong>Sacrebleu Productions (France) Lupa Filmes (Br\u00e9sil)<\/strong><br \/>\n<strong>Pour son premier long m\u00e9trage,\u00a0 le r\u00e9alisateur br\u00e9silien Wesley Rodrigues propose un conte fantastique ancr\u00e9 au coeur du Sert\u00e3o br\u00e9silien, une terre aride o\u00f9 les Hommes peuvent se transformer en oiseaux de proie. Assum Preto\u00a0est recueilli enfant par Carcar\u00e1, un hors-la loi qui aspire \u00e0 devenir une l\u00e9gende locale.\u00a0<em>Le royaume des oiseaux <\/em>joue avec l\u2019audace de m\u00ealer \u00e0 la fois dessins na\u00effs et contenu sombre en nous d\u00e9voilant les pr\u00e9mices de la Revolution Industrielle dans une r\u00e9gion encore sauvage et agricole.\u00a0Le r\u00e9alisateur, \u00e9tant lui-m\u00eame originaire d&rsquo;une r\u00e9gion recul\u00e9e du Br\u00e9sil, aime\u00a0le r\u00e9alisme magique latino-am\u00e9ricain et l\u2019id\u00e9e de cr\u00e9er des royaumes fantastiques ancr\u00e9s dans notre mythologie.<em>\u00a0<\/em>C\u2019est aussi un film qui confronte la fin d\u2019un monde, magique, face au rationalisme et \u00e0 la science du XX\u00e8me si\u00e8cle.<\/strong><br \/>\n<strong>D\u00e9but d&rsquo;animation en janvier 2027. Livraison au printemps 2028.<\/strong><\/p>\n<p style=\"font-weight: 400\">\n","protected":false},"excerpt":{"rendered":"<p>Hautefaye de Vincent Le Port Les Films du Losange (France)\u00a0 Avec\u00a0Arieh Worthalter,\u00a0Antoine Reinartz Apr\u00e8s Bruno Reidal, Vincent Le Port s&rsquo;attelle\u2026<\/p>\n","protected":false},"author":116,"featured_media":0,"comment_status":"open","ping_status":"open","sticky":false,"template":"","format":"standard","meta":[],"categories":[9,6],"tags":[],"yoast_head":"<!-- This site is optimized with the Yoast SEO plugin v20.8 - https:\/\/yoast.com\/wordpress\/plugins\/seo\/ -->\n<title>ARTE France Cin\u00e9ma coproduit les prochains films de Vincent Le Port et Korn\u00e9l Mundrucz\u00f3 et le premier long m\u00e9trage d&#039;animation de Wesley Rodrigues - Olivier P\u00e8re<\/title>\n<meta name=\"robots\" content=\"index, follow, max-snippet:-1, max-image-preview:large, max-video-preview:-1\" \/>\n<link rel=\"canonical\" href=\"https:\/\/www.arte.tv\/sites\/olivierpere\/2025\/01\/02\/arte-france-cinema-coproduit-les-prochains-films-de-vincent-le-port-et-kornel-mundruczo-et-le-premier-long-metrage-danimation-de-wesley-rodrigues\/\" \/>\n<meta property=\"og:locale\" content=\"fr_FR\" \/>\n<meta property=\"og:type\" content=\"article\" \/>\n<meta property=\"og:title\" content=\"ARTE France Cin\u00e9ma coproduit les prochains films de Vincent Le Port et Korn\u00e9l Mundrucz\u00f3 et le premier long m\u00e9trage d&#039;animation de Wesley Rodrigues - Olivier P\u00e8re\" \/>\n<meta property=\"og:description\" content=\"Hautefaye de Vincent Le Port Les Films du Losange (France)\u00a0 Avec\u00a0Arieh Worthalter,\u00a0Antoine Reinartz Apr\u00e8s Bruno Reidal, Vincent Le Port s&rsquo;attelle\u2026\" \/>\n<meta property=\"og:url\" content=\"https:\/\/www.arte.tv\/sites\/olivierpere\/2025\/01\/02\/arte-france-cinema-coproduit-les-prochains-films-de-vincent-le-port-et-kornel-mundruczo-et-le-premier-long-metrage-danimation-de-wesley-rodrigues\/\" \/>\n<meta property=\"og:site_name\" content=\"Olivier P\u00e8re\" \/>\n<meta property=\"article:published_time\" content=\"2025-01-02T12:21:25+00:00\" \/>\n<meta property=\"article:modified_time\" content=\"2025-01-02T13:42:34+00:00\" \/>\n<meta name=\"author\" content=\"Olivier P\u00e8re\" \/>\n<meta name=\"twitter:label1\" content=\"\u00c9crit par\" \/>\n\t<meta name=\"twitter:data1\" content=\"Olivier P\u00e8re\" \/>\n\t<meta name=\"twitter:label2\" content=\"Dur\u00e9e de lecture estim\u00e9e\" \/>\n\t<meta name=\"twitter:data2\" content=\"3 minutes\" \/>\n<script type=\"application\/ld+json\" class=\"yoast-schema-graph\">{\"@context\":\"https:\/\/schema.org\",\"@graph\":[{\"@type\":\"WebPage\",\"@id\":\"https:\/\/www.arte.tv\/sites\/olivierpere\/2025\/01\/02\/arte-france-cinema-coproduit-les-prochains-films-de-vincent-le-port-et-kornel-mundruczo-et-le-premier-long-metrage-danimation-de-wesley-rodrigues\/\",\"url\":\"https:\/\/www.arte.tv\/sites\/olivierpere\/2025\/01\/02\/arte-france-cinema-coproduit-les-prochains-films-de-vincent-le-port-et-kornel-mundruczo-et-le-premier-long-metrage-danimation-de-wesley-rodrigues\/\",\"name\":\"ARTE France Cin\u00e9ma coproduit les prochains films de Vincent Le Port et Korn\u00e9l Mundrucz\u00f3 et le premier long m\u00e9trage d'animation de Wesley Rodrigues - Olivier P\u00e8re\",\"isPartOf\":{\"@id\":\"https:\/\/www.arte.tv\/sites\/olivierpere\/#website\"},\"datePublished\":\"2025-01-02T12:21:25+00:00\",\"dateModified\":\"2025-01-02T13:42:34+00:00\",\"author\":{\"@id\":\"https:\/\/www.arte.tv\/sites\/olivierpere\/#\/schema\/person\/dc32cd6c79be95e52d43b97a74182558\"},\"breadcrumb\":{\"@id\":\"https:\/\/www.arte.tv\/sites\/olivierpere\/2025\/01\/02\/arte-france-cinema-coproduit-les-prochains-films-de-vincent-le-port-et-kornel-mundruczo-et-le-premier-long-metrage-danimation-de-wesley-rodrigues\/#breadcrumb\"},\"inLanguage\":\"fr-FR\",\"potentialAction\":[{\"@type\":\"ReadAction\",\"target\":[\"https:\/\/www.arte.tv\/sites\/olivierpere\/2025\/01\/02\/arte-france-cinema-coproduit-les-prochains-films-de-vincent-le-port-et-kornel-mundruczo-et-le-premier-long-metrage-danimation-de-wesley-rodrigues\/\"]}]},{\"@type\":\"BreadcrumbList\",\"@id\":\"https:\/\/www.arte.tv\/sites\/olivierpere\/2025\/01\/02\/arte-france-cinema-coproduit-les-prochains-films-de-vincent-le-port-et-kornel-mundruczo-et-le-premier-long-metrage-danimation-de-wesley-rodrigues\/#breadcrumb\",\"itemListElement\":[{\"@type\":\"ListItem\",\"position\":1,\"name\":\"Home\",\"item\":\"https:\/\/www.arte.tv\/sites\/olivierpere\/\"},{\"@type\":\"ListItem\",\"position\":2,\"name\":\"ARTE France Cin\u00e9ma coproduit les prochains films de Vincent Le Port et Korn\u00e9l Mundrucz\u00f3 et le premier long m\u00e9trage d&rsquo;animation de Wesley Rodrigues\"}]},{\"@type\":\"WebSite\",\"@id\":\"https:\/\/www.arte.tv\/sites\/olivierpere\/#website\",\"url\":\"https:\/\/www.arte.tv\/sites\/olivierpere\/\",\"name\":\"Olivier P\u00e8re\",\"description\":\"\",\"potentialAction\":[{\"@type\":\"SearchAction\",\"target\":{\"@type\":\"EntryPoint\",\"urlTemplate\":\"https:\/\/www.arte.tv\/sites\/olivierpere\/?s={search_term_string}\"},\"query-input\":\"required name=search_term_string\"}],\"inLanguage\":\"fr-FR\"},{\"@type\":\"Person\",\"@id\":\"https:\/\/www.arte.tv\/sites\/olivierpere\/#\/schema\/person\/dc32cd6c79be95e52d43b97a74182558\",\"name\":\"Olivier P\u00e8re\",\"image\":{\"@type\":\"ImageObject\",\"inLanguage\":\"fr-FR\",\"@id\":\"https:\/\/www.arte.tv\/sites\/olivierpere\/#\/schema\/person\/image\/\",\"url\":\"https:\/\/secure.gravatar.com\/avatar\/bdea7b6a2c195e2c41772429a9694758?s=96&d=mm&r=g\",\"contentUrl\":\"https:\/\/secure.gravatar.com\/avatar\/bdea7b6a2c195e2c41772429a9694758?s=96&d=mm&r=g\",\"caption\":\"Olivier P\u00e8re\"},\"url\":\"https:\/\/www.arte.tv\/sites\/olivierpere\/author\/pereolivier\/\"}]}<\/script>\n<!-- \/ Yoast SEO plugin. -->","yoast_head_json":{"title":"ARTE France Cin\u00e9ma coproduit les prochains films de Vincent Le Port et Korn\u00e9l Mundrucz\u00f3 et le premier long m\u00e9trage d'animation de Wesley Rodrigues - Olivier P\u00e8re","robots":{"index":"index","follow":"follow","max-snippet":"max-snippet:-1","max-image-preview":"max-image-preview:large","max-video-preview":"max-video-preview:-1"},"canonical":"https:\/\/www.arte.tv\/sites\/olivierpere\/2025\/01\/02\/arte-france-cinema-coproduit-les-prochains-films-de-vincent-le-port-et-kornel-mundruczo-et-le-premier-long-metrage-danimation-de-wesley-rodrigues\/","og_locale":"fr_FR","og_type":"article","og_title":"ARTE France Cin\u00e9ma coproduit les prochains films de Vincent Le Port et Korn\u00e9l Mundrucz\u00f3 et le premier long m\u00e9trage d'animation de Wesley Rodrigues - Olivier P\u00e8re","og_description":"Hautefaye de Vincent Le Port Les Films du Losange (France)\u00a0 Avec\u00a0Arieh Worthalter,\u00a0Antoine Reinartz Apr\u00e8s Bruno Reidal, Vincent Le Port s&rsquo;attelle\u2026","og_url":"https:\/\/www.arte.tv\/sites\/olivierpere\/2025\/01\/02\/arte-france-cinema-coproduit-les-prochains-films-de-vincent-le-port-et-kornel-mundruczo-et-le-premier-long-metrage-danimation-de-wesley-rodrigues\/","og_site_name":"Olivier P\u00e8re","article_published_time":"2025-01-02T12:21:25+00:00","article_modified_time":"2025-01-02T13:42:34+00:00","author":"Olivier P\u00e8re","twitter_misc":{"\u00c9crit par":"Olivier P\u00e8re","Dur\u00e9e de lecture estim\u00e9e":"3 minutes"},"schema":{"@context":"https:\/\/schema.org","@graph":[{"@type":"WebPage","@id":"https:\/\/www.arte.tv\/sites\/olivierpere\/2025\/01\/02\/arte-france-cinema-coproduit-les-prochains-films-de-vincent-le-port-et-kornel-mundruczo-et-le-premier-long-metrage-danimation-de-wesley-rodrigues\/","url":"https:\/\/www.arte.tv\/sites\/olivierpere\/2025\/01\/02\/arte-france-cinema-coproduit-les-prochains-films-de-vincent-le-port-et-kornel-mundruczo-et-le-premier-long-metrage-danimation-de-wesley-rodrigues\/","name":"ARTE France Cin\u00e9ma coproduit les prochains films de Vincent Le Port et Korn\u00e9l Mundrucz\u00f3 et le premier long m\u00e9trage d'animation de Wesley Rodrigues - Olivier P\u00e8re","isPartOf":{"@id":"https:\/\/www.arte.tv\/sites\/olivierpere\/#website"},"datePublished":"2025-01-02T12:21:25+00:00","dateModified":"2025-01-02T13:42:34+00:00","author":{"@id":"https:\/\/www.arte.tv\/sites\/olivierpere\/#\/schema\/person\/dc32cd6c79be95e52d43b97a74182558"},"breadcrumb":{"@id":"https:\/\/www.arte.tv\/sites\/olivierpere\/2025\/01\/02\/arte-france-cinema-coproduit-les-prochains-films-de-vincent-le-port-et-kornel-mundruczo-et-le-premier-long-metrage-danimation-de-wesley-rodrigues\/#breadcrumb"},"inLanguage":"fr-FR","potentialAction":[{"@type":"ReadAction","target":["https:\/\/www.arte.tv\/sites\/olivierpere\/2025\/01\/02\/arte-france-cinema-coproduit-les-prochains-films-de-vincent-le-port-et-kornel-mundruczo-et-le-premier-long-metrage-danimation-de-wesley-rodrigues\/"]}]},{"@type":"BreadcrumbList","@id":"https:\/\/www.arte.tv\/sites\/olivierpere\/2025\/01\/02\/arte-france-cinema-coproduit-les-prochains-films-de-vincent-le-port-et-kornel-mundruczo-et-le-premier-long-metrage-danimation-de-wesley-rodrigues\/#breadcrumb","itemListElement":[{"@type":"ListItem","position":1,"name":"Home","item":"https:\/\/www.arte.tv\/sites\/olivierpere\/"},{"@type":"ListItem","position":2,"name":"ARTE France Cin\u00e9ma coproduit les prochains films de Vincent Le Port et Korn\u00e9l Mundrucz\u00f3 et le premier long m\u00e9trage d&rsquo;animation de Wesley Rodrigues"}]},{"@type":"WebSite","@id":"https:\/\/www.arte.tv\/sites\/olivierpere\/#website","url":"https:\/\/www.arte.tv\/sites\/olivierpere\/","name":"Olivier P\u00e8re","description":"","potentialAction":[{"@type":"SearchAction","target":{"@type":"EntryPoint","urlTemplate":"https:\/\/www.arte.tv\/sites\/olivierpere\/?s={search_term_string}"},"query-input":"required name=search_term_string"}],"inLanguage":"fr-FR"},{"@type":"Person","@id":"https:\/\/www.arte.tv\/sites\/olivierpere\/#\/schema\/person\/dc32cd6c79be95e52d43b97a74182558","name":"Olivier P\u00e8re","image":{"@type":"ImageObject","inLanguage":"fr-FR","@id":"https:\/\/www.arte.tv\/sites\/olivierpere\/#\/schema\/person\/image\/","url":"https:\/\/secure.gravatar.com\/avatar\/bdea7b6a2c195e2c41772429a9694758?s=96&d=mm&r=g","contentUrl":"https:\/\/secure.gravatar.com\/avatar\/bdea7b6a2c195e2c41772429a9694758?s=96&d=mm&r=g","caption":"Olivier P\u00e8re"},"url":"https:\/\/www.arte.tv\/sites\/olivierpere\/author\/pereolivier\/"}]}},"_links":{"self":[{"href":"https:\/\/www.arte.tv\/sites\/olivierpere\/wp-json\/wp\/v2\/posts\/28153"}],"collection":[{"href":"https:\/\/www.arte.tv\/sites\/olivierpere\/wp-json\/wp\/v2\/posts"}],"about":[{"href":"https:\/\/www.arte.tv\/sites\/olivierpere\/wp-json\/wp\/v2\/types\/post"}],"author":[{"embeddable":true,"href":"https:\/\/www.arte.tv\/sites\/olivierpere\/wp-json\/wp\/v2\/users\/116"}],"replies":[{"embeddable":true,"href":"https:\/\/www.arte.tv\/sites\/olivierpere\/wp-json\/wp\/v2\/comments?post=28153"}],"version-history":[{"count":2,"href":"https:\/\/www.arte.tv\/sites\/olivierpere\/wp-json\/wp\/v2\/posts\/28153\/revisions"}],"predecessor-version":[{"id":28155,"href":"https:\/\/www.arte.tv\/sites\/olivierpere\/wp-json\/wp\/v2\/posts\/28153\/revisions\/28155"}],"wp:attachment":[{"href":"https:\/\/www.arte.tv\/sites\/olivierpere\/wp-json\/wp\/v2\/media?parent=28153"}],"wp:term":[{"taxonomy":"category","embeddable":true,"href":"https:\/\/www.arte.tv\/sites\/olivierpere\/wp-json\/wp\/v2\/categories?post=28153"},{"taxonomy":"post_tag","embeddable":true,"href":"https:\/\/www.arte.tv\/sites\/olivierpere\/wp-json\/wp\/v2\/tags?post=28153"}],"curies":[{"name":"wp","href":"https:\/\/api.w.org\/{rel}","templated":true}]}}