{"id":27921,"date":"2024-05-27T12:53:23","date_gmt":"2024-05-27T11:53:23","guid":{"rendered":"https:\/\/www.arte.tv\/sites\/olivierpere\/?p=27921"},"modified":"2024-06-04T05:16:24","modified_gmt":"2024-06-04T04:16:24","slug":"classe-tous-risques-de-claude-sautet-et-les-miserables-de-claude-lelouch","status":"publish","type":"post","link":"https:\/\/www.arte.tv\/sites\/olivierpere\/2024\/05\/27\/classe-tous-risques-de-claude-sautet-et-les-miserables-de-claude-lelouch\/","title":{"rendered":"Classe tous risques de Claude Sautet et Les Mis\u00e9rables de Claude Lelouch"},"content":{"rendered":"<p><strong>Voici deux films qui encadrent la carri\u00e8re de l\u2019un des plus grands com\u00e9diens fran\u00e7ais, Jean-Paul Belmondo, et que l\u2019on peut revoir sur ARTE \u00e0 quelques heures d\u2019intervalle. <em>Classe tous risques<\/em> (1960, diffus\u00e9 en version restaur\u00e9e) est consid\u00e9r\u00e9 \u00e0 juste titre comme le premier film \u00ab officiel \u00bb de Claude Sautet, apr\u00e8s une com\u00e9die de commande qu\u2019il renie, <em>Bonjour sourire<\/em>. Il s\u2019agit d\u2019un admirable film noir dans Lequel Lino Ventura interpr\u00e8te Danos, un truand en cavale \u2013 nous avons d\u00e9j\u00e0 longuement \u00e9voqu\u00e9 le film sur ce blog. Alors que Ventura tient le haut de l\u2019affiche Danos, Sautet trouve en Jean-Paul Belmondo\u00a0le jeune acteur id\u00e9al pour interpr\u00e9ter \u00c9ric Stark, jeune voyou, homme de confiance avec lequel il se lie d\u2019amiti\u00e9. Sautet a remarqu\u00e9 Belmondo, alors peu connu du grand public, gr\u00e2ce au film <em>Les Tricheurs<\/em> de Marcel Carn\u00e9, dans lequel il ne jouait qu\u2019un petit r\u00f4le car Carn\u00e9 ne le trouvait pas assez beau. N\u00e9anmoins, les producteurs refusent d&rsquo;engager ce jeune acteur alors inconnu avec un physique si particulier, pr\u00e9f\u00e9rant davantage Laurent Terzieff ou G\u00e9rard Blain. Mais c&rsquo;est sans compter la d\u00e9termination de Sautet, gr\u00e2ce au soutien de Ventura, \u00e0 l&rsquo;origine du projet, qui a son mot \u00e0 dire, qui arrive \u00e0 imposer la pr\u00e9sence de Belmondo sur le film. Belmondo s\u2019y r\u00e9v\u00e8le excellent. C\u2019est pour lui le d\u00e9but d\u2019une longue relation avec le polar, qui se poursuivra avec d\u2019autres grands films comme <em>Le Doulos<\/em> de Jean-Pierre Melville mais aussi des productions commerciales moins ambitieuses sur le plan cin\u00e9matographique sign\u00e9es Labro, Verneuil ou Lautner. <em>Classe tous risques<\/em> conna\u00eet le malheur de sortir une semaine apr\u00e8s <em>A bout de souffle<\/em>. Malgr\u00e9 un bon d\u00e9marrage, c\u2019est le film de Godard qui s\u2019installe au box-office sur la dur\u00e9e et retient l\u2019attention de la critique et du public. Il permet par la m\u00eame occasion \u00e0 Belmondo de devenir une vedette. \u00c9clips\u00e9 par son rival de la Nouvelle Vague, <em>Classe tous risques<\/em> sera une d\u00e9ception pour son distributeur et devra attendre quelques ann\u00e9es avant d\u2019\u00eatre r\u00e9habilit\u00e9. Trente-cinq ans plus tard, Belmondo est la superstar ind\u00e9tr\u00f4nable du box-office fran\u00e7ais et n\u2019a jamais quitt\u00e9 les \u00e9crans depuis ses d\u00e9buts fracassants avec Godard, Broca ou Melville. Il a m\u00eame effectu\u00e9 un retour triomphal sur les planches en jouant en 1987 <em>Kean<\/em> et <em>Cyrano de Bergerac<\/em> sous la direction de Robert Hossein, juste revanche pour celui dont l\u2019entr\u00e9e \u00e0 la Com\u00e9die-Fran\u00e7aise lui avait \u00e9t\u00e9 refus\u00e9e lorsqu\u2019il avait 23 ans. On a le droit de consid\u00e9rer <em>Les Mis\u00e9rables <\/em>comme le couronnement d\u2019une carri\u00e8re qui marque la rencontre de deux monuments de l\u2019art fran\u00e7ais, Victor Hugo et Belmondo, n\u00e9 pour jouer Valjean. Claude Lelouch n\u2019est peut-\u00eatre pas un monument du cin\u00e9ma fran\u00e7ais, mais lui seul \u00e9tait capable d\u2019adapter aussi librement, mais avec autant de respect, le chef-d\u2019\u0153uvre de Hugo en se gardant bien d\u2019en livrer une simple illustration. En effet, le film se d\u00e9roule sur deux \u00e9poques. Belmondo interpr\u00e8te \u00e0 la fois un bagnard au d\u00e9but du XX\u00e8me si\u00e8cle et son fils, ancien boxeur qui quarante plus tard, devenu d\u00e9m\u00e9nageur, aide une famille de juifs \u00e0 \u00e9chapper \u00e0 la police fran\u00e7aise et aux pers\u00e9cutions nazies. Belmondo incarne successivement une force de la nature encha\u00een\u00e9e et pr\u00eat \u00e0 tout pour s\u2019\u00e9vader, puis un homme simple et illettr\u00e9 qui va d\u00e9couvrir le roman de Hugo au contact de l\u2019avocat juif qu\u2019il conduit en zone libre. Belmondo va imm\u00e9diatement s\u2019identifier au personnage de Jean Valjean. Le film contient une troisi\u00e8me couche narrative, volontairement na\u00efve et plus courte que les autres, dans laquelle Belmondo se projette dans le roman de Hugo. Lelouch n\u2019est pas tout \u00e0 fait le Hugo du cin\u00e9ma qu\u2019il aurait aim\u00e9 \u00eatre, mais on retrouve dans cette fresque historique, en r\u00e9sonnance avec <em>Les Uns et les Autres<\/em> et <em>Partir, revenir<\/em>, eux aussi consacr\u00e9s la jud\u00e9it\u00e9 et la p\u00e9riode de l\u2019occupation, son go\u00fbt des r\u00e9cits \u00e0 tiroirs, sur plusieurs g\u00e9n\u00e9rations, ce m\u00e9lange de lyrisme et d\u2019\u00e9motion primaire qui font de Lelouch le digne h\u00e9ritier d\u2019Abel Gance. Belmondo se montre bouleversant dans <em>Les Mis\u00e9rables<\/em>, d\u2019une rare intensit\u00e9 dans la premi\u00e8re s\u00e9quence, puis capable de ce m\u00e9lange de d\u00e9contraction, d\u2019humour et de forte pr\u00e9sence physique dans la suite du film, qui constitue un bel adieu de l\u2019acteur \u00e0 son public.<\/strong><\/p>\n<p>&nbsp;<\/p>\n<p><strong><em>Classe tous risques<\/em> : diffusion lundi 3 juin \u00e0 20h55 sur ARTE. disponible gratuitement en t\u00e9l\u00e9vision de rattrapage sur ARTE.tv du 4 au 9 juin. Rediffusion \u00e0 l&rsquo;antenne le mercredi 5 juin \u00e0 15:h25<\/strong><\/p>\n<p><strong><em>Les Mis\u00e9rables<\/em> : disponible gratuitement en t\u00e9l\u00e9vision de rattrapage sur ARTE.tv du 3 au 8 juin. Rediffusion \u00e0 l&rsquo;antenne le dimanche 9 juin \u00e0 13h45.<\/strong><\/p>\n<p><strong>Voir aussi la deuxi\u00e8me partie du cycle consacr\u00e9 \u00e0 Claude Lelouch sur ARTE.tv avec <em>Toute une vie<\/em>, <em>Le Bon et les M\u00e9chants<\/em>, <em>Les Uns et les Autres<\/em>, <em>Partir, revenir<\/em>, <em>Tout \u00e7a\u2026 pour \u00e7a\u00a0!,<\/em> <em>Roman de gare<\/em> et le court m\u00e9trage <em>C\u2019\u00e9tait un rendez-vous<\/em>, tous disponibles jusqu\u2019au 30 novembre. Et bien s\u00fbr notre longue conversation avec Claude Lelouch \u00e0 popos des films pr\u00e9cit\u00e9s.<\/strong><\/p>\n<p>&nbsp;<\/p>\n<p><strong><em>Classe tous risques<\/em> vient d&rsquo;\u00eatre r\u00e9\u00e9dit\u00e9 en BR en version restaur\u00e9e dans la collection \u00a0\u00bb coin de mire\u00a0\u00bb<\/strong><\/p>\n<p><img decoding=\"async\" loading=\"lazy\" class=\"alignnone size-full wp-image-27925\" src=\"https:\/\/www.arte.tv\/sites\/olivierpere\/files\/4kk0ebkulzy1n8qixijxzmbfrvx-scaled.jpg\" alt=\"\" width=\"1707\" height=\"2560\" srcset=\"https:\/\/www.arte.tv\/sites\/olivierpere\/files\/4kk0ebkulzy1n8qixijxzmbfrvx-scaled.jpg 1707w, https:\/\/www.arte.tv\/sites\/olivierpere\/files\/4kk0ebkulzy1n8qixijxzmbfrvx-187x280.jpg 187w, https:\/\/www.arte.tv\/sites\/olivierpere\/files\/4kk0ebkulzy1n8qixijxzmbfrvx-512x768.jpg 512w, https:\/\/www.arte.tv\/sites\/olivierpere\/files\/4kk0ebkulzy1n8qixijxzmbfrvx-768x1152.jpg 768w, https:\/\/www.arte.tv\/sites\/olivierpere\/files\/4kk0ebkulzy1n8qixijxzmbfrvx-1024x1536.jpg 1024w, https:\/\/www.arte.tv\/sites\/olivierpere\/files\/4kk0ebkulzy1n8qixijxzmbfrvx-1365x2048.jpg 1365w, https:\/\/www.arte.tv\/sites\/olivierpere\/files\/4kk0ebkulzy1n8qixijxzmbfrvx-580x870.jpg 580w\" sizes=\"(max-width: 1707px) 100vw, 1707px\" \/><\/p>\n<p>&nbsp;<\/p>\n","protected":false},"excerpt":{"rendered":"<p>Voici deux films qui encadrent la carri\u00e8re de l\u2019un des plus grands com\u00e9diens fran\u00e7ais, Jean-Paul Belmondo, et que l\u2019on peut\u2026<\/p>\n","protected":false},"author":116,"featured_media":0,"comment_status":"open","ping_status":"open","sticky":false,"template":"","format":"standard","meta":[],"categories":[9,8],"tags":[],"yoast_head":"<!-- This site is optimized with the Yoast SEO plugin v20.8 - https:\/\/yoast.com\/wordpress\/plugins\/seo\/ -->\n<title>Classe tous risques de Claude Sautet et Les Mis\u00e9rables de Claude Lelouch - Olivier P\u00e8re<\/title>\n<meta name=\"robots\" content=\"index, follow, max-snippet:-1, max-image-preview:large, max-video-preview:-1\" \/>\n<link rel=\"canonical\" href=\"https:\/\/www.arte.tv\/sites\/olivierpere\/2024\/05\/27\/classe-tous-risques-de-claude-sautet-et-les-miserables-de-claude-lelouch\/\" \/>\n<meta property=\"og:locale\" content=\"fr_FR\" \/>\n<meta property=\"og:type\" content=\"article\" \/>\n<meta property=\"og:title\" content=\"Classe tous risques de Claude Sautet et Les Mis\u00e9rables de Claude Lelouch - Olivier P\u00e8re\" \/>\n<meta property=\"og:description\" content=\"Voici deux films qui encadrent la carri\u00e8re de l\u2019un des plus grands com\u00e9diens fran\u00e7ais, Jean-Paul Belmondo, et que l\u2019on peut\u2026\" \/>\n<meta property=\"og:url\" content=\"https:\/\/www.arte.tv\/sites\/olivierpere\/2024\/05\/27\/classe-tous-risques-de-claude-sautet-et-les-miserables-de-claude-lelouch\/\" \/>\n<meta property=\"og:site_name\" content=\"Olivier P\u00e8re\" \/>\n<meta property=\"article:published_time\" content=\"2024-05-27T11:53:23+00:00\" \/>\n<meta property=\"article:modified_time\" content=\"2024-06-04T04:16:24+00:00\" \/>\n<meta property=\"og:image\" content=\"https:\/\/www.arte.tv\/sites\/olivierpere\/files\/4kk0ebkulzy1n8qixijxzmbfrvx-scaled.jpg\" \/>\n<meta name=\"author\" content=\"Olivier P\u00e8re\" \/>\n<meta name=\"twitter:label1\" content=\"\u00c9crit par\" \/>\n\t<meta name=\"twitter:data1\" content=\"Olivier P\u00e8re\" \/>\n\t<meta name=\"twitter:label2\" content=\"Dur\u00e9e de lecture estim\u00e9e\" \/>\n\t<meta name=\"twitter:data2\" content=\"5 minutes\" \/>\n<script type=\"application\/ld+json\" class=\"yoast-schema-graph\">{\"@context\":\"https:\/\/schema.org\",\"@graph\":[{\"@type\":\"WebPage\",\"@id\":\"https:\/\/www.arte.tv\/sites\/olivierpere\/2024\/05\/27\/classe-tous-risques-de-claude-sautet-et-les-miserables-de-claude-lelouch\/\",\"url\":\"https:\/\/www.arte.tv\/sites\/olivierpere\/2024\/05\/27\/classe-tous-risques-de-claude-sautet-et-les-miserables-de-claude-lelouch\/\",\"name\":\"Classe tous risques de Claude Sautet et Les Mis\u00e9rables de Claude Lelouch - Olivier P\u00e8re\",\"isPartOf\":{\"@id\":\"https:\/\/www.arte.tv\/sites\/olivierpere\/#website\"},\"datePublished\":\"2024-05-27T11:53:23+00:00\",\"dateModified\":\"2024-06-04T04:16:24+00:00\",\"author\":{\"@id\":\"https:\/\/www.arte.tv\/sites\/olivierpere\/#\/schema\/person\/dc32cd6c79be95e52d43b97a74182558\"},\"breadcrumb\":{\"@id\":\"https:\/\/www.arte.tv\/sites\/olivierpere\/2024\/05\/27\/classe-tous-risques-de-claude-sautet-et-les-miserables-de-claude-lelouch\/#breadcrumb\"},\"inLanguage\":\"fr-FR\",\"potentialAction\":[{\"@type\":\"ReadAction\",\"target\":[\"https:\/\/www.arte.tv\/sites\/olivierpere\/2024\/05\/27\/classe-tous-risques-de-claude-sautet-et-les-miserables-de-claude-lelouch\/\"]}]},{\"@type\":\"BreadcrumbList\",\"@id\":\"https:\/\/www.arte.tv\/sites\/olivierpere\/2024\/05\/27\/classe-tous-risques-de-claude-sautet-et-les-miserables-de-claude-lelouch\/#breadcrumb\",\"itemListElement\":[{\"@type\":\"ListItem\",\"position\":1,\"name\":\"Home\",\"item\":\"https:\/\/www.arte.tv\/sites\/olivierpere\/\"},{\"@type\":\"ListItem\",\"position\":2,\"name\":\"Classe tous risques de Claude Sautet et Les Mis\u00e9rables de Claude Lelouch\"}]},{\"@type\":\"WebSite\",\"@id\":\"https:\/\/www.arte.tv\/sites\/olivierpere\/#website\",\"url\":\"https:\/\/www.arte.tv\/sites\/olivierpere\/\",\"name\":\"Olivier P\u00e8re\",\"description\":\"\",\"potentialAction\":[{\"@type\":\"SearchAction\",\"target\":{\"@type\":\"EntryPoint\",\"urlTemplate\":\"https:\/\/www.arte.tv\/sites\/olivierpere\/?s={search_term_string}\"},\"query-input\":\"required name=search_term_string\"}],\"inLanguage\":\"fr-FR\"},{\"@type\":\"Person\",\"@id\":\"https:\/\/www.arte.tv\/sites\/olivierpere\/#\/schema\/person\/dc32cd6c79be95e52d43b97a74182558\",\"name\":\"Olivier P\u00e8re\",\"image\":{\"@type\":\"ImageObject\",\"inLanguage\":\"fr-FR\",\"@id\":\"https:\/\/www.arte.tv\/sites\/olivierpere\/#\/schema\/person\/image\/\",\"url\":\"https:\/\/secure.gravatar.com\/avatar\/bdea7b6a2c195e2c41772429a9694758?s=96&d=mm&r=g\",\"contentUrl\":\"https:\/\/secure.gravatar.com\/avatar\/bdea7b6a2c195e2c41772429a9694758?s=96&d=mm&r=g\",\"caption\":\"Olivier P\u00e8re\"},\"url\":\"https:\/\/www.arte.tv\/sites\/olivierpere\/author\/pereolivier\/\"}]}<\/script>\n<!-- \/ Yoast SEO plugin. -->","yoast_head_json":{"title":"Classe tous risques de Claude Sautet et Les Mis\u00e9rables de Claude Lelouch - Olivier P\u00e8re","robots":{"index":"index","follow":"follow","max-snippet":"max-snippet:-1","max-image-preview":"max-image-preview:large","max-video-preview":"max-video-preview:-1"},"canonical":"https:\/\/www.arte.tv\/sites\/olivierpere\/2024\/05\/27\/classe-tous-risques-de-claude-sautet-et-les-miserables-de-claude-lelouch\/","og_locale":"fr_FR","og_type":"article","og_title":"Classe tous risques de Claude Sautet et Les Mis\u00e9rables de Claude Lelouch - Olivier P\u00e8re","og_description":"Voici deux films qui encadrent la carri\u00e8re de l\u2019un des plus grands com\u00e9diens fran\u00e7ais, Jean-Paul Belmondo, et que l\u2019on peut\u2026","og_url":"https:\/\/www.arte.tv\/sites\/olivierpere\/2024\/05\/27\/classe-tous-risques-de-claude-sautet-et-les-miserables-de-claude-lelouch\/","og_site_name":"Olivier P\u00e8re","article_published_time":"2024-05-27T11:53:23+00:00","article_modified_time":"2024-06-04T04:16:24+00:00","og_image":[{"url":"https:\/\/www.arte.tv\/sites\/olivierpere\/files\/4kk0ebkulzy1n8qixijxzmbfrvx-scaled.jpg"}],"author":"Olivier P\u00e8re","twitter_misc":{"\u00c9crit par":"Olivier P\u00e8re","Dur\u00e9e de lecture estim\u00e9e":"5 minutes"},"schema":{"@context":"https:\/\/schema.org","@graph":[{"@type":"WebPage","@id":"https:\/\/www.arte.tv\/sites\/olivierpere\/2024\/05\/27\/classe-tous-risques-de-claude-sautet-et-les-miserables-de-claude-lelouch\/","url":"https:\/\/www.arte.tv\/sites\/olivierpere\/2024\/05\/27\/classe-tous-risques-de-claude-sautet-et-les-miserables-de-claude-lelouch\/","name":"Classe tous risques de Claude Sautet et Les Mis\u00e9rables de Claude Lelouch - Olivier P\u00e8re","isPartOf":{"@id":"https:\/\/www.arte.tv\/sites\/olivierpere\/#website"},"datePublished":"2024-05-27T11:53:23+00:00","dateModified":"2024-06-04T04:16:24+00:00","author":{"@id":"https:\/\/www.arte.tv\/sites\/olivierpere\/#\/schema\/person\/dc32cd6c79be95e52d43b97a74182558"},"breadcrumb":{"@id":"https:\/\/www.arte.tv\/sites\/olivierpere\/2024\/05\/27\/classe-tous-risques-de-claude-sautet-et-les-miserables-de-claude-lelouch\/#breadcrumb"},"inLanguage":"fr-FR","potentialAction":[{"@type":"ReadAction","target":["https:\/\/www.arte.tv\/sites\/olivierpere\/2024\/05\/27\/classe-tous-risques-de-claude-sautet-et-les-miserables-de-claude-lelouch\/"]}]},{"@type":"BreadcrumbList","@id":"https:\/\/www.arte.tv\/sites\/olivierpere\/2024\/05\/27\/classe-tous-risques-de-claude-sautet-et-les-miserables-de-claude-lelouch\/#breadcrumb","itemListElement":[{"@type":"ListItem","position":1,"name":"Home","item":"https:\/\/www.arte.tv\/sites\/olivierpere\/"},{"@type":"ListItem","position":2,"name":"Classe tous risques de Claude Sautet et Les Mis\u00e9rables de Claude Lelouch"}]},{"@type":"WebSite","@id":"https:\/\/www.arte.tv\/sites\/olivierpere\/#website","url":"https:\/\/www.arte.tv\/sites\/olivierpere\/","name":"Olivier P\u00e8re","description":"","potentialAction":[{"@type":"SearchAction","target":{"@type":"EntryPoint","urlTemplate":"https:\/\/www.arte.tv\/sites\/olivierpere\/?s={search_term_string}"},"query-input":"required name=search_term_string"}],"inLanguage":"fr-FR"},{"@type":"Person","@id":"https:\/\/www.arte.tv\/sites\/olivierpere\/#\/schema\/person\/dc32cd6c79be95e52d43b97a74182558","name":"Olivier P\u00e8re","image":{"@type":"ImageObject","inLanguage":"fr-FR","@id":"https:\/\/www.arte.tv\/sites\/olivierpere\/#\/schema\/person\/image\/","url":"https:\/\/secure.gravatar.com\/avatar\/bdea7b6a2c195e2c41772429a9694758?s=96&d=mm&r=g","contentUrl":"https:\/\/secure.gravatar.com\/avatar\/bdea7b6a2c195e2c41772429a9694758?s=96&d=mm&r=g","caption":"Olivier P\u00e8re"},"url":"https:\/\/www.arte.tv\/sites\/olivierpere\/author\/pereolivier\/"}]}},"_links":{"self":[{"href":"https:\/\/www.arte.tv\/sites\/olivierpere\/wp-json\/wp\/v2\/posts\/27921"}],"collection":[{"href":"https:\/\/www.arte.tv\/sites\/olivierpere\/wp-json\/wp\/v2\/posts"}],"about":[{"href":"https:\/\/www.arte.tv\/sites\/olivierpere\/wp-json\/wp\/v2\/types\/post"}],"author":[{"embeddable":true,"href":"https:\/\/www.arte.tv\/sites\/olivierpere\/wp-json\/wp\/v2\/users\/116"}],"replies":[{"embeddable":true,"href":"https:\/\/www.arte.tv\/sites\/olivierpere\/wp-json\/wp\/v2\/comments?post=27921"}],"version-history":[{"count":4,"href":"https:\/\/www.arte.tv\/sites\/olivierpere\/wp-json\/wp\/v2\/posts\/27921\/revisions"}],"predecessor-version":[{"id":27926,"href":"https:\/\/www.arte.tv\/sites\/olivierpere\/wp-json\/wp\/v2\/posts\/27921\/revisions\/27926"}],"wp:attachment":[{"href":"https:\/\/www.arte.tv\/sites\/olivierpere\/wp-json\/wp\/v2\/media?parent=27921"}],"wp:term":[{"taxonomy":"category","embeddable":true,"href":"https:\/\/www.arte.tv\/sites\/olivierpere\/wp-json\/wp\/v2\/categories?post=27921"},{"taxonomy":"post_tag","embeddable":true,"href":"https:\/\/www.arte.tv\/sites\/olivierpere\/wp-json\/wp\/v2\/tags?post=27921"}],"curies":[{"name":"wp","href":"https:\/\/api.w.org\/{rel}","templated":true}]}}