{"id":27815,"date":"2024-04-05T13:05:40","date_gmt":"2024-04-05T12:05:40","guid":{"rendered":"https:\/\/www.arte.tv\/sites\/olivierpere\/?p=27815"},"modified":"2024-05-04T13:07:41","modified_gmt":"2024-05-04T12:07:41","slug":"france-de-bruno-dumont","status":"publish","type":"post","link":"https:\/\/www.arte.tv\/sites\/olivierpere\/2024\/04\/05\/france-de-bruno-dumont\/","title":{"rendered":"France de Bruno Dumont"},"content":{"rendered":"<p><strong>Certains cin\u00e9astes retranchent, creusent \u00e0 l\u2019os, tendent vers l\u2019\u00e9pure. Au contraire, on a le sentiment que Bruno Dumont depuis plusieurs films a enrichi chaque nouvelle cr\u00e9ation cin\u00e9matographique de strates et de mat\u00e9riau suppl\u00e9mentaires. Parti \u00e0 la recherche de la simplicit\u00e9 (<em>La Vie de J\u00e9sus<\/em>) il s\u2019est r\u00e9cemment orient\u00e9 vers des films de plus en plus baroques, impurs, m\u00e9lang\u00e9s, principalement par le prisme du burlesque et du fantastique. Il est possible que <em>L\u2019Empire<\/em> constitue un point de non-retour dans cette d\u00e9marche.<\/strong><\/p>\n<p><strong>Le baroque est l\u2019art de la m\u00e9tamorphose et c\u2019est vers la transformation que tend l\u2019\u0153uvre de Dumont. <em>France<\/em> (2021) navigue en permanence entre com\u00e9die satirique et m\u00e9lodrame, lyrisme et dissonance, et se r\u00e9v\u00e8le un film \u00e9tonnant et bouleversant \u00e0 plus d\u2019un titre. Dumont propose la chronique de la vie fr\u00e9n\u00e9tique d\u2019une journaliste star de la t\u00e9l\u00e9vision, prise entre la c\u00e9l\u00e9brit\u00e9\u0301 et une spirale d\u2019\u00e9v\u00e8nements qui entraineront sa chute. Entre drame et com\u00e9die, le cin\u00e9aste veut mettre en sc\u00e8ne la crise intime et publique d\u2019une jeune femme et dresser un tableau impitoyable de la France contemporaine. \u00ab\u00a0Filmer cette vie et cette illumination. Filmer cette conversion, sa d\u00e9termination, ses maux, ses sursauts, sa lutte\u00a0\u00bb, telles \u00e9taient les intentions de d\u00e9part de Dumont. Il poss\u00e8de une vision du cin\u00e9ma extr\u00eamement puissante. C\u2019est aussi un directeur d\u2019acteurs et d\u2019actrices exceptionnels, qui ne travaille avec des com\u00e9diens professionnels que depuis <em>Camille Claudel 1915<\/em> avec Juliette Binoche, en 2013. L\u00e9a Seydoux est g\u00e9niale dans <em>France<\/em>, o\u00f9 elle se livre comme jamais. On a l\u2019impression que la fiction se transforme en documentaire sur la femme et l\u2019actrice. Devant la cam\u00e9ra de Dumont, elle exprime avec force les maux, les luttes, l\u2019\u00e9tat de gr\u00e2ce et la d\u00e9termination de son personnage.<\/strong><\/p>\n<p>&nbsp;<\/p>\n<p><strong>Diffusion le lundi 6 mai \u00e0 22h30 sur ARTE. \u00c9galement disponible gratuitement en t\u00e9l\u00e9vision de rattrapage sur Arte.tv et la cha\u00eene cin\u00e9ma d\u2019ARTE sur YouTube.<\/strong><\/p>\n<p><img decoding=\"async\" loading=\"lazy\" class=\"alignnone size-full wp-image-27816\" src=\"https:\/\/www.arte.tv\/sites\/olivierpere\/files\/206592223-france.jpg\" alt=\"\" width=\"789\" height=\"1058\" srcset=\"https:\/\/www.arte.tv\/sites\/olivierpere\/files\/206592223-france.jpg 789w, https:\/\/www.arte.tv\/sites\/olivierpere\/files\/206592223-france-209x280.jpg 209w, https:\/\/www.arte.tv\/sites\/olivierpere\/files\/206592223-france-573x768.jpg 573w, https:\/\/www.arte.tv\/sites\/olivierpere\/files\/206592223-france-768x1030.jpg 768w, https:\/\/www.arte.tv\/sites\/olivierpere\/files\/206592223-france-580x778.jpg 580w\" sizes=\"(max-width: 789px) 100vw, 789px\" \/><\/p>\n<p>&nbsp;<\/p>\n","protected":false},"excerpt":{"rendered":"<p>Certains cin\u00e9astes retranchent, creusent \u00e0 l\u2019os, tendent vers l\u2019\u00e9pure. Au contraire, on a le sentiment que Bruno Dumont depuis plusieurs\u2026<\/p>\n","protected":false},"author":116,"featured_media":0,"comment_status":"open","ping_status":"open","sticky":false,"template":"","format":"standard","meta":[],"categories":[6,8],"tags":[],"yoast_head":"<!-- This site is optimized with the Yoast SEO plugin v20.8 - https:\/\/yoast.com\/wordpress\/plugins\/seo\/ -->\n<title>France de Bruno Dumont - Olivier P\u00e8re<\/title>\n<meta name=\"robots\" content=\"index, follow, max-snippet:-1, max-image-preview:large, max-video-preview:-1\" \/>\n<link rel=\"canonical\" href=\"https:\/\/www.arte.tv\/sites\/olivierpere\/2024\/04\/05\/france-de-bruno-dumont\/\" \/>\n<meta property=\"og:locale\" content=\"fr_FR\" \/>\n<meta property=\"og:type\" content=\"article\" \/>\n<meta property=\"og:title\" content=\"France de Bruno Dumont - Olivier P\u00e8re\" \/>\n<meta property=\"og:description\" content=\"Certains cin\u00e9astes retranchent, creusent \u00e0 l\u2019os, tendent vers l\u2019\u00e9pure. Au contraire, on a le sentiment que Bruno Dumont depuis plusieurs\u2026\" \/>\n<meta property=\"og:url\" content=\"https:\/\/www.arte.tv\/sites\/olivierpere\/2024\/04\/05\/france-de-bruno-dumont\/\" \/>\n<meta property=\"og:site_name\" content=\"Olivier P\u00e8re\" \/>\n<meta property=\"article:published_time\" content=\"2024-04-05T12:05:40+00:00\" \/>\n<meta property=\"article:modified_time\" content=\"2024-05-04T12:07:41+00:00\" \/>\n<meta property=\"og:image\" content=\"https:\/\/www.arte.tv\/sites\/olivierpere\/files\/206592223-france.jpg\" \/>\n<meta name=\"author\" content=\"Olivier P\u00e8re\" \/>\n<meta name=\"twitter:label1\" content=\"\u00c9crit par\" \/>\n\t<meta name=\"twitter:data1\" content=\"Olivier P\u00e8re\" \/>\n\t<meta name=\"twitter:label2\" content=\"Dur\u00e9e de lecture estim\u00e9e\" \/>\n\t<meta name=\"twitter:data2\" content=\"2 minutes\" \/>\n<script type=\"application\/ld+json\" class=\"yoast-schema-graph\">{\"@context\":\"https:\/\/schema.org\",\"@graph\":[{\"@type\":\"WebPage\",\"@id\":\"https:\/\/www.arte.tv\/sites\/olivierpere\/2024\/04\/05\/france-de-bruno-dumont\/\",\"url\":\"https:\/\/www.arte.tv\/sites\/olivierpere\/2024\/04\/05\/france-de-bruno-dumont\/\",\"name\":\"France de Bruno Dumont - Olivier P\u00e8re\",\"isPartOf\":{\"@id\":\"https:\/\/www.arte.tv\/sites\/olivierpere\/#website\"},\"datePublished\":\"2024-04-05T12:05:40+00:00\",\"dateModified\":\"2024-05-04T12:07:41+00:00\",\"author\":{\"@id\":\"https:\/\/www.arte.tv\/sites\/olivierpere\/#\/schema\/person\/dc32cd6c79be95e52d43b97a74182558\"},\"breadcrumb\":{\"@id\":\"https:\/\/www.arte.tv\/sites\/olivierpere\/2024\/04\/05\/france-de-bruno-dumont\/#breadcrumb\"},\"inLanguage\":\"fr-FR\",\"potentialAction\":[{\"@type\":\"ReadAction\",\"target\":[\"https:\/\/www.arte.tv\/sites\/olivierpere\/2024\/04\/05\/france-de-bruno-dumont\/\"]}]},{\"@type\":\"BreadcrumbList\",\"@id\":\"https:\/\/www.arte.tv\/sites\/olivierpere\/2024\/04\/05\/france-de-bruno-dumont\/#breadcrumb\",\"itemListElement\":[{\"@type\":\"ListItem\",\"position\":1,\"name\":\"Home\",\"item\":\"https:\/\/www.arte.tv\/sites\/olivierpere\/\"},{\"@type\":\"ListItem\",\"position\":2,\"name\":\"France de Bruno Dumont\"}]},{\"@type\":\"WebSite\",\"@id\":\"https:\/\/www.arte.tv\/sites\/olivierpere\/#website\",\"url\":\"https:\/\/www.arte.tv\/sites\/olivierpere\/\",\"name\":\"Olivier P\u00e8re\",\"description\":\"\",\"potentialAction\":[{\"@type\":\"SearchAction\",\"target\":{\"@type\":\"EntryPoint\",\"urlTemplate\":\"https:\/\/www.arte.tv\/sites\/olivierpere\/?s={search_term_string}\"},\"query-input\":\"required name=search_term_string\"}],\"inLanguage\":\"fr-FR\"},{\"@type\":\"Person\",\"@id\":\"https:\/\/www.arte.tv\/sites\/olivierpere\/#\/schema\/person\/dc32cd6c79be95e52d43b97a74182558\",\"name\":\"Olivier P\u00e8re\",\"image\":{\"@type\":\"ImageObject\",\"inLanguage\":\"fr-FR\",\"@id\":\"https:\/\/www.arte.tv\/sites\/olivierpere\/#\/schema\/person\/image\/\",\"url\":\"https:\/\/secure.gravatar.com\/avatar\/bdea7b6a2c195e2c41772429a9694758?s=96&d=mm&r=g\",\"contentUrl\":\"https:\/\/secure.gravatar.com\/avatar\/bdea7b6a2c195e2c41772429a9694758?s=96&d=mm&r=g\",\"caption\":\"Olivier P\u00e8re\"},\"url\":\"https:\/\/www.arte.tv\/sites\/olivierpere\/author\/pereolivier\/\"}]}<\/script>\n<!-- \/ Yoast SEO plugin. -->","yoast_head_json":{"title":"France de Bruno Dumont - Olivier P\u00e8re","robots":{"index":"index","follow":"follow","max-snippet":"max-snippet:-1","max-image-preview":"max-image-preview:large","max-video-preview":"max-video-preview:-1"},"canonical":"https:\/\/www.arte.tv\/sites\/olivierpere\/2024\/04\/05\/france-de-bruno-dumont\/","og_locale":"fr_FR","og_type":"article","og_title":"France de Bruno Dumont - Olivier P\u00e8re","og_description":"Certains cin\u00e9astes retranchent, creusent \u00e0 l\u2019os, tendent vers l\u2019\u00e9pure. Au contraire, on a le sentiment que Bruno Dumont depuis plusieurs\u2026","og_url":"https:\/\/www.arte.tv\/sites\/olivierpere\/2024\/04\/05\/france-de-bruno-dumont\/","og_site_name":"Olivier P\u00e8re","article_published_time":"2024-04-05T12:05:40+00:00","article_modified_time":"2024-05-04T12:07:41+00:00","og_image":[{"url":"https:\/\/www.arte.tv\/sites\/olivierpere\/files\/206592223-france.jpg"}],"author":"Olivier P\u00e8re","twitter_misc":{"\u00c9crit par":"Olivier P\u00e8re","Dur\u00e9e de lecture estim\u00e9e":"2 minutes"},"schema":{"@context":"https:\/\/schema.org","@graph":[{"@type":"WebPage","@id":"https:\/\/www.arte.tv\/sites\/olivierpere\/2024\/04\/05\/france-de-bruno-dumont\/","url":"https:\/\/www.arte.tv\/sites\/olivierpere\/2024\/04\/05\/france-de-bruno-dumont\/","name":"France de Bruno Dumont - Olivier P\u00e8re","isPartOf":{"@id":"https:\/\/www.arte.tv\/sites\/olivierpere\/#website"},"datePublished":"2024-04-05T12:05:40+00:00","dateModified":"2024-05-04T12:07:41+00:00","author":{"@id":"https:\/\/www.arte.tv\/sites\/olivierpere\/#\/schema\/person\/dc32cd6c79be95e52d43b97a74182558"},"breadcrumb":{"@id":"https:\/\/www.arte.tv\/sites\/olivierpere\/2024\/04\/05\/france-de-bruno-dumont\/#breadcrumb"},"inLanguage":"fr-FR","potentialAction":[{"@type":"ReadAction","target":["https:\/\/www.arte.tv\/sites\/olivierpere\/2024\/04\/05\/france-de-bruno-dumont\/"]}]},{"@type":"BreadcrumbList","@id":"https:\/\/www.arte.tv\/sites\/olivierpere\/2024\/04\/05\/france-de-bruno-dumont\/#breadcrumb","itemListElement":[{"@type":"ListItem","position":1,"name":"Home","item":"https:\/\/www.arte.tv\/sites\/olivierpere\/"},{"@type":"ListItem","position":2,"name":"France de Bruno Dumont"}]},{"@type":"WebSite","@id":"https:\/\/www.arte.tv\/sites\/olivierpere\/#website","url":"https:\/\/www.arte.tv\/sites\/olivierpere\/","name":"Olivier P\u00e8re","description":"","potentialAction":[{"@type":"SearchAction","target":{"@type":"EntryPoint","urlTemplate":"https:\/\/www.arte.tv\/sites\/olivierpere\/?s={search_term_string}"},"query-input":"required name=search_term_string"}],"inLanguage":"fr-FR"},{"@type":"Person","@id":"https:\/\/www.arte.tv\/sites\/olivierpere\/#\/schema\/person\/dc32cd6c79be95e52d43b97a74182558","name":"Olivier P\u00e8re","image":{"@type":"ImageObject","inLanguage":"fr-FR","@id":"https:\/\/www.arte.tv\/sites\/olivierpere\/#\/schema\/person\/image\/","url":"https:\/\/secure.gravatar.com\/avatar\/bdea7b6a2c195e2c41772429a9694758?s=96&d=mm&r=g","contentUrl":"https:\/\/secure.gravatar.com\/avatar\/bdea7b6a2c195e2c41772429a9694758?s=96&d=mm&r=g","caption":"Olivier P\u00e8re"},"url":"https:\/\/www.arte.tv\/sites\/olivierpere\/author\/pereolivier\/"}]}},"_links":{"self":[{"href":"https:\/\/www.arte.tv\/sites\/olivierpere\/wp-json\/wp\/v2\/posts\/27815"}],"collection":[{"href":"https:\/\/www.arte.tv\/sites\/olivierpere\/wp-json\/wp\/v2\/posts"}],"about":[{"href":"https:\/\/www.arte.tv\/sites\/olivierpere\/wp-json\/wp\/v2\/types\/post"}],"author":[{"embeddable":true,"href":"https:\/\/www.arte.tv\/sites\/olivierpere\/wp-json\/wp\/v2\/users\/116"}],"replies":[{"embeddable":true,"href":"https:\/\/www.arte.tv\/sites\/olivierpere\/wp-json\/wp\/v2\/comments?post=27815"}],"version-history":[{"count":1,"href":"https:\/\/www.arte.tv\/sites\/olivierpere\/wp-json\/wp\/v2\/posts\/27815\/revisions"}],"predecessor-version":[{"id":27817,"href":"https:\/\/www.arte.tv\/sites\/olivierpere\/wp-json\/wp\/v2\/posts\/27815\/revisions\/27817"}],"wp:attachment":[{"href":"https:\/\/www.arte.tv\/sites\/olivierpere\/wp-json\/wp\/v2\/media?parent=27815"}],"wp:term":[{"taxonomy":"category","embeddable":true,"href":"https:\/\/www.arte.tv\/sites\/olivierpere\/wp-json\/wp\/v2\/categories?post=27815"},{"taxonomy":"post_tag","embeddable":true,"href":"https:\/\/www.arte.tv\/sites\/olivierpere\/wp-json\/wp\/v2\/tags?post=27815"}],"curies":[{"name":"wp","href":"https:\/\/api.w.org\/{rel}","templated":true}]}}