{"id":27770,"date":"2024-03-21T15:27:36","date_gmt":"2024-03-21T14:27:36","guid":{"rendered":"https:\/\/www.arte.tv\/sites\/olivierpere\/?p=27770"},"modified":"2024-03-30T15:28:24","modified_gmt":"2024-03-30T14:28:24","slug":"madres-paralelas-et-la-voix-humaine-de-pedro-almodovar","status":"publish","type":"post","link":"https:\/\/www.arte.tv\/sites\/olivierpere\/2024\/03\/21\/madres-paralelas-et-la-voix-humaine-de-pedro-almodovar\/","title":{"rendered":"Madres paralelas et La Voix humaine de Pedro Almod\u00f3var"},"content":{"rendered":"<p><strong><em>Madres paralelas, <\/em><\/strong><strong>r\u00e9alis\u00e9 en 2021 par Pedro <\/strong><strong>Almod\u00f3var<\/strong><strong>, marque les retrouvailles entre l\u2019auteur madril\u00e8ne et son actrice f\u00e9tiche Penelope Cruz, devenue entretemps la star internationale que l\u2019on sait. C\u2019est un nouveau et sublime portrait de femme qui permet au r\u00e9alisateur d\u2019aborder les th\u00e8mes de la maternit\u00e9, du deuil et de la m\u00e9moire collective. <em>Madres paralelas<\/em> est un m\u00e9lodrame bouleversant qui op\u00e8re une greffe r\u00e9ussie entre les secrets intimes de deux m\u00e8res r\u00e9unies par hasard, des deuils personnels mais aussi collectifs, puisque le film \u00e9voque dans une seconde intrigue \u00ab\u00a0parall\u00e8le\u00a0\u00bb les douleurs enfouies de la guerre d\u2019Espagne. Le film illustre le dr\u00f4le de chemin qu\u2019il faut \u00e0 deux femmes d\u2019\u00e2ge diff\u00e9rent pour vivre en paix avec leur pass\u00e9, assumer et accepter leur statut de femme, de fille et de m\u00e8re. Pedro <\/strong><strong>Almod\u00f3var<\/strong><strong>, au sommet de son art, offre \u00e0 Penelope Cruz l\u2019un des plus beaux r\u00f4les de sa carri\u00e8re, celui d\u2019une quadrag\u00e9naire libre et moderne port\u00e9e par une volont\u00e9 farouche. A ses c\u00f4t\u00e9s, la jeune actrice espagnole Milena Smit est la r\u00e9v\u00e9lation du film. <\/strong><\/p>\n<p><strong>\u00a0<\/strong><\/p>\n<p><strong>Avec<em> La Voix humaine<\/em> (<em>The Human Voice\/La voz humana<\/em>, 2020), d\u2019<\/strong><strong>Almod\u00f3var<\/strong><strong> signe son premier film anglophone d\u2019<\/strong><strong>Almod\u00f3var, dont l\u2019unique interpr\u00e8te est Tilda Swinton. Il s\u2019agit d\u2019un court m\u00e9trage de trente minutes, adapt\u00e9 de <em>La Voix humaine<\/em>, pi\u00e8ce en un acte de Jean Cocteau, d\u00e9j\u00e0 port\u00e9e \u00e0 l\u2019\u00e9cran par Roberto Rossellini en 1948 avec Anna Magnani. Ce texte avait d\u00e9j\u00e0 \u00e9t\u00e9 pris par Almod\u00f3var comme r\u00e9f\u00e9rence pour la <em>Loi du d\u00e9sir<\/em> et <em>Femmes au bord de la crise de nerfs<\/em>. Ce pourrait \u00eatre un simple exercice de style, o\u00f9 resplendit le go\u00fbt du cin\u00e9aste pour les dispositifs sc\u00e9niques, les d\u00e9cors et les v\u00eatements chatoyants. C\u2019est avant tout un \u00e9crin de luxe pour une actrice g\u00e9niale, qui se livre \u00e0 une cr\u00e9ation particuli\u00e8rement inspir\u00e9e.<\/strong><\/p>\n<p><strong>\u00a0<\/strong><\/p>\n<p><strong><em>Madres paralelas et La Voix humaine <\/em><\/strong><strong>de Pedro <\/strong><strong>Almod\u00f3var sont diffus\u00e9s mercredi 10 avril \u00e0 20h55 et 22h55<\/strong><strong>. Disponibles en t\u00e9l\u00e9vision de rattrapage.<\/strong><\/p>\n<p><strong>\u00a0<\/strong><\/p>\n<p><strong>\u00a0<\/strong><\/p>\n<p><strong>\u00a0<\/strong><\/p>\n","protected":false},"excerpt":{"rendered":"<p>Madres paralelas, r\u00e9alis\u00e9 en 2021 par Pedro Almod\u00f3var, marque les retrouvailles entre l\u2019auteur madril\u00e8ne et son actrice f\u00e9tiche Penelope Cruz,\u2026<\/p>\n","protected":false},"author":116,"featured_media":0,"comment_status":"open","ping_status":"open","sticky":false,"template":"","format":"standard","meta":[],"categories":[8],"tags":[],"yoast_head":"<!-- This site is optimized with the Yoast SEO plugin v20.8 - https:\/\/yoast.com\/wordpress\/plugins\/seo\/ -->\n<title>Madres paralelas et La Voix humaine de Pedro Almod\u00f3var - Olivier P\u00e8re<\/title>\n<meta name=\"robots\" content=\"index, follow, max-snippet:-1, max-image-preview:large, max-video-preview:-1\" \/>\n<link rel=\"canonical\" href=\"https:\/\/www.arte.tv\/sites\/olivierpere\/2024\/03\/21\/madres-paralelas-et-la-voix-humaine-de-pedro-almodovar\/\" \/>\n<meta property=\"og:locale\" content=\"fr_FR\" \/>\n<meta property=\"og:type\" content=\"article\" \/>\n<meta property=\"og:title\" content=\"Madres paralelas et La Voix humaine de Pedro Almod\u00f3var - Olivier P\u00e8re\" \/>\n<meta property=\"og:description\" content=\"Madres paralelas, r\u00e9alis\u00e9 en 2021 par Pedro Almod\u00f3var, marque les retrouvailles entre l\u2019auteur madril\u00e8ne et son actrice f\u00e9tiche Penelope Cruz,\u2026\" \/>\n<meta property=\"og:url\" content=\"https:\/\/www.arte.tv\/sites\/olivierpere\/2024\/03\/21\/madres-paralelas-et-la-voix-humaine-de-pedro-almodovar\/\" \/>\n<meta property=\"og:site_name\" content=\"Olivier P\u00e8re\" \/>\n<meta property=\"article:published_time\" content=\"2024-03-21T14:27:36+00:00\" \/>\n<meta property=\"article:modified_time\" content=\"2024-03-30T14:28:24+00:00\" \/>\n<meta name=\"author\" content=\"Olivier P\u00e8re\" \/>\n<meta name=\"twitter:label1\" content=\"\u00c9crit par\" \/>\n\t<meta name=\"twitter:data1\" content=\"Olivier P\u00e8re\" \/>\n\t<meta name=\"twitter:label2\" content=\"Dur\u00e9e de lecture estim\u00e9e\" \/>\n\t<meta name=\"twitter:data2\" content=\"2 minutes\" \/>\n<script type=\"application\/ld+json\" class=\"yoast-schema-graph\">{\"@context\":\"https:\/\/schema.org\",\"@graph\":[{\"@type\":\"WebPage\",\"@id\":\"https:\/\/www.arte.tv\/sites\/olivierpere\/2024\/03\/21\/madres-paralelas-et-la-voix-humaine-de-pedro-almodovar\/\",\"url\":\"https:\/\/www.arte.tv\/sites\/olivierpere\/2024\/03\/21\/madres-paralelas-et-la-voix-humaine-de-pedro-almodovar\/\",\"name\":\"Madres paralelas et La Voix humaine de Pedro Almod\u00f3var - Olivier P\u00e8re\",\"isPartOf\":{\"@id\":\"https:\/\/www.arte.tv\/sites\/olivierpere\/#website\"},\"datePublished\":\"2024-03-21T14:27:36+00:00\",\"dateModified\":\"2024-03-30T14:28:24+00:00\",\"author\":{\"@id\":\"https:\/\/www.arte.tv\/sites\/olivierpere\/#\/schema\/person\/dc32cd6c79be95e52d43b97a74182558\"},\"breadcrumb\":{\"@id\":\"https:\/\/www.arte.tv\/sites\/olivierpere\/2024\/03\/21\/madres-paralelas-et-la-voix-humaine-de-pedro-almodovar\/#breadcrumb\"},\"inLanguage\":\"fr-FR\",\"potentialAction\":[{\"@type\":\"ReadAction\",\"target\":[\"https:\/\/www.arte.tv\/sites\/olivierpere\/2024\/03\/21\/madres-paralelas-et-la-voix-humaine-de-pedro-almodovar\/\"]}]},{\"@type\":\"BreadcrumbList\",\"@id\":\"https:\/\/www.arte.tv\/sites\/olivierpere\/2024\/03\/21\/madres-paralelas-et-la-voix-humaine-de-pedro-almodovar\/#breadcrumb\",\"itemListElement\":[{\"@type\":\"ListItem\",\"position\":1,\"name\":\"Home\",\"item\":\"https:\/\/www.arte.tv\/sites\/olivierpere\/\"},{\"@type\":\"ListItem\",\"position\":2,\"name\":\"Madres paralelas et La Voix humaine de Pedro Almod\u00f3var\"}]},{\"@type\":\"WebSite\",\"@id\":\"https:\/\/www.arte.tv\/sites\/olivierpere\/#website\",\"url\":\"https:\/\/www.arte.tv\/sites\/olivierpere\/\",\"name\":\"Olivier P\u00e8re\",\"description\":\"\",\"potentialAction\":[{\"@type\":\"SearchAction\",\"target\":{\"@type\":\"EntryPoint\",\"urlTemplate\":\"https:\/\/www.arte.tv\/sites\/olivierpere\/?s={search_term_string}\"},\"query-input\":\"required name=search_term_string\"}],\"inLanguage\":\"fr-FR\"},{\"@type\":\"Person\",\"@id\":\"https:\/\/www.arte.tv\/sites\/olivierpere\/#\/schema\/person\/dc32cd6c79be95e52d43b97a74182558\",\"name\":\"Olivier P\u00e8re\",\"image\":{\"@type\":\"ImageObject\",\"inLanguage\":\"fr-FR\",\"@id\":\"https:\/\/www.arte.tv\/sites\/olivierpere\/#\/schema\/person\/image\/\",\"url\":\"https:\/\/secure.gravatar.com\/avatar\/bdea7b6a2c195e2c41772429a9694758?s=96&d=mm&r=g\",\"contentUrl\":\"https:\/\/secure.gravatar.com\/avatar\/bdea7b6a2c195e2c41772429a9694758?s=96&d=mm&r=g\",\"caption\":\"Olivier P\u00e8re\"},\"url\":\"https:\/\/www.arte.tv\/sites\/olivierpere\/author\/pereolivier\/\"}]}<\/script>\n<!-- \/ Yoast SEO plugin. -->","yoast_head_json":{"title":"Madres paralelas et La Voix humaine de Pedro Almod\u00f3var - Olivier P\u00e8re","robots":{"index":"index","follow":"follow","max-snippet":"max-snippet:-1","max-image-preview":"max-image-preview:large","max-video-preview":"max-video-preview:-1"},"canonical":"https:\/\/www.arte.tv\/sites\/olivierpere\/2024\/03\/21\/madres-paralelas-et-la-voix-humaine-de-pedro-almodovar\/","og_locale":"fr_FR","og_type":"article","og_title":"Madres paralelas et La Voix humaine de Pedro Almod\u00f3var - Olivier P\u00e8re","og_description":"Madres paralelas, r\u00e9alis\u00e9 en 2021 par Pedro Almod\u00f3var, marque les retrouvailles entre l\u2019auteur madril\u00e8ne et son actrice f\u00e9tiche Penelope Cruz,\u2026","og_url":"https:\/\/www.arte.tv\/sites\/olivierpere\/2024\/03\/21\/madres-paralelas-et-la-voix-humaine-de-pedro-almodovar\/","og_site_name":"Olivier P\u00e8re","article_published_time":"2024-03-21T14:27:36+00:00","article_modified_time":"2024-03-30T14:28:24+00:00","author":"Olivier P\u00e8re","twitter_misc":{"\u00c9crit par":"Olivier P\u00e8re","Dur\u00e9e de lecture estim\u00e9e":"2 minutes"},"schema":{"@context":"https:\/\/schema.org","@graph":[{"@type":"WebPage","@id":"https:\/\/www.arte.tv\/sites\/olivierpere\/2024\/03\/21\/madres-paralelas-et-la-voix-humaine-de-pedro-almodovar\/","url":"https:\/\/www.arte.tv\/sites\/olivierpere\/2024\/03\/21\/madres-paralelas-et-la-voix-humaine-de-pedro-almodovar\/","name":"Madres paralelas et La Voix humaine de Pedro Almod\u00f3var - Olivier P\u00e8re","isPartOf":{"@id":"https:\/\/www.arte.tv\/sites\/olivierpere\/#website"},"datePublished":"2024-03-21T14:27:36+00:00","dateModified":"2024-03-30T14:28:24+00:00","author":{"@id":"https:\/\/www.arte.tv\/sites\/olivierpere\/#\/schema\/person\/dc32cd6c79be95e52d43b97a74182558"},"breadcrumb":{"@id":"https:\/\/www.arte.tv\/sites\/olivierpere\/2024\/03\/21\/madres-paralelas-et-la-voix-humaine-de-pedro-almodovar\/#breadcrumb"},"inLanguage":"fr-FR","potentialAction":[{"@type":"ReadAction","target":["https:\/\/www.arte.tv\/sites\/olivierpere\/2024\/03\/21\/madres-paralelas-et-la-voix-humaine-de-pedro-almodovar\/"]}]},{"@type":"BreadcrumbList","@id":"https:\/\/www.arte.tv\/sites\/olivierpere\/2024\/03\/21\/madres-paralelas-et-la-voix-humaine-de-pedro-almodovar\/#breadcrumb","itemListElement":[{"@type":"ListItem","position":1,"name":"Home","item":"https:\/\/www.arte.tv\/sites\/olivierpere\/"},{"@type":"ListItem","position":2,"name":"Madres paralelas et La Voix humaine de Pedro Almod\u00f3var"}]},{"@type":"WebSite","@id":"https:\/\/www.arte.tv\/sites\/olivierpere\/#website","url":"https:\/\/www.arte.tv\/sites\/olivierpere\/","name":"Olivier P\u00e8re","description":"","potentialAction":[{"@type":"SearchAction","target":{"@type":"EntryPoint","urlTemplate":"https:\/\/www.arte.tv\/sites\/olivierpere\/?s={search_term_string}"},"query-input":"required name=search_term_string"}],"inLanguage":"fr-FR"},{"@type":"Person","@id":"https:\/\/www.arte.tv\/sites\/olivierpere\/#\/schema\/person\/dc32cd6c79be95e52d43b97a74182558","name":"Olivier P\u00e8re","image":{"@type":"ImageObject","inLanguage":"fr-FR","@id":"https:\/\/www.arte.tv\/sites\/olivierpere\/#\/schema\/person\/image\/","url":"https:\/\/secure.gravatar.com\/avatar\/bdea7b6a2c195e2c41772429a9694758?s=96&d=mm&r=g","contentUrl":"https:\/\/secure.gravatar.com\/avatar\/bdea7b6a2c195e2c41772429a9694758?s=96&d=mm&r=g","caption":"Olivier P\u00e8re"},"url":"https:\/\/www.arte.tv\/sites\/olivierpere\/author\/pereolivier\/"}]}},"_links":{"self":[{"href":"https:\/\/www.arte.tv\/sites\/olivierpere\/wp-json\/wp\/v2\/posts\/27770"}],"collection":[{"href":"https:\/\/www.arte.tv\/sites\/olivierpere\/wp-json\/wp\/v2\/posts"}],"about":[{"href":"https:\/\/www.arte.tv\/sites\/olivierpere\/wp-json\/wp\/v2\/types\/post"}],"author":[{"embeddable":true,"href":"https:\/\/www.arte.tv\/sites\/olivierpere\/wp-json\/wp\/v2\/users\/116"}],"replies":[{"embeddable":true,"href":"https:\/\/www.arte.tv\/sites\/olivierpere\/wp-json\/wp\/v2\/comments?post=27770"}],"version-history":[{"count":1,"href":"https:\/\/www.arte.tv\/sites\/olivierpere\/wp-json\/wp\/v2\/posts\/27770\/revisions"}],"predecessor-version":[{"id":27771,"href":"https:\/\/www.arte.tv\/sites\/olivierpere\/wp-json\/wp\/v2\/posts\/27770\/revisions\/27771"}],"wp:attachment":[{"href":"https:\/\/www.arte.tv\/sites\/olivierpere\/wp-json\/wp\/v2\/media?parent=27770"}],"wp:term":[{"taxonomy":"category","embeddable":true,"href":"https:\/\/www.arte.tv\/sites\/olivierpere\/wp-json\/wp\/v2\/categories?post=27770"},{"taxonomy":"post_tag","embeddable":true,"href":"https:\/\/www.arte.tv\/sites\/olivierpere\/wp-json\/wp\/v2\/tags?post=27770"}],"curies":[{"name":"wp","href":"https:\/\/api.w.org\/{rel}","templated":true}]}}