{"id":27762,"date":"2024-03-20T17:26:56","date_gmt":"2024-03-20T16:26:56","guid":{"rendered":"https:\/\/www.arte.tv\/sites\/olivierpere\/?p=27762"},"modified":"2024-03-25T21:23:13","modified_gmt":"2024-03-25T20:23:13","slug":"souvenirs-en-pagaille-de-pascal-thomas","status":"publish","type":"post","link":"https:\/\/www.arte.tv\/sites\/olivierpere\/2024\/03\/20\/souvenirs-en-pagaille-de-pascal-thomas\/","title":{"rendered":"Souvenirs en pagaille de Pascal Thomas"},"content":{"rendered":"<p><strong>Apr\u00e8s l\u2019avoir lu, j\u2019ai plac\u00e9 ce livre dans ma biblioth\u00e8que entre un ouvrage r\u00e9cent sur Raoul Walsh et les m\u00e9moires de Dino Risi, <em>Mes monstres<\/em>, traduites en 2014. C\u2019est ma mani\u00e8re de saluer d\u2019un clin d\u2019\u0153il amical Pascal Thomas, proche des \u00ab mac-mahoniens \u00bb par sa cin\u00e9philie. Il a toujours admir\u00e9 les grands cin\u00e9astes hollywoodiens et a m\u00eame \u00e9crit certains de ses films avec Jacques Lourcelles. Il m\u2019a un jour confi\u00e9 que le livre de Risi serait sa r\u00e9f\u00e9rence absolue si on lui demandait d\u2019\u00e9crire un livre de souvenirs, terme plus exact qu\u2019autobiographie pour d\u00e9signer ce recueil d\u2019anecdotes qui retracent l\u2019itin\u00e9raire d\u2019une vie marqu\u00e9e par le go\u00fbt du bonheur, du cin\u00e9ma et de la litt\u00e9rature, \u00e9crit avec la complicit\u00e9 du journaliste et producteur Alain Kruger et du critique et historien Jean Ol\u00e9-Laprune, sp\u00e9cialiste du cin\u00e9ma fran\u00e7ais. Le livre et constitu\u00e9 de chapitres tr\u00e8s courts, presque des fragments, qui \u00e9voquent chacun un moment particulier, une rencontre, un tournage, une aventure de production, son go\u00fbt du jeu (la fameuse \u00ab martingale \u00bb qui lui permit de financer un film), un souvenir cocasse, un gag, un voyage, un \u00e9chec ou un succ\u00e8s, dans un ordre relativement chronologique. Ce vagabondage contient aussi des consid\u00e9rations plus g\u00e9n\u00e9rales sur le m\u00e9tier de cin\u00e9aste. Pascal Thomas nous renseigne sur la mani\u00e8re dont il envisage l\u2019\u00e9criture et la r\u00e9alisation de ses films : toujours avec enthousiasme et anticonformisme, en laissant ouverte les fen\u00eatres de la vie sur la fiction, ennemi de la pr\u00e9tention e des artifices, port\u00e9 par l\u2019intime conviction que \u00ab plus on est classique, plus on est moderne \u00bb. Son premier film <em>Les Zozos<\/em> obtient un succ\u00e8s inattendu en 1972, et permet \u00e0 Pascal Thomas d\u2019inventer sans le savoir le \u00ab\u00a0teen movie\u00a0\u00bb \u00e0 la fran\u00e7aise qui conna\u00eetra de nombreux avatars. Ses films suivants, <em>Pleure pas la bouche pleine<\/em>, <em>Le Chaud Lapin<\/em>, <em>Confidences pour confidences <\/em>(son chef-d\u2019\u0153uvre\u00a0?), plus tard <em>Les Maris, les femmes, les amants<\/em>\u00a0ou <em>Mercredi, folle journ\u00e9e\u00a0!<\/em> sont les meilleurs repr\u00e9sentants d\u2019un cin\u00e9ma que son auteur pr\u00e9sente de la mani\u00e8re suivante : \u00ab d\u00e9peindre les instants heureux, cocasses, inattendus, secrets, du d\u00e9but des amours et de pr\u00e9misses du d\u00e9samour, bref d\u00e9peindre les moments surprenants et bouleversants o\u00f9 se d\u00e9cident les vies\u2026 se d\u00e9roulant dans une France moqueuse, d\u00e9partementale, et bien s\u00fbr, sentimentale. \u00bb<\/strong><\/p>\n<p><strong>Le livre revient longuement sur ce parcours cin\u00e9matographique atypique, frondeur et fantaisiste. Pascal Thomas est un franc-tireur qui a eu la chance de souvent s\u00e9duire le grand public. Il croise sur son chemin Claude Berri, Roger Vadim, Maurice Pialat, Fran\u00e7ois Truffaut et bien s\u00fbr Jacques Rozier qu\u2019il va h\u00e9berger quelques ann\u00e9es dans son \u00ab grand appartement \u00bb (cela deviendra un film du m\u00eame titre en 2006). Pascal Thomas n\u2019a jamais cherch\u00e9 \u00e0 travailler avec des stars ou des vedettes mais il a confi\u00e9 \u00e0 Bernard Menez (inoubliable \u00ab chaud lapin \u00bb) ou Daniel Ceccaldi leurs meilleurs r\u00f4les. Il aime les tournages qui ressemblent \u00e0 des vacances et s\u2019entoure souvent de ses amis ou de ses enfants, devant et derri\u00e8re la cam\u00e9ra. Parfois son dilettantisme (<em>La Dilettante<\/em> est l\u2019un de ses plus grands succ\u00e8s, et un de ses films qui lui ressemblent le plus) et son incurable optimiste l\u2019ont conduit \u00e0 signer des films aussi improbables qu\u2019<em>Un oursin dans la poche<\/em> ou <em>La Surprise du chef<\/em>, que je trouve excellent. Pascal Thomas a m\u00eame l\u2019insolence d\u2019intituler son livre <em>Souvenirs en pagaille<\/em> alors qu\u2019il consid\u00e8re <em>La Pagaille<\/em> (1991) comme son film le plus rat\u00e9. Pascal Thomas a d\u2019abord \u00e9t\u00e9 journaliste avant d\u2019\u00eatre cin\u00e9aste et a continu\u00e9 d&rsquo;\u00e9crire r\u00e9guli\u00e8rement sur le cin\u00e9ma et la litt\u00e9rature. Le livre se conclut sur un floril\u00e8ge de textes \u00e9crits ou prononc\u00e9s au fil des ans, parmi lesquels les superbes \u00e9loges fun\u00e8bres de Roger Vadim et Maurice Pialat.<\/strong><\/p>\n<p><strong><em>Souvenirs en pagaille<\/em>, 332 pages, \u00e9dit\u00e9 par S\u00e9guier.<\/strong><\/p>\n<p><img decoding=\"async\" loading=\"lazy\" class=\"alignnone size-full wp-image-27763\" src=\"https:\/\/www.arte.tv\/sites\/olivierpere\/files\/cv_bande_rvb-e1706262157358.jpg\" alt=\"\" width=\"715\" height=\"1000\" srcset=\"https:\/\/www.arte.tv\/sites\/olivierpere\/files\/cv_bande_rvb-e1706262157358.jpg 715w, https:\/\/www.arte.tv\/sites\/olivierpere\/files\/cv_bande_rvb-e1706262157358-200x280.jpg 200w, https:\/\/www.arte.tv\/sites\/olivierpere\/files\/cv_bande_rvb-e1706262157358-549x768.jpg 549w, https:\/\/www.arte.tv\/sites\/olivierpere\/files\/cv_bande_rvb-e1706262157358-580x811.jpg 580w\" sizes=\"(max-width: 715px) 100vw, 715px\" \/><\/p>\n<p>&nbsp;<\/p>\n","protected":false},"excerpt":{"rendered":"<p>Apr\u00e8s l\u2019avoir lu, j\u2019ai plac\u00e9 ce livre dans ma biblioth\u00e8que entre un ouvrage r\u00e9cent sur Raoul Walsh et les m\u00e9moires\u2026<\/p>\n","protected":false},"author":116,"featured_media":0,"comment_status":"open","ping_status":"open","sticky":false,"template":"","format":"standard","meta":[],"categories":[9],"tags":[],"yoast_head":"<!-- This site is optimized with the Yoast SEO plugin v20.8 - https:\/\/yoast.com\/wordpress\/plugins\/seo\/ -->\n<title>Souvenirs en pagaille de Pascal Thomas - Olivier P\u00e8re<\/title>\n<meta name=\"robots\" content=\"index, follow, max-snippet:-1, max-image-preview:large, max-video-preview:-1\" \/>\n<link rel=\"canonical\" href=\"https:\/\/www.arte.tv\/sites\/olivierpere\/2024\/03\/20\/souvenirs-en-pagaille-de-pascal-thomas\/\" \/>\n<meta property=\"og:locale\" content=\"fr_FR\" \/>\n<meta property=\"og:type\" content=\"article\" \/>\n<meta property=\"og:title\" content=\"Souvenirs en pagaille de Pascal Thomas - Olivier P\u00e8re\" \/>\n<meta property=\"og:description\" content=\"Apr\u00e8s l\u2019avoir lu, j\u2019ai plac\u00e9 ce livre dans ma biblioth\u00e8que entre un ouvrage r\u00e9cent sur Raoul Walsh et les m\u00e9moires\u2026\" \/>\n<meta property=\"og:url\" content=\"https:\/\/www.arte.tv\/sites\/olivierpere\/2024\/03\/20\/souvenirs-en-pagaille-de-pascal-thomas\/\" \/>\n<meta property=\"og:site_name\" content=\"Olivier P\u00e8re\" \/>\n<meta property=\"article:published_time\" content=\"2024-03-20T16:26:56+00:00\" \/>\n<meta property=\"article:modified_time\" content=\"2024-03-25T20:23:13+00:00\" \/>\n<meta property=\"og:image\" content=\"https:\/\/www.arte.tv\/sites\/olivierpere\/files\/cv_bande_rvb-e1706262157358.jpg\" \/>\n<meta name=\"author\" content=\"Olivier P\u00e8re\" \/>\n<meta name=\"twitter:label1\" content=\"\u00c9crit par\" \/>\n\t<meta name=\"twitter:data1\" content=\"Olivier P\u00e8re\" \/>\n\t<meta name=\"twitter:label2\" content=\"Dur\u00e9e de lecture estim\u00e9e\" \/>\n\t<meta name=\"twitter:data2\" content=\"4 minutes\" \/>\n<script type=\"application\/ld+json\" class=\"yoast-schema-graph\">{\"@context\":\"https:\/\/schema.org\",\"@graph\":[{\"@type\":\"WebPage\",\"@id\":\"https:\/\/www.arte.tv\/sites\/olivierpere\/2024\/03\/20\/souvenirs-en-pagaille-de-pascal-thomas\/\",\"url\":\"https:\/\/www.arte.tv\/sites\/olivierpere\/2024\/03\/20\/souvenirs-en-pagaille-de-pascal-thomas\/\",\"name\":\"Souvenirs en pagaille de Pascal Thomas - Olivier P\u00e8re\",\"isPartOf\":{\"@id\":\"https:\/\/www.arte.tv\/sites\/olivierpere\/#website\"},\"datePublished\":\"2024-03-20T16:26:56+00:00\",\"dateModified\":\"2024-03-25T20:23:13+00:00\",\"author\":{\"@id\":\"https:\/\/www.arte.tv\/sites\/olivierpere\/#\/schema\/person\/dc32cd6c79be95e52d43b97a74182558\"},\"breadcrumb\":{\"@id\":\"https:\/\/www.arte.tv\/sites\/olivierpere\/2024\/03\/20\/souvenirs-en-pagaille-de-pascal-thomas\/#breadcrumb\"},\"inLanguage\":\"fr-FR\",\"potentialAction\":[{\"@type\":\"ReadAction\",\"target\":[\"https:\/\/www.arte.tv\/sites\/olivierpere\/2024\/03\/20\/souvenirs-en-pagaille-de-pascal-thomas\/\"]}]},{\"@type\":\"BreadcrumbList\",\"@id\":\"https:\/\/www.arte.tv\/sites\/olivierpere\/2024\/03\/20\/souvenirs-en-pagaille-de-pascal-thomas\/#breadcrumb\",\"itemListElement\":[{\"@type\":\"ListItem\",\"position\":1,\"name\":\"Home\",\"item\":\"https:\/\/www.arte.tv\/sites\/olivierpere\/\"},{\"@type\":\"ListItem\",\"position\":2,\"name\":\"Souvenirs en pagaille de Pascal Thomas\"}]},{\"@type\":\"WebSite\",\"@id\":\"https:\/\/www.arte.tv\/sites\/olivierpere\/#website\",\"url\":\"https:\/\/www.arte.tv\/sites\/olivierpere\/\",\"name\":\"Olivier P\u00e8re\",\"description\":\"\",\"potentialAction\":[{\"@type\":\"SearchAction\",\"target\":{\"@type\":\"EntryPoint\",\"urlTemplate\":\"https:\/\/www.arte.tv\/sites\/olivierpere\/?s={search_term_string}\"},\"query-input\":\"required name=search_term_string\"}],\"inLanguage\":\"fr-FR\"},{\"@type\":\"Person\",\"@id\":\"https:\/\/www.arte.tv\/sites\/olivierpere\/#\/schema\/person\/dc32cd6c79be95e52d43b97a74182558\",\"name\":\"Olivier P\u00e8re\",\"image\":{\"@type\":\"ImageObject\",\"inLanguage\":\"fr-FR\",\"@id\":\"https:\/\/www.arte.tv\/sites\/olivierpere\/#\/schema\/person\/image\/\",\"url\":\"https:\/\/secure.gravatar.com\/avatar\/bdea7b6a2c195e2c41772429a9694758?s=96&d=mm&r=g\",\"contentUrl\":\"https:\/\/secure.gravatar.com\/avatar\/bdea7b6a2c195e2c41772429a9694758?s=96&d=mm&r=g\",\"caption\":\"Olivier P\u00e8re\"},\"url\":\"https:\/\/www.arte.tv\/sites\/olivierpere\/author\/pereolivier\/\"}]}<\/script>\n<!-- \/ Yoast SEO plugin. -->","yoast_head_json":{"title":"Souvenirs en pagaille de Pascal Thomas - Olivier P\u00e8re","robots":{"index":"index","follow":"follow","max-snippet":"max-snippet:-1","max-image-preview":"max-image-preview:large","max-video-preview":"max-video-preview:-1"},"canonical":"https:\/\/www.arte.tv\/sites\/olivierpere\/2024\/03\/20\/souvenirs-en-pagaille-de-pascal-thomas\/","og_locale":"fr_FR","og_type":"article","og_title":"Souvenirs en pagaille de Pascal Thomas - Olivier P\u00e8re","og_description":"Apr\u00e8s l\u2019avoir lu, j\u2019ai plac\u00e9 ce livre dans ma biblioth\u00e8que entre un ouvrage r\u00e9cent sur Raoul Walsh et les m\u00e9moires\u2026","og_url":"https:\/\/www.arte.tv\/sites\/olivierpere\/2024\/03\/20\/souvenirs-en-pagaille-de-pascal-thomas\/","og_site_name":"Olivier P\u00e8re","article_published_time":"2024-03-20T16:26:56+00:00","article_modified_time":"2024-03-25T20:23:13+00:00","og_image":[{"url":"https:\/\/www.arte.tv\/sites\/olivierpere\/files\/cv_bande_rvb-e1706262157358.jpg"}],"author":"Olivier P\u00e8re","twitter_misc":{"\u00c9crit par":"Olivier P\u00e8re","Dur\u00e9e de lecture estim\u00e9e":"4 minutes"},"schema":{"@context":"https:\/\/schema.org","@graph":[{"@type":"WebPage","@id":"https:\/\/www.arte.tv\/sites\/olivierpere\/2024\/03\/20\/souvenirs-en-pagaille-de-pascal-thomas\/","url":"https:\/\/www.arte.tv\/sites\/olivierpere\/2024\/03\/20\/souvenirs-en-pagaille-de-pascal-thomas\/","name":"Souvenirs en pagaille de Pascal Thomas - Olivier P\u00e8re","isPartOf":{"@id":"https:\/\/www.arte.tv\/sites\/olivierpere\/#website"},"datePublished":"2024-03-20T16:26:56+00:00","dateModified":"2024-03-25T20:23:13+00:00","author":{"@id":"https:\/\/www.arte.tv\/sites\/olivierpere\/#\/schema\/person\/dc32cd6c79be95e52d43b97a74182558"},"breadcrumb":{"@id":"https:\/\/www.arte.tv\/sites\/olivierpere\/2024\/03\/20\/souvenirs-en-pagaille-de-pascal-thomas\/#breadcrumb"},"inLanguage":"fr-FR","potentialAction":[{"@type":"ReadAction","target":["https:\/\/www.arte.tv\/sites\/olivierpere\/2024\/03\/20\/souvenirs-en-pagaille-de-pascal-thomas\/"]}]},{"@type":"BreadcrumbList","@id":"https:\/\/www.arte.tv\/sites\/olivierpere\/2024\/03\/20\/souvenirs-en-pagaille-de-pascal-thomas\/#breadcrumb","itemListElement":[{"@type":"ListItem","position":1,"name":"Home","item":"https:\/\/www.arte.tv\/sites\/olivierpere\/"},{"@type":"ListItem","position":2,"name":"Souvenirs en pagaille de Pascal Thomas"}]},{"@type":"WebSite","@id":"https:\/\/www.arte.tv\/sites\/olivierpere\/#website","url":"https:\/\/www.arte.tv\/sites\/olivierpere\/","name":"Olivier P\u00e8re","description":"","potentialAction":[{"@type":"SearchAction","target":{"@type":"EntryPoint","urlTemplate":"https:\/\/www.arte.tv\/sites\/olivierpere\/?s={search_term_string}"},"query-input":"required name=search_term_string"}],"inLanguage":"fr-FR"},{"@type":"Person","@id":"https:\/\/www.arte.tv\/sites\/olivierpere\/#\/schema\/person\/dc32cd6c79be95e52d43b97a74182558","name":"Olivier P\u00e8re","image":{"@type":"ImageObject","inLanguage":"fr-FR","@id":"https:\/\/www.arte.tv\/sites\/olivierpere\/#\/schema\/person\/image\/","url":"https:\/\/secure.gravatar.com\/avatar\/bdea7b6a2c195e2c41772429a9694758?s=96&d=mm&r=g","contentUrl":"https:\/\/secure.gravatar.com\/avatar\/bdea7b6a2c195e2c41772429a9694758?s=96&d=mm&r=g","caption":"Olivier P\u00e8re"},"url":"https:\/\/www.arte.tv\/sites\/olivierpere\/author\/pereolivier\/"}]}},"_links":{"self":[{"href":"https:\/\/www.arte.tv\/sites\/olivierpere\/wp-json\/wp\/v2\/posts\/27762"}],"collection":[{"href":"https:\/\/www.arte.tv\/sites\/olivierpere\/wp-json\/wp\/v2\/posts"}],"about":[{"href":"https:\/\/www.arte.tv\/sites\/olivierpere\/wp-json\/wp\/v2\/types\/post"}],"author":[{"embeddable":true,"href":"https:\/\/www.arte.tv\/sites\/olivierpere\/wp-json\/wp\/v2\/users\/116"}],"replies":[{"embeddable":true,"href":"https:\/\/www.arte.tv\/sites\/olivierpere\/wp-json\/wp\/v2\/comments?post=27762"}],"version-history":[{"count":3,"href":"https:\/\/www.arte.tv\/sites\/olivierpere\/wp-json\/wp\/v2\/posts\/27762\/revisions"}],"predecessor-version":[{"id":27768,"href":"https:\/\/www.arte.tv\/sites\/olivierpere\/wp-json\/wp\/v2\/posts\/27762\/revisions\/27768"}],"wp:attachment":[{"href":"https:\/\/www.arte.tv\/sites\/olivierpere\/wp-json\/wp\/v2\/media?parent=27762"}],"wp:term":[{"taxonomy":"category","embeddable":true,"href":"https:\/\/www.arte.tv\/sites\/olivierpere\/wp-json\/wp\/v2\/categories?post=27762"},{"taxonomy":"post_tag","embeddable":true,"href":"https:\/\/www.arte.tv\/sites\/olivierpere\/wp-json\/wp\/v2\/tags?post=27762"}],"curies":[{"name":"wp","href":"https:\/\/api.w.org\/{rel}","templated":true}]}}