{"id":27700,"date":"2024-02-03T12:29:21","date_gmt":"2024-02-03T11:29:21","guid":{"rendered":"https:\/\/www.arte.tv\/sites\/olivierpere\/?p=27700"},"modified":"2024-02-26T12:31:47","modified_gmt":"2024-02-26T11:31:47","slug":"le-diable-boiteux-de-sacha-guitry","status":"publish","type":"post","link":"https:\/\/www.arte.tv\/sites\/olivierpere\/2024\/02\/03\/le-diable-boiteux-de-sacha-guitry\/","title":{"rendered":"Le Diable boiteux de Sacha Guitry"},"content":{"rendered":"<p><strong>Apr\u00e8s la r\u00e9trospective au Festival de La Rochelle l\u2019\u00e9t\u00e9 dernier ainsi que la ressortie en salles de certains titres, la red\u00e9couverte de Sacha Guitry se poursuit avec l\u2019\u00e9dition pour la premi\u00e8re fois en Blu-ray et en version restaur\u00e9e, du <em>Com\u00e9dien<\/em> (1948) et du <em>Diable boiteux<\/em>, r\u00e9alis\u00e9 la m\u00eame ann\u00e9e, gr\u00e2ce \u00e0 Rimini. L\u2019occasion, si cela \u00e9tait encore n\u00e9cessaire, de rappeler le g\u00e9nie longtemps incompris de Sacha Guitry cin\u00e9aste, son importance et sa singularit\u00e9 dans l&rsquo;histoire du cin\u00e9ma fran\u00e7ais. Guitry fut un inventeur de formes cin\u00e9matographiques, pas seulement un homme de th\u00e9\u00e2tre qui se servait du cin\u00e9ma pour \u00ab\u00a0mettre en bo\u00eete\u00a0\u00bb ses propres pi\u00e8ces. L\u2019\u0153uvre de Guitry est tr\u00e8s vari\u00e9e, partag\u00e9e entre les com\u00e9dies du couple et du d\u00e9sir amoureux, les grandes machines \u00e0 remonter le temps et les essais sur les hommes c\u00e9l\u00e8bres, sans oublier les contes moraux de la derni\u00e8re p\u00e9riode, o\u00f9 il est souvent question de crime. <em>Le Com\u00e9dien<\/em> est consacr\u00e9 \u00e0 la vie et l&rsquo;\u0153uvre de son p\u00e8re, le grand acteur de th\u00e9\u00e2tre Lucien Guitry. L\u2019auteur y interpr\u00e8te \u00e0 la fois son p\u00e8re et lui-m\u00eame. <em>Le Diable boiteux<\/em> n&rsquo;est pas le film le plus charmeur de Guitry ni le plus inventif. On a le droit de lui pr\u00e9f\u00e9rer des films plus l\u00e9gers, libres et irr\u00e9sistiblement dr\u00f4les comme Bonne chance ou Faisons un r\u00eave. Il rev\u00eat cependant une importance capitale dans la filmographie de Guitry. <em>Le Diable boiteux<\/em> appartient \u00e0 la veine historique et biographique de Guitry qui raconte la vie de Talleyrand. Il poss\u00e8de aussi et surtout un int\u00e9r\u00eat historique dans la propre biographie de Guitry. Le sc\u00e9nario fut d&rsquo;abord refus\u00e9 par la censure en 1947, puis a \u00e9t\u00e9 transform\u00e9 en pi\u00e8ce de th\u00e9\u00e2tre jou\u00e9e en 1948, puis est enfin devenu un film tourn\u00e9 la m\u00eame ann\u00e9e.<em> Le Diable boiteux <\/em>est en fait un autoportrait \u00e0 peine d\u00e9guis\u00e9 (Guitry y interpr\u00e8te bien s\u00fbr le r\u00f4le de Talleyrand) ou l&rsquo;auteur veut d\u00e9montrer son patriotisme, rappeler son intelligence, sa m\u00e9galomanie et son perfectionnisme, et exprimer aussi son m\u00e9pris pour les calomnies dont il fut la cible. C\u2019est une sorte de plaidoyer pro domo de Guitry qui s&rsquo;identifie au grand homme fran\u00e7ais agissant dans l\u2019ombre au service de son pays, pour expliquer son attitude contestable durant l&rsquo;occupation (p\u00e9tainiste, il fut emprisonn\u00e9 puis acquitt\u00e9 sans proc\u00e8s \u00e0 la lib\u00e9ration par les comit\u00e9s d&rsquo;\u00e9puration). Guitry n\u2019en perd pas pour autant son sens de l\u2019humour et de la r\u00e9partie l\u00e9gendaires, ni son ironie et son insolence. Exemple\u00a0: ce sont les m\u00eames acteurs secondaires qui jouent les domestiques de Talleyrand et les grandes figures de l&rsquo;Histoire comme Napol\u00e9on, Louis XVIII, Charles X et Louis-Philippe.<\/strong><\/p>\n<p><strong>Le BR du <em>Com\u00e9dien<\/em> contient en bonus le premier essai filmique r\u00e9alis\u00e9 par Guitry, le court m\u00e9trage documentaire <em>Ceux de chez nous<\/em> (1915) qui enregistre quelques-unes des plus grandes personnalit\u00e9s de son temps. Guitry les filme\u00a0\u00ab\u00a0dans leurs attitudes les plus famili\u00e8res, c&rsquo;est-\u00e0-dire au travail, chaque fois que cela fut possible\u00a0\u00bb. Quant au BR du <em>Diable boiteux<\/em>, il propose le court m\u00e9trage exp\u00e9rimental <em>De Jeanne d&rsquo;Arc \u00e0 Philippe P\u00e9tain<\/em> (1944), si radical dans sa forme (c&rsquo;est un livre film\u00e9) qu&rsquo;il anticipe aussi bien le cin\u00e9ma de Chris Marker ou Jean-Marie Straub que les vid\u00e9os sur YouTube.<\/strong><\/p>\n<p><strong>Combo BR\/DVD avec un troisi\u00e8me DVD sp\u00e9cialement d\u00e9di\u00e9 aux suppl\u00e9ments. BR d&rsquo;apr\u00e8s un master 4K, restaur\u00e9 par TF1 studio. Excellentes interventions du critique et historien du cin\u00e9ma No\u00ebl Herpe, qui proc\u00e8de \u00e0 un travail d&rsquo;analyse et de contextualisation du film.<\/strong><\/p>\n<p><img decoding=\"async\" loading=\"lazy\" class=\"alignnone size-full wp-image-27701\" src=\"https:\/\/www.arte.tv\/sites\/olivierpere\/files\/3760233157304_vid.jpg\" alt=\"\" width=\"600\" height=\"1027\" srcset=\"https:\/\/www.arte.tv\/sites\/olivierpere\/files\/3760233157304_vid.jpg 600w, https:\/\/www.arte.tv\/sites\/olivierpere\/files\/3760233157304_vid-164x280.jpg 164w, https:\/\/www.arte.tv\/sites\/olivierpere\/files\/3760233157304_vid-449x768.jpg 449w, https:\/\/www.arte.tv\/sites\/olivierpere\/files\/3760233157304_vid-580x993.jpg 580w\" sizes=\"(max-width: 600px) 100vw, 600px\" \/><\/p>\n","protected":false},"excerpt":{"rendered":"<p>Apr\u00e8s la r\u00e9trospective au Festival de La Rochelle l\u2019\u00e9t\u00e9 dernier ainsi que la ressortie en salles de certains titres, la\u2026<\/p>\n","protected":false},"author":116,"featured_media":0,"comment_status":"open","ping_status":"open","sticky":false,"template":"","format":"standard","meta":[],"categories":[9],"tags":[],"yoast_head":"<!-- This site is optimized with the Yoast SEO plugin v20.8 - https:\/\/yoast.com\/wordpress\/plugins\/seo\/ -->\n<title>Le Diable boiteux de Sacha Guitry - Olivier P\u00e8re<\/title>\n<meta name=\"robots\" content=\"index, follow, max-snippet:-1, max-image-preview:large, max-video-preview:-1\" \/>\n<link rel=\"canonical\" href=\"https:\/\/www.arte.tv\/sites\/olivierpere\/2024\/02\/03\/le-diable-boiteux-de-sacha-guitry\/\" \/>\n<meta property=\"og:locale\" content=\"fr_FR\" \/>\n<meta property=\"og:type\" content=\"article\" \/>\n<meta property=\"og:title\" content=\"Le Diable boiteux de Sacha Guitry - Olivier P\u00e8re\" \/>\n<meta property=\"og:description\" content=\"Apr\u00e8s la r\u00e9trospective au Festival de La Rochelle l\u2019\u00e9t\u00e9 dernier ainsi que la ressortie en salles de certains titres, la\u2026\" \/>\n<meta property=\"og:url\" content=\"https:\/\/www.arte.tv\/sites\/olivierpere\/2024\/02\/03\/le-diable-boiteux-de-sacha-guitry\/\" \/>\n<meta property=\"og:site_name\" content=\"Olivier P\u00e8re\" \/>\n<meta property=\"article:published_time\" content=\"2024-02-03T11:29:21+00:00\" \/>\n<meta property=\"article:modified_time\" content=\"2024-02-26T11:31:47+00:00\" \/>\n<meta property=\"og:image\" content=\"https:\/\/www.arte.tv\/sites\/olivierpere\/files\/3760233157304_vid.jpg\" \/>\n<meta name=\"author\" content=\"Olivier P\u00e8re\" \/>\n<meta name=\"twitter:label1\" content=\"\u00c9crit par\" \/>\n\t<meta name=\"twitter:data1\" content=\"Olivier P\u00e8re\" \/>\n\t<meta name=\"twitter:label2\" content=\"Dur\u00e9e de lecture estim\u00e9e\" \/>\n\t<meta name=\"twitter:data2\" content=\"4 minutes\" \/>\n<script type=\"application\/ld+json\" class=\"yoast-schema-graph\">{\"@context\":\"https:\/\/schema.org\",\"@graph\":[{\"@type\":\"WebPage\",\"@id\":\"https:\/\/www.arte.tv\/sites\/olivierpere\/2024\/02\/03\/le-diable-boiteux-de-sacha-guitry\/\",\"url\":\"https:\/\/www.arte.tv\/sites\/olivierpere\/2024\/02\/03\/le-diable-boiteux-de-sacha-guitry\/\",\"name\":\"Le Diable boiteux de Sacha Guitry - Olivier P\u00e8re\",\"isPartOf\":{\"@id\":\"https:\/\/www.arte.tv\/sites\/olivierpere\/#website\"},\"datePublished\":\"2024-02-03T11:29:21+00:00\",\"dateModified\":\"2024-02-26T11:31:47+00:00\",\"author\":{\"@id\":\"https:\/\/www.arte.tv\/sites\/olivierpere\/#\/schema\/person\/dc32cd6c79be95e52d43b97a74182558\"},\"breadcrumb\":{\"@id\":\"https:\/\/www.arte.tv\/sites\/olivierpere\/2024\/02\/03\/le-diable-boiteux-de-sacha-guitry\/#breadcrumb\"},\"inLanguage\":\"fr-FR\",\"potentialAction\":[{\"@type\":\"ReadAction\",\"target\":[\"https:\/\/www.arte.tv\/sites\/olivierpere\/2024\/02\/03\/le-diable-boiteux-de-sacha-guitry\/\"]}]},{\"@type\":\"BreadcrumbList\",\"@id\":\"https:\/\/www.arte.tv\/sites\/olivierpere\/2024\/02\/03\/le-diable-boiteux-de-sacha-guitry\/#breadcrumb\",\"itemListElement\":[{\"@type\":\"ListItem\",\"position\":1,\"name\":\"Home\",\"item\":\"https:\/\/www.arte.tv\/sites\/olivierpere\/\"},{\"@type\":\"ListItem\",\"position\":2,\"name\":\"Le Diable boiteux de Sacha Guitry\"}]},{\"@type\":\"WebSite\",\"@id\":\"https:\/\/www.arte.tv\/sites\/olivierpere\/#website\",\"url\":\"https:\/\/www.arte.tv\/sites\/olivierpere\/\",\"name\":\"Olivier P\u00e8re\",\"description\":\"\",\"potentialAction\":[{\"@type\":\"SearchAction\",\"target\":{\"@type\":\"EntryPoint\",\"urlTemplate\":\"https:\/\/www.arte.tv\/sites\/olivierpere\/?s={search_term_string}\"},\"query-input\":\"required name=search_term_string\"}],\"inLanguage\":\"fr-FR\"},{\"@type\":\"Person\",\"@id\":\"https:\/\/www.arte.tv\/sites\/olivierpere\/#\/schema\/person\/dc32cd6c79be95e52d43b97a74182558\",\"name\":\"Olivier P\u00e8re\",\"image\":{\"@type\":\"ImageObject\",\"inLanguage\":\"fr-FR\",\"@id\":\"https:\/\/www.arte.tv\/sites\/olivierpere\/#\/schema\/person\/image\/\",\"url\":\"https:\/\/secure.gravatar.com\/avatar\/bdea7b6a2c195e2c41772429a9694758?s=96&d=mm&r=g\",\"contentUrl\":\"https:\/\/secure.gravatar.com\/avatar\/bdea7b6a2c195e2c41772429a9694758?s=96&d=mm&r=g\",\"caption\":\"Olivier P\u00e8re\"},\"url\":\"https:\/\/www.arte.tv\/sites\/olivierpere\/author\/pereolivier\/\"}]}<\/script>\n<!-- \/ Yoast SEO plugin. -->","yoast_head_json":{"title":"Le Diable boiteux de Sacha Guitry - Olivier P\u00e8re","robots":{"index":"index","follow":"follow","max-snippet":"max-snippet:-1","max-image-preview":"max-image-preview:large","max-video-preview":"max-video-preview:-1"},"canonical":"https:\/\/www.arte.tv\/sites\/olivierpere\/2024\/02\/03\/le-diable-boiteux-de-sacha-guitry\/","og_locale":"fr_FR","og_type":"article","og_title":"Le Diable boiteux de Sacha Guitry - Olivier P\u00e8re","og_description":"Apr\u00e8s la r\u00e9trospective au Festival de La Rochelle l\u2019\u00e9t\u00e9 dernier ainsi que la ressortie en salles de certains titres, la\u2026","og_url":"https:\/\/www.arte.tv\/sites\/olivierpere\/2024\/02\/03\/le-diable-boiteux-de-sacha-guitry\/","og_site_name":"Olivier P\u00e8re","article_published_time":"2024-02-03T11:29:21+00:00","article_modified_time":"2024-02-26T11:31:47+00:00","og_image":[{"url":"https:\/\/www.arte.tv\/sites\/olivierpere\/files\/3760233157304_vid.jpg"}],"author":"Olivier P\u00e8re","twitter_misc":{"\u00c9crit par":"Olivier P\u00e8re","Dur\u00e9e de lecture estim\u00e9e":"4 minutes"},"schema":{"@context":"https:\/\/schema.org","@graph":[{"@type":"WebPage","@id":"https:\/\/www.arte.tv\/sites\/olivierpere\/2024\/02\/03\/le-diable-boiteux-de-sacha-guitry\/","url":"https:\/\/www.arte.tv\/sites\/olivierpere\/2024\/02\/03\/le-diable-boiteux-de-sacha-guitry\/","name":"Le Diable boiteux de Sacha Guitry - Olivier P\u00e8re","isPartOf":{"@id":"https:\/\/www.arte.tv\/sites\/olivierpere\/#website"},"datePublished":"2024-02-03T11:29:21+00:00","dateModified":"2024-02-26T11:31:47+00:00","author":{"@id":"https:\/\/www.arte.tv\/sites\/olivierpere\/#\/schema\/person\/dc32cd6c79be95e52d43b97a74182558"},"breadcrumb":{"@id":"https:\/\/www.arte.tv\/sites\/olivierpere\/2024\/02\/03\/le-diable-boiteux-de-sacha-guitry\/#breadcrumb"},"inLanguage":"fr-FR","potentialAction":[{"@type":"ReadAction","target":["https:\/\/www.arte.tv\/sites\/olivierpere\/2024\/02\/03\/le-diable-boiteux-de-sacha-guitry\/"]}]},{"@type":"BreadcrumbList","@id":"https:\/\/www.arte.tv\/sites\/olivierpere\/2024\/02\/03\/le-diable-boiteux-de-sacha-guitry\/#breadcrumb","itemListElement":[{"@type":"ListItem","position":1,"name":"Home","item":"https:\/\/www.arte.tv\/sites\/olivierpere\/"},{"@type":"ListItem","position":2,"name":"Le Diable boiteux de Sacha Guitry"}]},{"@type":"WebSite","@id":"https:\/\/www.arte.tv\/sites\/olivierpere\/#website","url":"https:\/\/www.arte.tv\/sites\/olivierpere\/","name":"Olivier P\u00e8re","description":"","potentialAction":[{"@type":"SearchAction","target":{"@type":"EntryPoint","urlTemplate":"https:\/\/www.arte.tv\/sites\/olivierpere\/?s={search_term_string}"},"query-input":"required name=search_term_string"}],"inLanguage":"fr-FR"},{"@type":"Person","@id":"https:\/\/www.arte.tv\/sites\/olivierpere\/#\/schema\/person\/dc32cd6c79be95e52d43b97a74182558","name":"Olivier P\u00e8re","image":{"@type":"ImageObject","inLanguage":"fr-FR","@id":"https:\/\/www.arte.tv\/sites\/olivierpere\/#\/schema\/person\/image\/","url":"https:\/\/secure.gravatar.com\/avatar\/bdea7b6a2c195e2c41772429a9694758?s=96&d=mm&r=g","contentUrl":"https:\/\/secure.gravatar.com\/avatar\/bdea7b6a2c195e2c41772429a9694758?s=96&d=mm&r=g","caption":"Olivier P\u00e8re"},"url":"https:\/\/www.arte.tv\/sites\/olivierpere\/author\/pereolivier\/"}]}},"_links":{"self":[{"href":"https:\/\/www.arte.tv\/sites\/olivierpere\/wp-json\/wp\/v2\/posts\/27700"}],"collection":[{"href":"https:\/\/www.arte.tv\/sites\/olivierpere\/wp-json\/wp\/v2\/posts"}],"about":[{"href":"https:\/\/www.arte.tv\/sites\/olivierpere\/wp-json\/wp\/v2\/types\/post"}],"author":[{"embeddable":true,"href":"https:\/\/www.arte.tv\/sites\/olivierpere\/wp-json\/wp\/v2\/users\/116"}],"replies":[{"embeddable":true,"href":"https:\/\/www.arte.tv\/sites\/olivierpere\/wp-json\/wp\/v2\/comments?post=27700"}],"version-history":[{"count":1,"href":"https:\/\/www.arte.tv\/sites\/olivierpere\/wp-json\/wp\/v2\/posts\/27700\/revisions"}],"predecessor-version":[{"id":27702,"href":"https:\/\/www.arte.tv\/sites\/olivierpere\/wp-json\/wp\/v2\/posts\/27700\/revisions\/27702"}],"wp:attachment":[{"href":"https:\/\/www.arte.tv\/sites\/olivierpere\/wp-json\/wp\/v2\/media?parent=27700"}],"wp:term":[{"taxonomy":"category","embeddable":true,"href":"https:\/\/www.arte.tv\/sites\/olivierpere\/wp-json\/wp\/v2\/categories?post=27700"},{"taxonomy":"post_tag","embeddable":true,"href":"https:\/\/www.arte.tv\/sites\/olivierpere\/wp-json\/wp\/v2\/tags?post=27700"}],"curies":[{"name":"wp","href":"https:\/\/api.w.org\/{rel}","templated":true}]}}