{"id":27696,"date":"2024-02-02T19:33:30","date_gmt":"2024-02-02T18:33:30","guid":{"rendered":"https:\/\/www.arte.tv\/sites\/olivierpere\/?p=27696"},"modified":"2024-02-25T19:34:55","modified_gmt":"2024-02-25T18:34:55","slug":"incubus-de-leslie-stevens","status":"publish","type":"post","link":"https:\/\/www.arte.tv\/sites\/olivierpere\/2024\/02\/02\/incubus-de-leslie-stevens\/","title":{"rendered":"Incubus de Leslie Stevens"},"content":{"rendered":"<p><strong>Sur une \u00eele perdue habit\u00e9e par des d\u00e9mons et des esprits, un homme (William Shatner, le capitaine Kirk de <em>Star Trek<\/em>) combat les forces du mal. <em>Incubus <\/em>(1966) de Leslie Stevens est une curiosit\u00e9 absolue. Il est l&rsquo;un des deux seuls films jamais tourn\u00e9s en esperanto. Le premier, <em>Angoroj<\/em>, est un long m\u00e9trage fran\u00e7ais produit deux ans plus t\u00f4t. L&rsquo;esperanto (et sa prononciation d\u00e9faillante par les com\u00e9diens) ajoute \u00e0 l&rsquo;\u00e9tranget\u00e9 de ce film fantastique sur le th\u00e8me de la sorcellerie, curieux m\u00e9lange entre un \u00e9pisode d&rsquo;<em>Au-del\u00e0 du r\u00e9el <\/em>et le style aust\u00e8re d&rsquo;un film de Bergman en noir et blanc (<em>Le Septi\u00e8me Sceau<\/em>, <em>La Source<\/em>). La r\u00e9f\u00e9rence \u00e0 la c\u00e9l\u00e8bre s\u00e9rie de science-fiction n&rsquo;est pas fortuite, puisque le r\u00e9alisateur Leslie Stevens en fut le cr\u00e9ateur, apr\u00e8s un premier long m\u00e9trage de cin\u00e9ma confidentiel mais appr\u00e9ci\u00e9 par les cin\u00e9philes de l\u2019\u00e9poque, <em>Propri\u00e9t\u00e9 priv\u00e9e<\/em> (1960). La photo sign\u00e9e Conrad Hall est superbe. On d\u00e9couvre dans <em>Incubus<\/em> un m\u00e9lange de pr\u00e9tentions artistiques et d&rsquo;effets propres au cin\u00e9ma d&rsquo;exploitation, avec l\u2019ajout de nudit\u00e9 f\u00e9minine et de br\u00e8ves s\u00e9quences horrifiques pour rendre le film plus commercial, en vain \u2013 ce sera un \u00e9chec cuisant qui conna\u00eetra une exploitation presque nulle. Il semblerait que la France fut le seul pays o\u00f9 ce film am\u00e9ricain fut distribu\u00e9, dans quelques salles.<\/strong><\/p>\n<p><strong>Le Chat qui fume propose une \u00e9dition Blu-ray d\u2019<em>Incubus<\/em> tr\u00e8s soign\u00e9e qui comblera le cin\u00e9phile amateur de raret\u00e9s. Devenu quasiment invisible depuis un DVD \u00e9puis\u00e9 depuis longtemps, le film a \u00e9t\u00e9 restaur\u00e9 en 4K \u00e0 partir de la derni\u00e8re copie 35mm existante au monde, qui \u00e9tait celle de la distribution fran\u00e7aise. Le r\u00e9sultat est remarquable. Le film est accompagn\u00e9 de suppl\u00e9ments in\u00e9dits (\u00ab\u00a0le film maudit\u00a0\u00bb, \u00ab\u00a0retour sur l&rsquo;histoire d&rsquo;<em>Incubus<\/em>\u00a0\u00bb etc) qui apportent toutes les informations que r\u00e9clament cette production rocambolesque, qui d\u00e9clencha l&rsquo;hilarit\u00e9 des sp\u00e9cialistes de l&rsquo;esp\u00e9ranto invit\u00e9s \u00e0 l&rsquo;avant-premi\u00e8re, tant la prononciation des acteurs \u00e9tait catastrophique. Une premi\u00e8re \u00e9dition limit\u00e9e en UHD sera suivie d&rsquo;une \u00e9dition BR simple.<\/strong><\/p>\n<p><img decoding=\"async\" loading=\"lazy\" class=\"alignnone size-full wp-image-27697\" src=\"https:\/\/www.arte.tv\/sites\/olivierpere\/files\/incubus-1966-brd-ouvert.jpg\" alt=\"\" width=\"1200\" height=\"848\" srcset=\"https:\/\/www.arte.tv\/sites\/olivierpere\/files\/incubus-1966-brd-ouvert.jpg 1200w, https:\/\/www.arte.tv\/sites\/olivierpere\/files\/incubus-1966-brd-ouvert-396x280.jpg 396w, https:\/\/www.arte.tv\/sites\/olivierpere\/files\/incubus-1966-brd-ouvert-1024x724.jpg 1024w, https:\/\/www.arte.tv\/sites\/olivierpere\/files\/incubus-1966-brd-ouvert-768x543.jpg 768w, https:\/\/www.arte.tv\/sites\/olivierpere\/files\/incubus-1966-brd-ouvert-580x410.jpg 580w\" sizes=\"(max-width: 1200px) 100vw, 1200px\" \/><\/p>\n","protected":false},"excerpt":{"rendered":"<p>Sur une \u00eele perdue habit\u00e9e par des d\u00e9mons et des esprits, un homme (William Shatner, le capitaine Kirk de Star\u2026<\/p>\n","protected":false},"author":116,"featured_media":0,"comment_status":"open","ping_status":"open","sticky":false,"template":"","format":"standard","meta":[],"categories":[9],"tags":[],"yoast_head":"<!-- This site is optimized with the Yoast SEO plugin v20.8 - https:\/\/yoast.com\/wordpress\/plugins\/seo\/ -->\n<title>Incubus de Leslie Stevens - Olivier P\u00e8re<\/title>\n<meta name=\"robots\" content=\"index, follow, max-snippet:-1, max-image-preview:large, max-video-preview:-1\" \/>\n<link rel=\"canonical\" href=\"https:\/\/www.arte.tv\/sites\/olivierpere\/2024\/02\/02\/incubus-de-leslie-stevens\/\" \/>\n<meta property=\"og:locale\" content=\"fr_FR\" \/>\n<meta property=\"og:type\" content=\"article\" \/>\n<meta property=\"og:title\" content=\"Incubus de Leslie Stevens - Olivier P\u00e8re\" \/>\n<meta property=\"og:description\" content=\"Sur une \u00eele perdue habit\u00e9e par des d\u00e9mons et des esprits, un homme (William Shatner, le capitaine Kirk de Star\u2026\" \/>\n<meta property=\"og:url\" content=\"https:\/\/www.arte.tv\/sites\/olivierpere\/2024\/02\/02\/incubus-de-leslie-stevens\/\" \/>\n<meta property=\"og:site_name\" content=\"Olivier P\u00e8re\" \/>\n<meta property=\"article:published_time\" content=\"2024-02-02T18:33:30+00:00\" \/>\n<meta property=\"article:modified_time\" content=\"2024-02-25T18:34:55+00:00\" \/>\n<meta property=\"og:image\" content=\"https:\/\/www.arte.tv\/sites\/olivierpere\/files\/incubus-1966-brd-ouvert.jpg\" \/>\n<meta name=\"author\" content=\"Olivier P\u00e8re\" \/>\n<meta name=\"twitter:label1\" content=\"\u00c9crit par\" \/>\n\t<meta name=\"twitter:data1\" content=\"Olivier P\u00e8re\" \/>\n\t<meta name=\"twitter:label2\" content=\"Dur\u00e9e de lecture estim\u00e9e\" \/>\n\t<meta name=\"twitter:data2\" content=\"2 minutes\" \/>\n<script type=\"application\/ld+json\" class=\"yoast-schema-graph\">{\"@context\":\"https:\/\/schema.org\",\"@graph\":[{\"@type\":\"WebPage\",\"@id\":\"https:\/\/www.arte.tv\/sites\/olivierpere\/2024\/02\/02\/incubus-de-leslie-stevens\/\",\"url\":\"https:\/\/www.arte.tv\/sites\/olivierpere\/2024\/02\/02\/incubus-de-leslie-stevens\/\",\"name\":\"Incubus de Leslie Stevens - Olivier P\u00e8re\",\"isPartOf\":{\"@id\":\"https:\/\/www.arte.tv\/sites\/olivierpere\/#website\"},\"datePublished\":\"2024-02-02T18:33:30+00:00\",\"dateModified\":\"2024-02-25T18:34:55+00:00\",\"author\":{\"@id\":\"https:\/\/www.arte.tv\/sites\/olivierpere\/#\/schema\/person\/dc32cd6c79be95e52d43b97a74182558\"},\"breadcrumb\":{\"@id\":\"https:\/\/www.arte.tv\/sites\/olivierpere\/2024\/02\/02\/incubus-de-leslie-stevens\/#breadcrumb\"},\"inLanguage\":\"fr-FR\",\"potentialAction\":[{\"@type\":\"ReadAction\",\"target\":[\"https:\/\/www.arte.tv\/sites\/olivierpere\/2024\/02\/02\/incubus-de-leslie-stevens\/\"]}]},{\"@type\":\"BreadcrumbList\",\"@id\":\"https:\/\/www.arte.tv\/sites\/olivierpere\/2024\/02\/02\/incubus-de-leslie-stevens\/#breadcrumb\",\"itemListElement\":[{\"@type\":\"ListItem\",\"position\":1,\"name\":\"Home\",\"item\":\"https:\/\/www.arte.tv\/sites\/olivierpere\/\"},{\"@type\":\"ListItem\",\"position\":2,\"name\":\"Incubus de Leslie Stevens\"}]},{\"@type\":\"WebSite\",\"@id\":\"https:\/\/www.arte.tv\/sites\/olivierpere\/#website\",\"url\":\"https:\/\/www.arte.tv\/sites\/olivierpere\/\",\"name\":\"Olivier P\u00e8re\",\"description\":\"\",\"potentialAction\":[{\"@type\":\"SearchAction\",\"target\":{\"@type\":\"EntryPoint\",\"urlTemplate\":\"https:\/\/www.arte.tv\/sites\/olivierpere\/?s={search_term_string}\"},\"query-input\":\"required name=search_term_string\"}],\"inLanguage\":\"fr-FR\"},{\"@type\":\"Person\",\"@id\":\"https:\/\/www.arte.tv\/sites\/olivierpere\/#\/schema\/person\/dc32cd6c79be95e52d43b97a74182558\",\"name\":\"Olivier P\u00e8re\",\"image\":{\"@type\":\"ImageObject\",\"inLanguage\":\"fr-FR\",\"@id\":\"https:\/\/www.arte.tv\/sites\/olivierpere\/#\/schema\/person\/image\/\",\"url\":\"https:\/\/secure.gravatar.com\/avatar\/bdea7b6a2c195e2c41772429a9694758?s=96&d=mm&r=g\",\"contentUrl\":\"https:\/\/secure.gravatar.com\/avatar\/bdea7b6a2c195e2c41772429a9694758?s=96&d=mm&r=g\",\"caption\":\"Olivier P\u00e8re\"},\"url\":\"https:\/\/www.arte.tv\/sites\/olivierpere\/author\/pereolivier\/\"}]}<\/script>\n<!-- \/ Yoast SEO plugin. -->","yoast_head_json":{"title":"Incubus de Leslie Stevens - Olivier P\u00e8re","robots":{"index":"index","follow":"follow","max-snippet":"max-snippet:-1","max-image-preview":"max-image-preview:large","max-video-preview":"max-video-preview:-1"},"canonical":"https:\/\/www.arte.tv\/sites\/olivierpere\/2024\/02\/02\/incubus-de-leslie-stevens\/","og_locale":"fr_FR","og_type":"article","og_title":"Incubus de Leslie Stevens - Olivier P\u00e8re","og_description":"Sur une \u00eele perdue habit\u00e9e par des d\u00e9mons et des esprits, un homme (William Shatner, le capitaine Kirk de Star\u2026","og_url":"https:\/\/www.arte.tv\/sites\/olivierpere\/2024\/02\/02\/incubus-de-leslie-stevens\/","og_site_name":"Olivier P\u00e8re","article_published_time":"2024-02-02T18:33:30+00:00","article_modified_time":"2024-02-25T18:34:55+00:00","og_image":[{"url":"https:\/\/www.arte.tv\/sites\/olivierpere\/files\/incubus-1966-brd-ouvert.jpg"}],"author":"Olivier P\u00e8re","twitter_misc":{"\u00c9crit par":"Olivier P\u00e8re","Dur\u00e9e de lecture estim\u00e9e":"2 minutes"},"schema":{"@context":"https:\/\/schema.org","@graph":[{"@type":"WebPage","@id":"https:\/\/www.arte.tv\/sites\/olivierpere\/2024\/02\/02\/incubus-de-leslie-stevens\/","url":"https:\/\/www.arte.tv\/sites\/olivierpere\/2024\/02\/02\/incubus-de-leslie-stevens\/","name":"Incubus de Leslie Stevens - Olivier P\u00e8re","isPartOf":{"@id":"https:\/\/www.arte.tv\/sites\/olivierpere\/#website"},"datePublished":"2024-02-02T18:33:30+00:00","dateModified":"2024-02-25T18:34:55+00:00","author":{"@id":"https:\/\/www.arte.tv\/sites\/olivierpere\/#\/schema\/person\/dc32cd6c79be95e52d43b97a74182558"},"breadcrumb":{"@id":"https:\/\/www.arte.tv\/sites\/olivierpere\/2024\/02\/02\/incubus-de-leslie-stevens\/#breadcrumb"},"inLanguage":"fr-FR","potentialAction":[{"@type":"ReadAction","target":["https:\/\/www.arte.tv\/sites\/olivierpere\/2024\/02\/02\/incubus-de-leslie-stevens\/"]}]},{"@type":"BreadcrumbList","@id":"https:\/\/www.arte.tv\/sites\/olivierpere\/2024\/02\/02\/incubus-de-leslie-stevens\/#breadcrumb","itemListElement":[{"@type":"ListItem","position":1,"name":"Home","item":"https:\/\/www.arte.tv\/sites\/olivierpere\/"},{"@type":"ListItem","position":2,"name":"Incubus de Leslie Stevens"}]},{"@type":"WebSite","@id":"https:\/\/www.arte.tv\/sites\/olivierpere\/#website","url":"https:\/\/www.arte.tv\/sites\/olivierpere\/","name":"Olivier P\u00e8re","description":"","potentialAction":[{"@type":"SearchAction","target":{"@type":"EntryPoint","urlTemplate":"https:\/\/www.arte.tv\/sites\/olivierpere\/?s={search_term_string}"},"query-input":"required name=search_term_string"}],"inLanguage":"fr-FR"},{"@type":"Person","@id":"https:\/\/www.arte.tv\/sites\/olivierpere\/#\/schema\/person\/dc32cd6c79be95e52d43b97a74182558","name":"Olivier P\u00e8re","image":{"@type":"ImageObject","inLanguage":"fr-FR","@id":"https:\/\/www.arte.tv\/sites\/olivierpere\/#\/schema\/person\/image\/","url":"https:\/\/secure.gravatar.com\/avatar\/bdea7b6a2c195e2c41772429a9694758?s=96&d=mm&r=g","contentUrl":"https:\/\/secure.gravatar.com\/avatar\/bdea7b6a2c195e2c41772429a9694758?s=96&d=mm&r=g","caption":"Olivier P\u00e8re"},"url":"https:\/\/www.arte.tv\/sites\/olivierpere\/author\/pereolivier\/"}]}},"_links":{"self":[{"href":"https:\/\/www.arte.tv\/sites\/olivierpere\/wp-json\/wp\/v2\/posts\/27696"}],"collection":[{"href":"https:\/\/www.arte.tv\/sites\/olivierpere\/wp-json\/wp\/v2\/posts"}],"about":[{"href":"https:\/\/www.arte.tv\/sites\/olivierpere\/wp-json\/wp\/v2\/types\/post"}],"author":[{"embeddable":true,"href":"https:\/\/www.arte.tv\/sites\/olivierpere\/wp-json\/wp\/v2\/users\/116"}],"replies":[{"embeddable":true,"href":"https:\/\/www.arte.tv\/sites\/olivierpere\/wp-json\/wp\/v2\/comments?post=27696"}],"version-history":[{"count":1,"href":"https:\/\/www.arte.tv\/sites\/olivierpere\/wp-json\/wp\/v2\/posts\/27696\/revisions"}],"predecessor-version":[{"id":27698,"href":"https:\/\/www.arte.tv\/sites\/olivierpere\/wp-json\/wp\/v2\/posts\/27696\/revisions\/27698"}],"wp:attachment":[{"href":"https:\/\/www.arte.tv\/sites\/olivierpere\/wp-json\/wp\/v2\/media?parent=27696"}],"wp:term":[{"taxonomy":"category","embeddable":true,"href":"https:\/\/www.arte.tv\/sites\/olivierpere\/wp-json\/wp\/v2\/categories?post=27696"},{"taxonomy":"post_tag","embeddable":true,"href":"https:\/\/www.arte.tv\/sites\/olivierpere\/wp-json\/wp\/v2\/tags?post=27696"}],"curies":[{"name":"wp","href":"https:\/\/api.w.org\/{rel}","templated":true}]}}