{"id":27691,"date":"2024-02-01T14:19:45","date_gmt":"2024-02-01T13:19:45","guid":{"rendered":"https:\/\/www.arte.tv\/sites\/olivierpere\/?p=27691"},"modified":"2024-02-23T14:22:44","modified_gmt":"2024-02-23T13:22:44","slug":"cycle-robert-guediguian-sur-arte-tv-premiere-partie","status":"publish","type":"post","link":"https:\/\/www.arte.tv\/sites\/olivierpere\/2024\/02\/01\/cycle-robert-guediguian-sur-arte-tv-premiere-partie\/","title":{"rendered":"Cycle Robert Gu\u00e9diguian sur ARTE.tv (premi\u00e8re partie)"},"content":{"rendered":"<p><strong>D\u00e8s le 1<sup>er<\/sup> mars, ARTE.tv propose la premi\u00e8re partie d\u2019un cycle consacr\u00e9 \u00e0 Robert Gu\u00e9diguian, avec cinq films disponibles gratuitement sur notre plateforme. Avec en prime une conversation in\u00e9dite o\u00f9 le r\u00e9alisateur marseillais revient sur sa filmographie. Cinq autres films suivront en septembre. Le mercredi 29 mai \u00e0 20h55, ARTE diffusera <em>Gloria Mundi<\/em>.<\/strong><\/p>\n<p><strong>\u00a0<\/strong><\/p>\n<p><strong><em>Dernier \u00c9t\u00e9<\/em><\/strong><\/p>\n<p><strong>Et si le premier film de Robert Gu\u00e9diguian, co-r\u00e9alis\u00e9 par Frank Le Wita, \u00e9tait aussi son plus beau ? <em>Dernier \u00c9t\u00e9<\/em> marque l\u2019acte de naissance du cin\u00e9ma de l\u2019auteur marseillais, en 1981. Les fid\u00e8les G\u00e9rard Meylan et Ariane Ascaride r\u00e9pondent d\u00e9j\u00e0 pr\u00e9sents. Gu\u00e9diguian s\u2019inspire d\u2019<em>Accattone<\/em> de Pasolini et raconte le quotidien de Gilbert et ses amis, enfants de prol\u00e9taires qui trompent leur ennui dans le pastis, les boulots occasionnels sur le port, les petits larcins, la drague et la bagarre dans les bals. Pourtant, il n\u2019y a rien d\u2019anecdotique dans la d\u00e9marche de Gu\u00e9diguian qui s\u2019attache \u00e0 d\u00e9crire la fin du monde ouvrier, programm\u00e9 par la fermeture prochaine des usines, et la disparation de certains lieux de vie. Scand\u00e9 par la musique de Vivaldi, <em>Dernier \u00e9t\u00e9<\/em> transcende le pittoresque et le naturalisme et choisit le lyrisme et le tragique.<\/strong><\/p>\n<p>&nbsp;<\/p>\n<p><strong><em>L\u2019argent fait le bonheur<\/em><\/strong><\/p>\n<p><strong>A l\u2019origine produit pour la t\u00e9l\u00e9vision, <em>L\u2019argent fait le bonheur<\/em> est sorti en salles en 1993. Robert Gu\u00e9diguian d\u00e9crit la vie des habitants d\u2019une cit\u00e9 dans les quartiers nord de Marseille, min\u00e9e par le ch\u00f4mage, la d\u00e9linquance, le trafic de drogue et la prostitution. Sans noircir le trait, le cin\u00e9aste fait preuve d\u2019une courageuse lucidit\u00e9. Plut\u00f4t que d\u2019opter pour une forme documentaire, il choisit de r\u00e9aliser un conte brechtien. Selon lui le cin\u00e9ma ne doit pas se tenir au constat, mais \u00eatre aussi dans la proposition. Puisque les solutions globales n\u2019existent pas pour lutter contre la violence et la mis\u00e8re, il faut trouver des arrangements de proximit\u00e9. C\u2019est ce que raconte <em>L\u2019argent fait le bonheur<\/em>, dans lequel un cur\u00e9 de banlieue et des m\u00e8res de famille tentent de r\u00e9gler les probl\u00e8mes urgents et d\u2019apaiser des situations explosives, sans ang\u00e9lisme mais avec pas mal d\u2019humour et beaucoup de bonne volont\u00e9.<\/strong><\/p>\n<p><strong>\u00a0<\/strong><\/p>\n<p><em><strong>A la vie, \u00e0 la mort<\/strong><\/em><\/p>\n<p><strong>Les membres d\u2019une famille et leurs amis marginaux, tous bless\u00e9s par la vie, persistent \u00e0 croire au bonheur et forment une communaut\u00e9 soud\u00e9e, au bord de la pr\u00e9carit\u00e9 mais toujours pr\u00eate \u00e0 recueillir de nouvelles \u00e2mes en peine. R\u00e9alis\u00e9 en 1995, <em>A la vie, \u00e0 la mort<\/em> est un hymne \u00e0 la r\u00e9sistance et \u00e0 la solidarit\u00e9 de classe. Devant la mis\u00e8re et l\u2019injustice sociale, Robert Gu\u00e9diguian et ses personnages refusent de baisser les bras. Chacun fait face \u00e0 l\u2019adversit\u00e9 et part \u00e0 la recherche de solutions, quitte \u00e0 sacrifier ses r\u00eaves personnels et m\u00eame sa propre existence pour que la communaut\u00e9 puisse survivre. <em>A la vie, \u00e0 la mort <\/em>est un film manifeste, une croyance dans l\u2019utopie o\u00f9 s\u2019expriment les convictions politiques de Gu\u00e9diguian, indissociables de sa mani\u00e8re de faire du cin\u00e9ma, avec son clan, entour\u00e9 de camarades et de lieux qu\u2019il aime. <\/strong><\/p>\n<p><strong>\u00a0<\/strong><\/p>\n<p><strong><em>Marius et Jeannette<\/em><\/strong><\/p>\n<p><strong>Robert Gu\u00e9diguian, dont c\u2019est le septi\u00e8me long m\u00e9trage, met en sc\u00e8ne la naissance de l\u2019amour entre Jeannette, une caissi\u00e8re m\u00e8re de deux enfants, veuve d\u2019un travailleur immigr\u00e9, et Marius, un gardien de chantier au pass\u00e9 myst\u00e9rieux. Quadrag\u00e9naires solitaires bless\u00e9s par la vie, ils sont pr\u00eats \u00e0 se battre pour retrouver le bonheur. Robert Gu\u00e9diguian assume la com\u00e9die, le m\u00e9lodrame et m\u00eame le roman-photo, tout en proposant un petit inventaire des valeurs fondatrices de son cin\u00e9ma. Avec <em>Marius et Jeannette<\/em>, il ne fait aucun doute que le cin\u00e9aste entend \u00ab r\u00e9enchanter \u00bb le monde ouvrier et le peuple de gauche, dans une fiction optimiste qui laisse n\u00e9anmoins entrer les inqui\u00e9tudes de l\u2019\u00e9poque et les cicatrices de l\u2019Histoire. Il ne s\u2019agit pas de rendre leur dignit\u00e9 \u00e0 des hommes et des femmes qui ne l\u2019ont jamais perdue, mais de leur conf\u00e9rer une dimension h\u00e9ro\u00efque. Une pluie de r\u00e9compenses et plus de 2 600 000 spectateurs en 1997 pour ce conte de l\u2019Estaque, le triomphe de Robert Gu\u00e9diguian.<\/strong><\/p>\n<p>&nbsp;<\/p>\n<p><strong><em>A l\u2019attaque\u00a0!<\/em><\/strong><\/p>\n<p><strong><em>A l\u2019attaque !<\/em><\/strong><strong> r\u00e9alis\u00e9 en 1999, est un film un peu \u00e0 part dans la carri\u00e8re de Robert Gu\u00e9diguian. Pourquoi ? Parce que le cin\u00e9aste s\u2019amuse avec les effets de distanciation et met en sc\u00e8ne deux sc\u00e9naristes qui, entre le jardin et la machine \u00e0 caf\u00e9, imaginent l\u2019histoire du film que le spectateur est en train de voir, et testent diff\u00e9rentes versions de leur intrigue. Ce proc\u00e9d\u00e9 est emprunt\u00e9 \u00e0 <em>La F\u00eate \u00e0 Henriette <\/em>de Julien Duvivier, que Gu\u00e9diguian affectionne. <em>A l\u2019attaque ! <\/em>est donc un film qui nous renseigne sur la mani\u00e8re dont Gu\u00e9diguian \u00e9crit et con\u00e7oit ses projets, presque un plaidoyer pro domo envisag\u00e9 sur un mode guilleret. C\u2019est aussi un conte optimiste qui aborde des questions graves comme l\u2019endettement, le ch\u00f4mage, la mondialisation, dans le prolongement de ses longs m\u00e9trages pr\u00e9c\u00e9dents <em>A la vie, \u00e0 la mort<\/em> ou <em>Marius et Jeannette<\/em>. Et bien entendu, <em>A l\u2019attaque !<\/em> rime avec A l\u2019Estaque !<\/strong><\/p>\n<p><strong>\u00a0<\/strong><\/p>\n<p><strong>\u00a0<\/strong><\/p>\n<p><strong>\u00a0<\/strong><\/p>\n<p>&nbsp;<\/p>\n","protected":false},"excerpt":{"rendered":"<p>D\u00e8s le 1er mars, ARTE.tv propose la premi\u00e8re partie d\u2019un cycle consacr\u00e9 \u00e0 Robert Gu\u00e9diguian, avec cinq films disponibles gratuitement\u2026<\/p>\n","protected":false},"author":116,"featured_media":0,"comment_status":"open","ping_status":"open","sticky":false,"template":"","format":"standard","meta":[],"categories":[6,8],"tags":[],"yoast_head":"<!-- This site is optimized with the Yoast SEO plugin v20.8 - https:\/\/yoast.com\/wordpress\/plugins\/seo\/ -->\n<title>Cycle Robert Gu\u00e9diguian sur ARTE.tv (premi\u00e8re partie) - Olivier P\u00e8re<\/title>\n<meta name=\"robots\" content=\"index, follow, max-snippet:-1, max-image-preview:large, max-video-preview:-1\" \/>\n<link rel=\"canonical\" href=\"https:\/\/www.arte.tv\/sites\/olivierpere\/2024\/02\/01\/cycle-robert-guediguian-sur-arte-tv-premiere-partie\/\" \/>\n<meta property=\"og:locale\" content=\"fr_FR\" \/>\n<meta property=\"og:type\" content=\"article\" \/>\n<meta property=\"og:title\" content=\"Cycle Robert Gu\u00e9diguian sur ARTE.tv (premi\u00e8re partie) - Olivier P\u00e8re\" \/>\n<meta property=\"og:description\" content=\"D\u00e8s le 1er mars, ARTE.tv propose la premi\u00e8re partie d\u2019un cycle consacr\u00e9 \u00e0 Robert Gu\u00e9diguian, avec cinq films disponibles gratuitement\u2026\" \/>\n<meta property=\"og:url\" content=\"https:\/\/www.arte.tv\/sites\/olivierpere\/2024\/02\/01\/cycle-robert-guediguian-sur-arte-tv-premiere-partie\/\" \/>\n<meta property=\"og:site_name\" content=\"Olivier P\u00e8re\" \/>\n<meta property=\"article:published_time\" content=\"2024-02-01T13:19:45+00:00\" \/>\n<meta property=\"article:modified_time\" content=\"2024-02-23T13:22:44+00:00\" \/>\n<meta name=\"author\" content=\"Olivier P\u00e8re\" \/>\n<meta name=\"twitter:label1\" content=\"\u00c9crit par\" \/>\n\t<meta name=\"twitter:data1\" content=\"Olivier P\u00e8re\" \/>\n\t<meta name=\"twitter:label2\" content=\"Dur\u00e9e de lecture estim\u00e9e\" \/>\n\t<meta name=\"twitter:data2\" content=\"5 minutes\" \/>\n<script type=\"application\/ld+json\" class=\"yoast-schema-graph\">{\"@context\":\"https:\/\/schema.org\",\"@graph\":[{\"@type\":\"WebPage\",\"@id\":\"https:\/\/www.arte.tv\/sites\/olivierpere\/2024\/02\/01\/cycle-robert-guediguian-sur-arte-tv-premiere-partie\/\",\"url\":\"https:\/\/www.arte.tv\/sites\/olivierpere\/2024\/02\/01\/cycle-robert-guediguian-sur-arte-tv-premiere-partie\/\",\"name\":\"Cycle Robert Gu\u00e9diguian sur ARTE.tv (premi\u00e8re partie) - Olivier P\u00e8re\",\"isPartOf\":{\"@id\":\"https:\/\/www.arte.tv\/sites\/olivierpere\/#website\"},\"datePublished\":\"2024-02-01T13:19:45+00:00\",\"dateModified\":\"2024-02-23T13:22:44+00:00\",\"author\":{\"@id\":\"https:\/\/www.arte.tv\/sites\/olivierpere\/#\/schema\/person\/dc32cd6c79be95e52d43b97a74182558\"},\"breadcrumb\":{\"@id\":\"https:\/\/www.arte.tv\/sites\/olivierpere\/2024\/02\/01\/cycle-robert-guediguian-sur-arte-tv-premiere-partie\/#breadcrumb\"},\"inLanguage\":\"fr-FR\",\"potentialAction\":[{\"@type\":\"ReadAction\",\"target\":[\"https:\/\/www.arte.tv\/sites\/olivierpere\/2024\/02\/01\/cycle-robert-guediguian-sur-arte-tv-premiere-partie\/\"]}]},{\"@type\":\"BreadcrumbList\",\"@id\":\"https:\/\/www.arte.tv\/sites\/olivierpere\/2024\/02\/01\/cycle-robert-guediguian-sur-arte-tv-premiere-partie\/#breadcrumb\",\"itemListElement\":[{\"@type\":\"ListItem\",\"position\":1,\"name\":\"Home\",\"item\":\"https:\/\/www.arte.tv\/sites\/olivierpere\/\"},{\"@type\":\"ListItem\",\"position\":2,\"name\":\"Cycle Robert Gu\u00e9diguian sur ARTE.tv (premi\u00e8re partie)\"}]},{\"@type\":\"WebSite\",\"@id\":\"https:\/\/www.arte.tv\/sites\/olivierpere\/#website\",\"url\":\"https:\/\/www.arte.tv\/sites\/olivierpere\/\",\"name\":\"Olivier P\u00e8re\",\"description\":\"\",\"potentialAction\":[{\"@type\":\"SearchAction\",\"target\":{\"@type\":\"EntryPoint\",\"urlTemplate\":\"https:\/\/www.arte.tv\/sites\/olivierpere\/?s={search_term_string}\"},\"query-input\":\"required name=search_term_string\"}],\"inLanguage\":\"fr-FR\"},{\"@type\":\"Person\",\"@id\":\"https:\/\/www.arte.tv\/sites\/olivierpere\/#\/schema\/person\/dc32cd6c79be95e52d43b97a74182558\",\"name\":\"Olivier P\u00e8re\",\"image\":{\"@type\":\"ImageObject\",\"inLanguage\":\"fr-FR\",\"@id\":\"https:\/\/www.arte.tv\/sites\/olivierpere\/#\/schema\/person\/image\/\",\"url\":\"https:\/\/secure.gravatar.com\/avatar\/bdea7b6a2c195e2c41772429a9694758?s=96&d=mm&r=g\",\"contentUrl\":\"https:\/\/secure.gravatar.com\/avatar\/bdea7b6a2c195e2c41772429a9694758?s=96&d=mm&r=g\",\"caption\":\"Olivier P\u00e8re\"},\"url\":\"https:\/\/www.arte.tv\/sites\/olivierpere\/author\/pereolivier\/\"}]}<\/script>\n<!-- \/ Yoast SEO plugin. -->","yoast_head_json":{"title":"Cycle Robert Gu\u00e9diguian sur ARTE.tv (premi\u00e8re partie) - Olivier P\u00e8re","robots":{"index":"index","follow":"follow","max-snippet":"max-snippet:-1","max-image-preview":"max-image-preview:large","max-video-preview":"max-video-preview:-1"},"canonical":"https:\/\/www.arte.tv\/sites\/olivierpere\/2024\/02\/01\/cycle-robert-guediguian-sur-arte-tv-premiere-partie\/","og_locale":"fr_FR","og_type":"article","og_title":"Cycle Robert Gu\u00e9diguian sur ARTE.tv (premi\u00e8re partie) - Olivier P\u00e8re","og_description":"D\u00e8s le 1er mars, ARTE.tv propose la premi\u00e8re partie d\u2019un cycle consacr\u00e9 \u00e0 Robert Gu\u00e9diguian, avec cinq films disponibles gratuitement\u2026","og_url":"https:\/\/www.arte.tv\/sites\/olivierpere\/2024\/02\/01\/cycle-robert-guediguian-sur-arte-tv-premiere-partie\/","og_site_name":"Olivier P\u00e8re","article_published_time":"2024-02-01T13:19:45+00:00","article_modified_time":"2024-02-23T13:22:44+00:00","author":"Olivier P\u00e8re","twitter_misc":{"\u00c9crit par":"Olivier P\u00e8re","Dur\u00e9e de lecture estim\u00e9e":"5 minutes"},"schema":{"@context":"https:\/\/schema.org","@graph":[{"@type":"WebPage","@id":"https:\/\/www.arte.tv\/sites\/olivierpere\/2024\/02\/01\/cycle-robert-guediguian-sur-arte-tv-premiere-partie\/","url":"https:\/\/www.arte.tv\/sites\/olivierpere\/2024\/02\/01\/cycle-robert-guediguian-sur-arte-tv-premiere-partie\/","name":"Cycle Robert Gu\u00e9diguian sur ARTE.tv (premi\u00e8re partie) - Olivier P\u00e8re","isPartOf":{"@id":"https:\/\/www.arte.tv\/sites\/olivierpere\/#website"},"datePublished":"2024-02-01T13:19:45+00:00","dateModified":"2024-02-23T13:22:44+00:00","author":{"@id":"https:\/\/www.arte.tv\/sites\/olivierpere\/#\/schema\/person\/dc32cd6c79be95e52d43b97a74182558"},"breadcrumb":{"@id":"https:\/\/www.arte.tv\/sites\/olivierpere\/2024\/02\/01\/cycle-robert-guediguian-sur-arte-tv-premiere-partie\/#breadcrumb"},"inLanguage":"fr-FR","potentialAction":[{"@type":"ReadAction","target":["https:\/\/www.arte.tv\/sites\/olivierpere\/2024\/02\/01\/cycle-robert-guediguian-sur-arte-tv-premiere-partie\/"]}]},{"@type":"BreadcrumbList","@id":"https:\/\/www.arte.tv\/sites\/olivierpere\/2024\/02\/01\/cycle-robert-guediguian-sur-arte-tv-premiere-partie\/#breadcrumb","itemListElement":[{"@type":"ListItem","position":1,"name":"Home","item":"https:\/\/www.arte.tv\/sites\/olivierpere\/"},{"@type":"ListItem","position":2,"name":"Cycle Robert Gu\u00e9diguian sur ARTE.tv (premi\u00e8re partie)"}]},{"@type":"WebSite","@id":"https:\/\/www.arte.tv\/sites\/olivierpere\/#website","url":"https:\/\/www.arte.tv\/sites\/olivierpere\/","name":"Olivier P\u00e8re","description":"","potentialAction":[{"@type":"SearchAction","target":{"@type":"EntryPoint","urlTemplate":"https:\/\/www.arte.tv\/sites\/olivierpere\/?s={search_term_string}"},"query-input":"required name=search_term_string"}],"inLanguage":"fr-FR"},{"@type":"Person","@id":"https:\/\/www.arte.tv\/sites\/olivierpere\/#\/schema\/person\/dc32cd6c79be95e52d43b97a74182558","name":"Olivier P\u00e8re","image":{"@type":"ImageObject","inLanguage":"fr-FR","@id":"https:\/\/www.arte.tv\/sites\/olivierpere\/#\/schema\/person\/image\/","url":"https:\/\/secure.gravatar.com\/avatar\/bdea7b6a2c195e2c41772429a9694758?s=96&d=mm&r=g","contentUrl":"https:\/\/secure.gravatar.com\/avatar\/bdea7b6a2c195e2c41772429a9694758?s=96&d=mm&r=g","caption":"Olivier P\u00e8re"},"url":"https:\/\/www.arte.tv\/sites\/olivierpere\/author\/pereolivier\/"}]}},"_links":{"self":[{"href":"https:\/\/www.arte.tv\/sites\/olivierpere\/wp-json\/wp\/v2\/posts\/27691"}],"collection":[{"href":"https:\/\/www.arte.tv\/sites\/olivierpere\/wp-json\/wp\/v2\/posts"}],"about":[{"href":"https:\/\/www.arte.tv\/sites\/olivierpere\/wp-json\/wp\/v2\/types\/post"}],"author":[{"embeddable":true,"href":"https:\/\/www.arte.tv\/sites\/olivierpere\/wp-json\/wp\/v2\/users\/116"}],"replies":[{"embeddable":true,"href":"https:\/\/www.arte.tv\/sites\/olivierpere\/wp-json\/wp\/v2\/comments?post=27691"}],"version-history":[{"count":1,"href":"https:\/\/www.arte.tv\/sites\/olivierpere\/wp-json\/wp\/v2\/posts\/27691\/revisions"}],"predecessor-version":[{"id":27692,"href":"https:\/\/www.arte.tv\/sites\/olivierpere\/wp-json\/wp\/v2\/posts\/27691\/revisions\/27692"}],"wp:attachment":[{"href":"https:\/\/www.arte.tv\/sites\/olivierpere\/wp-json\/wp\/v2\/media?parent=27691"}],"wp:term":[{"taxonomy":"category","embeddable":true,"href":"https:\/\/www.arte.tv\/sites\/olivierpere\/wp-json\/wp\/v2\/categories?post=27691"},{"taxonomy":"post_tag","embeddable":true,"href":"https:\/\/www.arte.tv\/sites\/olivierpere\/wp-json\/wp\/v2\/tags?post=27691"}],"curies":[{"name":"wp","href":"https:\/\/api.w.org\/{rel}","templated":true}]}}