{"id":27619,"date":"2023-12-27T12:59:21","date_gmt":"2023-12-27T11:59:21","guid":{"rendered":"https:\/\/www.arte.tv\/sites\/olivierpere\/?p=27619"},"modified":"2024-01-10T09:39:35","modified_gmt":"2024-01-10T08:39:35","slug":"blue-velvet-de-david-lynch-et-la-rue-rouge-de-fritz-lang","status":"publish","type":"post","link":"https:\/\/www.arte.tv\/sites\/olivierpere\/2023\/12\/27\/blue-velvet-de-david-lynch-et-la-rue-rouge-de-fritz-lang\/","title":{"rendered":"Blue Velvet de David Lynch et La Rue Rouge de Fritz Lang"},"content":{"rendered":"<p><strong>Ces troublantes incursions dans le film noir par deux des plus grands cin\u00e9astes de leur temps sont des plong\u00e9es dans les m\u00e9andres de l\u2019\u00e2me humaine.<\/strong><\/p>\n<p><strong>\u00a0<\/strong><\/p>\n<p><strong><em>Blue Velvet<\/em><\/strong><strong> marque en 1986 le retour en gr\u00e2ce de David Lynch apr\u00e8s l\u2019\u00e9chec monumental de sa superproduction de science-fiction <em>Dune<\/em>. Lynch plante le d\u00e9cor de <em>Blue Velvet<\/em> dans une petite ville am\u00e9ricaine idyllique qui cache pourtant de terrifiants secrets. C\u2019est la face sombre de l\u2019Americana, telle que Hitchcock l\u2019avait explor\u00e9 avant lui dans <em>L\u2019Ombre d\u2019un doute<\/em>. Lynch mod\u00e8le les arch\u00e9types hitchcockiens dans une fiction exp\u00e9rimentale qui joue avec nos frayeurs et nos angoisses enfouies, ainsi que la proximit\u00e9 entre le quotidien le plus banal et l\u2019horreur la plus perverse. La recette donnera naissance quelques ann\u00e9es plus tard \u00e0 la g\u00e9niale s\u00e9rie <em>Twin Peaks<\/em>. En mettant en sc\u00e8ne un jeune \u00e9tudiant voyeur (Kyle MacLachlan) qui d\u00e9couvre une vaste conspiration criminelle autour d\u2019une chanteuse de bo\u00eete de nuit (magnifique et \u00e9mouvante Isabelle Rossellini), Lynch signe un chef-d\u2019\u0153uvre sur l\u2019innocence perdue et le myst\u00e8re du d\u00e9sir f\u00e9minin.<\/strong><\/p>\n<p><strong>\u00a0<\/strong><\/p>\n<p><strong>Diffusion lundi 22 janvier \u00e0 22h55 sur ARTE. <\/strong><strong>\u00c9galement disponible gratuitement en t\u00e9l\u00e9vision de rattrapage sur ARTE.tv.<\/strong><\/p>\n<p><strong>\u00a0<\/strong><\/p>\n<p><strong><em>La Rue rouge <\/em><\/strong><strong>(<em>Scarlett Street<\/em>), r\u00e9alis\u00e9 en 1945 par Fritz Lang, est le remake am\u00e9ricain de <em>La Chienne<\/em> de Jean Renoir, ou plut\u00f4t une nouvelle adaptation du roman de Georges de La Fouchardi\u00e8re. Le cin\u00e9aste allemand, exil\u00e9 \u00e0 Hollywood, s\u2019empare de cette histoire pour un faire un film tr\u00e8s personnel. Il y poursuit son exploration des th\u00e8mes du crime, de la culpabilit\u00e9 et du destin, au c\u0153ur de son \u0153uvre. <em>La Rue rouge<\/em> pr\u00e9sente de nombreuses similitudes avec le pr\u00e9c\u00e9dent film de Lang, <em>La Femme au portrait<\/em>. Outre le m\u00eame trio d\u2019acteurs, Edward G. Robinson, Joan Bennett et Dan Duryea, on y retrouve la description des m\u00e9canismes d\u2019emprise et de manipulation qui vont entra\u00eener la d\u00e9ch\u00e9ance d\u2019un honn\u00eate homme. Ce film noir d\u2019un pessimisme f\u00e9roce sur les passions humaines est aussi l\u2019un des titres les plus stylis\u00e9s de Lang, o\u00f9 \u00e9clate \u00e0 chaque s\u00e9quence le g\u00e9nie de sa mise en sc\u00e8ne.<\/strong><\/p>\n<p><strong>\u00a0<\/strong><\/p>\n<p><strong>Diffusion lundi 29 janvier \u00e0 23h25 sur ARTE. \u00c9galement disponible gratuitement en t\u00e9l\u00e9vision de rattrapage sur ARTE.tv.<\/strong><\/p>\n<p><strong>\u00a0<\/strong><\/p>\n<p><strong>\u00a0<\/strong><\/p>\n<p>&nbsp;<\/p>\n","protected":false},"excerpt":{"rendered":"<p>Ces troublantes incursions dans le film noir par deux des plus grands cin\u00e9astes de leur temps sont des plong\u00e9es dans\u2026<\/p>\n","protected":false},"author":116,"featured_media":0,"comment_status":"open","ping_status":"open","sticky":false,"template":"","format":"standard","meta":[],"categories":[8],"tags":[],"yoast_head":"<!-- This site is optimized with the Yoast SEO plugin v20.8 - https:\/\/yoast.com\/wordpress\/plugins\/seo\/ -->\n<title>Blue Velvet de David Lynch et La Rue Rouge de Fritz Lang - Olivier P\u00e8re<\/title>\n<meta name=\"robots\" content=\"index, follow, max-snippet:-1, max-image-preview:large, max-video-preview:-1\" \/>\n<link rel=\"canonical\" href=\"https:\/\/www.arte.tv\/sites\/olivierpere\/2023\/12\/27\/blue-velvet-de-david-lynch-et-la-rue-rouge-de-fritz-lang\/\" \/>\n<meta property=\"og:locale\" content=\"fr_FR\" \/>\n<meta property=\"og:type\" content=\"article\" \/>\n<meta property=\"og:title\" content=\"Blue Velvet de David Lynch et La Rue Rouge de Fritz Lang - Olivier P\u00e8re\" \/>\n<meta property=\"og:description\" content=\"Ces troublantes incursions dans le film noir par deux des plus grands cin\u00e9astes de leur temps sont des plong\u00e9es dans\u2026\" \/>\n<meta property=\"og:url\" content=\"https:\/\/www.arte.tv\/sites\/olivierpere\/2023\/12\/27\/blue-velvet-de-david-lynch-et-la-rue-rouge-de-fritz-lang\/\" \/>\n<meta property=\"og:site_name\" content=\"Olivier P\u00e8re\" \/>\n<meta property=\"article:published_time\" content=\"2023-12-27T11:59:21+00:00\" \/>\n<meta property=\"article:modified_time\" content=\"2024-01-10T08:39:35+00:00\" \/>\n<meta name=\"author\" content=\"Olivier P\u00e8re\" \/>\n<meta name=\"twitter:label1\" content=\"\u00c9crit par\" \/>\n\t<meta name=\"twitter:data1\" content=\"Olivier P\u00e8re\" \/>\n\t<meta name=\"twitter:label2\" content=\"Dur\u00e9e de lecture estim\u00e9e\" \/>\n\t<meta name=\"twitter:data2\" content=\"2 minutes\" \/>\n<script type=\"application\/ld+json\" class=\"yoast-schema-graph\">{\"@context\":\"https:\/\/schema.org\",\"@graph\":[{\"@type\":\"WebPage\",\"@id\":\"https:\/\/www.arte.tv\/sites\/olivierpere\/2023\/12\/27\/blue-velvet-de-david-lynch-et-la-rue-rouge-de-fritz-lang\/\",\"url\":\"https:\/\/www.arte.tv\/sites\/olivierpere\/2023\/12\/27\/blue-velvet-de-david-lynch-et-la-rue-rouge-de-fritz-lang\/\",\"name\":\"Blue Velvet de David Lynch et La Rue Rouge de Fritz Lang - Olivier P\u00e8re\",\"isPartOf\":{\"@id\":\"https:\/\/www.arte.tv\/sites\/olivierpere\/#website\"},\"datePublished\":\"2023-12-27T11:59:21+00:00\",\"dateModified\":\"2024-01-10T08:39:35+00:00\",\"author\":{\"@id\":\"https:\/\/www.arte.tv\/sites\/olivierpere\/#\/schema\/person\/dc32cd6c79be95e52d43b97a74182558\"},\"breadcrumb\":{\"@id\":\"https:\/\/www.arte.tv\/sites\/olivierpere\/2023\/12\/27\/blue-velvet-de-david-lynch-et-la-rue-rouge-de-fritz-lang\/#breadcrumb\"},\"inLanguage\":\"fr-FR\",\"potentialAction\":[{\"@type\":\"ReadAction\",\"target\":[\"https:\/\/www.arte.tv\/sites\/olivierpere\/2023\/12\/27\/blue-velvet-de-david-lynch-et-la-rue-rouge-de-fritz-lang\/\"]}]},{\"@type\":\"BreadcrumbList\",\"@id\":\"https:\/\/www.arte.tv\/sites\/olivierpere\/2023\/12\/27\/blue-velvet-de-david-lynch-et-la-rue-rouge-de-fritz-lang\/#breadcrumb\",\"itemListElement\":[{\"@type\":\"ListItem\",\"position\":1,\"name\":\"Home\",\"item\":\"https:\/\/www.arte.tv\/sites\/olivierpere\/\"},{\"@type\":\"ListItem\",\"position\":2,\"name\":\"Blue Velvet de David Lynch et La Rue Rouge de Fritz Lang\"}]},{\"@type\":\"WebSite\",\"@id\":\"https:\/\/www.arte.tv\/sites\/olivierpere\/#website\",\"url\":\"https:\/\/www.arte.tv\/sites\/olivierpere\/\",\"name\":\"Olivier P\u00e8re\",\"description\":\"\",\"potentialAction\":[{\"@type\":\"SearchAction\",\"target\":{\"@type\":\"EntryPoint\",\"urlTemplate\":\"https:\/\/www.arte.tv\/sites\/olivierpere\/?s={search_term_string}\"},\"query-input\":\"required name=search_term_string\"}],\"inLanguage\":\"fr-FR\"},{\"@type\":\"Person\",\"@id\":\"https:\/\/www.arte.tv\/sites\/olivierpere\/#\/schema\/person\/dc32cd6c79be95e52d43b97a74182558\",\"name\":\"Olivier P\u00e8re\",\"image\":{\"@type\":\"ImageObject\",\"inLanguage\":\"fr-FR\",\"@id\":\"https:\/\/www.arte.tv\/sites\/olivierpere\/#\/schema\/person\/image\/\",\"url\":\"https:\/\/secure.gravatar.com\/avatar\/bdea7b6a2c195e2c41772429a9694758?s=96&d=mm&r=g\",\"contentUrl\":\"https:\/\/secure.gravatar.com\/avatar\/bdea7b6a2c195e2c41772429a9694758?s=96&d=mm&r=g\",\"caption\":\"Olivier P\u00e8re\"},\"url\":\"https:\/\/www.arte.tv\/sites\/olivierpere\/author\/pereolivier\/\"}]}<\/script>\n<!-- \/ Yoast SEO plugin. -->","yoast_head_json":{"title":"Blue Velvet de David Lynch et La Rue Rouge de Fritz Lang - Olivier P\u00e8re","robots":{"index":"index","follow":"follow","max-snippet":"max-snippet:-1","max-image-preview":"max-image-preview:large","max-video-preview":"max-video-preview:-1"},"canonical":"https:\/\/www.arte.tv\/sites\/olivierpere\/2023\/12\/27\/blue-velvet-de-david-lynch-et-la-rue-rouge-de-fritz-lang\/","og_locale":"fr_FR","og_type":"article","og_title":"Blue Velvet de David Lynch et La Rue Rouge de Fritz Lang - Olivier P\u00e8re","og_description":"Ces troublantes incursions dans le film noir par deux des plus grands cin\u00e9astes de leur temps sont des plong\u00e9es dans\u2026","og_url":"https:\/\/www.arte.tv\/sites\/olivierpere\/2023\/12\/27\/blue-velvet-de-david-lynch-et-la-rue-rouge-de-fritz-lang\/","og_site_name":"Olivier P\u00e8re","article_published_time":"2023-12-27T11:59:21+00:00","article_modified_time":"2024-01-10T08:39:35+00:00","author":"Olivier P\u00e8re","twitter_misc":{"\u00c9crit par":"Olivier P\u00e8re","Dur\u00e9e de lecture estim\u00e9e":"2 minutes"},"schema":{"@context":"https:\/\/schema.org","@graph":[{"@type":"WebPage","@id":"https:\/\/www.arte.tv\/sites\/olivierpere\/2023\/12\/27\/blue-velvet-de-david-lynch-et-la-rue-rouge-de-fritz-lang\/","url":"https:\/\/www.arte.tv\/sites\/olivierpere\/2023\/12\/27\/blue-velvet-de-david-lynch-et-la-rue-rouge-de-fritz-lang\/","name":"Blue Velvet de David Lynch et La Rue Rouge de Fritz Lang - Olivier P\u00e8re","isPartOf":{"@id":"https:\/\/www.arte.tv\/sites\/olivierpere\/#website"},"datePublished":"2023-12-27T11:59:21+00:00","dateModified":"2024-01-10T08:39:35+00:00","author":{"@id":"https:\/\/www.arte.tv\/sites\/olivierpere\/#\/schema\/person\/dc32cd6c79be95e52d43b97a74182558"},"breadcrumb":{"@id":"https:\/\/www.arte.tv\/sites\/olivierpere\/2023\/12\/27\/blue-velvet-de-david-lynch-et-la-rue-rouge-de-fritz-lang\/#breadcrumb"},"inLanguage":"fr-FR","potentialAction":[{"@type":"ReadAction","target":["https:\/\/www.arte.tv\/sites\/olivierpere\/2023\/12\/27\/blue-velvet-de-david-lynch-et-la-rue-rouge-de-fritz-lang\/"]}]},{"@type":"BreadcrumbList","@id":"https:\/\/www.arte.tv\/sites\/olivierpere\/2023\/12\/27\/blue-velvet-de-david-lynch-et-la-rue-rouge-de-fritz-lang\/#breadcrumb","itemListElement":[{"@type":"ListItem","position":1,"name":"Home","item":"https:\/\/www.arte.tv\/sites\/olivierpere\/"},{"@type":"ListItem","position":2,"name":"Blue Velvet de David Lynch et La Rue Rouge de Fritz Lang"}]},{"@type":"WebSite","@id":"https:\/\/www.arte.tv\/sites\/olivierpere\/#website","url":"https:\/\/www.arte.tv\/sites\/olivierpere\/","name":"Olivier P\u00e8re","description":"","potentialAction":[{"@type":"SearchAction","target":{"@type":"EntryPoint","urlTemplate":"https:\/\/www.arte.tv\/sites\/olivierpere\/?s={search_term_string}"},"query-input":"required name=search_term_string"}],"inLanguage":"fr-FR"},{"@type":"Person","@id":"https:\/\/www.arte.tv\/sites\/olivierpere\/#\/schema\/person\/dc32cd6c79be95e52d43b97a74182558","name":"Olivier P\u00e8re","image":{"@type":"ImageObject","inLanguage":"fr-FR","@id":"https:\/\/www.arte.tv\/sites\/olivierpere\/#\/schema\/person\/image\/","url":"https:\/\/secure.gravatar.com\/avatar\/bdea7b6a2c195e2c41772429a9694758?s=96&d=mm&r=g","contentUrl":"https:\/\/secure.gravatar.com\/avatar\/bdea7b6a2c195e2c41772429a9694758?s=96&d=mm&r=g","caption":"Olivier P\u00e8re"},"url":"https:\/\/www.arte.tv\/sites\/olivierpere\/author\/pereolivier\/"}]}},"_links":{"self":[{"href":"https:\/\/www.arte.tv\/sites\/olivierpere\/wp-json\/wp\/v2\/posts\/27619"}],"collection":[{"href":"https:\/\/www.arte.tv\/sites\/olivierpere\/wp-json\/wp\/v2\/posts"}],"about":[{"href":"https:\/\/www.arte.tv\/sites\/olivierpere\/wp-json\/wp\/v2\/types\/post"}],"author":[{"embeddable":true,"href":"https:\/\/www.arte.tv\/sites\/olivierpere\/wp-json\/wp\/v2\/users\/116"}],"replies":[{"embeddable":true,"href":"https:\/\/www.arte.tv\/sites\/olivierpere\/wp-json\/wp\/v2\/comments?post=27619"}],"version-history":[{"count":1,"href":"https:\/\/www.arte.tv\/sites\/olivierpere\/wp-json\/wp\/v2\/posts\/27619\/revisions"}],"predecessor-version":[{"id":27620,"href":"https:\/\/www.arte.tv\/sites\/olivierpere\/wp-json\/wp\/v2\/posts\/27619\/revisions\/27620"}],"wp:attachment":[{"href":"https:\/\/www.arte.tv\/sites\/olivierpere\/wp-json\/wp\/v2\/media?parent=27619"}],"wp:term":[{"taxonomy":"category","embeddable":true,"href":"https:\/\/www.arte.tv\/sites\/olivierpere\/wp-json\/wp\/v2\/categories?post=27619"},{"taxonomy":"post_tag","embeddable":true,"href":"https:\/\/www.arte.tv\/sites\/olivierpere\/wp-json\/wp\/v2\/tags?post=27619"}],"curies":[{"name":"wp","href":"https:\/\/api.w.org\/{rel}","templated":true}]}}