{"id":27580,"date":"2023-09-30T19:24:33","date_gmt":"2023-09-30T18:24:33","guid":{"rendered":"https:\/\/www.arte.tv\/sites\/olivierpere\/?p=27580"},"modified":"2023-11-19T19:25:55","modified_gmt":"2023-11-19T18:25:55","slug":"le-ciel-est-a-vous-de-jean-gremillon","status":"publish","type":"post","link":"https:\/\/www.arte.tv\/sites\/olivierpere\/2023\/09\/30\/le-ciel-est-a-vous-de-jean-gremillon\/","title":{"rendered":"Le ciel est \u00e0 vous de Jean Gr\u00e9millon"},"content":{"rendered":"<p><strong>Vivants \u00e0 c\u00f4t\u00e9 d\u2019un a\u00e9rodrome, Pierre et Th\u00e9r\u00e8se, garagistes dans une petite ville des Landes, se prennent de passion pour l\u2019aviation, d\u2019abord en cachette, puis d\u2019un commun accord. Th\u00e9r\u00e8se deviendra une championne de vols en solitaire. <em>Le ciel est \u00e0 vous <\/em>(1944), chef-d\u2019\u0153uvre de Jean Gr\u00e9millon, est l\u2019un des plus beaux films tourn\u00e9s pendant l\u2019Occupation. Ce sera aussi le dernier grand succ\u00e8s public du cin\u00e9aste. Le film est profondement anti-vichyste par son exaltation de la libert\u00e9 en g\u00e9n\u00e9ral et de l\u2019\u00e9mancipation d\u2019une femme en particulier. Il fut n\u00e9anmoins appr\u00e9ci\u00e9 par la presse collaborationniste qui y vit un hymne \u00e0 l\u2019h\u00e9ro\u00efsme fran\u00e7ais. <\/strong><strong>Il est inspir\u00e9 de l\u2019histoire d\u2019Andr\u00e9e Dupeyron, et du record a\u00e9ronautique \u00e9tabli par cette derni\u00e8re en 1938. <\/strong><strong>Gr\u00e9millon excelle \u00e0 montrer un couple d\u2019origine modeste uni par l\u2019amour, mais aussi par la m\u00eame obsession et des r\u00eaves d\u2019altitude qui semblaient lui \u00eatre interdits. Le film \u00e9tablit un parall\u00e9lisme passionnant entre la musique et l\u2019aviation, pour souligner \u00e0 quel point le cin\u00e9aste, musicien et m\u00e9lomane, estime que l\u2019artiste est toujours un artisan, et que le cin\u00e9ma est un art technique o\u00f9 se son et l\u2019image se combinent harmonieusement, avec une grande virtuosit\u00e9 d\u2019ex\u00e9cution. Chez Gr\u00e9millon, les personnages f\u00e9minins \u00e9chappent toujours aux st\u00e9r\u00e9otypes et se r\u00e9v\u00e8lent d\u2019une surprenante modernit\u00e9. C\u2019est le cas de Th\u00e9r\u00e8se, merveilleusement interpr\u00e9t\u00e9e par Madeleine Renaud, qui ose d\u00e9passer le poids des conventions sociales et son r\u00f4le d\u2019\u00e9pouse compr\u00e9hensive pour devenir une h\u00e9ro\u00efne \u00e0 part enti\u00e8re.<\/strong><\/p>\n<p><strong>Cet \u00e9loge du d\u00e9passement de soi, de la transcendance et du perfectionnisme peut se voir comme un autoportrait de Gr\u00e9millon et de son rapport \u00e0 son art.<\/strong><\/p>\n<p><strong>\u00a0<\/strong><\/p>\n<p><strong>Diffusion le lundi 27 novembre \u00e0 22h50 sur ARTE.<\/strong><\/p>\n<p><strong>\u00a0<\/strong><\/p>\n<p><strong><em>Le ciel est \u00e0 vous<\/em><\/strong><strong>, qui a \u00e9t\u00e9 restaur\u00e9 par TF1, est d\u00e9sormais disponible en combo Blu-ray\/DVD aux \u00e9ditions Coin de Mire Cin\u00e9ma.<\/strong><\/p>\n<p><img decoding=\"async\" loading=\"lazy\" class=\"alignnone size-full wp-image-27581\" src=\"https:\/\/www.arte.tv\/sites\/olivierpere\/files\/71-wj6p72ql-_ac_uf10001000_ql80_.jpg\" alt=\"\" width=\"632\" height=\"1000\" srcset=\"https:\/\/www.arte.tv\/sites\/olivierpere\/files\/71-wj6p72ql-_ac_uf10001000_ql80_.jpg 632w, https:\/\/www.arte.tv\/sites\/olivierpere\/files\/71-wj6p72ql-_ac_uf10001000_ql80_-177x280.jpg 177w, https:\/\/www.arte.tv\/sites\/olivierpere\/files\/71-wj6p72ql-_ac_uf10001000_ql80_-485x768.jpg 485w, https:\/\/www.arte.tv\/sites\/olivierpere\/files\/71-wj6p72ql-_ac_uf10001000_ql80_-580x918.jpg 580w\" sizes=\"(max-width: 632px) 100vw, 632px\" \/><\/p>\n<p><strong>\u00a0<\/strong><\/p>\n","protected":false},"excerpt":{"rendered":"<p>Vivants \u00e0 c\u00f4t\u00e9 d\u2019un a\u00e9rodrome, Pierre et Th\u00e9r\u00e8se, garagistes dans une petite ville des Landes, se prennent de passion pour\u2026<\/p>\n","protected":false},"author":116,"featured_media":0,"comment_status":"open","ping_status":"open","sticky":false,"template":"","format":"standard","meta":[],"categories":[9,8],"tags":[],"yoast_head":"<!-- This site is optimized with the Yoast SEO plugin v20.8 - https:\/\/yoast.com\/wordpress\/plugins\/seo\/ -->\n<title>Le ciel est \u00e0 vous de Jean Gr\u00e9millon - Olivier P\u00e8re<\/title>\n<meta name=\"robots\" content=\"index, follow, max-snippet:-1, max-image-preview:large, max-video-preview:-1\" \/>\n<link rel=\"canonical\" href=\"https:\/\/www.arte.tv\/sites\/olivierpere\/2023\/09\/30\/le-ciel-est-a-vous-de-jean-gremillon\/\" \/>\n<meta property=\"og:locale\" content=\"fr_FR\" \/>\n<meta property=\"og:type\" content=\"article\" \/>\n<meta property=\"og:title\" content=\"Le ciel est \u00e0 vous de Jean Gr\u00e9millon - Olivier P\u00e8re\" \/>\n<meta property=\"og:description\" content=\"Vivants \u00e0 c\u00f4t\u00e9 d\u2019un a\u00e9rodrome, Pierre et Th\u00e9r\u00e8se, garagistes dans une petite ville des Landes, se prennent de passion pour\u2026\" \/>\n<meta property=\"og:url\" content=\"https:\/\/www.arte.tv\/sites\/olivierpere\/2023\/09\/30\/le-ciel-est-a-vous-de-jean-gremillon\/\" \/>\n<meta property=\"og:site_name\" content=\"Olivier P\u00e8re\" \/>\n<meta property=\"article:published_time\" content=\"2023-09-30T18:24:33+00:00\" \/>\n<meta property=\"article:modified_time\" content=\"2023-11-19T18:25:55+00:00\" \/>\n<meta property=\"og:image\" content=\"https:\/\/www.arte.tv\/sites\/olivierpere\/files\/71-wj6p72ql-_ac_uf10001000_ql80_.jpg\" \/>\n<meta name=\"author\" content=\"Olivier P\u00e8re\" \/>\n<meta name=\"twitter:label1\" content=\"\u00c9crit par\" \/>\n\t<meta name=\"twitter:data1\" content=\"Olivier P\u00e8re\" \/>\n\t<meta name=\"twitter:label2\" content=\"Dur\u00e9e de lecture estim\u00e9e\" \/>\n\t<meta name=\"twitter:data2\" content=\"2 minutes\" \/>\n<script type=\"application\/ld+json\" class=\"yoast-schema-graph\">{\"@context\":\"https:\/\/schema.org\",\"@graph\":[{\"@type\":\"WebPage\",\"@id\":\"https:\/\/www.arte.tv\/sites\/olivierpere\/2023\/09\/30\/le-ciel-est-a-vous-de-jean-gremillon\/\",\"url\":\"https:\/\/www.arte.tv\/sites\/olivierpere\/2023\/09\/30\/le-ciel-est-a-vous-de-jean-gremillon\/\",\"name\":\"Le ciel est \u00e0 vous de Jean Gr\u00e9millon - Olivier P\u00e8re\",\"isPartOf\":{\"@id\":\"https:\/\/www.arte.tv\/sites\/olivierpere\/#website\"},\"datePublished\":\"2023-09-30T18:24:33+00:00\",\"dateModified\":\"2023-11-19T18:25:55+00:00\",\"author\":{\"@id\":\"https:\/\/www.arte.tv\/sites\/olivierpere\/#\/schema\/person\/dc32cd6c79be95e52d43b97a74182558\"},\"breadcrumb\":{\"@id\":\"https:\/\/www.arte.tv\/sites\/olivierpere\/2023\/09\/30\/le-ciel-est-a-vous-de-jean-gremillon\/#breadcrumb\"},\"inLanguage\":\"fr-FR\",\"potentialAction\":[{\"@type\":\"ReadAction\",\"target\":[\"https:\/\/www.arte.tv\/sites\/olivierpere\/2023\/09\/30\/le-ciel-est-a-vous-de-jean-gremillon\/\"]}]},{\"@type\":\"BreadcrumbList\",\"@id\":\"https:\/\/www.arte.tv\/sites\/olivierpere\/2023\/09\/30\/le-ciel-est-a-vous-de-jean-gremillon\/#breadcrumb\",\"itemListElement\":[{\"@type\":\"ListItem\",\"position\":1,\"name\":\"Home\",\"item\":\"https:\/\/www.arte.tv\/sites\/olivierpere\/\"},{\"@type\":\"ListItem\",\"position\":2,\"name\":\"Le ciel est \u00e0 vous de Jean Gr\u00e9millon\"}]},{\"@type\":\"WebSite\",\"@id\":\"https:\/\/www.arte.tv\/sites\/olivierpere\/#website\",\"url\":\"https:\/\/www.arte.tv\/sites\/olivierpere\/\",\"name\":\"Olivier P\u00e8re\",\"description\":\"\",\"potentialAction\":[{\"@type\":\"SearchAction\",\"target\":{\"@type\":\"EntryPoint\",\"urlTemplate\":\"https:\/\/www.arte.tv\/sites\/olivierpere\/?s={search_term_string}\"},\"query-input\":\"required name=search_term_string\"}],\"inLanguage\":\"fr-FR\"},{\"@type\":\"Person\",\"@id\":\"https:\/\/www.arte.tv\/sites\/olivierpere\/#\/schema\/person\/dc32cd6c79be95e52d43b97a74182558\",\"name\":\"Olivier P\u00e8re\",\"image\":{\"@type\":\"ImageObject\",\"inLanguage\":\"fr-FR\",\"@id\":\"https:\/\/www.arte.tv\/sites\/olivierpere\/#\/schema\/person\/image\/\",\"url\":\"https:\/\/secure.gravatar.com\/avatar\/bdea7b6a2c195e2c41772429a9694758?s=96&d=mm&r=g\",\"contentUrl\":\"https:\/\/secure.gravatar.com\/avatar\/bdea7b6a2c195e2c41772429a9694758?s=96&d=mm&r=g\",\"caption\":\"Olivier P\u00e8re\"},\"url\":\"https:\/\/www.arte.tv\/sites\/olivierpere\/author\/pereolivier\/\"}]}<\/script>\n<!-- \/ Yoast SEO plugin. -->","yoast_head_json":{"title":"Le ciel est \u00e0 vous de Jean Gr\u00e9millon - Olivier P\u00e8re","robots":{"index":"index","follow":"follow","max-snippet":"max-snippet:-1","max-image-preview":"max-image-preview:large","max-video-preview":"max-video-preview:-1"},"canonical":"https:\/\/www.arte.tv\/sites\/olivierpere\/2023\/09\/30\/le-ciel-est-a-vous-de-jean-gremillon\/","og_locale":"fr_FR","og_type":"article","og_title":"Le ciel est \u00e0 vous de Jean Gr\u00e9millon - Olivier P\u00e8re","og_description":"Vivants \u00e0 c\u00f4t\u00e9 d\u2019un a\u00e9rodrome, Pierre et Th\u00e9r\u00e8se, garagistes dans une petite ville des Landes, se prennent de passion pour\u2026","og_url":"https:\/\/www.arte.tv\/sites\/olivierpere\/2023\/09\/30\/le-ciel-est-a-vous-de-jean-gremillon\/","og_site_name":"Olivier P\u00e8re","article_published_time":"2023-09-30T18:24:33+00:00","article_modified_time":"2023-11-19T18:25:55+00:00","og_image":[{"url":"https:\/\/www.arte.tv\/sites\/olivierpere\/files\/71-wj6p72ql-_ac_uf10001000_ql80_.jpg"}],"author":"Olivier P\u00e8re","twitter_misc":{"\u00c9crit par":"Olivier P\u00e8re","Dur\u00e9e de lecture estim\u00e9e":"2 minutes"},"schema":{"@context":"https:\/\/schema.org","@graph":[{"@type":"WebPage","@id":"https:\/\/www.arte.tv\/sites\/olivierpere\/2023\/09\/30\/le-ciel-est-a-vous-de-jean-gremillon\/","url":"https:\/\/www.arte.tv\/sites\/olivierpere\/2023\/09\/30\/le-ciel-est-a-vous-de-jean-gremillon\/","name":"Le ciel est \u00e0 vous de Jean Gr\u00e9millon - Olivier P\u00e8re","isPartOf":{"@id":"https:\/\/www.arte.tv\/sites\/olivierpere\/#website"},"datePublished":"2023-09-30T18:24:33+00:00","dateModified":"2023-11-19T18:25:55+00:00","author":{"@id":"https:\/\/www.arte.tv\/sites\/olivierpere\/#\/schema\/person\/dc32cd6c79be95e52d43b97a74182558"},"breadcrumb":{"@id":"https:\/\/www.arte.tv\/sites\/olivierpere\/2023\/09\/30\/le-ciel-est-a-vous-de-jean-gremillon\/#breadcrumb"},"inLanguage":"fr-FR","potentialAction":[{"@type":"ReadAction","target":["https:\/\/www.arte.tv\/sites\/olivierpere\/2023\/09\/30\/le-ciel-est-a-vous-de-jean-gremillon\/"]}]},{"@type":"BreadcrumbList","@id":"https:\/\/www.arte.tv\/sites\/olivierpere\/2023\/09\/30\/le-ciel-est-a-vous-de-jean-gremillon\/#breadcrumb","itemListElement":[{"@type":"ListItem","position":1,"name":"Home","item":"https:\/\/www.arte.tv\/sites\/olivierpere\/"},{"@type":"ListItem","position":2,"name":"Le ciel est \u00e0 vous de Jean Gr\u00e9millon"}]},{"@type":"WebSite","@id":"https:\/\/www.arte.tv\/sites\/olivierpere\/#website","url":"https:\/\/www.arte.tv\/sites\/olivierpere\/","name":"Olivier P\u00e8re","description":"","potentialAction":[{"@type":"SearchAction","target":{"@type":"EntryPoint","urlTemplate":"https:\/\/www.arte.tv\/sites\/olivierpere\/?s={search_term_string}"},"query-input":"required name=search_term_string"}],"inLanguage":"fr-FR"},{"@type":"Person","@id":"https:\/\/www.arte.tv\/sites\/olivierpere\/#\/schema\/person\/dc32cd6c79be95e52d43b97a74182558","name":"Olivier P\u00e8re","image":{"@type":"ImageObject","inLanguage":"fr-FR","@id":"https:\/\/www.arte.tv\/sites\/olivierpere\/#\/schema\/person\/image\/","url":"https:\/\/secure.gravatar.com\/avatar\/bdea7b6a2c195e2c41772429a9694758?s=96&d=mm&r=g","contentUrl":"https:\/\/secure.gravatar.com\/avatar\/bdea7b6a2c195e2c41772429a9694758?s=96&d=mm&r=g","caption":"Olivier P\u00e8re"},"url":"https:\/\/www.arte.tv\/sites\/olivierpere\/author\/pereolivier\/"}]}},"_links":{"self":[{"href":"https:\/\/www.arte.tv\/sites\/olivierpere\/wp-json\/wp\/v2\/posts\/27580"}],"collection":[{"href":"https:\/\/www.arte.tv\/sites\/olivierpere\/wp-json\/wp\/v2\/posts"}],"about":[{"href":"https:\/\/www.arte.tv\/sites\/olivierpere\/wp-json\/wp\/v2\/types\/post"}],"author":[{"embeddable":true,"href":"https:\/\/www.arte.tv\/sites\/olivierpere\/wp-json\/wp\/v2\/users\/116"}],"replies":[{"embeddable":true,"href":"https:\/\/www.arte.tv\/sites\/olivierpere\/wp-json\/wp\/v2\/comments?post=27580"}],"version-history":[{"count":1,"href":"https:\/\/www.arte.tv\/sites\/olivierpere\/wp-json\/wp\/v2\/posts\/27580\/revisions"}],"predecessor-version":[{"id":27582,"href":"https:\/\/www.arte.tv\/sites\/olivierpere\/wp-json\/wp\/v2\/posts\/27580\/revisions\/27582"}],"wp:attachment":[{"href":"https:\/\/www.arte.tv\/sites\/olivierpere\/wp-json\/wp\/v2\/media?parent=27580"}],"wp:term":[{"taxonomy":"category","embeddable":true,"href":"https:\/\/www.arte.tv\/sites\/olivierpere\/wp-json\/wp\/v2\/categories?post=27580"},{"taxonomy":"post_tag","embeddable":true,"href":"https:\/\/www.arte.tv\/sites\/olivierpere\/wp-json\/wp\/v2\/tags?post=27580"}],"curies":[{"name":"wp","href":"https:\/\/api.w.org\/{rel}","templated":true}]}}