{"id":27490,"date":"2023-07-05T11:03:45","date_gmt":"2023-07-05T10:03:45","guid":{"rendered":"https:\/\/www.arte.tv\/sites\/olivierpere\/?p=27490"},"modified":"2023-08-17T17:43:31","modified_gmt":"2023-08-17T16:43:31","slug":"anatomie-dune-chute-de-justine-triet","status":"publish","type":"post","link":"https:\/\/www.arte.tv\/sites\/olivierpere\/2023\/07\/05\/anatomie-dune-chute-de-justine-triet\/","title":{"rendered":"Anatomie d\u2019une chute de Justine Triet"},"content":{"rendered":"<p><strong>Le scandale est au c\u0153ur de tous les films de Justine Triet, ainsi que le hiatus entre vie priv\u00e9e et vie publique. Apr\u00e8s <em>La Bataille de Solf\u00e9rino<\/em> o\u00f9 une journaliste devait \u00e0 la fois g\u00e9rer le comportement intrusif de son ex-compagnon et la r\u00e9alisation d\u2019un reportage le soir des \u00e9lections pr\u00e9sidentielles, la com\u00e9die <em>Victoria<\/em> qui mettait en sc\u00e8ne une avocate d\u00e9bord\u00e9e et <em>Cybil <\/em>qui convoquait la psychanalyse sur un tournage dans les \u00eeles \u00e9oliennes, la cin\u00e9aste brosse un nouveau portrait de femme au bord de la catastrophe, et une nouvelle projection d\u2019elle-m\u00eame. <em>Anatomie d\u2019une chute<\/em> se pr\u00e9sente comme un thriller judiciaire o\u00f9 la mort inexpliqu\u00e9e du mari d\u2019une \u00e9crivaine plonge cette derni\u00e8re dans un \u00e9prouvant proc\u00e8s m\u00e9diatique, o\u00f9 son innocence mais aussi sa moralit\u00e9 et sa cr\u00e9dibilit\u00e9 litt\u00e9raire sont mises \u00e0 rude \u00e9preuve. L&rsquo;agitation intense, m\u00eame si elle est int\u00e9rioris\u00e9e, du personnage principal interpr\u00e9t\u00e9 par Sandra H\u00fcller est un point commun \u00e0 toutes les h\u00e9ro\u00efnes de Justine Triet, qui poss\u00e8dent un temp\u00e9rament \u00e0 la densit\u00e9 \u00e9reintante. Comme tous les grands films de proc\u00e8s, <em>Anatomie d\u2019une chute<\/em> est un grand film sur la parole, avec des joutes oratoires qui rel\u00e8vent du th\u00e9\u00e2tre mais \u00e9vitent les clich\u00e9s accol\u00e9s aux fictions de cin\u00e9ma et de t\u00e9l\u00e9vision, et des dialogues qui tendent \u00e0 faire surgir une part de v\u00e9rit\u00e9, \u00e0 la mani\u00e8re d\u2019une s\u00e9ance de psychanalyse. Les auteurs (Triet et le r\u00e9alisateur-sc\u00e9nariste Arthur Harari, son compagnon dans la vie) ont accompli un long travail pr\u00e9paratoire autour du syst\u00e8me judiciaire fran\u00e7ais qui permet au film de montrer les diff\u00e9rentes \u00e9tapes de l\u2019enqu\u00eate et du proc\u00e8s de fa\u00e7on tr\u00e8s cr\u00e9dible. <em>Anatomie d\u2019une chute<\/em> n\u2019est pas pour autant un film assujetti \u00e0 la r\u00e9alit\u00e9. Son r\u00e9cit convoque en permanence les forces du d\u00e9sir, des fantasmes et du r\u00eave, puisque le rapport au monde doit toujours \u00eatre remis en question par l\u2019imagination. <em>Anatomie d\u2019une chute<\/em> se caract\u00e9rise par une structure narrative tr\u00e8s \u00e9labor\u00e9e, avec des retours en arri\u00e8re inattendus (par exemple la longue sc\u00e8ne de dispute entre Sandra et son mari Samuel), et des \u00e9vocations visuelles et verbales d\u2019\u00e9v\u00e9nements du pass\u00e9 que Triet ne filme jamais de mani\u00e8re conventionnelle. Il n\u2019est pas question pour la cin\u00e9aste de rompre la monotonie d\u2019un huis-clos judiciaire avec des flash-backs classiques, mais plut\u00f4t de cr\u00e9er un espace mental o\u00f9 le spectateur doit interpr\u00e9ter ce qu\u2019on lui montre, et tenter de distinguer le vrai du faux, la part de v\u00e9rit\u00e9 contenue dans les diff\u00e9rents t\u00e9moignages et points de vue. Dans une soci\u00e9t\u00e9 qui tend \u00e0 la simplification des d\u00e9bats, Triet milite en faveur de la complexit\u00e9 et nous invite \u00e0 r\u00e9fl\u00e9chir sur tout ce que nous voyons et entendons. Rarement film aura autant correspondu \u00e0 la d\u00e9finition de \u00ab contemporain \u00bb, puisqu\u2019il dresse un catalogue de sujets r\u00e9currents et tr\u00e8s actuels dans notre soci\u00e9t\u00e9 comme la toxicit\u00e9 du couple, le lynchage m\u00e9diatique, la violation de la vie priv\u00e9e ou la remise en question de la libert\u00e9 cr\u00e9atrice. Heureusement, Triet \u00e9vite la simplification, la dictature de l\u2019opinion et du pr\u00eat-\u00e0-penser, les pi\u00e8ges du film \u00e0 th\u00e8se. En prenant comme r\u00e9f\u00e9rences <em>Autopsie d\u2019un meurtre <\/em>d\u2019Otto Preminger ou <em>L\u2019\u00c9trangleur de Boston<\/em> de Richard Fleischer, les auteurs red\u00e9finissent le rapport que peut entretenir un drame psychologique fran\u00e7ais (y compris dans l\u2019usage de cette langue \u00e0 l\u2019int\u00e9rieur du film) avec le cin\u00e9ma de genre anglo-saxon. Ainsi, il n\u2019est pas interdit de penser que la filiation secr\u00e8te d\u2019<em>Anatomie d\u2019une chute <\/em>concerne moins la tradition du thriller judiciaire qu\u2019un chef-d\u2019\u0153uvre inclassable qui lui aussi empruntait la voie du cin\u00e9ma de genre pour mieux parler de la conjugalit\u00e9, de la frustration et de la violence. Nous voulons parler de <em>Shining <\/em>de Stanley Kubrick, dont l\u2019action se d\u00e9roulait dans une demeure perdue au milieu de la neige et mettait en sc\u00e8ne un couple en crise et un enfant, avec un p\u00e8re \u00e9crivain rat\u00e9 rong\u00e9 par la culpabilit\u00e9, et un enfant voyant dot\u00e9 d\u2019un don\/handicap, capable de percer des secrets et de revisiter les lieux et le pass\u00e9. Davantage qu\u2019au film, c\u2019est peut-\u00eatre au roman qui a inspir\u00e9 Kubrick qu\u2019<em>Anatomie d\u2019une chute <\/em>fait allusion. Le film de Justine Triet contient d\u2019ailleurs une allusion directe \u00e0 Stephen King, dont le nom est cit\u00e9 lors d\u2019une plaidoirie durant le proc\u00e8s. Palme d\u2019or m\u00e9rit\u00e9e du Festival de Cannes, remarquablement \u00e9crit et interpr\u00e9t\u00e9, <em>Anatomie d\u2019une chute<\/em> figure parmi les films les plus passionnants de l\u2019ann\u00e9e, capable de supporter plusieurs visions gr\u00e2ce \u00e0 sa richesse et ses nombreux secrets.<\/strong><\/p>\n<p>&nbsp;<\/p>\n<p><strong>Sortie le 23 ao\u00fbt au cin\u00e9ma, distribu\u00e9 par Le Pacte.<\/strong><\/p>\n<p>&nbsp;<\/p>\n","protected":false},"excerpt":{"rendered":"<p>Le scandale est au c\u0153ur de tous les films de Justine Triet, ainsi que le hiatus entre vie priv\u00e9e et\u2026<\/p>\n","protected":false},"author":116,"featured_media":0,"comment_status":"open","ping_status":"open","sticky":false,"template":"","format":"standard","meta":[],"categories":[9],"tags":[],"yoast_head":"<!-- This site is optimized with the Yoast SEO plugin v20.8 - https:\/\/yoast.com\/wordpress\/plugins\/seo\/ -->\n<title>Anatomie d\u2019une chute de Justine Triet - Olivier P\u00e8re<\/title>\n<meta name=\"robots\" content=\"index, follow, max-snippet:-1, max-image-preview:large, max-video-preview:-1\" \/>\n<link rel=\"canonical\" href=\"https:\/\/www.arte.tv\/sites\/olivierpere\/2023\/07\/05\/anatomie-dune-chute-de-justine-triet\/\" \/>\n<meta property=\"og:locale\" content=\"fr_FR\" \/>\n<meta property=\"og:type\" content=\"article\" \/>\n<meta property=\"og:title\" content=\"Anatomie d\u2019une chute de Justine Triet - Olivier P\u00e8re\" \/>\n<meta property=\"og:description\" content=\"Le scandale est au c\u0153ur de tous les films de Justine Triet, ainsi que le hiatus entre vie priv\u00e9e et\u2026\" \/>\n<meta property=\"og:url\" content=\"https:\/\/www.arte.tv\/sites\/olivierpere\/2023\/07\/05\/anatomie-dune-chute-de-justine-triet\/\" \/>\n<meta property=\"og:site_name\" content=\"Olivier P\u00e8re\" \/>\n<meta property=\"article:published_time\" content=\"2023-07-05T10:03:45+00:00\" \/>\n<meta property=\"article:modified_time\" content=\"2023-08-17T16:43:31+00:00\" \/>\n<meta name=\"author\" content=\"Olivier P\u00e8re\" \/>\n<meta name=\"twitter:label1\" content=\"\u00c9crit par\" \/>\n\t<meta name=\"twitter:data1\" content=\"Olivier P\u00e8re\" \/>\n\t<meta name=\"twitter:label2\" content=\"Dur\u00e9e de lecture estim\u00e9e\" \/>\n\t<meta name=\"twitter:data2\" content=\"4 minutes\" \/>\n<script type=\"application\/ld+json\" class=\"yoast-schema-graph\">{\"@context\":\"https:\/\/schema.org\",\"@graph\":[{\"@type\":\"WebPage\",\"@id\":\"https:\/\/www.arte.tv\/sites\/olivierpere\/2023\/07\/05\/anatomie-dune-chute-de-justine-triet\/\",\"url\":\"https:\/\/www.arte.tv\/sites\/olivierpere\/2023\/07\/05\/anatomie-dune-chute-de-justine-triet\/\",\"name\":\"Anatomie d\u2019une chute de Justine Triet - Olivier P\u00e8re\",\"isPartOf\":{\"@id\":\"https:\/\/www.arte.tv\/sites\/olivierpere\/#website\"},\"datePublished\":\"2023-07-05T10:03:45+00:00\",\"dateModified\":\"2023-08-17T16:43:31+00:00\",\"author\":{\"@id\":\"https:\/\/www.arte.tv\/sites\/olivierpere\/#\/schema\/person\/dc32cd6c79be95e52d43b97a74182558\"},\"breadcrumb\":{\"@id\":\"https:\/\/www.arte.tv\/sites\/olivierpere\/2023\/07\/05\/anatomie-dune-chute-de-justine-triet\/#breadcrumb\"},\"inLanguage\":\"fr-FR\",\"potentialAction\":[{\"@type\":\"ReadAction\",\"target\":[\"https:\/\/www.arte.tv\/sites\/olivierpere\/2023\/07\/05\/anatomie-dune-chute-de-justine-triet\/\"]}]},{\"@type\":\"BreadcrumbList\",\"@id\":\"https:\/\/www.arte.tv\/sites\/olivierpere\/2023\/07\/05\/anatomie-dune-chute-de-justine-triet\/#breadcrumb\",\"itemListElement\":[{\"@type\":\"ListItem\",\"position\":1,\"name\":\"Home\",\"item\":\"https:\/\/www.arte.tv\/sites\/olivierpere\/\"},{\"@type\":\"ListItem\",\"position\":2,\"name\":\"Anatomie d\u2019une chute de Justine Triet\"}]},{\"@type\":\"WebSite\",\"@id\":\"https:\/\/www.arte.tv\/sites\/olivierpere\/#website\",\"url\":\"https:\/\/www.arte.tv\/sites\/olivierpere\/\",\"name\":\"Olivier P\u00e8re\",\"description\":\"\",\"potentialAction\":[{\"@type\":\"SearchAction\",\"target\":{\"@type\":\"EntryPoint\",\"urlTemplate\":\"https:\/\/www.arte.tv\/sites\/olivierpere\/?s={search_term_string}\"},\"query-input\":\"required name=search_term_string\"}],\"inLanguage\":\"fr-FR\"},{\"@type\":\"Person\",\"@id\":\"https:\/\/www.arte.tv\/sites\/olivierpere\/#\/schema\/person\/dc32cd6c79be95e52d43b97a74182558\",\"name\":\"Olivier P\u00e8re\",\"image\":{\"@type\":\"ImageObject\",\"inLanguage\":\"fr-FR\",\"@id\":\"https:\/\/www.arte.tv\/sites\/olivierpere\/#\/schema\/person\/image\/\",\"url\":\"https:\/\/secure.gravatar.com\/avatar\/bdea7b6a2c195e2c41772429a9694758?s=96&d=mm&r=g\",\"contentUrl\":\"https:\/\/secure.gravatar.com\/avatar\/bdea7b6a2c195e2c41772429a9694758?s=96&d=mm&r=g\",\"caption\":\"Olivier P\u00e8re\"},\"url\":\"https:\/\/www.arte.tv\/sites\/olivierpere\/author\/pereolivier\/\"}]}<\/script>\n<!-- \/ Yoast SEO plugin. -->","yoast_head_json":{"title":"Anatomie d\u2019une chute de Justine Triet - Olivier P\u00e8re","robots":{"index":"index","follow":"follow","max-snippet":"max-snippet:-1","max-image-preview":"max-image-preview:large","max-video-preview":"max-video-preview:-1"},"canonical":"https:\/\/www.arte.tv\/sites\/olivierpere\/2023\/07\/05\/anatomie-dune-chute-de-justine-triet\/","og_locale":"fr_FR","og_type":"article","og_title":"Anatomie d\u2019une chute de Justine Triet - Olivier P\u00e8re","og_description":"Le scandale est au c\u0153ur de tous les films de Justine Triet, ainsi que le hiatus entre vie priv\u00e9e et\u2026","og_url":"https:\/\/www.arte.tv\/sites\/olivierpere\/2023\/07\/05\/anatomie-dune-chute-de-justine-triet\/","og_site_name":"Olivier P\u00e8re","article_published_time":"2023-07-05T10:03:45+00:00","article_modified_time":"2023-08-17T16:43:31+00:00","author":"Olivier P\u00e8re","twitter_misc":{"\u00c9crit par":"Olivier P\u00e8re","Dur\u00e9e de lecture estim\u00e9e":"4 minutes"},"schema":{"@context":"https:\/\/schema.org","@graph":[{"@type":"WebPage","@id":"https:\/\/www.arte.tv\/sites\/olivierpere\/2023\/07\/05\/anatomie-dune-chute-de-justine-triet\/","url":"https:\/\/www.arte.tv\/sites\/olivierpere\/2023\/07\/05\/anatomie-dune-chute-de-justine-triet\/","name":"Anatomie d\u2019une chute de Justine Triet - Olivier P\u00e8re","isPartOf":{"@id":"https:\/\/www.arte.tv\/sites\/olivierpere\/#website"},"datePublished":"2023-07-05T10:03:45+00:00","dateModified":"2023-08-17T16:43:31+00:00","author":{"@id":"https:\/\/www.arte.tv\/sites\/olivierpere\/#\/schema\/person\/dc32cd6c79be95e52d43b97a74182558"},"breadcrumb":{"@id":"https:\/\/www.arte.tv\/sites\/olivierpere\/2023\/07\/05\/anatomie-dune-chute-de-justine-triet\/#breadcrumb"},"inLanguage":"fr-FR","potentialAction":[{"@type":"ReadAction","target":["https:\/\/www.arte.tv\/sites\/olivierpere\/2023\/07\/05\/anatomie-dune-chute-de-justine-triet\/"]}]},{"@type":"BreadcrumbList","@id":"https:\/\/www.arte.tv\/sites\/olivierpere\/2023\/07\/05\/anatomie-dune-chute-de-justine-triet\/#breadcrumb","itemListElement":[{"@type":"ListItem","position":1,"name":"Home","item":"https:\/\/www.arte.tv\/sites\/olivierpere\/"},{"@type":"ListItem","position":2,"name":"Anatomie d\u2019une chute de Justine Triet"}]},{"@type":"WebSite","@id":"https:\/\/www.arte.tv\/sites\/olivierpere\/#website","url":"https:\/\/www.arte.tv\/sites\/olivierpere\/","name":"Olivier P\u00e8re","description":"","potentialAction":[{"@type":"SearchAction","target":{"@type":"EntryPoint","urlTemplate":"https:\/\/www.arte.tv\/sites\/olivierpere\/?s={search_term_string}"},"query-input":"required name=search_term_string"}],"inLanguage":"fr-FR"},{"@type":"Person","@id":"https:\/\/www.arte.tv\/sites\/olivierpere\/#\/schema\/person\/dc32cd6c79be95e52d43b97a74182558","name":"Olivier P\u00e8re","image":{"@type":"ImageObject","inLanguage":"fr-FR","@id":"https:\/\/www.arte.tv\/sites\/olivierpere\/#\/schema\/person\/image\/","url":"https:\/\/secure.gravatar.com\/avatar\/bdea7b6a2c195e2c41772429a9694758?s=96&d=mm&r=g","contentUrl":"https:\/\/secure.gravatar.com\/avatar\/bdea7b6a2c195e2c41772429a9694758?s=96&d=mm&r=g","caption":"Olivier P\u00e8re"},"url":"https:\/\/www.arte.tv\/sites\/olivierpere\/author\/pereolivier\/"}]}},"_links":{"self":[{"href":"https:\/\/www.arte.tv\/sites\/olivierpere\/wp-json\/wp\/v2\/posts\/27490"}],"collection":[{"href":"https:\/\/www.arte.tv\/sites\/olivierpere\/wp-json\/wp\/v2\/posts"}],"about":[{"href":"https:\/\/www.arte.tv\/sites\/olivierpere\/wp-json\/wp\/v2\/types\/post"}],"author":[{"embeddable":true,"href":"https:\/\/www.arte.tv\/sites\/olivierpere\/wp-json\/wp\/v2\/users\/116"}],"replies":[{"embeddable":true,"href":"https:\/\/www.arte.tv\/sites\/olivierpere\/wp-json\/wp\/v2\/comments?post=27490"}],"version-history":[{"count":1,"href":"https:\/\/www.arte.tv\/sites\/olivierpere\/wp-json\/wp\/v2\/posts\/27490\/revisions"}],"predecessor-version":[{"id":27491,"href":"https:\/\/www.arte.tv\/sites\/olivierpere\/wp-json\/wp\/v2\/posts\/27490\/revisions\/27491"}],"wp:attachment":[{"href":"https:\/\/www.arte.tv\/sites\/olivierpere\/wp-json\/wp\/v2\/media?parent=27490"}],"wp:term":[{"taxonomy":"category","embeddable":true,"href":"https:\/\/www.arte.tv\/sites\/olivierpere\/wp-json\/wp\/v2\/categories?post=27490"},{"taxonomy":"post_tag","embeddable":true,"href":"https:\/\/www.arte.tv\/sites\/olivierpere\/wp-json\/wp\/v2\/tags?post=27490"}],"curies":[{"name":"wp","href":"https:\/\/api.w.org\/{rel}","templated":true}]}}