{"id":27473,"date":"2023-07-01T15:33:04","date_gmt":"2023-07-01T14:33:04","guid":{"rendered":"https:\/\/www.arte.tv\/sites\/olivierpere\/?p=27473"},"modified":"2023-08-17T17:45:22","modified_gmt":"2023-08-17T16:45:22","slug":"le-chemin-de-ana-mariscal","status":"publish","type":"post","link":"https:\/\/www.arte.tv\/sites\/olivierpere\/2023\/07\/01\/le-chemin-de-ana-mariscal\/","title":{"rendered":"Le Chemin de Ana Mariscal"},"content":{"rendered":"<p><strong>Daniel \u00ab\u00a0Le Hibou\u00a0\u00bb doit quitter son village natal pour aller \u00e9tudier en ville. Avant son d\u00e9part, lui et ses ins\u00e9parables amis, Roque \u00ab\u00a0le Bouseux\u00a0\u00bb et Germ<\/strong><strong>\u00e1n \u00ab\u00a0le Teigneux\u00a0\u00bb, jouent, font quelques blagues et surtout, observent le monde particulier des adultes. Pr\u00e9sent\u00e9 \u00e0 Cannes Classics en 2021, <em>Le Chemin<\/em> (<em>El camino, <\/em>1964) est une magnifique red\u00e9couverte du cin\u00e9ma espagnol des ann\u00e9es 60. Dans son septi\u00e8me long m\u00e9trage, adapt\u00e9 d\u2019un roman de Miguel Delibes, <\/strong><strong>Ana Mariscal filme la fin de l\u2019innocence de l\u2019enfance, avec toutes les contradictions d\u2019une communaut\u00e9 \u00e9touff\u00e9e par une morale impos\u00e9e par l\u2019Eglise, et plus particuli\u00e8rement les femmes, asservies au patriarcat. A travers le regard des enfants, la r\u00e9alisatrice d\u00e9veloppe une peinture sociale tr\u00e8s audacieuse qui lui vaut une interdiction aux moins de 18 ans, car elle refusa les coupes exig\u00e9es par la censure franquiste, avant d\u2019\u00eatre ignor\u00e9e par les distributeurs.<\/strong><\/p>\n<p><strong>Apr\u00e8s une grande carri\u00e8re d\u2019actrice au cin\u00e9ma et au th\u00e9\u00e2tre, la madril\u00e8ne Ana Mariscal d\u00e9cide de cr\u00e9er Bosco Film en 1952 avec son futur mari, pour produire et r\u00e9aliser son propre projet de cin\u00e9ma ind\u00e9pendant, bien loin des films grandiloquents de l\u2019\u00e9poque. Succ\u00e8s critique, <em>Segundo L<\/em><\/strong><strong><em>\u00f3pez, aventurero urbano<\/em><\/strong><strong> est consid\u00e9r\u00e9 comme l\u2019un des premiers exemples du mouvement n\u00e9or\u00e9aliste espagnol. Elle devient une pionni\u00e8re dans le domaine de la production et de la r\u00e9alisation sous Franco, m\u00eame si certains de ses films comme <em>El camino<\/em>, l\u2019une de ses \u0153uvres les plus personnelles, ne trouvent pas toujours le chemin des salles. Elle continuera tout au long de sa vie \u00e0 incarner des r\u00f4les importants jusqu\u2019\u00e0 sa disparition en 1995.<\/strong><\/p>\n<p><strong>\u00a0<\/strong><\/p>\n<p><strong><em>Le Chemin<\/em><\/strong><strong> est le film du mois de juillet de la programmation ARTE Kino Classics, qui propose tout au long de l\u2019ann\u00e9e de voir ou revoir sur ARTE.tv des raret\u00e9s ou des \u0153uvres incontournables de l\u2019histoire du cin\u00e9ma europ\u00e9en.<\/strong><\/p>\n<p><strong>\u00a0<\/strong><\/p>\n","protected":false},"excerpt":{"rendered":"<p>Daniel \u00ab\u00a0Le Hibou\u00a0\u00bb doit quitter son village natal pour aller \u00e9tudier en ville. Avant son d\u00e9part, lui et ses ins\u00e9parables\u2026<\/p>\n","protected":false},"author":116,"featured_media":0,"comment_status":"open","ping_status":"open","sticky":false,"template":"","format":"standard","meta":[],"categories":[8],"tags":[],"yoast_head":"<!-- This site is optimized with the Yoast SEO plugin v20.8 - https:\/\/yoast.com\/wordpress\/plugins\/seo\/ -->\n<title>Le Chemin de Ana Mariscal - Olivier P\u00e8re<\/title>\n<meta name=\"robots\" content=\"index, follow, max-snippet:-1, max-image-preview:large, max-video-preview:-1\" \/>\n<link rel=\"canonical\" href=\"https:\/\/www.arte.tv\/sites\/olivierpere\/2023\/07\/01\/le-chemin-de-ana-mariscal\/\" \/>\n<meta property=\"og:locale\" content=\"fr_FR\" \/>\n<meta property=\"og:type\" content=\"article\" \/>\n<meta property=\"og:title\" content=\"Le Chemin de Ana Mariscal - Olivier P\u00e8re\" \/>\n<meta property=\"og:description\" content=\"Daniel \u00ab\u00a0Le Hibou\u00a0\u00bb doit quitter son village natal pour aller \u00e9tudier en ville. Avant son d\u00e9part, lui et ses ins\u00e9parables\u2026\" \/>\n<meta property=\"og:url\" content=\"https:\/\/www.arte.tv\/sites\/olivierpere\/2023\/07\/01\/le-chemin-de-ana-mariscal\/\" \/>\n<meta property=\"og:site_name\" content=\"Olivier P\u00e8re\" \/>\n<meta property=\"article:published_time\" content=\"2023-07-01T14:33:04+00:00\" \/>\n<meta property=\"article:modified_time\" content=\"2023-08-17T16:45:22+00:00\" \/>\n<meta name=\"author\" content=\"Olivier P\u00e8re\" \/>\n<meta name=\"twitter:label1\" content=\"\u00c9crit par\" \/>\n\t<meta name=\"twitter:data1\" content=\"Olivier P\u00e8re\" \/>\n\t<meta name=\"twitter:label2\" content=\"Dur\u00e9e de lecture estim\u00e9e\" \/>\n\t<meta name=\"twitter:data2\" content=\"2 minutes\" \/>\n<script type=\"application\/ld+json\" class=\"yoast-schema-graph\">{\"@context\":\"https:\/\/schema.org\",\"@graph\":[{\"@type\":\"WebPage\",\"@id\":\"https:\/\/www.arte.tv\/sites\/olivierpere\/2023\/07\/01\/le-chemin-de-ana-mariscal\/\",\"url\":\"https:\/\/www.arte.tv\/sites\/olivierpere\/2023\/07\/01\/le-chemin-de-ana-mariscal\/\",\"name\":\"Le Chemin de Ana Mariscal - Olivier P\u00e8re\",\"isPartOf\":{\"@id\":\"https:\/\/www.arte.tv\/sites\/olivierpere\/#website\"},\"datePublished\":\"2023-07-01T14:33:04+00:00\",\"dateModified\":\"2023-08-17T16:45:22+00:00\",\"author\":{\"@id\":\"https:\/\/www.arte.tv\/sites\/olivierpere\/#\/schema\/person\/dc32cd6c79be95e52d43b97a74182558\"},\"breadcrumb\":{\"@id\":\"https:\/\/www.arte.tv\/sites\/olivierpere\/2023\/07\/01\/le-chemin-de-ana-mariscal\/#breadcrumb\"},\"inLanguage\":\"fr-FR\",\"potentialAction\":[{\"@type\":\"ReadAction\",\"target\":[\"https:\/\/www.arte.tv\/sites\/olivierpere\/2023\/07\/01\/le-chemin-de-ana-mariscal\/\"]}]},{\"@type\":\"BreadcrumbList\",\"@id\":\"https:\/\/www.arte.tv\/sites\/olivierpere\/2023\/07\/01\/le-chemin-de-ana-mariscal\/#breadcrumb\",\"itemListElement\":[{\"@type\":\"ListItem\",\"position\":1,\"name\":\"Home\",\"item\":\"https:\/\/www.arte.tv\/sites\/olivierpere\/\"},{\"@type\":\"ListItem\",\"position\":2,\"name\":\"Le Chemin de Ana Mariscal\"}]},{\"@type\":\"WebSite\",\"@id\":\"https:\/\/www.arte.tv\/sites\/olivierpere\/#website\",\"url\":\"https:\/\/www.arte.tv\/sites\/olivierpere\/\",\"name\":\"Olivier P\u00e8re\",\"description\":\"\",\"potentialAction\":[{\"@type\":\"SearchAction\",\"target\":{\"@type\":\"EntryPoint\",\"urlTemplate\":\"https:\/\/www.arte.tv\/sites\/olivierpere\/?s={search_term_string}\"},\"query-input\":\"required name=search_term_string\"}],\"inLanguage\":\"fr-FR\"},{\"@type\":\"Person\",\"@id\":\"https:\/\/www.arte.tv\/sites\/olivierpere\/#\/schema\/person\/dc32cd6c79be95e52d43b97a74182558\",\"name\":\"Olivier P\u00e8re\",\"image\":{\"@type\":\"ImageObject\",\"inLanguage\":\"fr-FR\",\"@id\":\"https:\/\/www.arte.tv\/sites\/olivierpere\/#\/schema\/person\/image\/\",\"url\":\"https:\/\/secure.gravatar.com\/avatar\/bdea7b6a2c195e2c41772429a9694758?s=96&d=mm&r=g\",\"contentUrl\":\"https:\/\/secure.gravatar.com\/avatar\/bdea7b6a2c195e2c41772429a9694758?s=96&d=mm&r=g\",\"caption\":\"Olivier P\u00e8re\"},\"url\":\"https:\/\/www.arte.tv\/sites\/olivierpere\/author\/pereolivier\/\"}]}<\/script>\n<!-- \/ Yoast SEO plugin. -->","yoast_head_json":{"title":"Le Chemin de Ana Mariscal - Olivier P\u00e8re","robots":{"index":"index","follow":"follow","max-snippet":"max-snippet:-1","max-image-preview":"max-image-preview:large","max-video-preview":"max-video-preview:-1"},"canonical":"https:\/\/www.arte.tv\/sites\/olivierpere\/2023\/07\/01\/le-chemin-de-ana-mariscal\/","og_locale":"fr_FR","og_type":"article","og_title":"Le Chemin de Ana Mariscal - Olivier P\u00e8re","og_description":"Daniel \u00ab\u00a0Le Hibou\u00a0\u00bb doit quitter son village natal pour aller \u00e9tudier en ville. Avant son d\u00e9part, lui et ses ins\u00e9parables\u2026","og_url":"https:\/\/www.arte.tv\/sites\/olivierpere\/2023\/07\/01\/le-chemin-de-ana-mariscal\/","og_site_name":"Olivier P\u00e8re","article_published_time":"2023-07-01T14:33:04+00:00","article_modified_time":"2023-08-17T16:45:22+00:00","author":"Olivier P\u00e8re","twitter_misc":{"\u00c9crit par":"Olivier P\u00e8re","Dur\u00e9e de lecture estim\u00e9e":"2 minutes"},"schema":{"@context":"https:\/\/schema.org","@graph":[{"@type":"WebPage","@id":"https:\/\/www.arte.tv\/sites\/olivierpere\/2023\/07\/01\/le-chemin-de-ana-mariscal\/","url":"https:\/\/www.arte.tv\/sites\/olivierpere\/2023\/07\/01\/le-chemin-de-ana-mariscal\/","name":"Le Chemin de Ana Mariscal - Olivier P\u00e8re","isPartOf":{"@id":"https:\/\/www.arte.tv\/sites\/olivierpere\/#website"},"datePublished":"2023-07-01T14:33:04+00:00","dateModified":"2023-08-17T16:45:22+00:00","author":{"@id":"https:\/\/www.arte.tv\/sites\/olivierpere\/#\/schema\/person\/dc32cd6c79be95e52d43b97a74182558"},"breadcrumb":{"@id":"https:\/\/www.arte.tv\/sites\/olivierpere\/2023\/07\/01\/le-chemin-de-ana-mariscal\/#breadcrumb"},"inLanguage":"fr-FR","potentialAction":[{"@type":"ReadAction","target":["https:\/\/www.arte.tv\/sites\/olivierpere\/2023\/07\/01\/le-chemin-de-ana-mariscal\/"]}]},{"@type":"BreadcrumbList","@id":"https:\/\/www.arte.tv\/sites\/olivierpere\/2023\/07\/01\/le-chemin-de-ana-mariscal\/#breadcrumb","itemListElement":[{"@type":"ListItem","position":1,"name":"Home","item":"https:\/\/www.arte.tv\/sites\/olivierpere\/"},{"@type":"ListItem","position":2,"name":"Le Chemin de Ana Mariscal"}]},{"@type":"WebSite","@id":"https:\/\/www.arte.tv\/sites\/olivierpere\/#website","url":"https:\/\/www.arte.tv\/sites\/olivierpere\/","name":"Olivier P\u00e8re","description":"","potentialAction":[{"@type":"SearchAction","target":{"@type":"EntryPoint","urlTemplate":"https:\/\/www.arte.tv\/sites\/olivierpere\/?s={search_term_string}"},"query-input":"required name=search_term_string"}],"inLanguage":"fr-FR"},{"@type":"Person","@id":"https:\/\/www.arte.tv\/sites\/olivierpere\/#\/schema\/person\/dc32cd6c79be95e52d43b97a74182558","name":"Olivier P\u00e8re","image":{"@type":"ImageObject","inLanguage":"fr-FR","@id":"https:\/\/www.arte.tv\/sites\/olivierpere\/#\/schema\/person\/image\/","url":"https:\/\/secure.gravatar.com\/avatar\/bdea7b6a2c195e2c41772429a9694758?s=96&d=mm&r=g","contentUrl":"https:\/\/secure.gravatar.com\/avatar\/bdea7b6a2c195e2c41772429a9694758?s=96&d=mm&r=g","caption":"Olivier P\u00e8re"},"url":"https:\/\/www.arte.tv\/sites\/olivierpere\/author\/pereolivier\/"}]}},"_links":{"self":[{"href":"https:\/\/www.arte.tv\/sites\/olivierpere\/wp-json\/wp\/v2\/posts\/27473"}],"collection":[{"href":"https:\/\/www.arte.tv\/sites\/olivierpere\/wp-json\/wp\/v2\/posts"}],"about":[{"href":"https:\/\/www.arte.tv\/sites\/olivierpere\/wp-json\/wp\/v2\/types\/post"}],"author":[{"embeddable":true,"href":"https:\/\/www.arte.tv\/sites\/olivierpere\/wp-json\/wp\/v2\/users\/116"}],"replies":[{"embeddable":true,"href":"https:\/\/www.arte.tv\/sites\/olivierpere\/wp-json\/wp\/v2\/comments?post=27473"}],"version-history":[{"count":2,"href":"https:\/\/www.arte.tv\/sites\/olivierpere\/wp-json\/wp\/v2\/posts\/27473\/revisions"}],"predecessor-version":[{"id":27475,"href":"https:\/\/www.arte.tv\/sites\/olivierpere\/wp-json\/wp\/v2\/posts\/27473\/revisions\/27475"}],"wp:attachment":[{"href":"https:\/\/www.arte.tv\/sites\/olivierpere\/wp-json\/wp\/v2\/media?parent=27473"}],"wp:term":[{"taxonomy":"category","embeddable":true,"href":"https:\/\/www.arte.tv\/sites\/olivierpere\/wp-json\/wp\/v2\/categories?post=27473"},{"taxonomy":"post_tag","embeddable":true,"href":"https:\/\/www.arte.tv\/sites\/olivierpere\/wp-json\/wp\/v2\/tags?post=27473"}],"curies":[{"name":"wp","href":"https:\/\/api.w.org\/{rel}","templated":true}]}}