{"id":27278,"date":"2022-12-04T19:54:40","date_gmt":"2022-12-04T18:54:40","guid":{"rendered":"https:\/\/www.arte.tv\/sites\/olivierpere\/?p=27278"},"modified":"2022-12-12T19:58:55","modified_gmt":"2022-12-12T18:58:55","slug":"arte-kino-festival-7","status":"publish","type":"post","link":"https:\/\/www.arte.tv\/sites\/olivierpere\/2022\/12\/04\/arte-kino-festival-7\/","title":{"rendered":"ARTE Kino Festival 7"},"content":{"rendered":"<p><strong>Depuis sa cr\u00e9ation, ARTE pr\u00f4ne un socle commun de valeurs culturelles europ\u00e9ennes en pla\u00e7ant l\u2019imaginaire et la pluralit\u00e9 au c\u0153ur de son projet. Cet id\u00e9al europ\u00e9en infuse dans tous ses programmes, et le num\u00e9rique permet \u00e0 la cha\u00eene de le partager avec de plus en plus d\u2019Europ\u00e9ens. Une vraie politique culturelle ne peut pas en effet se limiter aux initi\u00e9s et elle n\u2019a de sens que si elle s\u2019adresse \u00e0 tous et en particulier \u00e0 ceux qui n\u2019ont pas acc\u00e8s \u00e0 la culture ou pourraient s\u2019en sentir exclus. C\u2019est pourquoi, ARTE tient \u00e0 s\u2019adresser au public l\u00e0 o\u00f9 il se trouve, sur les r\u00e9seaux num\u00e9riques. Le festival ARTE Kino, lanc\u00e9 en 2016, est donc un des embl\u00e8mes de cette ambition qu\u2019ARTE d\u00e9fend, pour faire rayonner et circuler la richesse du cin\u00e9ma d\u2019auteur europ\u00e9en au b\u00e9n\u00e9fice du plus grand nombre. Ce sera d\u2019autant plus vrai en d\u00e9cembre 2022 o\u00f9 les internautes pourront b\u00e9n\u00e9ficier d\u2019un acc\u00e8s plus direct au festival en visionnant les films sur ARTE.tv et la chaine Cin\u00e9ma YouTube ARTE.<\/strong><\/p>\n<p>&nbsp;<\/p>\n<p><strong>Pour sa septi\u00e8me \u00e9dition, du 1er au 31 d\u00e9cembre 2022, ARTE Kino Festival va faire d\u00e9couvrir une s\u00e9lection de 12 films europ\u00e9ens de r\u00e9alisatrices et r\u00e9alisateurs, accessibles gratuitement dans 32 pays d\u2019Europe. Notre intention est d\u2019inventer un nouveau lien entre les \u0153uvres, leurs auteurs souvent d\u00e9butants et un large public curieux de d\u00e9couvrir, autant de regards neufs, pertinents et passionn\u00e9s sur des pr\u00e9occupations et des th\u00e9matiques tr\u00e8s contemporaines. Dans un paysage en pleine mutation, ces films, fictions et documentaires, dressent un \u00e9tat des lieux du monde dans lequel nous vivons, et d\u00e9cryptent notre rapport \u00e0 l\u2019Histoire et aux nouvelles formes de r\u00e9cits. Comme les ann\u00e9es pr\u00e9c\u00e9dentes, la ligne \u00e9ditoriale d\u2019ARTE Kino Festival est sensible \u00e0 la diversit\u00e9 et respecte strictement la parit\u00e9 femme\/homme dans sa s\u00e9lection.<\/strong><\/p>\n<p>&nbsp;<\/p>\n<p><strong>Ces douze longs m\u00e9trages, en provenance de Roumanie, d\u2019Italie, d\u2019Espagne, du Portugal, de Hongrie, d\u2019Allemagne, de Lituanie ou de Serbie, invitations aux voyages et aux rencontres, rendent hommage \u00e0 la diversit\u00e9 culturelle et linguistique de l\u2019Europe. Notre s\u00e9lection donne la part belle aux nouveaux auteurs et montre la diversit\u00e9 de leur inspiration, leur attention aux bouleversements g\u00e9opolitiques autant qu\u2019aux crises intimes. Navigant entre documentaire et fiction, ou en affranchissant les fronti\u00e8res entre les deux, ces films nous proposent des regards m\u00e9lancoliques ou gais sur un monde en pleine m\u00e9tamorphose, en accordant une place particuli\u00e8re aux espoirs et aux questionnements de la jeunesse d\u2019aujourd\u2019hui.<\/strong><\/p>\n<p>&nbsp;<\/p>\n<p><strong>Cr\u00e9\u00e9 \u00e0 l\u2019initiative de la Fondation ARTE Kino, le festival a b\u00e9n\u00e9fici\u00e9 du soutien d\u2019Europe Media Cr\u00e9ative, du m\u00e9c\u00e9nat de CHANEL et de la maison d\u2019art GOOSSENS qui a cr\u00e9\u00e9 les deux troph\u00e9es des Prix du Public europ\u00e9en et du Jury Jeune.<\/strong><\/p>\n<p>&nbsp;<\/p>\n<p><strong>La Fondation ARTE Kino soutient \u00e9galement des projets de longs m\u00e9trages gr\u00e2ce au \u00ab Prix ARTE Kino International \u00bb, bourse d\u2019aide au d\u00e9veloppement, remis dans une douzaine de grands festivals de cin\u00e9ma. Avec \u00ab ARTE Kino S\u00e9lection \u00bb, soutenu par le m\u00e9c\u00e9nat de Google, un film ou un cycle est propos\u00e9 chaque mois gratuitement sur arte.tv et la cha\u00eene Cin\u00e9ma YouTube ARTE. Depuis l\u2019ann\u00e9e derni\u00e8re, ARTE Kino s\u2019est enrichi d\u2019un nouveau volet avec \u00ab\u00a0ARTE Kino Classics\u00a0\u00bb, qui permet de d\u00e9couvrir des titres rares ou essentiels de l\u2019histoire du cin\u00e9ma europ\u00e9en.<\/strong><\/p>\n<p>&nbsp;<\/p>\n<p><strong>Olivier P\u00e8re, directeur artistique d\u2019ARTE Kino Festival<\/strong><\/p>\n<p><strong>R\u00e9mi Burah, pr\u00e9sident de la Fondation ARTE Kino<\/strong><\/p>\n<p>&nbsp;<\/p>\n<p>&nbsp;<\/p>\n<p><strong>La s\u00e9lection 2022<\/strong><\/p>\n<p>&nbsp;<\/p>\n<p><strong><em>Crai nou<\/em> (<em>Blue Moon<\/em>) de Alina Grigore &#8211; 2021 &#8211; Roumanie<\/strong><\/p>\n<p><strong>Pour son passage r\u00e9ussi \u00e0 la mise en sc\u00e8ne, l\u2019actrice roumaine Alina Grigore brosse le portrait d\u2019une jeune femme r\u00e9volt\u00e9e en lutte contre sa famille.<\/strong><\/p>\n<p>&nbsp;<\/p>\n<p><strong><em>Colors of Tobi<\/em> de Alexa Bakony &#8211; 2021 &#8211; Hongrie<\/strong><\/p>\n<p><strong>Ce documentaire adopte le ton juste pour raconter l\u2019histoire de Tobi qui d\u00e9cide de s\u2019affirmer comme personne transgenre, soutenu par sa famille.<\/strong><\/p>\n<p>&nbsp;<\/p>\n<p><strong><em>Destello Bravo<\/em> (<em>Mighty Flash<\/em>) de Ainhoa Rodriguez &#8211; 2021 &#8211; Espagne\u00a0<\/strong><\/p>\n<p><strong>Entre fiction et documentaire, ce film hybride s\u2019attache au quotidien des habitants d\u2019un petit village, avec un style visuel tr\u00e8s affirm\u00e9.<\/strong><\/p>\n<p>&nbsp;<\/p>\n<p><strong><em>El Planeta<\/em> de Amalia Ulman &#8211; 2021 &#8211; Espagne &#8211; Etats-Unis<\/strong><\/p>\n<p><strong>L\u2019histoire d\u2019une relation m\u00e8re-fille cocasse et d\u00e9sesp\u00e9r\u00e9e, sur fond de crise \u00e9conomique en Espagne. Un premier film prometteur.<\/strong><\/p>\n<p>&nbsp;<\/p>\n<p><strong><em>Heavy Metal Dancers<\/em> de Gretta Sammalniemi &#8211; 2021 &#8211; Allemagne<\/strong><\/p>\n<p><strong>Ce documentaire sur des passionn\u00e9s de pole dance d\u00e9construit les clich\u00e9s et souligne les vertus positives et la dimension f\u00e9ministe de ce sport.<\/strong><\/p>\n<p>&nbsp;<\/p>\n<p><strong><em>Hyperland<\/em> de Mario Sixtus &#8211; 2021 &#8211; Allemagne<\/strong><\/p>\n<p><strong>Ce thriller futuriste imagine une soci\u00e9t\u00e9 totalitaire et hyperconnect\u00e9e o\u00f9 les r\u00e9seaux sociaux contr\u00f4lent votre destin\u00e9e. Efficace et cauchemardesque.<\/strong><\/p>\n<p>&nbsp;<\/p>\n<p><strong><em>I giganti<\/em> (<em>Giants<\/em>) de Bonifacio Angus &#8211; 2021 &#8211; Italie<\/strong><\/p>\n<p><strong>Un huis-clos entre amis de longue date, dans une maison isol\u00e9e en Sardaigne. Un regard sans concession sur une masculinit\u00e9 au bord de l\u2019abime.<\/strong><\/p>\n<p>&nbsp;<\/p>\n<p><strong><em>Linhas Tortas<\/em> (<em>Crooked Lines<\/em>) de Rita Nunes &#8211; 2019 &#8211; Portugal<\/strong><\/p>\n<p><strong>L\u2019histoire d\u2019une rencontre fortuite sur Twitter qui se transforme en obsession. Une romance moderne au temps du virtuel.<\/strong><\/p>\n<p>&nbsp;<\/p>\n<p><strong><em>L\u2019Animographe, ou je suis n\u00e9 dans une bo\u00eete \u00e0 chaussures<\/em> de Thierry Dejean &#8211; 2021 &#8211; France<\/strong><\/p>\n<p><strong>Le portrait d\u2019un inventeur g\u00e9nial aussi discret que visionnaire, Jean Dejoux, qui con\u00e7ut une machine \u00e0 faire des dessins anim\u00e9s. Passionnant.<\/strong><\/p>\n<p>&nbsp;<\/p>\n<p><strong><em>Sanremo<\/em> de Miroslav Mandic &#8211; 2020 &#8211; Slov\u00e9nie &#8211; Italie<\/strong><\/p>\n<p><strong>Ce film \u00e0 la structure fragment\u00e9e nous fait partager le quotidien du pensionnaire d\u2019une maison de retraite \u00e0 la m\u00e9moire vacillante. Sans pathos.<\/strong><\/p>\n<p>&nbsp;<\/p>\n<p><strong><em>Summer Survivors<\/em> de Marija Kavtaradze &#8211; 2018 &#8211; Lituanie<\/strong><\/p>\n<p><strong>Ce road-movie inhabituel, entre drame et ironie, r\u00e9unit trois personnages en souffrance qui vont apprendre \u00e0 se conna\u00eetre. \u00c9mouvant.<\/strong><\/p>\n<p>&nbsp;<\/p>\n<p><strong><em>Heroji radnicke<\/em> (<em>Working Class Heroes<\/em>) de Milos Pusic &#8211; 2022 &#8211; Serbie<\/strong><\/p>\n<p><strong>Ce drame social puissant m\u00e9lange les acteurs professionnels avec des non-professionnels pour d\u00e9peindre le milieu quasi-mafieux du b\u00e2timent en Serbie.<\/strong><\/p>\n<p>&nbsp;<\/p>\n","protected":false},"excerpt":{"rendered":"<p>Depuis sa cr\u00e9ation, ARTE pr\u00f4ne un socle commun de valeurs culturelles europ\u00e9ennes en pla\u00e7ant l\u2019imaginaire et la pluralit\u00e9 au c\u0153ur\u2026<\/p>\n","protected":false},"author":116,"featured_media":0,"comment_status":"open","ping_status":"open","sticky":false,"template":"","format":"standard","meta":[],"categories":[9,8],"tags":[],"yoast_head":"<!-- This site is optimized with the Yoast SEO plugin v20.8 - https:\/\/yoast.com\/wordpress\/plugins\/seo\/ -->\n<title>ARTE Kino Festival 7 - Olivier P\u00e8re<\/title>\n<meta name=\"robots\" content=\"index, follow, max-snippet:-1, max-image-preview:large, max-video-preview:-1\" \/>\n<link rel=\"canonical\" href=\"https:\/\/www.arte.tv\/sites\/olivierpere\/2022\/12\/04\/arte-kino-festival-7\/\" \/>\n<meta property=\"og:locale\" content=\"fr_FR\" \/>\n<meta property=\"og:type\" content=\"article\" \/>\n<meta property=\"og:title\" content=\"ARTE Kino Festival 7 - Olivier P\u00e8re\" \/>\n<meta property=\"og:description\" content=\"Depuis sa cr\u00e9ation, ARTE pr\u00f4ne un socle commun de valeurs culturelles europ\u00e9ennes en pla\u00e7ant l\u2019imaginaire et la pluralit\u00e9 au c\u0153ur\u2026\" \/>\n<meta property=\"og:url\" content=\"https:\/\/www.arte.tv\/sites\/olivierpere\/2022\/12\/04\/arte-kino-festival-7\/\" \/>\n<meta property=\"og:site_name\" content=\"Olivier P\u00e8re\" \/>\n<meta property=\"article:published_time\" content=\"2022-12-04T18:54:40+00:00\" \/>\n<meta property=\"article:modified_time\" content=\"2022-12-12T18:58:55+00:00\" \/>\n<meta property=\"og:image\" content=\"https:\/\/www.arte.tv\/sites\/olivierpere\/files\/5f31428dfd21e11af748a7b4e03d7f0489d19624.jpg\" \/>\n\t<meta property=\"og:image:width\" content=\"1920\" \/>\n\t<meta property=\"og:image:height\" content=\"1080\" \/>\n\t<meta property=\"og:image:type\" content=\"image\/jpeg\" \/>\n<meta name=\"author\" content=\"Olivier P\u00e8re\" \/>\n<meta name=\"twitter:label1\" content=\"\u00c9crit par\" \/>\n\t<meta name=\"twitter:data1\" content=\"Olivier P\u00e8re\" \/>\n\t<meta name=\"twitter:label2\" content=\"Dur\u00e9e de lecture estim\u00e9e\" \/>\n\t<meta name=\"twitter:data2\" content=\"5 minutes\" \/>\n<script type=\"application\/ld+json\" class=\"yoast-schema-graph\">{\"@context\":\"https:\/\/schema.org\",\"@graph\":[{\"@type\":\"WebPage\",\"@id\":\"https:\/\/www.arte.tv\/sites\/olivierpere\/2022\/12\/04\/arte-kino-festival-7\/\",\"url\":\"https:\/\/www.arte.tv\/sites\/olivierpere\/2022\/12\/04\/arte-kino-festival-7\/\",\"name\":\"ARTE Kino Festival 7 - Olivier P\u00e8re\",\"isPartOf\":{\"@id\":\"https:\/\/www.arte.tv\/sites\/olivierpere\/#website\"},\"datePublished\":\"2022-12-04T18:54:40+00:00\",\"dateModified\":\"2022-12-12T18:58:55+00:00\",\"author\":{\"@id\":\"https:\/\/www.arte.tv\/sites\/olivierpere\/#\/schema\/person\/dc32cd6c79be95e52d43b97a74182558\"},\"breadcrumb\":{\"@id\":\"https:\/\/www.arte.tv\/sites\/olivierpere\/2022\/12\/04\/arte-kino-festival-7\/#breadcrumb\"},\"inLanguage\":\"fr-FR\",\"potentialAction\":[{\"@type\":\"ReadAction\",\"target\":[\"https:\/\/www.arte.tv\/sites\/olivierpere\/2022\/12\/04\/arte-kino-festival-7\/\"]}]},{\"@type\":\"BreadcrumbList\",\"@id\":\"https:\/\/www.arte.tv\/sites\/olivierpere\/2022\/12\/04\/arte-kino-festival-7\/#breadcrumb\",\"itemListElement\":[{\"@type\":\"ListItem\",\"position\":1,\"name\":\"Home\",\"item\":\"https:\/\/www.arte.tv\/sites\/olivierpere\/\"},{\"@type\":\"ListItem\",\"position\":2,\"name\":\"ARTE Kino Festival 7\"}]},{\"@type\":\"WebSite\",\"@id\":\"https:\/\/www.arte.tv\/sites\/olivierpere\/#website\",\"url\":\"https:\/\/www.arte.tv\/sites\/olivierpere\/\",\"name\":\"Olivier P\u00e8re\",\"description\":\"\",\"potentialAction\":[{\"@type\":\"SearchAction\",\"target\":{\"@type\":\"EntryPoint\",\"urlTemplate\":\"https:\/\/www.arte.tv\/sites\/olivierpere\/?s={search_term_string}\"},\"query-input\":\"required name=search_term_string\"}],\"inLanguage\":\"fr-FR\"},{\"@type\":\"Person\",\"@id\":\"https:\/\/www.arte.tv\/sites\/olivierpere\/#\/schema\/person\/dc32cd6c79be95e52d43b97a74182558\",\"name\":\"Olivier P\u00e8re\",\"image\":{\"@type\":\"ImageObject\",\"inLanguage\":\"fr-FR\",\"@id\":\"https:\/\/www.arte.tv\/sites\/olivierpere\/#\/schema\/person\/image\/\",\"url\":\"https:\/\/secure.gravatar.com\/avatar\/bdea7b6a2c195e2c41772429a9694758?s=96&d=mm&r=g\",\"contentUrl\":\"https:\/\/secure.gravatar.com\/avatar\/bdea7b6a2c195e2c41772429a9694758?s=96&d=mm&r=g\",\"caption\":\"Olivier P\u00e8re\"},\"url\":\"https:\/\/www.arte.tv\/sites\/olivierpere\/author\/pereolivier\/\"}]}<\/script>\n<!-- \/ Yoast SEO plugin. -->","yoast_head_json":{"title":"ARTE Kino Festival 7 - Olivier P\u00e8re","robots":{"index":"index","follow":"follow","max-snippet":"max-snippet:-1","max-image-preview":"max-image-preview:large","max-video-preview":"max-video-preview:-1"},"canonical":"https:\/\/www.arte.tv\/sites\/olivierpere\/2022\/12\/04\/arte-kino-festival-7\/","og_locale":"fr_FR","og_type":"article","og_title":"ARTE Kino Festival 7 - Olivier P\u00e8re","og_description":"Depuis sa cr\u00e9ation, ARTE pr\u00f4ne un socle commun de valeurs culturelles europ\u00e9ennes en pla\u00e7ant l\u2019imaginaire et la pluralit\u00e9 au c\u0153ur\u2026","og_url":"https:\/\/www.arte.tv\/sites\/olivierpere\/2022\/12\/04\/arte-kino-festival-7\/","og_site_name":"Olivier P\u00e8re","article_published_time":"2022-12-04T18:54:40+00:00","article_modified_time":"2022-12-12T18:58:55+00:00","og_image":[{"width":1920,"height":1080,"url":"https:\/\/www.arte.tv\/sites\/olivierpere\/files\/5f31428dfd21e11af748a7b4e03d7f0489d19624.jpg","type":"image\/jpeg"}],"author":"Olivier P\u00e8re","twitter_misc":{"\u00c9crit par":"Olivier P\u00e8re","Dur\u00e9e de lecture estim\u00e9e":"5 minutes"},"schema":{"@context":"https:\/\/schema.org","@graph":[{"@type":"WebPage","@id":"https:\/\/www.arte.tv\/sites\/olivierpere\/2022\/12\/04\/arte-kino-festival-7\/","url":"https:\/\/www.arte.tv\/sites\/olivierpere\/2022\/12\/04\/arte-kino-festival-7\/","name":"ARTE Kino Festival 7 - Olivier P\u00e8re","isPartOf":{"@id":"https:\/\/www.arte.tv\/sites\/olivierpere\/#website"},"datePublished":"2022-12-04T18:54:40+00:00","dateModified":"2022-12-12T18:58:55+00:00","author":{"@id":"https:\/\/www.arte.tv\/sites\/olivierpere\/#\/schema\/person\/dc32cd6c79be95e52d43b97a74182558"},"breadcrumb":{"@id":"https:\/\/www.arte.tv\/sites\/olivierpere\/2022\/12\/04\/arte-kino-festival-7\/#breadcrumb"},"inLanguage":"fr-FR","potentialAction":[{"@type":"ReadAction","target":["https:\/\/www.arte.tv\/sites\/olivierpere\/2022\/12\/04\/arte-kino-festival-7\/"]}]},{"@type":"BreadcrumbList","@id":"https:\/\/www.arte.tv\/sites\/olivierpere\/2022\/12\/04\/arte-kino-festival-7\/#breadcrumb","itemListElement":[{"@type":"ListItem","position":1,"name":"Home","item":"https:\/\/www.arte.tv\/sites\/olivierpere\/"},{"@type":"ListItem","position":2,"name":"ARTE Kino Festival 7"}]},{"@type":"WebSite","@id":"https:\/\/www.arte.tv\/sites\/olivierpere\/#website","url":"https:\/\/www.arte.tv\/sites\/olivierpere\/","name":"Olivier P\u00e8re","description":"","potentialAction":[{"@type":"SearchAction","target":{"@type":"EntryPoint","urlTemplate":"https:\/\/www.arte.tv\/sites\/olivierpere\/?s={search_term_string}"},"query-input":"required name=search_term_string"}],"inLanguage":"fr-FR"},{"@type":"Person","@id":"https:\/\/www.arte.tv\/sites\/olivierpere\/#\/schema\/person\/dc32cd6c79be95e52d43b97a74182558","name":"Olivier P\u00e8re","image":{"@type":"ImageObject","inLanguage":"fr-FR","@id":"https:\/\/www.arte.tv\/sites\/olivierpere\/#\/schema\/person\/image\/","url":"https:\/\/secure.gravatar.com\/avatar\/bdea7b6a2c195e2c41772429a9694758?s=96&d=mm&r=g","contentUrl":"https:\/\/secure.gravatar.com\/avatar\/bdea7b6a2c195e2c41772429a9694758?s=96&d=mm&r=g","caption":"Olivier P\u00e8re"},"url":"https:\/\/www.arte.tv\/sites\/olivierpere\/author\/pereolivier\/"}]}},"_links":{"self":[{"href":"https:\/\/www.arte.tv\/sites\/olivierpere\/wp-json\/wp\/v2\/posts\/27278"}],"collection":[{"href":"https:\/\/www.arte.tv\/sites\/olivierpere\/wp-json\/wp\/v2\/posts"}],"about":[{"href":"https:\/\/www.arte.tv\/sites\/olivierpere\/wp-json\/wp\/v2\/types\/post"}],"author":[{"embeddable":true,"href":"https:\/\/www.arte.tv\/sites\/olivierpere\/wp-json\/wp\/v2\/users\/116"}],"replies":[{"embeddable":true,"href":"https:\/\/www.arte.tv\/sites\/olivierpere\/wp-json\/wp\/v2\/comments?post=27278"}],"version-history":[{"count":1,"href":"https:\/\/www.arte.tv\/sites\/olivierpere\/wp-json\/wp\/v2\/posts\/27278\/revisions"}],"predecessor-version":[{"id":27280,"href":"https:\/\/www.arte.tv\/sites\/olivierpere\/wp-json\/wp\/v2\/posts\/27278\/revisions\/27280"}],"wp:attachment":[{"href":"https:\/\/www.arte.tv\/sites\/olivierpere\/wp-json\/wp\/v2\/media?parent=27278"}],"wp:term":[{"taxonomy":"category","embeddable":true,"href":"https:\/\/www.arte.tv\/sites\/olivierpere\/wp-json\/wp\/v2\/categories?post=27278"},{"taxonomy":"post_tag","embeddable":true,"href":"https:\/\/www.arte.tv\/sites\/olivierpere\/wp-json\/wp\/v2\/tags?post=27278"}],"curies":[{"name":"wp","href":"https:\/\/api.w.org\/{rel}","templated":true}]}}