{"id":26955,"date":"2022-03-17T12:56:36","date_gmt":"2022-03-17T11:56:36","guid":{"rendered":"https:\/\/www.arte.tv\/sites\/olivierpere\/?p=26955"},"modified":"2022-03-26T13:00:47","modified_gmt":"2022-03-26T12:00:47","slug":"valdez-de-edwin-sherin-2","status":"publish","type":"post","link":"https:\/\/www.arte.tv\/sites\/olivierpere\/2022\/03\/17\/valdez-de-edwin-sherin-2\/","title":{"rendered":"Valdez de Edwin Sherin"},"content":{"rendered":"<p><strong><em>Valdez<\/em><\/strong><strong>\u00a0(<em>Valdez Is Coming<\/em>, 1971) de Edwin Sherin est un excellent film plein de bonnes surprises et qui r\u00e9jouira tous les amateurs de westerns tardifs r\u00e9alis\u00e9s dans le contexte de la guerre du Vietnam avec un sous texte politique directement li\u00e9 \u00e0 la crise morale que traversaient les Etats-Unis et le monde occidental en g\u00e9n\u00e9ral \u00e0 cette \u00e9poque.<\/strong><\/p>\n<p><strong>A Lanoria, petite ville d\u2019Arizona, une bande sous les ordres de Frank Tanner terrorise les habitants. Valdez (Burt Lancaster), m\u00e9tis mexicain, est un petit officier de police oblig\u00e9 d\u2019intervenir dans un lynchage organis\u00e9 par Tanner, qui a accus\u00e9 injustement un Noir d\u2019\u00eatre l\u2019auteur d\u2019un meurtre. Valdez, qui \u00e9choue \u00e0 obtenir des r\u00e9parations de la part de Tanner, se souvient de son pass\u00e9 d\u2019\u00e9claireur dans la cavalerie am\u00e9ricaine et entreprend une croisade personnelle contre le tyrannique chef de clan, \u00e9liminant ses hommes un par un\u2026<\/strong><\/p>\n<p><strong>En interpr\u00e9tant ce constable plus tout jeune, d\u2019abord humili\u00e9 et martyris\u00e9 par une horde de soudards racistes et sadiques, puis se r\u00e9v\u00e9lant un impitoyable guerrier, le grand Burt Lancaster ajoute un r\u00f4le magnifique \u00e0 sa longue et grandiose filmographie, qui conna\u00eet un \u00e9tat de gr\u00e2ce dans les ann\u00e9es 60 et 70. Tandis que beaucoup de vedettes hollywoodiennes voient leur \u00e9toile p\u00e2lir dans cette p\u00e9riode chaotique et r\u00e9volutionnaire, Burt Lancaster interpr\u00e8te des deux c\u00f4t\u00e9s de l\u2019Atlantique une s\u00e9rie de films importants, soit sign\u00e9s par des auteurs au sommet de leur art \u2013 Aldrich, Visconti, Bertolucci, Altman \u2013 ou des r\u00e9alisateurs en grande forme \u2013 Frankenheimer, Winner, Pollack, Post, Hickox\u2026 \u2013 soit confi\u00e9s \u00e0 d\u2019honn\u00eates ex\u00e9cutants permettant de penser que Lancaster, souvent producteur et \u00e0 l\u2019initiative des projets, doit \u00eatre consid\u00e9r\u00e9 comme l\u2019auteur \u00e0 part enti\u00e8re de certains films.<\/strong><\/p>\n<p><strong>C\u2019est le cas de\u00a0<em>The Swimmer<\/em>\u00a0ou de ce\u00a0<em>Valdez<\/em>, premier long m\u00e9trage d\u2019un jeune metteur en sc\u00e8ne de th\u00e9\u00e2tre qui allait continuer sa carri\u00e8re \u00e0 la t\u00e9l\u00e9vision.\u00a0<em>Valdez<\/em>, r\u00e9alis\u00e9 entre\u00a0<em>L\u2019Homme de la loi\u00a0<\/em>et\u00a0<em>Fureur apache<\/em>, montre un Lancaster solitaire mais ma\u00eetre du jeu, plong\u00e9 dans un monde de violence et d\u2019injustice. Voulant prendre la d\u00e9fense d\u2019un homme Noir innocent, responsable involontaire de sa mort lors du si\u00e8ge de sa cabane au d\u00e9but du film, Valdez se pr\u00e9sente d\u2019abord comme un \u00eatre humble, r\u00e9sign\u00e9 et pacifique, et m\u00eame soumis \u00e0 l\u2019autorit\u00e9 des Blancs dont, en simple constable, il est le laquais. Mais r\u00e9vuls\u00e9 par l\u2019inhumanit\u00e9 de Tanner, qui le fait battre et crucifier par ses sbires (sc\u00e8ne d\u2019une cruaut\u00e9 digne des westerns italiens) Valdez se redresse et endosse la panoplie du justicier en m\u00eame temps que son vieil uniforme d\u2019\u00e9claireur du temps o\u00f9 il luttait contre les Apaches avec la Cavalerie \u2013 il confessera s\u2019\u00eatre tromp\u00e9 de camp vers la fin du film.<\/strong><\/p>\n<p><strong>S\u2019engage alors une chasse \u00e0 l\u2019homme dans laquelle les chasseurs \u2013 Tanner et ses hommes \u2013 ne tardent pas \u00e0 devenir les proies, incapables de rivaliser avec le vieux sh\u00e9rif, tireur d\u2019\u00e9lite et fin connaisseur de la r\u00e9gion.<\/strong><\/p>\n<p><strong><em>Valdez<\/em><\/strong><strong>\u00a0fait partie de ces westerns am\u00e9ricains tourn\u00e9s au d\u00e9but des ann\u00e9es 70 dans les paysages d\u00e9sertiques espagnols, \u00e0 l\u2019instar de nombreuses productions europ\u00e9ennes.\u00a0<em>Valdez<\/em>\u00a0dans sa seconde partie entretient d\u2019ailleurs de nombreuses similitudes avec\u00a0<em>Les Collines de la terreur<\/em>\u00a0de Michael Winner lui aussi tourn\u00e9 (un an plus tard) en Espagne, avec Charles Bronson en Indien ex\u00e9cutant ses poursuivants. Le propos de\u00a0<em>Valdez<\/em>, en ad\u00e9quation avec les convictions d\u00e9mocratiques de sa star, est antiraciste, d\u00e9non\u00e7ant les brimades, injustices et mauvais traitements dont sont victimes les membres de la communaut\u00e9 mexicaine, les Noirs, m\u00e9tis et les indiens, nombreux dans cette zone frontali\u00e8re, indiff\u00e9remment trait\u00e9s de \u00ab\u00a0m\u00e9t\u00e8ques\u00a0\u00bb par les petits blancs et leurs patrons.<\/strong><\/p>\n<p><strong><em>Valdez\u00a0<\/em><\/strong><strong>regorge de tr\u00e8s bons dialogues et de sc\u00e8nes d\u2019action excitantes avec un Burt Lancaster vraiment \u00ab badass \u00bb entour\u00e9 de seconds couteaux burin\u00e9s et moustachus comme on les aime. Le sc\u00e9nario est \u00e9crit par David Rayfiel et Roland Kibbee, deux collaborateurs proches de Lancaster. On ne sait pas trop \u00e0 quel point ils sont rest\u00e9s fid\u00e8les au roman de Elmore Leonard, ce ma\u00eetre de la \u00ab pulp fiction \u00bb. La mise en sc\u00e8ne de Edwin Sherin est certes un peu fonctionnelle, limite t\u00e9l\u00e9visuelle, mais elle est rehauss\u00e9e par une tr\u00e8s belle photographie et certains cadres dont il faut attribuer le m\u00e9rite au talentueux chef op\u00e9rateur d\u2019origine hongroise G\u00e1bor Pog\u00e1ny, tr\u00e8s actif en Italie pendant quatre d\u00e9cennies, travaillant aussi bien avec De Sica et Rossellini qu\u2019avec Freda et d\u2019innombrables artisans du cin\u00e9ma bis transalpin.<\/strong><\/p>\n<p><strong><em>Valdez<\/em> est disponible en combo blu-ray et DVD dans la collection \u00ab westerns de l\u00e9gende \u00bb \u00e9dit\u00e9 par Sidonis. On trouve dans les suppl\u00e9ments un livret sur Burt Lancaster et des interventions d&rsquo;amateurs de westerns, parmi lesquels le regrett\u00e9 Bertrand Tavernier.<\/strong><\/p>\n<p><img decoding=\"async\" loading=\"lazy\" class=\"alignnone size-full wp-image-26956\" src=\"https:\/\/www.arte.tv\/sites\/olivierpere\/files\/valdez-accueil-1499-eur.jpg\" alt=\"\" width=\"872\" height=\"1300\" srcset=\"https:\/\/www.arte.tv\/sites\/olivierpere\/files\/valdez-accueil-1499-eur.jpg 872w, https:\/\/www.arte.tv\/sites\/olivierpere\/files\/valdez-accueil-1499-eur-188x280.jpg 188w, https:\/\/www.arte.tv\/sites\/olivierpere\/files\/valdez-accueil-1499-eur-515x768.jpg 515w, https:\/\/www.arte.tv\/sites\/olivierpere\/files\/valdez-accueil-1499-eur-768x1145.jpg 768w, https:\/\/www.arte.tv\/sites\/olivierpere\/files\/valdez-accueil-1499-eur-580x865.jpg 580w\" sizes=\"(max-width: 872px) 100vw, 872px\" \/><\/p>\n","protected":false},"excerpt":{"rendered":"<p>Valdez\u00a0(Valdez Is Coming, 1971) de Edwin Sherin est un excellent film plein de bonnes surprises et qui r\u00e9jouira tous les\u2026<\/p>\n","protected":false},"author":116,"featured_media":0,"comment_status":"open","ping_status":"open","sticky":false,"template":"","format":"standard","meta":[],"categories":[9],"tags":[],"yoast_head":"<!-- This site is optimized with the Yoast SEO plugin v20.8 - https:\/\/yoast.com\/wordpress\/plugins\/seo\/ -->\n<title>Valdez de Edwin Sherin - Olivier P\u00e8re<\/title>\n<meta name=\"robots\" content=\"index, follow, max-snippet:-1, max-image-preview:large, max-video-preview:-1\" \/>\n<link rel=\"canonical\" href=\"https:\/\/www.arte.tv\/sites\/olivierpere\/2022\/03\/17\/valdez-de-edwin-sherin-2\/\" \/>\n<meta property=\"og:locale\" content=\"fr_FR\" \/>\n<meta property=\"og:type\" content=\"article\" \/>\n<meta property=\"og:title\" content=\"Valdez de Edwin Sherin - Olivier P\u00e8re\" \/>\n<meta property=\"og:description\" content=\"Valdez\u00a0(Valdez Is Coming, 1971) de Edwin Sherin est un excellent film plein de bonnes surprises et qui r\u00e9jouira tous les\u2026\" \/>\n<meta property=\"og:url\" content=\"https:\/\/www.arte.tv\/sites\/olivierpere\/2022\/03\/17\/valdez-de-edwin-sherin-2\/\" \/>\n<meta property=\"og:site_name\" content=\"Olivier P\u00e8re\" \/>\n<meta property=\"article:published_time\" content=\"2022-03-17T11:56:36+00:00\" \/>\n<meta property=\"article:modified_time\" content=\"2022-03-26T12:00:47+00:00\" \/>\n<meta property=\"og:image\" content=\"https:\/\/www.arte.tv\/sites\/olivierpere\/files\/valdez-accueil-1499-eur.jpg\" \/>\n<meta name=\"author\" content=\"Olivier P\u00e8re\" \/>\n<meta name=\"twitter:label1\" content=\"\u00c9crit par\" \/>\n\t<meta name=\"twitter:data1\" content=\"Olivier P\u00e8re\" \/>\n\t<meta name=\"twitter:label2\" content=\"Dur\u00e9e de lecture estim\u00e9e\" \/>\n\t<meta name=\"twitter:data2\" content=\"5 minutes\" \/>\n<script type=\"application\/ld+json\" class=\"yoast-schema-graph\">{\"@context\":\"https:\/\/schema.org\",\"@graph\":[{\"@type\":\"WebPage\",\"@id\":\"https:\/\/www.arte.tv\/sites\/olivierpere\/2022\/03\/17\/valdez-de-edwin-sherin-2\/\",\"url\":\"https:\/\/www.arte.tv\/sites\/olivierpere\/2022\/03\/17\/valdez-de-edwin-sherin-2\/\",\"name\":\"Valdez de Edwin Sherin - Olivier P\u00e8re\",\"isPartOf\":{\"@id\":\"https:\/\/www.arte.tv\/sites\/olivierpere\/#website\"},\"datePublished\":\"2022-03-17T11:56:36+00:00\",\"dateModified\":\"2022-03-26T12:00:47+00:00\",\"author\":{\"@id\":\"https:\/\/www.arte.tv\/sites\/olivierpere\/#\/schema\/person\/dc32cd6c79be95e52d43b97a74182558\"},\"breadcrumb\":{\"@id\":\"https:\/\/www.arte.tv\/sites\/olivierpere\/2022\/03\/17\/valdez-de-edwin-sherin-2\/#breadcrumb\"},\"inLanguage\":\"fr-FR\",\"potentialAction\":[{\"@type\":\"ReadAction\",\"target\":[\"https:\/\/www.arte.tv\/sites\/olivierpere\/2022\/03\/17\/valdez-de-edwin-sherin-2\/\"]}]},{\"@type\":\"BreadcrumbList\",\"@id\":\"https:\/\/www.arte.tv\/sites\/olivierpere\/2022\/03\/17\/valdez-de-edwin-sherin-2\/#breadcrumb\",\"itemListElement\":[{\"@type\":\"ListItem\",\"position\":1,\"name\":\"Home\",\"item\":\"https:\/\/www.arte.tv\/sites\/olivierpere\/\"},{\"@type\":\"ListItem\",\"position\":2,\"name\":\"Valdez de Edwin Sherin\"}]},{\"@type\":\"WebSite\",\"@id\":\"https:\/\/www.arte.tv\/sites\/olivierpere\/#website\",\"url\":\"https:\/\/www.arte.tv\/sites\/olivierpere\/\",\"name\":\"Olivier P\u00e8re\",\"description\":\"\",\"potentialAction\":[{\"@type\":\"SearchAction\",\"target\":{\"@type\":\"EntryPoint\",\"urlTemplate\":\"https:\/\/www.arte.tv\/sites\/olivierpere\/?s={search_term_string}\"},\"query-input\":\"required name=search_term_string\"}],\"inLanguage\":\"fr-FR\"},{\"@type\":\"Person\",\"@id\":\"https:\/\/www.arte.tv\/sites\/olivierpere\/#\/schema\/person\/dc32cd6c79be95e52d43b97a74182558\",\"name\":\"Olivier P\u00e8re\",\"image\":{\"@type\":\"ImageObject\",\"inLanguage\":\"fr-FR\",\"@id\":\"https:\/\/www.arte.tv\/sites\/olivierpere\/#\/schema\/person\/image\/\",\"url\":\"https:\/\/secure.gravatar.com\/avatar\/bdea7b6a2c195e2c41772429a9694758?s=96&d=mm&r=g\",\"contentUrl\":\"https:\/\/secure.gravatar.com\/avatar\/bdea7b6a2c195e2c41772429a9694758?s=96&d=mm&r=g\",\"caption\":\"Olivier P\u00e8re\"},\"url\":\"https:\/\/www.arte.tv\/sites\/olivierpere\/author\/pereolivier\/\"}]}<\/script>\n<!-- \/ Yoast SEO plugin. -->","yoast_head_json":{"title":"Valdez de Edwin Sherin - Olivier P\u00e8re","robots":{"index":"index","follow":"follow","max-snippet":"max-snippet:-1","max-image-preview":"max-image-preview:large","max-video-preview":"max-video-preview:-1"},"canonical":"https:\/\/www.arte.tv\/sites\/olivierpere\/2022\/03\/17\/valdez-de-edwin-sherin-2\/","og_locale":"fr_FR","og_type":"article","og_title":"Valdez de Edwin Sherin - Olivier P\u00e8re","og_description":"Valdez\u00a0(Valdez Is Coming, 1971) de Edwin Sherin est un excellent film plein de bonnes surprises et qui r\u00e9jouira tous les\u2026","og_url":"https:\/\/www.arte.tv\/sites\/olivierpere\/2022\/03\/17\/valdez-de-edwin-sherin-2\/","og_site_name":"Olivier P\u00e8re","article_published_time":"2022-03-17T11:56:36+00:00","article_modified_time":"2022-03-26T12:00:47+00:00","og_image":[{"url":"https:\/\/www.arte.tv\/sites\/olivierpere\/files\/valdez-accueil-1499-eur.jpg"}],"author":"Olivier P\u00e8re","twitter_misc":{"\u00c9crit par":"Olivier P\u00e8re","Dur\u00e9e de lecture estim\u00e9e":"5 minutes"},"schema":{"@context":"https:\/\/schema.org","@graph":[{"@type":"WebPage","@id":"https:\/\/www.arte.tv\/sites\/olivierpere\/2022\/03\/17\/valdez-de-edwin-sherin-2\/","url":"https:\/\/www.arte.tv\/sites\/olivierpere\/2022\/03\/17\/valdez-de-edwin-sherin-2\/","name":"Valdez de Edwin Sherin - Olivier P\u00e8re","isPartOf":{"@id":"https:\/\/www.arte.tv\/sites\/olivierpere\/#website"},"datePublished":"2022-03-17T11:56:36+00:00","dateModified":"2022-03-26T12:00:47+00:00","author":{"@id":"https:\/\/www.arte.tv\/sites\/olivierpere\/#\/schema\/person\/dc32cd6c79be95e52d43b97a74182558"},"breadcrumb":{"@id":"https:\/\/www.arte.tv\/sites\/olivierpere\/2022\/03\/17\/valdez-de-edwin-sherin-2\/#breadcrumb"},"inLanguage":"fr-FR","potentialAction":[{"@type":"ReadAction","target":["https:\/\/www.arte.tv\/sites\/olivierpere\/2022\/03\/17\/valdez-de-edwin-sherin-2\/"]}]},{"@type":"BreadcrumbList","@id":"https:\/\/www.arte.tv\/sites\/olivierpere\/2022\/03\/17\/valdez-de-edwin-sherin-2\/#breadcrumb","itemListElement":[{"@type":"ListItem","position":1,"name":"Home","item":"https:\/\/www.arte.tv\/sites\/olivierpere\/"},{"@type":"ListItem","position":2,"name":"Valdez de Edwin Sherin"}]},{"@type":"WebSite","@id":"https:\/\/www.arte.tv\/sites\/olivierpere\/#website","url":"https:\/\/www.arte.tv\/sites\/olivierpere\/","name":"Olivier P\u00e8re","description":"","potentialAction":[{"@type":"SearchAction","target":{"@type":"EntryPoint","urlTemplate":"https:\/\/www.arte.tv\/sites\/olivierpere\/?s={search_term_string}"},"query-input":"required name=search_term_string"}],"inLanguage":"fr-FR"},{"@type":"Person","@id":"https:\/\/www.arte.tv\/sites\/olivierpere\/#\/schema\/person\/dc32cd6c79be95e52d43b97a74182558","name":"Olivier P\u00e8re","image":{"@type":"ImageObject","inLanguage":"fr-FR","@id":"https:\/\/www.arte.tv\/sites\/olivierpere\/#\/schema\/person\/image\/","url":"https:\/\/secure.gravatar.com\/avatar\/bdea7b6a2c195e2c41772429a9694758?s=96&d=mm&r=g","contentUrl":"https:\/\/secure.gravatar.com\/avatar\/bdea7b6a2c195e2c41772429a9694758?s=96&d=mm&r=g","caption":"Olivier P\u00e8re"},"url":"https:\/\/www.arte.tv\/sites\/olivierpere\/author\/pereolivier\/"}]}},"_links":{"self":[{"href":"https:\/\/www.arte.tv\/sites\/olivierpere\/wp-json\/wp\/v2\/posts\/26955"}],"collection":[{"href":"https:\/\/www.arte.tv\/sites\/olivierpere\/wp-json\/wp\/v2\/posts"}],"about":[{"href":"https:\/\/www.arte.tv\/sites\/olivierpere\/wp-json\/wp\/v2\/types\/post"}],"author":[{"embeddable":true,"href":"https:\/\/www.arte.tv\/sites\/olivierpere\/wp-json\/wp\/v2\/users\/116"}],"replies":[{"embeddable":true,"href":"https:\/\/www.arte.tv\/sites\/olivierpere\/wp-json\/wp\/v2\/comments?post=26955"}],"version-history":[{"count":2,"href":"https:\/\/www.arte.tv\/sites\/olivierpere\/wp-json\/wp\/v2\/posts\/26955\/revisions"}],"predecessor-version":[{"id":26958,"href":"https:\/\/www.arte.tv\/sites\/olivierpere\/wp-json\/wp\/v2\/posts\/26955\/revisions\/26958"}],"wp:attachment":[{"href":"https:\/\/www.arte.tv\/sites\/olivierpere\/wp-json\/wp\/v2\/media?parent=26955"}],"wp:term":[{"taxonomy":"category","embeddable":true,"href":"https:\/\/www.arte.tv\/sites\/olivierpere\/wp-json\/wp\/v2\/categories?post=26955"},{"taxonomy":"post_tag","embeddable":true,"href":"https:\/\/www.arte.tv\/sites\/olivierpere\/wp-json\/wp\/v2\/tags?post=26955"}],"curies":[{"name":"wp","href":"https:\/\/api.w.org\/{rel}","templated":true}]}}