{"id":26809,"date":"2021-11-26T12:51:39","date_gmt":"2021-11-26T11:51:39","guid":{"rendered":"https:\/\/www.arte.tv\/sites\/olivierpere\/?p=26809"},"modified":"2021-11-26T12:51:51","modified_gmt":"2021-11-26T11:51:51","slug":"arte-france-cinema-coproduit-les-premiers-fls-de-diego-cespedes-et-justyna-tafel","status":"publish","type":"post","link":"https:\/\/www.arte.tv\/sites\/olivierpere\/2021\/11\/26\/arte-france-cinema-coproduit-les-premiers-fls-de-diego-cespedes-et-justyna-tafel\/","title":{"rendered":"ARTE France Cin\u00e9ma coproduit les premiers films de Diego C\u00e9spedes et Justyna Tafel"},"content":{"rendered":"<p><strong>Le comit\u00e9 de s\u00e9lection d&rsquo;ARTE France Cin\u00e9ma, qui s&rsquo;est r\u00e9uni le 16 novembre, a d\u00e9cid\u00e9 de s&rsquo;engager sur deux projets internationaux de premiers longs m\u00e9trages.<\/strong><\/p>\n<p>&nbsp;<\/p>\n<p><strong><em>Le Myst\u00e9rieux Regard du flamant rose<\/em><\/strong><br \/>\n<strong>de Diego C\u00e9spedes<\/strong><\/p>\n<p><strong>Les Valseurs (France), Quijote Films (Chili), Varios Lobos ( Mexique)\u00a0<\/strong><\/p>\n<p><strong>\u00ab\u00a0Je souhaite m\u2019inscrire dans une sorte de nouvelle vague d\u2019artistes chiliens qui se r\u00e9approprient les mythes et les l\u00e9gendes typiques de notre pays, sans en omettre la dimension politique. Mon film aborde ainsi la question de l\u2019homophobie et de la transphobie au Chili, \u00e0 travers une satire de la gestion de la pand\u00e9mie du VIH dans les ann\u00e9es 80. Racont\u00e9 du point de vue d\u2019une jeune fille de 12 ans, le film explore les relations amoureuses homosexuelles \u00e0 travers un mythe, invent\u00e9 par toute une population aveugl\u00e9e par la peur et la m\u00e9connaissance de ce virus. J\u2019esp\u00e8re, \u00e0 travers des personnages sinc\u00e8res aux regards aussi lumineux que fragiles, rendre leur humanit\u00e9 aux victimes, noy\u00e9es dans l\u2019anonymat que la soci\u00e9t\u00e9 de l\u2019\u00e9poque leur a impos\u00e9 \u00bb (Diego C\u00e9spedes).<\/strong><br \/>\n<strong>Tournage pr\u00e9vu \u00e0 l&rsquo;automne\u00a0 2022.\u00a0<\/strong><br \/>\n<strong>Par ailleurs, ARTE France a pr\u00e9-achet\u00e9 le dernier court m\u00e9trage de Diego C\u00e9spedes, <em>L&rsquo;homme le plus mis\u00e9rable que le d\u00e9sert ait cach\u00e9\u00a0<\/em>(une production Les Valseurs, Quijote Films, avec la participation d&rsquo;ARTE France), pour une diffusion sur ARTE dans le magazine Court-circuit au deuxi\u00e8me semestre 2022.<\/strong><\/p>\n<p>&nbsp;<\/p>\n<p><strong><em>Safe &amp; Silent<\/em><\/strong><br \/>\n<strong>de Justyna Tafel<\/strong><br \/>\n<strong>avec Agniezska Grochowska<\/strong><\/p>\n<p><strong>Elz\u00e9vir Films (France), Centrala Film (Pologne)<\/strong><\/p>\n<p><strong>Pour son premier long m\u00e9trage, la jeune r\u00e9alisatrice polonaise Justyna Tafel veut montrer, en empruntant les codes d\u2019un thriller psychologique, comment les innovations technologiques et l\u2019obsession de s\u00e9curit\u00e9 peuvent mener \u00e0 l\u2019\u00e9clatement de la cellule familiale. Dans\u00a0un lotissement ultra-moderne, Kinga, fra\u00eechement s\u00e9par\u00e9e de son mari, mise sur un nouveau d\u00e9part avec ses deux enfants, mais l\u2019omnipr\u00e9sence des cam\u00e9ras de surveillance au sein de son foyer, va tout faire basculer.<\/strong><br \/>\n<strong>Tournage pr\u00e9vu \u00e0 l\u2019\u00e9t\u00e9 2022 en Pologne.<\/strong><\/p>\n","protected":false},"excerpt":{"rendered":"<p>Le comit\u00e9 de s\u00e9lection d&rsquo;ARTE France Cin\u00e9ma, qui s&rsquo;est r\u00e9uni le 16 novembre, a d\u00e9cid\u00e9 de s&rsquo;engager sur deux projets\u2026<\/p>\n","protected":false},"author":116,"featured_media":0,"comment_status":"open","ping_status":"open","sticky":false,"template":"","format":"standard","meta":[],"categories":[9,6],"tags":[],"yoast_head":"<!-- This site is optimized with the Yoast SEO plugin v20.8 - https:\/\/yoast.com\/wordpress\/plugins\/seo\/ -->\n<title>ARTE France Cin\u00e9ma coproduit les premiers films de Diego C\u00e9spedes et Justyna Tafel - Olivier P\u00e8re<\/title>\n<meta name=\"robots\" content=\"index, follow, max-snippet:-1, max-image-preview:large, max-video-preview:-1\" \/>\n<link rel=\"canonical\" href=\"https:\/\/www.arte.tv\/sites\/olivierpere\/2021\/11\/26\/arte-france-cinema-coproduit-les-premiers-fls-de-diego-cespedes-et-justyna-tafel\/\" \/>\n<meta property=\"og:locale\" content=\"fr_FR\" \/>\n<meta property=\"og:type\" content=\"article\" \/>\n<meta property=\"og:title\" content=\"ARTE France Cin\u00e9ma coproduit les premiers films de Diego C\u00e9spedes et Justyna Tafel - Olivier P\u00e8re\" \/>\n<meta property=\"og:description\" content=\"Le comit\u00e9 de s\u00e9lection d&rsquo;ARTE France Cin\u00e9ma, qui s&rsquo;est r\u00e9uni le 16 novembre, a d\u00e9cid\u00e9 de s&rsquo;engager sur deux projets\u2026\" \/>\n<meta property=\"og:url\" content=\"https:\/\/www.arte.tv\/sites\/olivierpere\/2021\/11\/26\/arte-france-cinema-coproduit-les-premiers-fls-de-diego-cespedes-et-justyna-tafel\/\" \/>\n<meta property=\"og:site_name\" content=\"Olivier P\u00e8re\" \/>\n<meta property=\"article:published_time\" content=\"2021-11-26T11:51:39+00:00\" \/>\n<meta property=\"article:modified_time\" content=\"2021-11-26T11:51:51+00:00\" \/>\n<meta name=\"author\" content=\"Olivier P\u00e8re\" \/>\n<meta name=\"twitter:label1\" content=\"\u00c9crit par\" \/>\n\t<meta name=\"twitter:data1\" content=\"Olivier P\u00e8re\" \/>\n\t<meta name=\"twitter:label2\" content=\"Dur\u00e9e de lecture estim\u00e9e\" \/>\n\t<meta name=\"twitter:data2\" content=\"2 minutes\" \/>\n<script type=\"application\/ld+json\" class=\"yoast-schema-graph\">{\"@context\":\"https:\/\/schema.org\",\"@graph\":[{\"@type\":\"WebPage\",\"@id\":\"https:\/\/www.arte.tv\/sites\/olivierpere\/2021\/11\/26\/arte-france-cinema-coproduit-les-premiers-fls-de-diego-cespedes-et-justyna-tafel\/\",\"url\":\"https:\/\/www.arte.tv\/sites\/olivierpere\/2021\/11\/26\/arte-france-cinema-coproduit-les-premiers-fls-de-diego-cespedes-et-justyna-tafel\/\",\"name\":\"ARTE France Cin\u00e9ma coproduit les premiers films de Diego C\u00e9spedes et Justyna Tafel - Olivier P\u00e8re\",\"isPartOf\":{\"@id\":\"https:\/\/www.arte.tv\/sites\/olivierpere\/#website\"},\"datePublished\":\"2021-11-26T11:51:39+00:00\",\"dateModified\":\"2021-11-26T11:51:51+00:00\",\"author\":{\"@id\":\"https:\/\/www.arte.tv\/sites\/olivierpere\/#\/schema\/person\/dc32cd6c79be95e52d43b97a74182558\"},\"breadcrumb\":{\"@id\":\"https:\/\/www.arte.tv\/sites\/olivierpere\/2021\/11\/26\/arte-france-cinema-coproduit-les-premiers-fls-de-diego-cespedes-et-justyna-tafel\/#breadcrumb\"},\"inLanguage\":\"fr-FR\",\"potentialAction\":[{\"@type\":\"ReadAction\",\"target\":[\"https:\/\/www.arte.tv\/sites\/olivierpere\/2021\/11\/26\/arte-france-cinema-coproduit-les-premiers-fls-de-diego-cespedes-et-justyna-tafel\/\"]}]},{\"@type\":\"BreadcrumbList\",\"@id\":\"https:\/\/www.arte.tv\/sites\/olivierpere\/2021\/11\/26\/arte-france-cinema-coproduit-les-premiers-fls-de-diego-cespedes-et-justyna-tafel\/#breadcrumb\",\"itemListElement\":[{\"@type\":\"ListItem\",\"position\":1,\"name\":\"Home\",\"item\":\"https:\/\/www.arte.tv\/sites\/olivierpere\/\"},{\"@type\":\"ListItem\",\"position\":2,\"name\":\"ARTE France Cin\u00e9ma coproduit les premiers films de Diego C\u00e9spedes et Justyna Tafel\"}]},{\"@type\":\"WebSite\",\"@id\":\"https:\/\/www.arte.tv\/sites\/olivierpere\/#website\",\"url\":\"https:\/\/www.arte.tv\/sites\/olivierpere\/\",\"name\":\"Olivier P\u00e8re\",\"description\":\"\",\"potentialAction\":[{\"@type\":\"SearchAction\",\"target\":{\"@type\":\"EntryPoint\",\"urlTemplate\":\"https:\/\/www.arte.tv\/sites\/olivierpere\/?s={search_term_string}\"},\"query-input\":\"required name=search_term_string\"}],\"inLanguage\":\"fr-FR\"},{\"@type\":\"Person\",\"@id\":\"https:\/\/www.arte.tv\/sites\/olivierpere\/#\/schema\/person\/dc32cd6c79be95e52d43b97a74182558\",\"name\":\"Olivier P\u00e8re\",\"image\":{\"@type\":\"ImageObject\",\"inLanguage\":\"fr-FR\",\"@id\":\"https:\/\/www.arte.tv\/sites\/olivierpere\/#\/schema\/person\/image\/\",\"url\":\"https:\/\/secure.gravatar.com\/avatar\/bdea7b6a2c195e2c41772429a9694758?s=96&d=mm&r=g\",\"contentUrl\":\"https:\/\/secure.gravatar.com\/avatar\/bdea7b6a2c195e2c41772429a9694758?s=96&d=mm&r=g\",\"caption\":\"Olivier P\u00e8re\"},\"url\":\"https:\/\/www.arte.tv\/sites\/olivierpere\/author\/pereolivier\/\"}]}<\/script>\n<!-- \/ Yoast SEO plugin. -->","yoast_head_json":{"title":"ARTE France Cin\u00e9ma coproduit les premiers films de Diego C\u00e9spedes et Justyna Tafel - Olivier P\u00e8re","robots":{"index":"index","follow":"follow","max-snippet":"max-snippet:-1","max-image-preview":"max-image-preview:large","max-video-preview":"max-video-preview:-1"},"canonical":"https:\/\/www.arte.tv\/sites\/olivierpere\/2021\/11\/26\/arte-france-cinema-coproduit-les-premiers-fls-de-diego-cespedes-et-justyna-tafel\/","og_locale":"fr_FR","og_type":"article","og_title":"ARTE France Cin\u00e9ma coproduit les premiers films de Diego C\u00e9spedes et Justyna Tafel - Olivier P\u00e8re","og_description":"Le comit\u00e9 de s\u00e9lection d&rsquo;ARTE France Cin\u00e9ma, qui s&rsquo;est r\u00e9uni le 16 novembre, a d\u00e9cid\u00e9 de s&rsquo;engager sur deux projets\u2026","og_url":"https:\/\/www.arte.tv\/sites\/olivierpere\/2021\/11\/26\/arte-france-cinema-coproduit-les-premiers-fls-de-diego-cespedes-et-justyna-tafel\/","og_site_name":"Olivier P\u00e8re","article_published_time":"2021-11-26T11:51:39+00:00","article_modified_time":"2021-11-26T11:51:51+00:00","author":"Olivier P\u00e8re","twitter_misc":{"\u00c9crit par":"Olivier P\u00e8re","Dur\u00e9e de lecture estim\u00e9e":"2 minutes"},"schema":{"@context":"https:\/\/schema.org","@graph":[{"@type":"WebPage","@id":"https:\/\/www.arte.tv\/sites\/olivierpere\/2021\/11\/26\/arte-france-cinema-coproduit-les-premiers-fls-de-diego-cespedes-et-justyna-tafel\/","url":"https:\/\/www.arte.tv\/sites\/olivierpere\/2021\/11\/26\/arte-france-cinema-coproduit-les-premiers-fls-de-diego-cespedes-et-justyna-tafel\/","name":"ARTE France Cin\u00e9ma coproduit les premiers films de Diego C\u00e9spedes et Justyna Tafel - Olivier P\u00e8re","isPartOf":{"@id":"https:\/\/www.arte.tv\/sites\/olivierpere\/#website"},"datePublished":"2021-11-26T11:51:39+00:00","dateModified":"2021-11-26T11:51:51+00:00","author":{"@id":"https:\/\/www.arte.tv\/sites\/olivierpere\/#\/schema\/person\/dc32cd6c79be95e52d43b97a74182558"},"breadcrumb":{"@id":"https:\/\/www.arte.tv\/sites\/olivierpere\/2021\/11\/26\/arte-france-cinema-coproduit-les-premiers-fls-de-diego-cespedes-et-justyna-tafel\/#breadcrumb"},"inLanguage":"fr-FR","potentialAction":[{"@type":"ReadAction","target":["https:\/\/www.arte.tv\/sites\/olivierpere\/2021\/11\/26\/arte-france-cinema-coproduit-les-premiers-fls-de-diego-cespedes-et-justyna-tafel\/"]}]},{"@type":"BreadcrumbList","@id":"https:\/\/www.arte.tv\/sites\/olivierpere\/2021\/11\/26\/arte-france-cinema-coproduit-les-premiers-fls-de-diego-cespedes-et-justyna-tafel\/#breadcrumb","itemListElement":[{"@type":"ListItem","position":1,"name":"Home","item":"https:\/\/www.arte.tv\/sites\/olivierpere\/"},{"@type":"ListItem","position":2,"name":"ARTE France Cin\u00e9ma coproduit les premiers films de Diego C\u00e9spedes et Justyna Tafel"}]},{"@type":"WebSite","@id":"https:\/\/www.arte.tv\/sites\/olivierpere\/#website","url":"https:\/\/www.arte.tv\/sites\/olivierpere\/","name":"Olivier P\u00e8re","description":"","potentialAction":[{"@type":"SearchAction","target":{"@type":"EntryPoint","urlTemplate":"https:\/\/www.arte.tv\/sites\/olivierpere\/?s={search_term_string}"},"query-input":"required name=search_term_string"}],"inLanguage":"fr-FR"},{"@type":"Person","@id":"https:\/\/www.arte.tv\/sites\/olivierpere\/#\/schema\/person\/dc32cd6c79be95e52d43b97a74182558","name":"Olivier P\u00e8re","image":{"@type":"ImageObject","inLanguage":"fr-FR","@id":"https:\/\/www.arte.tv\/sites\/olivierpere\/#\/schema\/person\/image\/","url":"https:\/\/secure.gravatar.com\/avatar\/bdea7b6a2c195e2c41772429a9694758?s=96&d=mm&r=g","contentUrl":"https:\/\/secure.gravatar.com\/avatar\/bdea7b6a2c195e2c41772429a9694758?s=96&d=mm&r=g","caption":"Olivier P\u00e8re"},"url":"https:\/\/www.arte.tv\/sites\/olivierpere\/author\/pereolivier\/"}]}},"_links":{"self":[{"href":"https:\/\/www.arte.tv\/sites\/olivierpere\/wp-json\/wp\/v2\/posts\/26809"}],"collection":[{"href":"https:\/\/www.arte.tv\/sites\/olivierpere\/wp-json\/wp\/v2\/posts"}],"about":[{"href":"https:\/\/www.arte.tv\/sites\/olivierpere\/wp-json\/wp\/v2\/types\/post"}],"author":[{"embeddable":true,"href":"https:\/\/www.arte.tv\/sites\/olivierpere\/wp-json\/wp\/v2\/users\/116"}],"replies":[{"embeddable":true,"href":"https:\/\/www.arte.tv\/sites\/olivierpere\/wp-json\/wp\/v2\/comments?post=26809"}],"version-history":[{"count":2,"href":"https:\/\/www.arte.tv\/sites\/olivierpere\/wp-json\/wp\/v2\/posts\/26809\/revisions"}],"predecessor-version":[{"id":26811,"href":"https:\/\/www.arte.tv\/sites\/olivierpere\/wp-json\/wp\/v2\/posts\/26809\/revisions\/26811"}],"wp:attachment":[{"href":"https:\/\/www.arte.tv\/sites\/olivierpere\/wp-json\/wp\/v2\/media?parent=26809"}],"wp:term":[{"taxonomy":"category","embeddable":true,"href":"https:\/\/www.arte.tv\/sites\/olivierpere\/wp-json\/wp\/v2\/categories?post=26809"},{"taxonomy":"post_tag","embeddable":true,"href":"https:\/\/www.arte.tv\/sites\/olivierpere\/wp-json\/wp\/v2\/tags?post=26809"}],"curies":[{"name":"wp","href":"https:\/\/api.w.org\/{rel}","templated":true}]}}