{"id":26798,"date":"2021-10-19T18:05:00","date_gmt":"2021-10-19T17:05:00","guid":{"rendered":"https:\/\/www.arte.tv\/sites\/olivierpere\/?p=26798"},"modified":"2021-11-13T18:13:14","modified_gmt":"2021-11-13T17:13:14","slug":"les-desaxes-de-john-huston","status":"publish","type":"post","link":"https:\/\/www.arte.tv\/sites\/olivierpere\/2021\/10\/19\/les-desaxes-de-john-huston\/","title":{"rendered":"Les D\u00e9sax\u00e9s de John Huston"},"content":{"rendered":"<p><strong>ARTE diffuse <em>Les D\u00e9sax\u00e9s<\/em> (<em>The Misfits<\/em>) lundi 6 d\u00e9cembre \u00e0 20h55.<\/strong><\/p>\n<p><strong><em>Les D\u00e9sax\u00e9s<\/em><\/strong><strong>, r\u00e9alis\u00e9 en 1961 par John Huston, est l\u2019un des grands films maudits du cin\u00e9ma \u00e9tasunien. Il s\u2019int\u00e9resse \u00e0 une poign\u00e9e de personnages de marginaux, dans le d\u00e9cor sordide de Reno, ou dans le d\u00e9sert aride du Nevada. Autour d\u2019une jeune femme fraichement divorc\u00e9e gravitent des hommes caboss\u00e9s par la vie, vieux cow-boy ou participant malchanceux d&rsquo;un concours de rod\u00e9o. Le petit groupe s\u2019enivre, partage des moments de bonheur et d\u2019insouciance. On assiste \u00e0 la naissance de l\u2019amiti\u00e9 et de l\u2019amour. Le film est tir\u00e9 d\u2019une nouvelle d\u2019Arthur Miller, alors mari\u00e9 \u00e0 Marylin Monroe, qui souhaitait \u00e9crire pour sa femme un r\u00f4le qui lui ressemble, aux antipodes des com\u00e9dies sophistiqu\u00e9es hollywoodiennes qui la r\u00e9duisaient \u00e0 un personnage de vamp ou de ravissante idiote. Miller, qui adapte lui-m\u00eame son livre, et Huston proposent une vision d\u00e9mystificatrice de l\u2019Ouest des ann\u00e9es 50, o\u00f9 la libert\u00e9, la nature, la fronti\u00e8re sont soumises \u00e0 rude \u00e9preuve par la civilisation moderne. Loin de c\u00e9l\u00e9brer les grands espaces d\u00e9sertiques, le cin\u00e9aste se concentre sur les visages de ses antih\u00e9ros. Le choix du noir et blanc (superbe photographie de Russell Metty) accentue la dimension cr\u00e9pusculaire de cette \u00e9pop\u00e9e miniature ramass\u00e9e sur quelques jours, faux western o\u00f9 des mustangs sauvages sont captur\u00e9s au lasso pour \u00eatre vendus \u00e0 des abattoirs o\u00f9 ils seront transform\u00e9s en conserves de nourriture pour chiens. Le ton fun\u00e8bre du film se trouve renforc\u00e9 par la destin\u00e9e tragique de ses interpr\u00e8tes, tous bouleversants. <em>Les D\u00e9sax\u00e9s<\/em> est le dernier film de Clark Gable, d\u00e9c\u00e9d\u00e9 quelques jours d\u2019une crise cardiaque apr\u00e8s la fin du tournage, et de Marilyn Monroe, qui sera retrouv\u00e9e morte le 4 ao\u00fbt 1962 \u00e0 l\u2019\u00e2ge de 36 ans. Il ent\u00e9rine aussi le d\u00e9clin de Montgomery Clift, fragilis\u00e9 par ses addictions et de graves troubles psychiques, qui d\u00e9c\u00e9dera cinq ans plus tard. <\/strong><\/p>\n<p><strong>\u00a0<\/strong><\/p>\n<p><strong>\u00a0<\/strong><\/p>\n<p><strong>\u00a0<\/strong><\/p>\n<p>&nbsp;<\/p>\n","protected":false},"excerpt":{"rendered":"<p>ARTE diffuse Les D\u00e9sax\u00e9s (The Misfits) lundi 6 d\u00e9cembre \u00e0 20h55. Les D\u00e9sax\u00e9s, r\u00e9alis\u00e9 en 1961 par John Huston, est\u2026<\/p>\n","protected":false},"author":116,"featured_media":0,"comment_status":"open","ping_status":"open","sticky":false,"template":"","format":"standard","meta":[],"categories":[8],"tags":[],"yoast_head":"<!-- This site is optimized with the Yoast SEO plugin v20.8 - https:\/\/yoast.com\/wordpress\/plugins\/seo\/ -->\n<title>Les D\u00e9sax\u00e9s de John Huston - Olivier P\u00e8re<\/title>\n<meta name=\"robots\" content=\"index, follow, max-snippet:-1, max-image-preview:large, max-video-preview:-1\" \/>\n<link rel=\"canonical\" href=\"https:\/\/www.arte.tv\/sites\/olivierpere\/2021\/10\/19\/les-desaxes-de-john-huston\/\" \/>\n<meta property=\"og:locale\" content=\"fr_FR\" \/>\n<meta property=\"og:type\" content=\"article\" \/>\n<meta property=\"og:title\" content=\"Les D\u00e9sax\u00e9s de John Huston - Olivier P\u00e8re\" \/>\n<meta property=\"og:description\" content=\"ARTE diffuse Les D\u00e9sax\u00e9s (The Misfits) lundi 6 d\u00e9cembre \u00e0 20h55. Les D\u00e9sax\u00e9s, r\u00e9alis\u00e9 en 1961 par John Huston, est\u2026\" \/>\n<meta property=\"og:url\" content=\"https:\/\/www.arte.tv\/sites\/olivierpere\/2021\/10\/19\/les-desaxes-de-john-huston\/\" \/>\n<meta property=\"og:site_name\" content=\"Olivier P\u00e8re\" \/>\n<meta property=\"article:published_time\" content=\"2021-10-19T17:05:00+00:00\" \/>\n<meta property=\"article:modified_time\" content=\"2021-11-13T17:13:14+00:00\" \/>\n<meta name=\"author\" content=\"Olivier P\u00e8re\" \/>\n<meta name=\"twitter:label1\" content=\"\u00c9crit par\" \/>\n\t<meta name=\"twitter:data1\" content=\"Olivier P\u00e8re\" \/>\n\t<meta name=\"twitter:label2\" content=\"Dur\u00e9e de lecture estim\u00e9e\" \/>\n\t<meta name=\"twitter:data2\" content=\"2 minutes\" \/>\n<script type=\"application\/ld+json\" class=\"yoast-schema-graph\">{\"@context\":\"https:\/\/schema.org\",\"@graph\":[{\"@type\":\"WebPage\",\"@id\":\"https:\/\/www.arte.tv\/sites\/olivierpere\/2021\/10\/19\/les-desaxes-de-john-huston\/\",\"url\":\"https:\/\/www.arte.tv\/sites\/olivierpere\/2021\/10\/19\/les-desaxes-de-john-huston\/\",\"name\":\"Les D\u00e9sax\u00e9s de John Huston - Olivier P\u00e8re\",\"isPartOf\":{\"@id\":\"https:\/\/www.arte.tv\/sites\/olivierpere\/#website\"},\"datePublished\":\"2021-10-19T17:05:00+00:00\",\"dateModified\":\"2021-11-13T17:13:14+00:00\",\"author\":{\"@id\":\"https:\/\/www.arte.tv\/sites\/olivierpere\/#\/schema\/person\/dc32cd6c79be95e52d43b97a74182558\"},\"breadcrumb\":{\"@id\":\"https:\/\/www.arte.tv\/sites\/olivierpere\/2021\/10\/19\/les-desaxes-de-john-huston\/#breadcrumb\"},\"inLanguage\":\"fr-FR\",\"potentialAction\":[{\"@type\":\"ReadAction\",\"target\":[\"https:\/\/www.arte.tv\/sites\/olivierpere\/2021\/10\/19\/les-desaxes-de-john-huston\/\"]}]},{\"@type\":\"BreadcrumbList\",\"@id\":\"https:\/\/www.arte.tv\/sites\/olivierpere\/2021\/10\/19\/les-desaxes-de-john-huston\/#breadcrumb\",\"itemListElement\":[{\"@type\":\"ListItem\",\"position\":1,\"name\":\"Home\",\"item\":\"https:\/\/www.arte.tv\/sites\/olivierpere\/\"},{\"@type\":\"ListItem\",\"position\":2,\"name\":\"Les D\u00e9sax\u00e9s de John Huston\"}]},{\"@type\":\"WebSite\",\"@id\":\"https:\/\/www.arte.tv\/sites\/olivierpere\/#website\",\"url\":\"https:\/\/www.arte.tv\/sites\/olivierpere\/\",\"name\":\"Olivier P\u00e8re\",\"description\":\"\",\"potentialAction\":[{\"@type\":\"SearchAction\",\"target\":{\"@type\":\"EntryPoint\",\"urlTemplate\":\"https:\/\/www.arte.tv\/sites\/olivierpere\/?s={search_term_string}\"},\"query-input\":\"required name=search_term_string\"}],\"inLanguage\":\"fr-FR\"},{\"@type\":\"Person\",\"@id\":\"https:\/\/www.arte.tv\/sites\/olivierpere\/#\/schema\/person\/dc32cd6c79be95e52d43b97a74182558\",\"name\":\"Olivier P\u00e8re\",\"image\":{\"@type\":\"ImageObject\",\"inLanguage\":\"fr-FR\",\"@id\":\"https:\/\/www.arte.tv\/sites\/olivierpere\/#\/schema\/person\/image\/\",\"url\":\"https:\/\/secure.gravatar.com\/avatar\/bdea7b6a2c195e2c41772429a9694758?s=96&d=mm&r=g\",\"contentUrl\":\"https:\/\/secure.gravatar.com\/avatar\/bdea7b6a2c195e2c41772429a9694758?s=96&d=mm&r=g\",\"caption\":\"Olivier P\u00e8re\"},\"url\":\"https:\/\/www.arte.tv\/sites\/olivierpere\/author\/pereolivier\/\"}]}<\/script>\n<!-- \/ Yoast SEO plugin. -->","yoast_head_json":{"title":"Les D\u00e9sax\u00e9s de John Huston - Olivier P\u00e8re","robots":{"index":"index","follow":"follow","max-snippet":"max-snippet:-1","max-image-preview":"max-image-preview:large","max-video-preview":"max-video-preview:-1"},"canonical":"https:\/\/www.arte.tv\/sites\/olivierpere\/2021\/10\/19\/les-desaxes-de-john-huston\/","og_locale":"fr_FR","og_type":"article","og_title":"Les D\u00e9sax\u00e9s de John Huston - Olivier P\u00e8re","og_description":"ARTE diffuse Les D\u00e9sax\u00e9s (The Misfits) lundi 6 d\u00e9cembre \u00e0 20h55. Les D\u00e9sax\u00e9s, r\u00e9alis\u00e9 en 1961 par John Huston, est\u2026","og_url":"https:\/\/www.arte.tv\/sites\/olivierpere\/2021\/10\/19\/les-desaxes-de-john-huston\/","og_site_name":"Olivier P\u00e8re","article_published_time":"2021-10-19T17:05:00+00:00","article_modified_time":"2021-11-13T17:13:14+00:00","author":"Olivier P\u00e8re","twitter_misc":{"\u00c9crit par":"Olivier P\u00e8re","Dur\u00e9e de lecture estim\u00e9e":"2 minutes"},"schema":{"@context":"https:\/\/schema.org","@graph":[{"@type":"WebPage","@id":"https:\/\/www.arte.tv\/sites\/olivierpere\/2021\/10\/19\/les-desaxes-de-john-huston\/","url":"https:\/\/www.arte.tv\/sites\/olivierpere\/2021\/10\/19\/les-desaxes-de-john-huston\/","name":"Les D\u00e9sax\u00e9s de John Huston - Olivier P\u00e8re","isPartOf":{"@id":"https:\/\/www.arte.tv\/sites\/olivierpere\/#website"},"datePublished":"2021-10-19T17:05:00+00:00","dateModified":"2021-11-13T17:13:14+00:00","author":{"@id":"https:\/\/www.arte.tv\/sites\/olivierpere\/#\/schema\/person\/dc32cd6c79be95e52d43b97a74182558"},"breadcrumb":{"@id":"https:\/\/www.arte.tv\/sites\/olivierpere\/2021\/10\/19\/les-desaxes-de-john-huston\/#breadcrumb"},"inLanguage":"fr-FR","potentialAction":[{"@type":"ReadAction","target":["https:\/\/www.arte.tv\/sites\/olivierpere\/2021\/10\/19\/les-desaxes-de-john-huston\/"]}]},{"@type":"BreadcrumbList","@id":"https:\/\/www.arte.tv\/sites\/olivierpere\/2021\/10\/19\/les-desaxes-de-john-huston\/#breadcrumb","itemListElement":[{"@type":"ListItem","position":1,"name":"Home","item":"https:\/\/www.arte.tv\/sites\/olivierpere\/"},{"@type":"ListItem","position":2,"name":"Les D\u00e9sax\u00e9s de John Huston"}]},{"@type":"WebSite","@id":"https:\/\/www.arte.tv\/sites\/olivierpere\/#website","url":"https:\/\/www.arte.tv\/sites\/olivierpere\/","name":"Olivier P\u00e8re","description":"","potentialAction":[{"@type":"SearchAction","target":{"@type":"EntryPoint","urlTemplate":"https:\/\/www.arte.tv\/sites\/olivierpere\/?s={search_term_string}"},"query-input":"required name=search_term_string"}],"inLanguage":"fr-FR"},{"@type":"Person","@id":"https:\/\/www.arte.tv\/sites\/olivierpere\/#\/schema\/person\/dc32cd6c79be95e52d43b97a74182558","name":"Olivier P\u00e8re","image":{"@type":"ImageObject","inLanguage":"fr-FR","@id":"https:\/\/www.arte.tv\/sites\/olivierpere\/#\/schema\/person\/image\/","url":"https:\/\/secure.gravatar.com\/avatar\/bdea7b6a2c195e2c41772429a9694758?s=96&d=mm&r=g","contentUrl":"https:\/\/secure.gravatar.com\/avatar\/bdea7b6a2c195e2c41772429a9694758?s=96&d=mm&r=g","caption":"Olivier P\u00e8re"},"url":"https:\/\/www.arte.tv\/sites\/olivierpere\/author\/pereolivier\/"}]}},"_links":{"self":[{"href":"https:\/\/www.arte.tv\/sites\/olivierpere\/wp-json\/wp\/v2\/posts\/26798"}],"collection":[{"href":"https:\/\/www.arte.tv\/sites\/olivierpere\/wp-json\/wp\/v2\/posts"}],"about":[{"href":"https:\/\/www.arte.tv\/sites\/olivierpere\/wp-json\/wp\/v2\/types\/post"}],"author":[{"embeddable":true,"href":"https:\/\/www.arte.tv\/sites\/olivierpere\/wp-json\/wp\/v2\/users\/116"}],"replies":[{"embeddable":true,"href":"https:\/\/www.arte.tv\/sites\/olivierpere\/wp-json\/wp\/v2\/comments?post=26798"}],"version-history":[{"count":1,"href":"https:\/\/www.arte.tv\/sites\/olivierpere\/wp-json\/wp\/v2\/posts\/26798\/revisions"}],"predecessor-version":[{"id":26799,"href":"https:\/\/www.arte.tv\/sites\/olivierpere\/wp-json\/wp\/v2\/posts\/26798\/revisions\/26799"}],"wp:attachment":[{"href":"https:\/\/www.arte.tv\/sites\/olivierpere\/wp-json\/wp\/v2\/media?parent=26798"}],"wp:term":[{"taxonomy":"category","embeddable":true,"href":"https:\/\/www.arte.tv\/sites\/olivierpere\/wp-json\/wp\/v2\/categories?post=26798"},{"taxonomy":"post_tag","embeddable":true,"href":"https:\/\/www.arte.tv\/sites\/olivierpere\/wp-json\/wp\/v2\/tags?post=26798"}],"curies":[{"name":"wp","href":"https:\/\/api.w.org\/{rel}","templated":true}]}}