{"id":26796,"date":"2021-10-18T17:21:55","date_gmt":"2021-10-18T16:21:55","guid":{"rendered":"https:\/\/www.arte.tv\/sites\/olivierpere\/?p=26796"},"modified":"2021-11-13T17:22:31","modified_gmt":"2021-11-13T16:22:31","slug":"le-vent-de-la-plaine-de-john-huston","status":"publish","type":"post","link":"https:\/\/www.arte.tv\/sites\/olivierpere\/2021\/10\/18\/le-vent-de-la-plaine-de-john-huston\/","title":{"rendered":"Le Vent de la plaine de John Huston"},"content":{"rendered":"<p><strong>Pour inaugurer un cycle de trois films de John Huston, qui accompagne le documentaire in\u00e9dit <em>John Huston, une \u00e2me libre<\/em>, ARTE diffuse dimanche 5 d\u00e9cembre \u00e0 20h55 <em>Le Vent de la plaine<\/em> (<em>The Unforgiven<\/em>, 1960) avec Burt Lancaster, Audrey Hepburn, Lillian Gish, Audie Murphy.<\/strong><\/p>\n<p><strong>John Huston n\u2019aimait pas <em>Le Vent de la plaine<\/em>, car il accusait le studio United Artists d\u2019avoir massacr\u00e9 son film au montage, derri\u00e8re son dos. Le cin\u00e9aste est injuste envers le r\u00e9sultat final. Cela ne correspond sans doute pas \u00e0 ses ambitions de d\u00e9part, mais cela reste largement sup\u00e9rieur \u00e0 certains projets plus artistiques, et plus conformes \u00e0 sa volont\u00e9, comme <em>Moulin Rouge<\/em> par exemple. On peut regretter que le beau personnage de l\u2019\u00e9claireur portugais, interpr\u00e9t\u00e9 par John Saxon, ait presque disparu du film, alors qu\u2019il occupait une place pr\u00e9pond\u00e9rante dans le r\u00e9cit initial. Au d\u00e9but des ann\u00e9es 60, Huston est dans une p\u00e9riode faste puisqu\u2019il va encha\u00eener <em>Le Vent de la plaine<\/em>, <em>Les D\u00e9sax\u00e9s<\/em> et <em>Freud, passions secr\u00e8tes<\/em>. Ces trois \u0153uvres sombres et s\u00e9rieuses, qui comptent parmi ses meilleurs films, ne rencontreront pas le succ\u00e8s escompt\u00e9. <em>Le Vent de la plaine<\/em> n\u2019a rien d\u2019un western ordinaire, et d\u00e9veloppe une r\u00e9flexion \u00e9mouvante sur le racisme anti-indiens qui ronge une communaut\u00e9 de fermiers de l\u2019\u00e9tat du Kansas. A l\u2019occasion de la r\u00e9v\u00e9lation tumultueuse des origines d\u2019une enfant adoptive, une famille d\u00e9couvre la puissance des liens de l\u2019amour, plus fort que ceux du sang et de la haine. <em>Le Vent de la plaine <\/em>est l\u2019adaptation d\u2019un roman de Alan Le May, qui avait \u00e9crit trois ans plus t\u00f4t <em>La Prisonni\u00e8re du d\u00e9sert<\/em>. Les deux livres comme les films qu\u2019ils inspir\u00e8rent traitent de la cohabitation impossible entre colons et Indiens. Il est ais\u00e9 de voir dans le film de Huston le double invers\u00e9 de celui de John Ford, o\u00f9 cette fois-ci ce sont des Blancs qui enl\u00e8vent un b\u00e9b\u00e9 indien apr\u00e8s un massacre. Dans les deux cas, le constat est amer, le chemin vers la tol\u00e9rance et l\u2019acceptation de soi, douloureux.<\/strong><\/p>\n<p><strong>\u00a0<\/strong><\/p>\n<p><em>\u00a0<\/em><\/p>\n<p>&nbsp;<\/p>\n","protected":false},"excerpt":{"rendered":"<p>Pour inaugurer un cycle de trois films de John Huston, qui accompagne le documentaire in\u00e9dit John Huston, une \u00e2me libre,\u2026<\/p>\n","protected":false},"author":116,"featured_media":0,"comment_status":"open","ping_status":"open","sticky":false,"template":"","format":"standard","meta":[],"categories":[8],"tags":[],"yoast_head":"<!-- This site is optimized with the Yoast SEO plugin v20.8 - https:\/\/yoast.com\/wordpress\/plugins\/seo\/ -->\n<title>Le Vent de la plaine de John Huston - Olivier P\u00e8re<\/title>\n<meta name=\"robots\" content=\"index, follow, max-snippet:-1, max-image-preview:large, max-video-preview:-1\" \/>\n<link rel=\"canonical\" href=\"https:\/\/www.arte.tv\/sites\/olivierpere\/2021\/10\/18\/le-vent-de-la-plaine-de-john-huston\/\" \/>\n<meta property=\"og:locale\" content=\"fr_FR\" \/>\n<meta property=\"og:type\" content=\"article\" \/>\n<meta property=\"og:title\" content=\"Le Vent de la plaine de John Huston - Olivier P\u00e8re\" \/>\n<meta property=\"og:description\" content=\"Pour inaugurer un cycle de trois films de John Huston, qui accompagne le documentaire in\u00e9dit John Huston, une \u00e2me libre,\u2026\" \/>\n<meta property=\"og:url\" content=\"https:\/\/www.arte.tv\/sites\/olivierpere\/2021\/10\/18\/le-vent-de-la-plaine-de-john-huston\/\" \/>\n<meta property=\"og:site_name\" content=\"Olivier P\u00e8re\" \/>\n<meta property=\"article:published_time\" content=\"2021-10-18T16:21:55+00:00\" \/>\n<meta property=\"article:modified_time\" content=\"2021-11-13T16:22:31+00:00\" \/>\n<meta name=\"author\" content=\"Olivier P\u00e8re\" \/>\n<meta name=\"twitter:label1\" content=\"\u00c9crit par\" \/>\n\t<meta name=\"twitter:data1\" content=\"Olivier P\u00e8re\" \/>\n\t<meta name=\"twitter:label2\" content=\"Dur\u00e9e de lecture estim\u00e9e\" \/>\n\t<meta name=\"twitter:data2\" content=\"2 minutes\" \/>\n<script type=\"application\/ld+json\" class=\"yoast-schema-graph\">{\"@context\":\"https:\/\/schema.org\",\"@graph\":[{\"@type\":\"WebPage\",\"@id\":\"https:\/\/www.arte.tv\/sites\/olivierpere\/2021\/10\/18\/le-vent-de-la-plaine-de-john-huston\/\",\"url\":\"https:\/\/www.arte.tv\/sites\/olivierpere\/2021\/10\/18\/le-vent-de-la-plaine-de-john-huston\/\",\"name\":\"Le Vent de la plaine de John Huston - Olivier P\u00e8re\",\"isPartOf\":{\"@id\":\"https:\/\/www.arte.tv\/sites\/olivierpere\/#website\"},\"datePublished\":\"2021-10-18T16:21:55+00:00\",\"dateModified\":\"2021-11-13T16:22:31+00:00\",\"author\":{\"@id\":\"https:\/\/www.arte.tv\/sites\/olivierpere\/#\/schema\/person\/dc32cd6c79be95e52d43b97a74182558\"},\"breadcrumb\":{\"@id\":\"https:\/\/www.arte.tv\/sites\/olivierpere\/2021\/10\/18\/le-vent-de-la-plaine-de-john-huston\/#breadcrumb\"},\"inLanguage\":\"fr-FR\",\"potentialAction\":[{\"@type\":\"ReadAction\",\"target\":[\"https:\/\/www.arte.tv\/sites\/olivierpere\/2021\/10\/18\/le-vent-de-la-plaine-de-john-huston\/\"]}]},{\"@type\":\"BreadcrumbList\",\"@id\":\"https:\/\/www.arte.tv\/sites\/olivierpere\/2021\/10\/18\/le-vent-de-la-plaine-de-john-huston\/#breadcrumb\",\"itemListElement\":[{\"@type\":\"ListItem\",\"position\":1,\"name\":\"Home\",\"item\":\"https:\/\/www.arte.tv\/sites\/olivierpere\/\"},{\"@type\":\"ListItem\",\"position\":2,\"name\":\"Le Vent de la plaine de John Huston\"}]},{\"@type\":\"WebSite\",\"@id\":\"https:\/\/www.arte.tv\/sites\/olivierpere\/#website\",\"url\":\"https:\/\/www.arte.tv\/sites\/olivierpere\/\",\"name\":\"Olivier P\u00e8re\",\"description\":\"\",\"potentialAction\":[{\"@type\":\"SearchAction\",\"target\":{\"@type\":\"EntryPoint\",\"urlTemplate\":\"https:\/\/www.arte.tv\/sites\/olivierpere\/?s={search_term_string}\"},\"query-input\":\"required name=search_term_string\"}],\"inLanguage\":\"fr-FR\"},{\"@type\":\"Person\",\"@id\":\"https:\/\/www.arte.tv\/sites\/olivierpere\/#\/schema\/person\/dc32cd6c79be95e52d43b97a74182558\",\"name\":\"Olivier P\u00e8re\",\"image\":{\"@type\":\"ImageObject\",\"inLanguage\":\"fr-FR\",\"@id\":\"https:\/\/www.arte.tv\/sites\/olivierpere\/#\/schema\/person\/image\/\",\"url\":\"https:\/\/secure.gravatar.com\/avatar\/bdea7b6a2c195e2c41772429a9694758?s=96&d=mm&r=g\",\"contentUrl\":\"https:\/\/secure.gravatar.com\/avatar\/bdea7b6a2c195e2c41772429a9694758?s=96&d=mm&r=g\",\"caption\":\"Olivier P\u00e8re\"},\"url\":\"https:\/\/www.arte.tv\/sites\/olivierpere\/author\/pereolivier\/\"}]}<\/script>\n<!-- \/ Yoast SEO plugin. -->","yoast_head_json":{"title":"Le Vent de la plaine de John Huston - Olivier P\u00e8re","robots":{"index":"index","follow":"follow","max-snippet":"max-snippet:-1","max-image-preview":"max-image-preview:large","max-video-preview":"max-video-preview:-1"},"canonical":"https:\/\/www.arte.tv\/sites\/olivierpere\/2021\/10\/18\/le-vent-de-la-plaine-de-john-huston\/","og_locale":"fr_FR","og_type":"article","og_title":"Le Vent de la plaine de John Huston - Olivier P\u00e8re","og_description":"Pour inaugurer un cycle de trois films de John Huston, qui accompagne le documentaire in\u00e9dit John Huston, une \u00e2me libre,\u2026","og_url":"https:\/\/www.arte.tv\/sites\/olivierpere\/2021\/10\/18\/le-vent-de-la-plaine-de-john-huston\/","og_site_name":"Olivier P\u00e8re","article_published_time":"2021-10-18T16:21:55+00:00","article_modified_time":"2021-11-13T16:22:31+00:00","author":"Olivier P\u00e8re","twitter_misc":{"\u00c9crit par":"Olivier P\u00e8re","Dur\u00e9e de lecture estim\u00e9e":"2 minutes"},"schema":{"@context":"https:\/\/schema.org","@graph":[{"@type":"WebPage","@id":"https:\/\/www.arte.tv\/sites\/olivierpere\/2021\/10\/18\/le-vent-de-la-plaine-de-john-huston\/","url":"https:\/\/www.arte.tv\/sites\/olivierpere\/2021\/10\/18\/le-vent-de-la-plaine-de-john-huston\/","name":"Le Vent de la plaine de John Huston - Olivier P\u00e8re","isPartOf":{"@id":"https:\/\/www.arte.tv\/sites\/olivierpere\/#website"},"datePublished":"2021-10-18T16:21:55+00:00","dateModified":"2021-11-13T16:22:31+00:00","author":{"@id":"https:\/\/www.arte.tv\/sites\/olivierpere\/#\/schema\/person\/dc32cd6c79be95e52d43b97a74182558"},"breadcrumb":{"@id":"https:\/\/www.arte.tv\/sites\/olivierpere\/2021\/10\/18\/le-vent-de-la-plaine-de-john-huston\/#breadcrumb"},"inLanguage":"fr-FR","potentialAction":[{"@type":"ReadAction","target":["https:\/\/www.arte.tv\/sites\/olivierpere\/2021\/10\/18\/le-vent-de-la-plaine-de-john-huston\/"]}]},{"@type":"BreadcrumbList","@id":"https:\/\/www.arte.tv\/sites\/olivierpere\/2021\/10\/18\/le-vent-de-la-plaine-de-john-huston\/#breadcrumb","itemListElement":[{"@type":"ListItem","position":1,"name":"Home","item":"https:\/\/www.arte.tv\/sites\/olivierpere\/"},{"@type":"ListItem","position":2,"name":"Le Vent de la plaine de John Huston"}]},{"@type":"WebSite","@id":"https:\/\/www.arte.tv\/sites\/olivierpere\/#website","url":"https:\/\/www.arte.tv\/sites\/olivierpere\/","name":"Olivier P\u00e8re","description":"","potentialAction":[{"@type":"SearchAction","target":{"@type":"EntryPoint","urlTemplate":"https:\/\/www.arte.tv\/sites\/olivierpere\/?s={search_term_string}"},"query-input":"required name=search_term_string"}],"inLanguage":"fr-FR"},{"@type":"Person","@id":"https:\/\/www.arte.tv\/sites\/olivierpere\/#\/schema\/person\/dc32cd6c79be95e52d43b97a74182558","name":"Olivier P\u00e8re","image":{"@type":"ImageObject","inLanguage":"fr-FR","@id":"https:\/\/www.arte.tv\/sites\/olivierpere\/#\/schema\/person\/image\/","url":"https:\/\/secure.gravatar.com\/avatar\/bdea7b6a2c195e2c41772429a9694758?s=96&d=mm&r=g","contentUrl":"https:\/\/secure.gravatar.com\/avatar\/bdea7b6a2c195e2c41772429a9694758?s=96&d=mm&r=g","caption":"Olivier P\u00e8re"},"url":"https:\/\/www.arte.tv\/sites\/olivierpere\/author\/pereolivier\/"}]}},"_links":{"self":[{"href":"https:\/\/www.arte.tv\/sites\/olivierpere\/wp-json\/wp\/v2\/posts\/26796"}],"collection":[{"href":"https:\/\/www.arte.tv\/sites\/olivierpere\/wp-json\/wp\/v2\/posts"}],"about":[{"href":"https:\/\/www.arte.tv\/sites\/olivierpere\/wp-json\/wp\/v2\/types\/post"}],"author":[{"embeddable":true,"href":"https:\/\/www.arte.tv\/sites\/olivierpere\/wp-json\/wp\/v2\/users\/116"}],"replies":[{"embeddable":true,"href":"https:\/\/www.arte.tv\/sites\/olivierpere\/wp-json\/wp\/v2\/comments?post=26796"}],"version-history":[{"count":1,"href":"https:\/\/www.arte.tv\/sites\/olivierpere\/wp-json\/wp\/v2\/posts\/26796\/revisions"}],"predecessor-version":[{"id":26797,"href":"https:\/\/www.arte.tv\/sites\/olivierpere\/wp-json\/wp\/v2\/posts\/26796\/revisions\/26797"}],"wp:attachment":[{"href":"https:\/\/www.arte.tv\/sites\/olivierpere\/wp-json\/wp\/v2\/media?parent=26796"}],"wp:term":[{"taxonomy":"category","embeddable":true,"href":"https:\/\/www.arte.tv\/sites\/olivierpere\/wp-json\/wp\/v2\/categories?post=26796"},{"taxonomy":"post_tag","embeddable":true,"href":"https:\/\/www.arte.tv\/sites\/olivierpere\/wp-json\/wp\/v2\/tags?post=26796"}],"curies":[{"name":"wp","href":"https:\/\/api.w.org\/{rel}","templated":true}]}}