{"id":26770,"date":"2021-10-09T22:20:42","date_gmt":"2021-10-09T21:20:42","guid":{"rendered":"https:\/\/www.arte.tv\/sites\/olivierpere\/?p=26770"},"modified":"2021-10-23T22:21:15","modified_gmt":"2021-10-23T21:21:15","slug":"vera-cruz-de-robert-aldrich","status":"publish","type":"post","link":"https:\/\/www.arte.tv\/sites\/olivierpere\/2021\/10\/09\/vera-cruz-de-robert-aldrich\/","title":{"rendered":"Vera Cruz de Robert Aldrich"},"content":{"rendered":"<p><strong>ARTE diffuse <em>Vera Cruz<\/em> (1954) de Robert Aldrich dimanche 24 octobre \u00e0 20h55. Ce chef-d\u2019\u0153uvre du western marque une \u00e9tape importante dans l\u2019histoire du genre. Il est sign\u00e9 par Robert Aldrich qui a enchain\u00e9 dans les ann\u00e9es 50, au d\u00e9but de sa carri\u00e8re, une succession impressionnante de films majeurs, salu\u00e9s par la critique et le public\u00a0: <em>Bronco Apache<\/em>, <em>Vera Cruz<\/em>, <em>En quatri\u00e8me vitesse<\/em>, <em>Le Grand Couteau<\/em> et <em>Attaque<\/em>. L\u2019action de <em>Vera Cruz<\/em> se d\u00e9roule pendant la guerre civile mexicaine, qui oppose les partisans de Juarez et les troupes de l\u2019empereur Maximilien, archiduc d\u2019Autriche impos\u00e9 par Napol\u00e9on III. Nous sommes au lendemain de la Guerre de S\u00e9cession et des aventuriers am\u00e9ricains cherchent au Mexique des moyens de s\u2019enrichir en monnayant leurs services aux deux camps ennemis. Parmi eux, un ancien officier sudiste ruin\u00e9 par la d\u00e9faite, et un brigand \u00e0 la t\u00eate d\u2019un groupe de mercenaires. Les deux hommes s\u2019associent et acceptent une mission en apparence sans danger\u00a0: escorter une princesse fran\u00e7aise jusqu\u2019\u00e0 Vera Cruz. Mais le carrosse dissimule une fortune en pi\u00e8ces d\u2019or et le voyage se r\u00e9v\u00e8le sem\u00e9 d\u2019embuches. Dans <em>Vera Cruz<\/em>, Aldrich adopte un style baroque et color\u00e9 et teinte ce r\u00e9cit picaresque de beaucoup d\u2019ironie et de pessimisme. <em>Vera Cruz<\/em> rompt avec le manich\u00e9isme du western classique qui opposait souvent le bien au mal. Ici, tous les personnages sont cupides et violents, capables de trahisons et de coups bas\u00a0: les mercenaires, mais aussi les repr\u00e9sentants corrompus du pouvoir. Si Burt Lancaster incarne \u00e0 la perfection un bandit d\u00e9nu\u00e9 de morale capable de tuer ses complices pour empocher seul un butin, Cary Cooper est lui-aussi admirable en gentleman de la Nouvelle-Orl\u00e9ans, ayant sombr\u00e9 dans la mis\u00e8re et renonc\u00e9 \u00e0 ses principes, m\u00eame si l\u2019id\u00e9al r\u00e9volutionnaire des juaristes finira par lui inspirer le respect. Malgr\u00e9 sa violence et son nihilisme, le film ne manque pas d\u2019humour et se signale par des dialogues \u00e0 la limite de la parodie. Aldrich racontait que le tournage d\u00e9buta sans que le sc\u00e9nario soit termin\u00e9, ce qui l\u2019obligea \u00e0 improviser de nombreuses s\u00e9quences. Loin de p\u00e9naliser le film, ces conditions de travail acrobatiques ont insuffl\u00e9 un souffle et une vitalit\u00e9 exceptionnelles \u00e0 <em>Vera Cruz<\/em>. Ce western hors du commun est port\u00e9 par deux stars appartenant \u00e0 des g\u00e9n\u00e9rations diff\u00e9rentes. Cooper prend le risque de ternir son image de preux justicier et d\u2019homme int\u00e8gre en interpr\u00e9tant un hors-la-loi cynique et d\u00e9sabus\u00e9. Lancaster impose une virilit\u00e9 et un charisme flamboyants et conf\u00e8re \u00e0 son personnage d\u2019anti-h\u00e9ros un extraordinaire pouvoir de fascination. Aldrich r\u00e9unit autour d\u2019eux des seconds r\u00f4les aux mines patibulaires, parmi lesquels Ernest Borgnine, qui deviendra un fid\u00e8le du r\u00e9alisateur, et Charles Buchinsky, futur Bronson. Il est possible de consid\u00e9rer <em>Vera Cruz<\/em> comme un pr\u00e9curseur de certains westerns italiens, caract\u00e9ris\u00e9s par leur immoralisme, et aussi de <em>La Horde sauvage<\/em> de Sam Peckinpah, o\u00f9 le Mexique est le th\u00e9\u00e2tre de la d\u00e9faite de toutes les valeurs.<\/strong><\/p>\n","protected":false},"excerpt":{"rendered":"<p>ARTE diffuse Vera Cruz (1954) de Robert Aldrich dimanche 24 octobre \u00e0 20h55. Ce chef-d\u2019\u0153uvre du western marque une \u00e9tape\u2026<\/p>\n","protected":false},"author":116,"featured_media":0,"comment_status":"open","ping_status":"open","sticky":false,"template":"","format":"standard","meta":[],"categories":[8],"tags":[],"yoast_head":"<!-- This site is optimized with the Yoast SEO plugin v20.8 - https:\/\/yoast.com\/wordpress\/plugins\/seo\/ -->\n<title>Vera Cruz de Robert Aldrich - Olivier P\u00e8re<\/title>\n<meta name=\"robots\" content=\"index, follow, max-snippet:-1, max-image-preview:large, max-video-preview:-1\" \/>\n<link rel=\"canonical\" href=\"https:\/\/www.arte.tv\/sites\/olivierpere\/2021\/10\/09\/vera-cruz-de-robert-aldrich\/\" \/>\n<meta property=\"og:locale\" content=\"fr_FR\" \/>\n<meta property=\"og:type\" content=\"article\" \/>\n<meta property=\"og:title\" content=\"Vera Cruz de Robert Aldrich - Olivier P\u00e8re\" \/>\n<meta property=\"og:description\" content=\"ARTE diffuse Vera Cruz (1954) de Robert Aldrich dimanche 24 octobre \u00e0 20h55. Ce chef-d\u2019\u0153uvre du western marque une \u00e9tape\u2026\" \/>\n<meta property=\"og:url\" content=\"https:\/\/www.arte.tv\/sites\/olivierpere\/2021\/10\/09\/vera-cruz-de-robert-aldrich\/\" \/>\n<meta property=\"og:site_name\" content=\"Olivier P\u00e8re\" \/>\n<meta property=\"article:published_time\" content=\"2021-10-09T21:20:42+00:00\" \/>\n<meta property=\"article:modified_time\" content=\"2021-10-23T21:21:15+00:00\" \/>\n<meta name=\"author\" content=\"Olivier P\u00e8re\" \/>\n<meta name=\"twitter:label1\" content=\"\u00c9crit par\" \/>\n\t<meta name=\"twitter:data1\" content=\"Olivier P\u00e8re\" \/>\n\t<meta name=\"twitter:label2\" content=\"Dur\u00e9e de lecture estim\u00e9e\" \/>\n\t<meta name=\"twitter:data2\" content=\"3 minutes\" \/>\n<script type=\"application\/ld+json\" class=\"yoast-schema-graph\">{\"@context\":\"https:\/\/schema.org\",\"@graph\":[{\"@type\":\"WebPage\",\"@id\":\"https:\/\/www.arte.tv\/sites\/olivierpere\/2021\/10\/09\/vera-cruz-de-robert-aldrich\/\",\"url\":\"https:\/\/www.arte.tv\/sites\/olivierpere\/2021\/10\/09\/vera-cruz-de-robert-aldrich\/\",\"name\":\"Vera Cruz de Robert Aldrich - Olivier P\u00e8re\",\"isPartOf\":{\"@id\":\"https:\/\/www.arte.tv\/sites\/olivierpere\/#website\"},\"datePublished\":\"2021-10-09T21:20:42+00:00\",\"dateModified\":\"2021-10-23T21:21:15+00:00\",\"author\":{\"@id\":\"https:\/\/www.arte.tv\/sites\/olivierpere\/#\/schema\/person\/dc32cd6c79be95e52d43b97a74182558\"},\"breadcrumb\":{\"@id\":\"https:\/\/www.arte.tv\/sites\/olivierpere\/2021\/10\/09\/vera-cruz-de-robert-aldrich\/#breadcrumb\"},\"inLanguage\":\"fr-FR\",\"potentialAction\":[{\"@type\":\"ReadAction\",\"target\":[\"https:\/\/www.arte.tv\/sites\/olivierpere\/2021\/10\/09\/vera-cruz-de-robert-aldrich\/\"]}]},{\"@type\":\"BreadcrumbList\",\"@id\":\"https:\/\/www.arte.tv\/sites\/olivierpere\/2021\/10\/09\/vera-cruz-de-robert-aldrich\/#breadcrumb\",\"itemListElement\":[{\"@type\":\"ListItem\",\"position\":1,\"name\":\"Home\",\"item\":\"https:\/\/www.arte.tv\/sites\/olivierpere\/\"},{\"@type\":\"ListItem\",\"position\":2,\"name\":\"Vera Cruz de Robert Aldrich\"}]},{\"@type\":\"WebSite\",\"@id\":\"https:\/\/www.arte.tv\/sites\/olivierpere\/#website\",\"url\":\"https:\/\/www.arte.tv\/sites\/olivierpere\/\",\"name\":\"Olivier P\u00e8re\",\"description\":\"\",\"potentialAction\":[{\"@type\":\"SearchAction\",\"target\":{\"@type\":\"EntryPoint\",\"urlTemplate\":\"https:\/\/www.arte.tv\/sites\/olivierpere\/?s={search_term_string}\"},\"query-input\":\"required name=search_term_string\"}],\"inLanguage\":\"fr-FR\"},{\"@type\":\"Person\",\"@id\":\"https:\/\/www.arte.tv\/sites\/olivierpere\/#\/schema\/person\/dc32cd6c79be95e52d43b97a74182558\",\"name\":\"Olivier P\u00e8re\",\"image\":{\"@type\":\"ImageObject\",\"inLanguage\":\"fr-FR\",\"@id\":\"https:\/\/www.arte.tv\/sites\/olivierpere\/#\/schema\/person\/image\/\",\"url\":\"https:\/\/secure.gravatar.com\/avatar\/bdea7b6a2c195e2c41772429a9694758?s=96&d=mm&r=g\",\"contentUrl\":\"https:\/\/secure.gravatar.com\/avatar\/bdea7b6a2c195e2c41772429a9694758?s=96&d=mm&r=g\",\"caption\":\"Olivier P\u00e8re\"},\"url\":\"https:\/\/www.arte.tv\/sites\/olivierpere\/author\/pereolivier\/\"}]}<\/script>\n<!-- \/ Yoast SEO plugin. -->","yoast_head_json":{"title":"Vera Cruz de Robert Aldrich - Olivier P\u00e8re","robots":{"index":"index","follow":"follow","max-snippet":"max-snippet:-1","max-image-preview":"max-image-preview:large","max-video-preview":"max-video-preview:-1"},"canonical":"https:\/\/www.arte.tv\/sites\/olivierpere\/2021\/10\/09\/vera-cruz-de-robert-aldrich\/","og_locale":"fr_FR","og_type":"article","og_title":"Vera Cruz de Robert Aldrich - Olivier P\u00e8re","og_description":"ARTE diffuse Vera Cruz (1954) de Robert Aldrich dimanche 24 octobre \u00e0 20h55. Ce chef-d\u2019\u0153uvre du western marque une \u00e9tape\u2026","og_url":"https:\/\/www.arte.tv\/sites\/olivierpere\/2021\/10\/09\/vera-cruz-de-robert-aldrich\/","og_site_name":"Olivier P\u00e8re","article_published_time":"2021-10-09T21:20:42+00:00","article_modified_time":"2021-10-23T21:21:15+00:00","author":"Olivier P\u00e8re","twitter_misc":{"\u00c9crit par":"Olivier P\u00e8re","Dur\u00e9e de lecture estim\u00e9e":"3 minutes"},"schema":{"@context":"https:\/\/schema.org","@graph":[{"@type":"WebPage","@id":"https:\/\/www.arte.tv\/sites\/olivierpere\/2021\/10\/09\/vera-cruz-de-robert-aldrich\/","url":"https:\/\/www.arte.tv\/sites\/olivierpere\/2021\/10\/09\/vera-cruz-de-robert-aldrich\/","name":"Vera Cruz de Robert Aldrich - Olivier P\u00e8re","isPartOf":{"@id":"https:\/\/www.arte.tv\/sites\/olivierpere\/#website"},"datePublished":"2021-10-09T21:20:42+00:00","dateModified":"2021-10-23T21:21:15+00:00","author":{"@id":"https:\/\/www.arte.tv\/sites\/olivierpere\/#\/schema\/person\/dc32cd6c79be95e52d43b97a74182558"},"breadcrumb":{"@id":"https:\/\/www.arte.tv\/sites\/olivierpere\/2021\/10\/09\/vera-cruz-de-robert-aldrich\/#breadcrumb"},"inLanguage":"fr-FR","potentialAction":[{"@type":"ReadAction","target":["https:\/\/www.arte.tv\/sites\/olivierpere\/2021\/10\/09\/vera-cruz-de-robert-aldrich\/"]}]},{"@type":"BreadcrumbList","@id":"https:\/\/www.arte.tv\/sites\/olivierpere\/2021\/10\/09\/vera-cruz-de-robert-aldrich\/#breadcrumb","itemListElement":[{"@type":"ListItem","position":1,"name":"Home","item":"https:\/\/www.arte.tv\/sites\/olivierpere\/"},{"@type":"ListItem","position":2,"name":"Vera Cruz de Robert Aldrich"}]},{"@type":"WebSite","@id":"https:\/\/www.arte.tv\/sites\/olivierpere\/#website","url":"https:\/\/www.arte.tv\/sites\/olivierpere\/","name":"Olivier P\u00e8re","description":"","potentialAction":[{"@type":"SearchAction","target":{"@type":"EntryPoint","urlTemplate":"https:\/\/www.arte.tv\/sites\/olivierpere\/?s={search_term_string}"},"query-input":"required name=search_term_string"}],"inLanguage":"fr-FR"},{"@type":"Person","@id":"https:\/\/www.arte.tv\/sites\/olivierpere\/#\/schema\/person\/dc32cd6c79be95e52d43b97a74182558","name":"Olivier P\u00e8re","image":{"@type":"ImageObject","inLanguage":"fr-FR","@id":"https:\/\/www.arte.tv\/sites\/olivierpere\/#\/schema\/person\/image\/","url":"https:\/\/secure.gravatar.com\/avatar\/bdea7b6a2c195e2c41772429a9694758?s=96&d=mm&r=g","contentUrl":"https:\/\/secure.gravatar.com\/avatar\/bdea7b6a2c195e2c41772429a9694758?s=96&d=mm&r=g","caption":"Olivier P\u00e8re"},"url":"https:\/\/www.arte.tv\/sites\/olivierpere\/author\/pereolivier\/"}]}},"_links":{"self":[{"href":"https:\/\/www.arte.tv\/sites\/olivierpere\/wp-json\/wp\/v2\/posts\/26770"}],"collection":[{"href":"https:\/\/www.arte.tv\/sites\/olivierpere\/wp-json\/wp\/v2\/posts"}],"about":[{"href":"https:\/\/www.arte.tv\/sites\/olivierpere\/wp-json\/wp\/v2\/types\/post"}],"author":[{"embeddable":true,"href":"https:\/\/www.arte.tv\/sites\/olivierpere\/wp-json\/wp\/v2\/users\/116"}],"replies":[{"embeddable":true,"href":"https:\/\/www.arte.tv\/sites\/olivierpere\/wp-json\/wp\/v2\/comments?post=26770"}],"version-history":[{"count":1,"href":"https:\/\/www.arte.tv\/sites\/olivierpere\/wp-json\/wp\/v2\/posts\/26770\/revisions"}],"predecessor-version":[{"id":26771,"href":"https:\/\/www.arte.tv\/sites\/olivierpere\/wp-json\/wp\/v2\/posts\/26770\/revisions\/26771"}],"wp:attachment":[{"href":"https:\/\/www.arte.tv\/sites\/olivierpere\/wp-json\/wp\/v2\/media?parent=26770"}],"wp:term":[{"taxonomy":"category","embeddable":true,"href":"https:\/\/www.arte.tv\/sites\/olivierpere\/wp-json\/wp\/v2\/categories?post=26770"},{"taxonomy":"post_tag","embeddable":true,"href":"https:\/\/www.arte.tv\/sites\/olivierpere\/wp-json\/wp\/v2\/tags?post=26770"}],"curies":[{"name":"wp","href":"https:\/\/api.w.org\/{rel}","templated":true}]}}