{"id":26741,"date":"2021-10-03T12:33:53","date_gmt":"2021-10-03T11:33:53","guid":{"rendered":"https:\/\/www.arte.tv\/sites\/olivierpere\/?p=26741"},"modified":"2021-10-09T12:45:00","modified_gmt":"2021-10-09T11:45:00","slug":"queimada-de-gillo-pontecorvo-2","status":"publish","type":"post","link":"https:\/\/www.arte.tv\/sites\/olivierpere\/2021\/10\/03\/queimada-de-gillo-pontecorvo-2\/","title":{"rendered":"Queimada de Gillo Pontecorvo"},"content":{"rendered":"<p><strong>La mode du western italien est contemporaine d\u2019une contestation politique qui s\u2019exprima un peu partout dans le monde. Autour de 1968 apparait un sous-genre rapidement intitul\u00e9 \u00ab\u00a0western r\u00e9volutionnaire\u00a0\u00bb qui prend comme th\u00e9\u00e2tre d\u2019actions violentes et d\u2019aventures picaresques la r\u00e9volution mexicaine, avec beaucoup de fantaisie. Un grand film italien de la m\u00eame p\u00e9riode poss\u00e8de un statut particulier au sein d\u2019une production pl\u00e9thorique et accorde aux m\u00eames th\u00e8mes que le western r\u00e9volutionnaire un traitement bien plus s\u00e9rieux. Il s\u2019agit du film d\u2019un cin\u00e9aste marxiste qui se pr\u00e9sente non pas comme un western mais comme une fresque historique \u00e0 grand spectacle, tr\u00e8s critique envers le colonialisme et l\u2019imp\u00e9rialisme am\u00e9ricain\u00a0: <em>Queimada<\/em>, tourn\u00e9 en 1968, sorti en 1969, de Gillo Pontecorvo.<\/strong><\/p>\n<p><strong>N\u00e9 en 1919 \u00e0 Pise, dans une famille de riches intellectuels juifs, engag\u00e9 dans les mouvements de r\u00e9sistance antifasciste pendant la guerre et membre du Parti Communiste Italien jusqu\u2019\u00e0 la r\u00e9pression sovi\u00e9tique de l\u2019insurrection de Budapest en 1956, Gillo Pontecorvo connait un immense succ\u00e8s avec <em>La Bataille d\u2019Alger<\/em> (1966), reconstitution de l\u2019action polici\u00e8re de l\u2019arm\u00e9e fran\u00e7aise du point du vue des combattants du FLN. Dans la mouvance d\u2019un Costa-Gavras, Pontecorvo allie \u00e0 l\u2019efficacit\u00e9 dramatique des intentions propagandistes, et choisit un style pseudo-documentaire. Il privil\u00e9gie le recours \u00e0 des com\u00e9diens non-professionnels tandis que les prises de vues, en d\u00e9cor naturel, produisent un sentiment de r\u00e9alisme proche du reportage. Longtemps interdit en France, mais prim\u00e9 au Festival de Venise et projet\u00e9 aux Etats-Unis, le film impressionne de nombreux cin\u00e9astes am\u00e9ricains qui vont s\u2019en inspirer plus tard dans leur carri\u00e8re : Francis Ford Coppola, William Friedkin, John Frankenheimer\u2026<\/strong><\/p>\n<p><strong>Apr\u00e8s ce triomphe, Pontecorvo b\u00e9n\u00e9ficie des pleins pouvoirs pour son nouveau projet, financ\u00e9 par une soci\u00e9t\u00e9 am\u00e9ricaine, la United Artists, et produit par Alberto Grimaldi, associ\u00e9 aux westerns de Sergio Leone, Sergio Corbucci et Sergio Sollima mais aussi au <em>Satyricon<\/em> de Fellini.<\/strong><\/p>\n<p><strong><em>Queimada <\/em>entend expliquer les m\u00e9canismes de l\u2019interventionnisme am\u00e9ricain et de l\u2019action de la C.I.A. dans les pays d\u2019Am\u00e9rique latine et au Vietnam, en relatant un coup d\u2019\u00e9tat dans une petite \u00eele des Cara\u00efbes, th\u00e9\u00e2tre d\u2019enjeux \u00e9conomiques important pour la Grande-Bretagne. Sur l\u2019\u00eele (imaginaire) de Queimada (le film fut presque enti\u00e8rement tourn\u00e9 \u00e0 Cartagena, en Colombie), au d\u00e9but du XIX<sup>e<\/sup> si\u00e8cle, les colons se r\u00e9voltent contre le royaume du Portugal, avec l&rsquo;aide des esclaves qui esp\u00e8rent reconqu\u00e9rir le libert\u00e9 et profiter \u00e0 leur tour des richesses de l&rsquo;\u00eele, o\u00f9 est exploit\u00e9 la canne \u00e0 sucre. Aucune \u00eele des Antilles n&rsquo;a jamais \u00e9t\u00e9 portugaise. L&rsquo;histoire est une sorte de synth\u00e8se entre la r\u00e9volution ha\u00eftienne \u00e0 Saint-Domingue la France et celle de l&rsquo;Am\u00e9rique espagnole plus tard. Dans le sc\u00e9nario original la puissance coloniale \u00e9tait espagnole mais la production dut faire marche arri\u00e8re en raison des pressions de l\u2019Espagne franquiste. Dans les ann\u00e9es 60 de nombreuses productions am\u00e9ricaines, anglaises et italiennes \u00e9taient tourn\u00e9es dans les d\u00e9cors et le d\u00e9sert d\u2019Almeria en Andalousie, parmi lesquelles les westerns produits par Grimaldi, et il n\u2019\u00e9tait pas question de se montrer trop critique envers l&rsquo;Espagne et le gouvernement de Franco.<\/strong><\/p>\n<p><strong>Le film suit les \u00e9v\u00e9nements selon les points de vue d\u2019un esclave noir et de l\u2019agent secret anglais qui le manipule, ayant pour mission de faire passer l\u2019\u00eele dans le domaine \u00e9conomique de l\u2019Angleterre. Pontecorvo demeure fid\u00e8le aux techniques et au style de <em>La Bataille d\u2019Alger<\/em> dans <em>Queimada<\/em>, mais \u00e0 une \u00e9chelle encore sup\u00e9rieure. Avec le m\u00eame sc\u00e9nariste, Franco Solinas, le cin\u00e9aste relate sur plusieurs ann\u00e9es la relation entre deux hommes que tout oppose, brosse le portrait d\u2019un mercenaire cynique et offre un r\u00e9cit \u00e9difiant qui condamne sans appel la violence politique et \u00e9conomique exerc\u00e9e sur les pays pauvres du sud par les puissances capitalistes occidentales.<\/strong><\/p>\n<p><strong>Pontecorvo dispose de moyens importants, \u00e0 la mesure de son ambition. il conserve le style cam\u00e9ra \u00e0 l\u2019\u00e9paule et filme comme des actualit\u00e9s t\u00e9l\u00e9vis\u00e9es les sc\u00e8nes de liesse ou de r\u00e9volte du peuple de Queimada, lib\u00e9r\u00e9 de son esclavage. Appliqu\u00e9e \u00e0 un sujet historique, cette technique de mise en sc\u00e8ne rappelle <em>La Bataille de Culloden<\/em> (1964) de Peter Watkins et influencera sans doute, sur le mode du cin\u00e9ma d\u2019exploitation, <em>Les N\u00e9griers<\/em> de Jacopetti et Prosperi en 1971. La musique de Ennio Morricone, collaborateur essentiel de Pontecorvo depuis <em>La Bataille d\u2019Alger<\/em>, contribue \u00e0 rendre le film inoubliable, en m\u00ealant Bach \u00e0 des musiques inspir\u00e9es par le folklore carib\u00e9en et les c\u00e9r\u00e9monies vaudous.<\/strong><\/p>\n<p><strong>Si le film rejoint par certains exc\u00e8s carnavalesques certains westerns italiens tourn\u00e9s \u00e0 la m\u00eame \u00e9poque, il se caract\u00e9rise par son s\u00e9rieux didactique m\u00eal\u00e9 \u00e0 un lyrisme d\u00e9senchant\u00e9.<\/strong><\/p>\n<p><strong>Et puis il y a Marlon Brando dans le r\u00f4le de Sir William Walker. Ce personnage d\u2019espion britannique s\u2019inspire en partie d\u2019un homme ayant exist\u00e9 : son homonyme William Walker, un aventurier am\u00e9ricain (1824-1860) qui tenta de s&#8217;emparer de diff\u00e9rentes r\u00e9gions et \u00c9tats sud-am\u00e9ricains en provoquant des soul\u00e8vements arm\u00e9s et qui fut fusill\u00e9 au Honduras en 1860.<\/strong><\/p>\n<p><strong>La carri\u00e8re de Brando est alors dans le creux de la vague et son nom est synonyme de d\u00e9sastre commercial pour les studios am\u00e9ricains. Il vient de tourner deux films minables en Europe, <em>Candy<\/em> et <em>La Nuit du lendemain<\/em>. Brando accepte de tourner dans <em>Queimada<\/em>, sensible au sujet et aux id\u00e9es politiques que v\u00e9hicule le film. Le tournage est houleux et les disputes sont fr\u00e9quentes entre la star capricieuse et le r\u00e9alisateur italien. La pr\u00e9sence \u00e0 l\u2019\u00e9cran de nombreux acteurs non-professionnels et totalement n\u00e9ophytes, comme Evaristo Marquez qui interpr\u00e8te Dolores, le chef des esclaves r\u00e9volt\u00e9s, cr\u00e9e des situations difficiles et tendues. Brando est fascinant \u00e0 l\u2019\u00e9cran, m\u00eame si son accent britannique improbable, r\u00e9employ\u00e9 dans <em>Le Corrupteur<\/em> en 1971, participe \u00e0 l\u2019\u00e9tranget\u00e9 de sa prestation. Il n\u2019est pas interdit de pr\u00e9f\u00e9rer la version int\u00e9grale italienne du film, o\u00f9 Brando est doubl\u00e9, d\u2019abord parce qu\u2019elle est plus longue de plusieurs sc\u00e8nes coup\u00e9es pour le march\u00e9 international en raison de leur contenu politique, ensuite parce qu\u2019elle est plus homog\u00e8ne. Si Brando se r\u00e9v\u00e9la impossible sur le tournage, comme souvent \u00e0 cette \u00e9poque, il affirmera plus tard que <em>Queimada<\/em> compte parmi ses films et ses interpr\u00e9tations pr\u00e9f\u00e9r\u00e9s.<\/strong><\/p>\n<p><strong>D\u00e9savou\u00e9 par la United Artists, qui va saboter sa distribution am\u00e9ricaine (sous le titre de <em>Burn<\/em>), <em>Queimada <\/em> fut un \u00e9chec commercial et critique pr\u00e9visible aux Etats-Unis. \u00a0En revanche il connut en Italie une sortie \u00e9v\u00e9nementielle. Ce ne fut pas suffisant pour rentabiliser le budget du film. Ce fiasco va grever la suite de la carri\u00e8re de Pontecorvo, qui ne parviendra jamais \u00e0 trouver les financements d&rsquo;un projet sur la vie de J\u00e9sus et ne tournera plus qu\u2019un seul long m\u00e9trage, dix ans plus tard, <em>Op\u00e9ration Ogro<\/em>.<\/strong><\/p>\n<p><strong>Ce Blu-ray longtemps attendu, \u00e9dit\u00e9 par Rimini, propose le film dans ses deux versions, internationale et italienne, ainsi qu\u2019un excellent livret informatif.<\/strong><\/p>\n<p>&nbsp;<\/p>\n<p><img decoding=\"async\" loading=\"lazy\" class=\"alignnone size-full wp-image-26742\" src=\"https:\/\/www.arte.tv\/sites\/olivierpere\/files\/queimada_blu-ray.jpg\" alt=\"\" width=\"773\" height=\"1204\" \/><\/p>\n","protected":false},"excerpt":{"rendered":"<p>La mode du western italien est contemporaine d\u2019une contestation politique qui s\u2019exprima un peu partout dans le monde. Autour de\u2026<\/p>\n","protected":false},"author":116,"featured_media":0,"comment_status":"open","ping_status":"open","sticky":false,"template":"","format":"standard","meta":[],"categories":[9],"tags":[],"yoast_head":"<!-- This site is optimized with the Yoast SEO plugin v20.8 - https:\/\/yoast.com\/wordpress\/plugins\/seo\/ -->\n<title>Queimada de Gillo Pontecorvo - Olivier P\u00e8re<\/title>\n<meta name=\"robots\" content=\"index, follow, max-snippet:-1, max-image-preview:large, max-video-preview:-1\" \/>\n<link rel=\"canonical\" href=\"https:\/\/www.arte.tv\/sites\/olivierpere\/2021\/10\/03\/queimada-de-gillo-pontecorvo-2\/\" \/>\n<meta property=\"og:locale\" content=\"fr_FR\" \/>\n<meta property=\"og:type\" content=\"article\" \/>\n<meta property=\"og:title\" content=\"Queimada de Gillo Pontecorvo - Olivier P\u00e8re\" \/>\n<meta property=\"og:description\" content=\"La mode du western italien est contemporaine d\u2019une contestation politique qui s\u2019exprima un peu partout dans le monde. Autour de\u2026\" \/>\n<meta property=\"og:url\" content=\"https:\/\/www.arte.tv\/sites\/olivierpere\/2021\/10\/03\/queimada-de-gillo-pontecorvo-2\/\" \/>\n<meta property=\"og:site_name\" content=\"Olivier P\u00e8re\" \/>\n<meta property=\"article:published_time\" content=\"2021-10-03T11:33:53+00:00\" \/>\n<meta property=\"article:modified_time\" content=\"2021-10-09T11:45:00+00:00\" \/>\n<meta property=\"og:image\" content=\"https:\/\/www.arte.tv\/sites\/olivierpere\/files\/queimada_blu-ray.jpg\" \/>\n<meta name=\"author\" content=\"Olivier P\u00e8re\" \/>\n<meta name=\"twitter:label1\" content=\"\u00c9crit par\" \/>\n\t<meta name=\"twitter:data1\" content=\"Olivier P\u00e8re\" \/>\n\t<meta name=\"twitter:label2\" content=\"Dur\u00e9e de lecture estim\u00e9e\" \/>\n\t<meta name=\"twitter:data2\" content=\"6 minutes\" \/>\n<script type=\"application\/ld+json\" class=\"yoast-schema-graph\">{\"@context\":\"https:\/\/schema.org\",\"@graph\":[{\"@type\":\"WebPage\",\"@id\":\"https:\/\/www.arte.tv\/sites\/olivierpere\/2021\/10\/03\/queimada-de-gillo-pontecorvo-2\/\",\"url\":\"https:\/\/www.arte.tv\/sites\/olivierpere\/2021\/10\/03\/queimada-de-gillo-pontecorvo-2\/\",\"name\":\"Queimada de Gillo Pontecorvo - Olivier P\u00e8re\",\"isPartOf\":{\"@id\":\"https:\/\/www.arte.tv\/sites\/olivierpere\/#website\"},\"datePublished\":\"2021-10-03T11:33:53+00:00\",\"dateModified\":\"2021-10-09T11:45:00+00:00\",\"author\":{\"@id\":\"https:\/\/www.arte.tv\/sites\/olivierpere\/#\/schema\/person\/dc32cd6c79be95e52d43b97a74182558\"},\"breadcrumb\":{\"@id\":\"https:\/\/www.arte.tv\/sites\/olivierpere\/2021\/10\/03\/queimada-de-gillo-pontecorvo-2\/#breadcrumb\"},\"inLanguage\":\"fr-FR\",\"potentialAction\":[{\"@type\":\"ReadAction\",\"target\":[\"https:\/\/www.arte.tv\/sites\/olivierpere\/2021\/10\/03\/queimada-de-gillo-pontecorvo-2\/\"]}]},{\"@type\":\"BreadcrumbList\",\"@id\":\"https:\/\/www.arte.tv\/sites\/olivierpere\/2021\/10\/03\/queimada-de-gillo-pontecorvo-2\/#breadcrumb\",\"itemListElement\":[{\"@type\":\"ListItem\",\"position\":1,\"name\":\"Home\",\"item\":\"https:\/\/www.arte.tv\/sites\/olivierpere\/\"},{\"@type\":\"ListItem\",\"position\":2,\"name\":\"Queimada de Gillo Pontecorvo\"}]},{\"@type\":\"WebSite\",\"@id\":\"https:\/\/www.arte.tv\/sites\/olivierpere\/#website\",\"url\":\"https:\/\/www.arte.tv\/sites\/olivierpere\/\",\"name\":\"Olivier P\u00e8re\",\"description\":\"\",\"potentialAction\":[{\"@type\":\"SearchAction\",\"target\":{\"@type\":\"EntryPoint\",\"urlTemplate\":\"https:\/\/www.arte.tv\/sites\/olivierpere\/?s={search_term_string}\"},\"query-input\":\"required name=search_term_string\"}],\"inLanguage\":\"fr-FR\"},{\"@type\":\"Person\",\"@id\":\"https:\/\/www.arte.tv\/sites\/olivierpere\/#\/schema\/person\/dc32cd6c79be95e52d43b97a74182558\",\"name\":\"Olivier P\u00e8re\",\"image\":{\"@type\":\"ImageObject\",\"inLanguage\":\"fr-FR\",\"@id\":\"https:\/\/www.arte.tv\/sites\/olivierpere\/#\/schema\/person\/image\/\",\"url\":\"https:\/\/secure.gravatar.com\/avatar\/bdea7b6a2c195e2c41772429a9694758?s=96&d=mm&r=g\",\"contentUrl\":\"https:\/\/secure.gravatar.com\/avatar\/bdea7b6a2c195e2c41772429a9694758?s=96&d=mm&r=g\",\"caption\":\"Olivier P\u00e8re\"},\"url\":\"https:\/\/www.arte.tv\/sites\/olivierpere\/author\/pereolivier\/\"}]}<\/script>\n<!-- \/ Yoast SEO plugin. -->","yoast_head_json":{"title":"Queimada de Gillo Pontecorvo - Olivier P\u00e8re","robots":{"index":"index","follow":"follow","max-snippet":"max-snippet:-1","max-image-preview":"max-image-preview:large","max-video-preview":"max-video-preview:-1"},"canonical":"https:\/\/www.arte.tv\/sites\/olivierpere\/2021\/10\/03\/queimada-de-gillo-pontecorvo-2\/","og_locale":"fr_FR","og_type":"article","og_title":"Queimada de Gillo Pontecorvo - Olivier P\u00e8re","og_description":"La mode du western italien est contemporaine d\u2019une contestation politique qui s\u2019exprima un peu partout dans le monde. Autour de\u2026","og_url":"https:\/\/www.arte.tv\/sites\/olivierpere\/2021\/10\/03\/queimada-de-gillo-pontecorvo-2\/","og_site_name":"Olivier P\u00e8re","article_published_time":"2021-10-03T11:33:53+00:00","article_modified_time":"2021-10-09T11:45:00+00:00","og_image":[{"url":"https:\/\/www.arte.tv\/sites\/olivierpere\/files\/queimada_blu-ray.jpg"}],"author":"Olivier P\u00e8re","twitter_misc":{"\u00c9crit par":"Olivier P\u00e8re","Dur\u00e9e de lecture estim\u00e9e":"6 minutes"},"schema":{"@context":"https:\/\/schema.org","@graph":[{"@type":"WebPage","@id":"https:\/\/www.arte.tv\/sites\/olivierpere\/2021\/10\/03\/queimada-de-gillo-pontecorvo-2\/","url":"https:\/\/www.arte.tv\/sites\/olivierpere\/2021\/10\/03\/queimada-de-gillo-pontecorvo-2\/","name":"Queimada de Gillo Pontecorvo - Olivier P\u00e8re","isPartOf":{"@id":"https:\/\/www.arte.tv\/sites\/olivierpere\/#website"},"datePublished":"2021-10-03T11:33:53+00:00","dateModified":"2021-10-09T11:45:00+00:00","author":{"@id":"https:\/\/www.arte.tv\/sites\/olivierpere\/#\/schema\/person\/dc32cd6c79be95e52d43b97a74182558"},"breadcrumb":{"@id":"https:\/\/www.arte.tv\/sites\/olivierpere\/2021\/10\/03\/queimada-de-gillo-pontecorvo-2\/#breadcrumb"},"inLanguage":"fr-FR","potentialAction":[{"@type":"ReadAction","target":["https:\/\/www.arte.tv\/sites\/olivierpere\/2021\/10\/03\/queimada-de-gillo-pontecorvo-2\/"]}]},{"@type":"BreadcrumbList","@id":"https:\/\/www.arte.tv\/sites\/olivierpere\/2021\/10\/03\/queimada-de-gillo-pontecorvo-2\/#breadcrumb","itemListElement":[{"@type":"ListItem","position":1,"name":"Home","item":"https:\/\/www.arte.tv\/sites\/olivierpere\/"},{"@type":"ListItem","position":2,"name":"Queimada de Gillo Pontecorvo"}]},{"@type":"WebSite","@id":"https:\/\/www.arte.tv\/sites\/olivierpere\/#website","url":"https:\/\/www.arte.tv\/sites\/olivierpere\/","name":"Olivier P\u00e8re","description":"","potentialAction":[{"@type":"SearchAction","target":{"@type":"EntryPoint","urlTemplate":"https:\/\/www.arte.tv\/sites\/olivierpere\/?s={search_term_string}"},"query-input":"required name=search_term_string"}],"inLanguage":"fr-FR"},{"@type":"Person","@id":"https:\/\/www.arte.tv\/sites\/olivierpere\/#\/schema\/person\/dc32cd6c79be95e52d43b97a74182558","name":"Olivier P\u00e8re","image":{"@type":"ImageObject","inLanguage":"fr-FR","@id":"https:\/\/www.arte.tv\/sites\/olivierpere\/#\/schema\/person\/image\/","url":"https:\/\/secure.gravatar.com\/avatar\/bdea7b6a2c195e2c41772429a9694758?s=96&d=mm&r=g","contentUrl":"https:\/\/secure.gravatar.com\/avatar\/bdea7b6a2c195e2c41772429a9694758?s=96&d=mm&r=g","caption":"Olivier P\u00e8re"},"url":"https:\/\/www.arte.tv\/sites\/olivierpere\/author\/pereolivier\/"}]}},"_links":{"self":[{"href":"https:\/\/www.arte.tv\/sites\/olivierpere\/wp-json\/wp\/v2\/posts\/26741"}],"collection":[{"href":"https:\/\/www.arte.tv\/sites\/olivierpere\/wp-json\/wp\/v2\/posts"}],"about":[{"href":"https:\/\/www.arte.tv\/sites\/olivierpere\/wp-json\/wp\/v2\/types\/post"}],"author":[{"embeddable":true,"href":"https:\/\/www.arte.tv\/sites\/olivierpere\/wp-json\/wp\/v2\/users\/116"}],"replies":[{"embeddable":true,"href":"https:\/\/www.arte.tv\/sites\/olivierpere\/wp-json\/wp\/v2\/comments?post=26741"}],"version-history":[{"count":4,"href":"https:\/\/www.arte.tv\/sites\/olivierpere\/wp-json\/wp\/v2\/posts\/26741\/revisions"}],"predecessor-version":[{"id":26746,"href":"https:\/\/www.arte.tv\/sites\/olivierpere\/wp-json\/wp\/v2\/posts\/26741\/revisions\/26746"}],"wp:attachment":[{"href":"https:\/\/www.arte.tv\/sites\/olivierpere\/wp-json\/wp\/v2\/media?parent=26741"}],"wp:term":[{"taxonomy":"category","embeddable":true,"href":"https:\/\/www.arte.tv\/sites\/olivierpere\/wp-json\/wp\/v2\/categories?post=26741"},{"taxonomy":"post_tag","embeddable":true,"href":"https:\/\/www.arte.tv\/sites\/olivierpere\/wp-json\/wp\/v2\/tags?post=26741"}],"curies":[{"name":"wp","href":"https:\/\/api.w.org\/{rel}","templated":true}]}}