{"id":26733,"date":"2021-09-30T08:29:19","date_gmt":"2021-09-30T07:29:19","guid":{"rendered":"https:\/\/www.arte.tv\/sites\/olivierpere\/?p=26733"},"modified":"2021-09-30T08:29:19","modified_gmt":"2021-09-30T07:29:19","slug":"arte-france-cinema-coproduit-les-prochains-films-de-alice-rohrwacher-philippe-garrel-karim-moussaoui-et-jonas-trueba","status":"publish","type":"post","link":"https:\/\/www.arte.tv\/sites\/olivierpere\/2021\/09\/30\/arte-france-cinema-coproduit-les-prochains-films-de-alice-rohrwacher-philippe-garrel-karim-moussaoui-et-jonas-trueba\/","title":{"rendered":"ARTE France Cin\u00e9ma coproduit les prochains films de Alice Rohrwacher, Philippe Garrel, Karim Moussaoui et Jonas Trueba"},"content":{"rendered":"<p><strong>Le comit\u00e9 de s\u00e9lection d\u2019ARTE France Cin\u00e9ma, r\u00e9uni le 16 septembre, a choisi de s\u2019engager dans la coproduction de quatre\u00a0nouveaux longs m\u00e9trages :\u00a0<\/strong><\/p>\n<p><strong><em>\u00a0<\/em><\/strong><\/p>\n<p><strong><em>La Lune crev\u00e9e<\/em><\/strong><strong> de Philippe Garrel<\/strong><\/p>\n<p><strong>Rectangle Productions (France), Close Up Films (Suisse)<\/strong><\/p>\n<p><strong>Avec Louis Garrel, Esther Garrel, L\u00e9na Garrel, Aur\u00e9lien Recoing, Damien Mongin, Francine Berg\u00e9, Mathilde Weil, Asma Messaoudene.<\/strong><\/p>\n<p><strong>Dans ce nouveau film apr\u00e8s\u00a0<em>Le Sel des larmes<\/em>, Philippe Garrel veut raconter la destin\u00e9e romanesque et tragique d\u2019une fratrie d\u2019artistes marionnettistes, en r\u00e9unissant pour la premi\u00e8re fois \u00e0 l\u2019\u00e9cran ses trois enfants Louis, Esther et L\u00e9na. Une corporation qui lui tient particuli\u00e8rement \u00e0 c\u0153ur &#8211; son propre p\u00e8re, Maurice Garrel, fut marionnettiste avant de devenir com\u00e9dien.<\/strong><\/p>\n<p><strong>\u00a0<\/strong><\/p>\n<p><strong><em>Le Retour de Saturne<\/em><\/strong><strong> de Jonas Trueba<\/strong><\/p>\n<p><strong>Capricci Films (France), La Terraza Films (Espagne)<\/strong><\/p>\n<p><strong>Apr\u00e8s s\u2019\u00eatre fait mieux conna\u00eetre en France avec\u00a0<em>Eva en ao\u00fbt<\/em>, le cin\u00e9aste espagnol Jonas Trueba propose un film ambitieux, co-\u00e9crit avec Fernando Navarro, centr\u00e9 sur le groupe de rock andalou\u00a0phare des ann\u00e9es 90,\u00a0<em>Los Planetas.\u00a0<\/em>Mario, un \u00e9tudiant m\u00e9lomane, se lie d&rsquo;amiti\u00e9 avec les membres de ce groupe qu&rsquo;il admire et se retrouve \u00e0 jouer un r\u00f4le inattendu dans leur ascension vers le succ\u00e8s&#8230;\u00a0 La musique est au c\u0153ur de l\u2019intrigue, elle r\u00e9git enti\u00e8rement la vie et les questionnements des protagonistes. La puissance visuelle de la ville de Grenade, riche en couleurs et en lumi\u00e8re, est un personnage \u00e0 part enti\u00e8re.<\/strong><\/p>\n<p><strong>\u00a0<\/strong><\/p>\n<p><strong><em>La Chim\u00e8re<\/em><\/strong><strong> de Alice Rohrwacher<\/strong><\/p>\n<p><strong>Ad Vitam Production (France), Tempesta (Italie), Amca Films (Suisse)<\/p>\n<p>Ann\u00e9es 80, Arthur revient dans une petite ville de la c\u00f4te toscane. Il retrouve une bande de joyeux brigands avec lesquels il pille et revend ill\u00e9galement des vestiges \u00e9trusques. Arthur a un don\u00a0: il ressent le vide. Celui des cavit\u00e9s souterraines mais aussi celui qu\u2019a laiss\u00e9 en lui le souvenir de son amour perdu, Beniamina.<br \/>\n\u00ab\u00a0En filmant \u00e0 travers le regard d\u2019un \u00e9tranger comme Arthur, qui par sa nature m\u00eame, se place entre la vie et la mort, je souhaite vous emmener dans une \u00e9poque, un monde, une histoire qui remet profond\u00e9ment en question notre relation \u00e0 la temporalit\u00e9, au passage du temps et \u00e0 sa signification\u00a0\u00bb. (A. Rohrwacher)<\/strong><\/p>\n<p><strong><em>\u00a0<\/em><\/strong><\/p>\n<p><strong><em>L\u2019Effacement<\/em><\/strong><strong> de Karim Moussaoui<\/strong><\/p>\n<p><strong>Les Films Pell\u00e9as (France), Niko Film (Allemagne), Prol\u00e9gom\u00e8nes (Alg\u00e9rie)<\/strong><strong><\/p>\n<p>Librement adapt\u00e9 du roman\u00a0<em>L\u2019effacement<\/em>\u00a0de Samir Toumi (\u00e9ditions Barzakh, 2016), le sc\u00e9nario propose un point de vue sur l\u2019ali\u00e9nation d\u2019un jeune adulte, Reda, au sein d\u2019une famille bourgeoise alg\u00e9roise, et sa lutte pour s\u2019en sortir.\u00a0<em>L\u2019effacement\u00a0<\/em>est l\u2019histoire d\u2019une partie de la jeune g\u00e9n\u00e9ration bern\u00e9e par les mythes fondateurs\u00a0; une histoire d\u2019emp\u00eachement, o\u00f9 s\u2019entrechoquent d\u00e9sirs personnels et injonctions sociales. C\u2019est \u00e9galement l\u2019histoire d\u2019une transmission rat\u00e9e, qui a cr\u00e9\u00e9 des blancs dans les m\u00e9moires collectives et individuelles.<\/strong><\/p>\n<p><strong>\u00a0<\/strong><\/p>\n","protected":false},"excerpt":{"rendered":"<p>Le comit\u00e9 de s\u00e9lection d\u2019ARTE France Cin\u00e9ma, r\u00e9uni le 16 septembre, a choisi de s\u2019engager dans la coproduction de quatre\u00a0nouveaux\u2026<\/p>\n","protected":false},"author":116,"featured_media":0,"comment_status":"open","ping_status":"open","sticky":false,"template":"","format":"standard","meta":[],"categories":[9,6],"tags":[],"yoast_head":"<!-- This site is optimized with the Yoast SEO plugin v20.8 - https:\/\/yoast.com\/wordpress\/plugins\/seo\/ -->\n<title>ARTE France Cin\u00e9ma coproduit les prochains films de Alice Rohrwacher, Philippe Garrel, Karim Moussaoui et Jonas Trueba - Olivier P\u00e8re<\/title>\n<meta name=\"robots\" content=\"index, follow, max-snippet:-1, max-image-preview:large, max-video-preview:-1\" \/>\n<link rel=\"canonical\" href=\"https:\/\/www.arte.tv\/sites\/olivierpere\/2021\/09\/30\/arte-france-cinema-coproduit-les-prochains-films-de-alice-rohrwacher-philippe-garrel-karim-moussaoui-et-jonas-trueba\/\" \/>\n<meta property=\"og:locale\" content=\"fr_FR\" \/>\n<meta property=\"og:type\" content=\"article\" \/>\n<meta property=\"og:title\" content=\"ARTE France Cin\u00e9ma coproduit les prochains films de Alice Rohrwacher, Philippe Garrel, Karim Moussaoui et Jonas Trueba - Olivier P\u00e8re\" \/>\n<meta property=\"og:description\" content=\"Le comit\u00e9 de s\u00e9lection d\u2019ARTE France Cin\u00e9ma, r\u00e9uni le 16 septembre, a choisi de s\u2019engager dans la coproduction de quatre\u00a0nouveaux\u2026\" \/>\n<meta property=\"og:url\" content=\"https:\/\/www.arte.tv\/sites\/olivierpere\/2021\/09\/30\/arte-france-cinema-coproduit-les-prochains-films-de-alice-rohrwacher-philippe-garrel-karim-moussaoui-et-jonas-trueba\/\" \/>\n<meta property=\"og:site_name\" content=\"Olivier P\u00e8re\" \/>\n<meta property=\"article:published_time\" content=\"2021-09-30T07:29:19+00:00\" \/>\n<meta name=\"author\" content=\"Olivier P\u00e8re\" \/>\n<meta name=\"twitter:label1\" content=\"\u00c9crit par\" \/>\n\t<meta name=\"twitter:data1\" content=\"Olivier P\u00e8re\" \/>\n\t<meta name=\"twitter:label2\" content=\"Dur\u00e9e de lecture estim\u00e9e\" \/>\n\t<meta name=\"twitter:data2\" content=\"2 minutes\" \/>\n<script type=\"application\/ld+json\" class=\"yoast-schema-graph\">{\"@context\":\"https:\/\/schema.org\",\"@graph\":[{\"@type\":\"WebPage\",\"@id\":\"https:\/\/www.arte.tv\/sites\/olivierpere\/2021\/09\/30\/arte-france-cinema-coproduit-les-prochains-films-de-alice-rohrwacher-philippe-garrel-karim-moussaoui-et-jonas-trueba\/\",\"url\":\"https:\/\/www.arte.tv\/sites\/olivierpere\/2021\/09\/30\/arte-france-cinema-coproduit-les-prochains-films-de-alice-rohrwacher-philippe-garrel-karim-moussaoui-et-jonas-trueba\/\",\"name\":\"ARTE France Cin\u00e9ma coproduit les prochains films de Alice Rohrwacher, Philippe Garrel, Karim Moussaoui et Jonas Trueba - Olivier P\u00e8re\",\"isPartOf\":{\"@id\":\"https:\/\/www.arte.tv\/sites\/olivierpere\/#website\"},\"datePublished\":\"2021-09-30T07:29:19+00:00\",\"dateModified\":\"2021-09-30T07:29:19+00:00\",\"author\":{\"@id\":\"https:\/\/www.arte.tv\/sites\/olivierpere\/#\/schema\/person\/dc32cd6c79be95e52d43b97a74182558\"},\"breadcrumb\":{\"@id\":\"https:\/\/www.arte.tv\/sites\/olivierpere\/2021\/09\/30\/arte-france-cinema-coproduit-les-prochains-films-de-alice-rohrwacher-philippe-garrel-karim-moussaoui-et-jonas-trueba\/#breadcrumb\"},\"inLanguage\":\"fr-FR\",\"potentialAction\":[{\"@type\":\"ReadAction\",\"target\":[\"https:\/\/www.arte.tv\/sites\/olivierpere\/2021\/09\/30\/arte-france-cinema-coproduit-les-prochains-films-de-alice-rohrwacher-philippe-garrel-karim-moussaoui-et-jonas-trueba\/\"]}]},{\"@type\":\"BreadcrumbList\",\"@id\":\"https:\/\/www.arte.tv\/sites\/olivierpere\/2021\/09\/30\/arte-france-cinema-coproduit-les-prochains-films-de-alice-rohrwacher-philippe-garrel-karim-moussaoui-et-jonas-trueba\/#breadcrumb\",\"itemListElement\":[{\"@type\":\"ListItem\",\"position\":1,\"name\":\"Home\",\"item\":\"https:\/\/www.arte.tv\/sites\/olivierpere\/\"},{\"@type\":\"ListItem\",\"position\":2,\"name\":\"ARTE France Cin\u00e9ma coproduit les prochains films de Alice Rohrwacher, Philippe Garrel, Karim Moussaoui et Jonas Trueba\"}]},{\"@type\":\"WebSite\",\"@id\":\"https:\/\/www.arte.tv\/sites\/olivierpere\/#website\",\"url\":\"https:\/\/www.arte.tv\/sites\/olivierpere\/\",\"name\":\"Olivier P\u00e8re\",\"description\":\"\",\"potentialAction\":[{\"@type\":\"SearchAction\",\"target\":{\"@type\":\"EntryPoint\",\"urlTemplate\":\"https:\/\/www.arte.tv\/sites\/olivierpere\/?s={search_term_string}\"},\"query-input\":\"required name=search_term_string\"}],\"inLanguage\":\"fr-FR\"},{\"@type\":\"Person\",\"@id\":\"https:\/\/www.arte.tv\/sites\/olivierpere\/#\/schema\/person\/dc32cd6c79be95e52d43b97a74182558\",\"name\":\"Olivier P\u00e8re\",\"image\":{\"@type\":\"ImageObject\",\"inLanguage\":\"fr-FR\",\"@id\":\"https:\/\/www.arte.tv\/sites\/olivierpere\/#\/schema\/person\/image\/\",\"url\":\"https:\/\/secure.gravatar.com\/avatar\/bdea7b6a2c195e2c41772429a9694758?s=96&d=mm&r=g\",\"contentUrl\":\"https:\/\/secure.gravatar.com\/avatar\/bdea7b6a2c195e2c41772429a9694758?s=96&d=mm&r=g\",\"caption\":\"Olivier P\u00e8re\"},\"url\":\"https:\/\/www.arte.tv\/sites\/olivierpere\/author\/pereolivier\/\"}]}<\/script>\n<!-- \/ Yoast SEO plugin. -->","yoast_head_json":{"title":"ARTE France Cin\u00e9ma coproduit les prochains films de Alice Rohrwacher, Philippe Garrel, Karim Moussaoui et Jonas Trueba - Olivier P\u00e8re","robots":{"index":"index","follow":"follow","max-snippet":"max-snippet:-1","max-image-preview":"max-image-preview:large","max-video-preview":"max-video-preview:-1"},"canonical":"https:\/\/www.arte.tv\/sites\/olivierpere\/2021\/09\/30\/arte-france-cinema-coproduit-les-prochains-films-de-alice-rohrwacher-philippe-garrel-karim-moussaoui-et-jonas-trueba\/","og_locale":"fr_FR","og_type":"article","og_title":"ARTE France Cin\u00e9ma coproduit les prochains films de Alice Rohrwacher, Philippe Garrel, Karim Moussaoui et Jonas Trueba - Olivier P\u00e8re","og_description":"Le comit\u00e9 de s\u00e9lection d\u2019ARTE France Cin\u00e9ma, r\u00e9uni le 16 septembre, a choisi de s\u2019engager dans la coproduction de quatre\u00a0nouveaux\u2026","og_url":"https:\/\/www.arte.tv\/sites\/olivierpere\/2021\/09\/30\/arte-france-cinema-coproduit-les-prochains-films-de-alice-rohrwacher-philippe-garrel-karim-moussaoui-et-jonas-trueba\/","og_site_name":"Olivier P\u00e8re","article_published_time":"2021-09-30T07:29:19+00:00","author":"Olivier P\u00e8re","twitter_misc":{"\u00c9crit par":"Olivier P\u00e8re","Dur\u00e9e de lecture estim\u00e9e":"2 minutes"},"schema":{"@context":"https:\/\/schema.org","@graph":[{"@type":"WebPage","@id":"https:\/\/www.arte.tv\/sites\/olivierpere\/2021\/09\/30\/arte-france-cinema-coproduit-les-prochains-films-de-alice-rohrwacher-philippe-garrel-karim-moussaoui-et-jonas-trueba\/","url":"https:\/\/www.arte.tv\/sites\/olivierpere\/2021\/09\/30\/arte-france-cinema-coproduit-les-prochains-films-de-alice-rohrwacher-philippe-garrel-karim-moussaoui-et-jonas-trueba\/","name":"ARTE France Cin\u00e9ma coproduit les prochains films de Alice Rohrwacher, Philippe Garrel, Karim Moussaoui et Jonas Trueba - Olivier P\u00e8re","isPartOf":{"@id":"https:\/\/www.arte.tv\/sites\/olivierpere\/#website"},"datePublished":"2021-09-30T07:29:19+00:00","dateModified":"2021-09-30T07:29:19+00:00","author":{"@id":"https:\/\/www.arte.tv\/sites\/olivierpere\/#\/schema\/person\/dc32cd6c79be95e52d43b97a74182558"},"breadcrumb":{"@id":"https:\/\/www.arte.tv\/sites\/olivierpere\/2021\/09\/30\/arte-france-cinema-coproduit-les-prochains-films-de-alice-rohrwacher-philippe-garrel-karim-moussaoui-et-jonas-trueba\/#breadcrumb"},"inLanguage":"fr-FR","potentialAction":[{"@type":"ReadAction","target":["https:\/\/www.arte.tv\/sites\/olivierpere\/2021\/09\/30\/arte-france-cinema-coproduit-les-prochains-films-de-alice-rohrwacher-philippe-garrel-karim-moussaoui-et-jonas-trueba\/"]}]},{"@type":"BreadcrumbList","@id":"https:\/\/www.arte.tv\/sites\/olivierpere\/2021\/09\/30\/arte-france-cinema-coproduit-les-prochains-films-de-alice-rohrwacher-philippe-garrel-karim-moussaoui-et-jonas-trueba\/#breadcrumb","itemListElement":[{"@type":"ListItem","position":1,"name":"Home","item":"https:\/\/www.arte.tv\/sites\/olivierpere\/"},{"@type":"ListItem","position":2,"name":"ARTE France Cin\u00e9ma coproduit les prochains films de Alice Rohrwacher, Philippe Garrel, Karim Moussaoui et Jonas Trueba"}]},{"@type":"WebSite","@id":"https:\/\/www.arte.tv\/sites\/olivierpere\/#website","url":"https:\/\/www.arte.tv\/sites\/olivierpere\/","name":"Olivier P\u00e8re","description":"","potentialAction":[{"@type":"SearchAction","target":{"@type":"EntryPoint","urlTemplate":"https:\/\/www.arte.tv\/sites\/olivierpere\/?s={search_term_string}"},"query-input":"required name=search_term_string"}],"inLanguage":"fr-FR"},{"@type":"Person","@id":"https:\/\/www.arte.tv\/sites\/olivierpere\/#\/schema\/person\/dc32cd6c79be95e52d43b97a74182558","name":"Olivier P\u00e8re","image":{"@type":"ImageObject","inLanguage":"fr-FR","@id":"https:\/\/www.arte.tv\/sites\/olivierpere\/#\/schema\/person\/image\/","url":"https:\/\/secure.gravatar.com\/avatar\/bdea7b6a2c195e2c41772429a9694758?s=96&d=mm&r=g","contentUrl":"https:\/\/secure.gravatar.com\/avatar\/bdea7b6a2c195e2c41772429a9694758?s=96&d=mm&r=g","caption":"Olivier P\u00e8re"},"url":"https:\/\/www.arte.tv\/sites\/olivierpere\/author\/pereolivier\/"}]}},"_links":{"self":[{"href":"https:\/\/www.arte.tv\/sites\/olivierpere\/wp-json\/wp\/v2\/posts\/26733"}],"collection":[{"href":"https:\/\/www.arte.tv\/sites\/olivierpere\/wp-json\/wp\/v2\/posts"}],"about":[{"href":"https:\/\/www.arte.tv\/sites\/olivierpere\/wp-json\/wp\/v2\/types\/post"}],"author":[{"embeddable":true,"href":"https:\/\/www.arte.tv\/sites\/olivierpere\/wp-json\/wp\/v2\/users\/116"}],"replies":[{"embeddable":true,"href":"https:\/\/www.arte.tv\/sites\/olivierpere\/wp-json\/wp\/v2\/comments?post=26733"}],"version-history":[{"count":1,"href":"https:\/\/www.arte.tv\/sites\/olivierpere\/wp-json\/wp\/v2\/posts\/26733\/revisions"}],"predecessor-version":[{"id":26734,"href":"https:\/\/www.arte.tv\/sites\/olivierpere\/wp-json\/wp\/v2\/posts\/26733\/revisions\/26734"}],"wp:attachment":[{"href":"https:\/\/www.arte.tv\/sites\/olivierpere\/wp-json\/wp\/v2\/media?parent=26733"}],"wp:term":[{"taxonomy":"category","embeddable":true,"href":"https:\/\/www.arte.tv\/sites\/olivierpere\/wp-json\/wp\/v2\/categories?post=26733"},{"taxonomy":"post_tag","embeddable":true,"href":"https:\/\/www.arte.tv\/sites\/olivierpere\/wp-json\/wp\/v2\/tags?post=26733"}],"curies":[{"name":"wp","href":"https:\/\/api.w.org\/{rel}","templated":true}]}}