{"id":26725,"date":"2021-08-25T11:16:15","date_gmt":"2021-08-25T10:16:15","guid":{"rendered":"https:\/\/www.arte.tv\/sites\/olivierpere\/?p=26725"},"modified":"2021-09-29T11:25:07","modified_gmt":"2021-09-29T10:25:07","slug":"making-of-de-la-traversee-de-florence-miailhe","status":"publish","type":"post","link":"https:\/\/www.arte.tv\/sites\/olivierpere\/2021\/08\/25\/making-of-de-la-traversee-de-florence-miailhe\/","title":{"rendered":"Making of de La Travers\u00e9e de Florence Miailhe"},"content":{"rendered":"<p><iframe loading=\"lazy\" style=\"margin: 0 auto;background-color: #000000\" src=\"https:\/\/www.arte.tv\/player\/v6\/?lang=fr_FR&amp;version=&amp;json_url=https%3A%2F%2Fapi.arte.tv%2Fapi%2Fplayer%2Fv2%2Fconfig%2Ffr%2F103554-005-A%3Fautoplay%3Dfalse\" width=\"720\" height=\"406\" frameborder=\"0\" scrolling=\"no\"><\/iframe><\/p>\n<p><strong>Florence Miailhe et sa co-sc\u00e9nariste Marie Desplechin nous pr\u00e9sentent le premi\u00e8re long m\u00e9trage de la r\u00e9alisatrice, <em>La Travers\u00e9e<\/em>. Fid\u00e8le \u00e0 sa technique atypique, la peinture \u00e0 l\u2019huile sous cam\u00e9ra, et son univers po\u00e9tique qui lui ont valu de nombreuses r\u00e9compenses avec ses courts m\u00e9trages, Florence Miailhe raconte le voyage initiatique d\u2019un fr\u00e8re et d\u2019une s\u0153ur tentant d\u2019\u00e9chapper \u00e0 ceux qui les traquent pour rejoindre un pays au r\u00e9gime plus cl\u00e9ment. Ils traverseront un continent rong\u00e9 par la chasse aux migrants et devront survivre aux \u00e9preuves, \u00e0 la fois fantastiques et bien r\u00e9elles, avant d\u2019atteindre un Nouveau Monde, libres.\u00a0<\/strong><\/p>\n<p><strong>Un film d&rsquo;animation magnifique pour tous les publics, \u00e0 d\u00e9couvrir en salle mercredi 29 septembre, distribu\u00e9 par Gebeka Films.<\/strong><\/p>\n<div id=\"attachment_26726\" style=\"width: 2008px\" class=\"wp-caption alignnone\"><img aria-describedby=\"caption-attachment-26726\" decoding=\"async\" loading=\"lazy\" class=\"size-full wp-image-26726\" src=\"https:\/\/www.arte.tv\/sites\/olivierpere\/files\/la-traversee-3-2.jpg\" alt=\"La Travers\u00e9e de Florence Miailhe\" width=\"1998\" height=\"1080\" srcset=\"https:\/\/www.arte.tv\/sites\/olivierpere\/files\/la-traversee-3-2.jpg 1998w, https:\/\/www.arte.tv\/sites\/olivierpere\/files\/la-traversee-3-2-518x280.jpg 518w, https:\/\/www.arte.tv\/sites\/olivierpere\/files\/la-traversee-3-2-1024x554.jpg 1024w, https:\/\/www.arte.tv\/sites\/olivierpere\/files\/la-traversee-3-2-768x415.jpg 768w, https:\/\/www.arte.tv\/sites\/olivierpere\/files\/la-traversee-3-2-1536x830.jpg 1536w, https:\/\/www.arte.tv\/sites\/olivierpere\/files\/la-traversee-3-2-580x314.jpg 580w\" sizes=\"(max-width: 1998px) 100vw, 1998px\" \/><p id=\"caption-attachment-26726\" class=\"wp-caption-text\"><strong><em>La Travers\u00e9e<\/em> de Florence Miailhe<\/strong><\/p><\/div>\n","protected":false},"excerpt":{"rendered":"<p>Florence Miailhe et sa co-sc\u00e9nariste Marie Desplechin nous pr\u00e9sentent le premi\u00e8re long m\u00e9trage de la r\u00e9alisatrice, La Travers\u00e9e. Fid\u00e8le \u00e0\u2026<\/p>\n","protected":false},"author":116,"featured_media":26726,"comment_status":"open","ping_status":"open","sticky":false,"template":"","format":"standard","meta":[],"categories":[9,6,7],"tags":[],"yoast_head":"<!-- This site is optimized with the Yoast SEO plugin v20.8 - https:\/\/yoast.com\/wordpress\/plugins\/seo\/ -->\n<title>Making of de La Travers\u00e9e de Florence Miailhe - Olivier P\u00e8re<\/title>\n<meta name=\"robots\" content=\"index, follow, max-snippet:-1, max-image-preview:large, max-video-preview:-1\" \/>\n<link rel=\"canonical\" href=\"https:\/\/www.arte.tv\/sites\/olivierpere\/2021\/08\/25\/making-of-de-la-traversee-de-florence-miailhe\/\" \/>\n<meta property=\"og:locale\" content=\"fr_FR\" \/>\n<meta property=\"og:type\" content=\"article\" \/>\n<meta property=\"og:title\" content=\"Making of de La Travers\u00e9e de Florence Miailhe - Olivier P\u00e8re\" \/>\n<meta property=\"og:description\" content=\"Florence Miailhe et sa co-sc\u00e9nariste Marie Desplechin nous pr\u00e9sentent le premi\u00e8re long m\u00e9trage de la r\u00e9alisatrice, La Travers\u00e9e. Fid\u00e8le \u00e0\u2026\" \/>\n<meta property=\"og:url\" content=\"https:\/\/www.arte.tv\/sites\/olivierpere\/2021\/08\/25\/making-of-de-la-traversee-de-florence-miailhe\/\" \/>\n<meta property=\"og:site_name\" content=\"Olivier P\u00e8re\" \/>\n<meta property=\"article:published_time\" content=\"2021-08-25T10:16:15+00:00\" \/>\n<meta property=\"article:modified_time\" content=\"2021-09-29T10:25:07+00:00\" \/>\n<meta property=\"og:image\" content=\"https:\/\/www.arte.tv\/sites\/olivierpere\/files\/la-traversee-3-2-1024x554.jpg\" \/>\n\t<meta property=\"og:image:width\" content=\"1024\" \/>\n\t<meta property=\"og:image:height\" content=\"554\" \/>\n\t<meta property=\"og:image:type\" content=\"image\/jpeg\" \/>\n<meta name=\"author\" content=\"Olivier P\u00e8re\" \/>\n<meta name=\"twitter:label1\" content=\"\u00c9crit par\" \/>\n\t<meta name=\"twitter:data1\" content=\"Olivier P\u00e8re\" \/>\n\t<meta name=\"twitter:label2\" content=\"Dur\u00e9e de lecture estim\u00e9e\" \/>\n\t<meta name=\"twitter:data2\" content=\"1 minute\" \/>\n<script type=\"application\/ld+json\" class=\"yoast-schema-graph\">{\"@context\":\"https:\/\/schema.org\",\"@graph\":[{\"@type\":\"WebPage\",\"@id\":\"https:\/\/www.arte.tv\/sites\/olivierpere\/2021\/08\/25\/making-of-de-la-traversee-de-florence-miailhe\/\",\"url\":\"https:\/\/www.arte.tv\/sites\/olivierpere\/2021\/08\/25\/making-of-de-la-traversee-de-florence-miailhe\/\",\"name\":\"Making of de La Travers\u00e9e de Florence Miailhe - Olivier P\u00e8re\",\"isPartOf\":{\"@id\":\"https:\/\/www.arte.tv\/sites\/olivierpere\/#website\"},\"datePublished\":\"2021-08-25T10:16:15+00:00\",\"dateModified\":\"2021-09-29T10:25:07+00:00\",\"author\":{\"@id\":\"https:\/\/www.arte.tv\/sites\/olivierpere\/#\/schema\/person\/dc32cd6c79be95e52d43b97a74182558\"},\"breadcrumb\":{\"@id\":\"https:\/\/www.arte.tv\/sites\/olivierpere\/2021\/08\/25\/making-of-de-la-traversee-de-florence-miailhe\/#breadcrumb\"},\"inLanguage\":\"fr-FR\",\"potentialAction\":[{\"@type\":\"ReadAction\",\"target\":[\"https:\/\/www.arte.tv\/sites\/olivierpere\/2021\/08\/25\/making-of-de-la-traversee-de-florence-miailhe\/\"]}]},{\"@type\":\"BreadcrumbList\",\"@id\":\"https:\/\/www.arte.tv\/sites\/olivierpere\/2021\/08\/25\/making-of-de-la-traversee-de-florence-miailhe\/#breadcrumb\",\"itemListElement\":[{\"@type\":\"ListItem\",\"position\":1,\"name\":\"Home\",\"item\":\"https:\/\/www.arte.tv\/sites\/olivierpere\/\"},{\"@type\":\"ListItem\",\"position\":2,\"name\":\"Making of de La Travers\u00e9e de Florence Miailhe\"}]},{\"@type\":\"WebSite\",\"@id\":\"https:\/\/www.arte.tv\/sites\/olivierpere\/#website\",\"url\":\"https:\/\/www.arte.tv\/sites\/olivierpere\/\",\"name\":\"Olivier P\u00e8re\",\"description\":\"\",\"potentialAction\":[{\"@type\":\"SearchAction\",\"target\":{\"@type\":\"EntryPoint\",\"urlTemplate\":\"https:\/\/www.arte.tv\/sites\/olivierpere\/?s={search_term_string}\"},\"query-input\":\"required name=search_term_string\"}],\"inLanguage\":\"fr-FR\"},{\"@type\":\"Person\",\"@id\":\"https:\/\/www.arte.tv\/sites\/olivierpere\/#\/schema\/person\/dc32cd6c79be95e52d43b97a74182558\",\"name\":\"Olivier P\u00e8re\",\"image\":{\"@type\":\"ImageObject\",\"inLanguage\":\"fr-FR\",\"@id\":\"https:\/\/www.arte.tv\/sites\/olivierpere\/#\/schema\/person\/image\/\",\"url\":\"https:\/\/secure.gravatar.com\/avatar\/bdea7b6a2c195e2c41772429a9694758?s=96&d=mm&r=g\",\"contentUrl\":\"https:\/\/secure.gravatar.com\/avatar\/bdea7b6a2c195e2c41772429a9694758?s=96&d=mm&r=g\",\"caption\":\"Olivier P\u00e8re\"},\"url\":\"https:\/\/www.arte.tv\/sites\/olivierpere\/author\/pereolivier\/\"}]}<\/script>\n<!-- \/ Yoast SEO plugin. -->","yoast_head_json":{"title":"Making of de La Travers\u00e9e de Florence Miailhe - Olivier P\u00e8re","robots":{"index":"index","follow":"follow","max-snippet":"max-snippet:-1","max-image-preview":"max-image-preview:large","max-video-preview":"max-video-preview:-1"},"canonical":"https:\/\/www.arte.tv\/sites\/olivierpere\/2021\/08\/25\/making-of-de-la-traversee-de-florence-miailhe\/","og_locale":"fr_FR","og_type":"article","og_title":"Making of de La Travers\u00e9e de Florence Miailhe - Olivier P\u00e8re","og_description":"Florence Miailhe et sa co-sc\u00e9nariste Marie Desplechin nous pr\u00e9sentent le premi\u00e8re long m\u00e9trage de la r\u00e9alisatrice, La Travers\u00e9e. Fid\u00e8le \u00e0\u2026","og_url":"https:\/\/www.arte.tv\/sites\/olivierpere\/2021\/08\/25\/making-of-de-la-traversee-de-florence-miailhe\/","og_site_name":"Olivier P\u00e8re","article_published_time":"2021-08-25T10:16:15+00:00","article_modified_time":"2021-09-29T10:25:07+00:00","og_image":[{"width":1024,"height":554,"url":"https:\/\/www.arte.tv\/sites\/olivierpere\/files\/la-traversee-3-2-1024x554.jpg","type":"image\/jpeg"}],"author":"Olivier P\u00e8re","twitter_misc":{"\u00c9crit par":"Olivier P\u00e8re","Dur\u00e9e de lecture estim\u00e9e":"1 minute"},"schema":{"@context":"https:\/\/schema.org","@graph":[{"@type":"WebPage","@id":"https:\/\/www.arte.tv\/sites\/olivierpere\/2021\/08\/25\/making-of-de-la-traversee-de-florence-miailhe\/","url":"https:\/\/www.arte.tv\/sites\/olivierpere\/2021\/08\/25\/making-of-de-la-traversee-de-florence-miailhe\/","name":"Making of de La Travers\u00e9e de Florence Miailhe - Olivier P\u00e8re","isPartOf":{"@id":"https:\/\/www.arte.tv\/sites\/olivierpere\/#website"},"datePublished":"2021-08-25T10:16:15+00:00","dateModified":"2021-09-29T10:25:07+00:00","author":{"@id":"https:\/\/www.arte.tv\/sites\/olivierpere\/#\/schema\/person\/dc32cd6c79be95e52d43b97a74182558"},"breadcrumb":{"@id":"https:\/\/www.arte.tv\/sites\/olivierpere\/2021\/08\/25\/making-of-de-la-traversee-de-florence-miailhe\/#breadcrumb"},"inLanguage":"fr-FR","potentialAction":[{"@type":"ReadAction","target":["https:\/\/www.arte.tv\/sites\/olivierpere\/2021\/08\/25\/making-of-de-la-traversee-de-florence-miailhe\/"]}]},{"@type":"BreadcrumbList","@id":"https:\/\/www.arte.tv\/sites\/olivierpere\/2021\/08\/25\/making-of-de-la-traversee-de-florence-miailhe\/#breadcrumb","itemListElement":[{"@type":"ListItem","position":1,"name":"Home","item":"https:\/\/www.arte.tv\/sites\/olivierpere\/"},{"@type":"ListItem","position":2,"name":"Making of de La Travers\u00e9e de Florence Miailhe"}]},{"@type":"WebSite","@id":"https:\/\/www.arte.tv\/sites\/olivierpere\/#website","url":"https:\/\/www.arte.tv\/sites\/olivierpere\/","name":"Olivier P\u00e8re","description":"","potentialAction":[{"@type":"SearchAction","target":{"@type":"EntryPoint","urlTemplate":"https:\/\/www.arte.tv\/sites\/olivierpere\/?s={search_term_string}"},"query-input":"required name=search_term_string"}],"inLanguage":"fr-FR"},{"@type":"Person","@id":"https:\/\/www.arte.tv\/sites\/olivierpere\/#\/schema\/person\/dc32cd6c79be95e52d43b97a74182558","name":"Olivier P\u00e8re","image":{"@type":"ImageObject","inLanguage":"fr-FR","@id":"https:\/\/www.arte.tv\/sites\/olivierpere\/#\/schema\/person\/image\/","url":"https:\/\/secure.gravatar.com\/avatar\/bdea7b6a2c195e2c41772429a9694758?s=96&d=mm&r=g","contentUrl":"https:\/\/secure.gravatar.com\/avatar\/bdea7b6a2c195e2c41772429a9694758?s=96&d=mm&r=g","caption":"Olivier P\u00e8re"},"url":"https:\/\/www.arte.tv\/sites\/olivierpere\/author\/pereolivier\/"}]}},"_links":{"self":[{"href":"https:\/\/www.arte.tv\/sites\/olivierpere\/wp-json\/wp\/v2\/posts\/26725"}],"collection":[{"href":"https:\/\/www.arte.tv\/sites\/olivierpere\/wp-json\/wp\/v2\/posts"}],"about":[{"href":"https:\/\/www.arte.tv\/sites\/olivierpere\/wp-json\/wp\/v2\/types\/post"}],"author":[{"embeddable":true,"href":"https:\/\/www.arte.tv\/sites\/olivierpere\/wp-json\/wp\/v2\/users\/116"}],"replies":[{"embeddable":true,"href":"https:\/\/www.arte.tv\/sites\/olivierpere\/wp-json\/wp\/v2\/comments?post=26725"}],"version-history":[{"count":1,"href":"https:\/\/www.arte.tv\/sites\/olivierpere\/wp-json\/wp\/v2\/posts\/26725\/revisions"}],"predecessor-version":[{"id":26727,"href":"https:\/\/www.arte.tv\/sites\/olivierpere\/wp-json\/wp\/v2\/posts\/26725\/revisions\/26727"}],"wp:featuredmedia":[{"embeddable":true,"href":"https:\/\/www.arte.tv\/sites\/olivierpere\/wp-json\/wp\/v2\/media\/26726"}],"wp:attachment":[{"href":"https:\/\/www.arte.tv\/sites\/olivierpere\/wp-json\/wp\/v2\/media?parent=26725"}],"wp:term":[{"taxonomy":"category","embeddable":true,"href":"https:\/\/www.arte.tv\/sites\/olivierpere\/wp-json\/wp\/v2\/categories?post=26725"},{"taxonomy":"post_tag","embeddable":true,"href":"https:\/\/www.arte.tv\/sites\/olivierpere\/wp-json\/wp\/v2\/tags?post=26725"}],"curies":[{"name":"wp","href":"https:\/\/api.w.org\/{rel}","templated":true}]}}