{"id":26722,"date":"2021-08-24T12:06:18","date_gmt":"2021-08-24T11:06:18","guid":{"rendered":"https:\/\/www.arte.tv\/sites\/olivierpere\/?p=26722"},"modified":"2021-09-30T08:08:38","modified_gmt":"2021-09-30T07:08:38","slug":"la-mort-en-ce-jardin-de-luis-bunuel","status":"publish","type":"post","link":"https:\/\/www.arte.tv\/sites\/olivierpere\/2021\/08\/24\/la-mort-en-ce-jardin-de-luis-bunuel\/","title":{"rendered":"La Mort en ce jardin de Luis Bunuel"},"content":{"rendered":"<p><strong>ARTE propose une soir\u00e9e d\u00e9di\u00e9e \u00e0 Luis Bunuel lundi 27 septembre avec la diffusion de deux films\u00a0: <em>La Mort en ce jardin<\/em> (1956) \u00e0 20h55 et <em>Le Charme discret de la bourgeoisie<\/em> (1972) \u00e0 22h40. Deux titres associ\u00e9s \u00e0 deux p\u00e9riodes diff\u00e9rentes de la carri\u00e8re fran\u00e7aise du cin\u00e9aste aragonais. A la fin des ann\u00e9es 40, en raison de ses convictions politiques et de la censure franquiste, Bunuel s\u2019est exil\u00e9 au Mexique o\u00f9 il tourne de nombreux films plus ou moins personnels. Dans les ann\u00e9es 50, il signe deux coproductions franco-mexicaines qui amorcent son retour en Europe au d\u00e9but de la d\u00e9cennie suivante\u00a0: <em>La Mort en ce jardin<\/em> et <em>La fi\u00e8vre monte \u00e0 El Pao<\/em>. <em>La Mort en ce jardin<\/em> est un film d\u2019aventures interpr\u00e9t\u00e9 par des vedettes fran\u00e7aises (Simone Signoret, Charles Vanel, Georges Marchal, Michel Piccoli) et enti\u00e8rement tourn\u00e9 au Mexique. Il t\u00e9moigne de la capacit\u00e9 du cin\u00e9aste \u00e0 insuffler des th\u00e8mes et des obsessions qui lui sont propres au sein d\u2019un syst\u00e8me cin\u00e9matographique commercial. A l\u2019\u00e9poque, d\u2019autres productions de prestige prennent comme cadre l\u2019Am\u00e9rique centrale, comme <em>Le Salaire de la peur<\/em> de Clouzot ou <em>Les Orgueilleux<\/em> d\u2019Yves All\u00e9gret. L\u2019exotisme s\u2019y m\u00eale \u00e0 des consid\u00e9rations politiques et psychologiques. Bunuel situe l\u2019action de son film dans un pays imaginaire d\u2019Am\u00e9rique latine \u00e0 la fronti\u00e8re du Br\u00e9sil, o\u00f9 gronde la r\u00e9volte de prospecteurs de diamants exploit\u00e9s par un despote local. C\u2019est dans ce contexte explosif que va se constituer un groupe h\u00e9t\u00e9roclite contraint \u00e0 la fuite dans la jungle : un aventurier, une prostitu\u00e9e, un missionnaire, un vieux trafiquant enrichi et sa fille sourde-muette (interpr\u00e9t\u00e9 par la d\u00e9butante Mich\u00e8le Girardon).<\/strong><\/p>\n<p><strong>Des p\u00e9rip\u00e9ties violentes dignes d\u2019un serial offrent \u00e0 Bunuel l\u2019occasion de cr\u00e9er de saisissantes images surr\u00e9alistes, et de b\u00e2tir un huis-clos en pleine nature hostile, charg\u00e9 de tension sexuelle, o\u00f9 tombent les masques de la soci\u00e9t\u00e9 pour r\u00e9v\u00e9ler la v\u00e9rit\u00e9 cach\u00e9e de chaque personnage. Bunuel y exprime avec virulence sa haine de tous les syst\u00e8mes d\u2019oppression, de l\u2019hypocrisie des bigots et du pouvoir corrupteur de l\u2019argent. Il oppose \u00e0 une soci\u00e9t\u00e9 d\u00e9cadente l\u2019innocence et la puret\u00e9 d\u2019une jeune fille et l\u2019int\u00e9grit\u00e9 de son h\u00e9ros, qui refuse la moindre entrave \u00e0 son ind\u00e9pendance. Ce r\u00e9cit de survie teint\u00e9 de symbolisme posa plusieurs probl\u00e8mes d\u2019adaptation \u00e0 Bunuel, qui b\u00e9n\u00e9ficia de l\u2019aide de Raymond Queneau, \u00e9galement auteur des superbes dialogues po\u00e9tiques de la version fran\u00e7aise. R\u00e9put\u00e9 mineur, La Mort en ce jardin n\u2019en demeure pas moins une g\u00e9niale incursion de Bunuel dans le cin\u00e9ma d\u2019aventures, avec une tr\u00e8s belle utilisation de la couleur, doubl\u00e9e d\u2019un hymne \u00e0 la r\u00e9sistance et \u00e0 la libert\u00e9.<\/strong><\/p>\n<p><strong><em>La Mort en ce jardin<\/em><\/strong><strong> est \u00e9galement disponible gratuitement en t\u00e9l\u00e9vision de rattrapage sur ARTE.tv jusqu\u2019au 4 octobre. ARTE diffusera prochainement deux autres films de Luis Bunuel, <em>L\u2019Ange exterminateur<\/em> (1962) le 29 janvier et <em>Cela s\u2019appelle l\u2019aurore<\/em> (1956).<\/strong><\/p>\n<p><strong>Le Cinemed (Festival international du cin\u00e9ma m\u00e9diterran\u00e9en \u00e0 Montpellier) proposera lors de sa prochaine \u00e9dition du 15 au 23 octobre 2021 une r\u00e9trospective des films de Luis Bunuel.<\/strong><\/p>\n","protected":false},"excerpt":{"rendered":"<p>ARTE propose une soir\u00e9e d\u00e9di\u00e9e \u00e0 Luis Bunuel lundi 27 septembre avec la diffusion de deux films\u00a0: La Mort en\u2026<\/p>\n","protected":false},"author":116,"featured_media":0,"comment_status":"open","ping_status":"open","sticky":false,"template":"","format":"standard","meta":[],"categories":[9,8],"tags":[],"yoast_head":"<!-- This site is optimized with the Yoast SEO plugin v20.8 - https:\/\/yoast.com\/wordpress\/plugins\/seo\/ -->\n<title>La Mort en ce jardin de Luis Bunuel - Olivier P\u00e8re<\/title>\n<meta name=\"robots\" content=\"index, follow, max-snippet:-1, max-image-preview:large, max-video-preview:-1\" \/>\n<link rel=\"canonical\" href=\"https:\/\/www.arte.tv\/sites\/olivierpere\/2021\/08\/24\/la-mort-en-ce-jardin-de-luis-bunuel\/\" \/>\n<meta property=\"og:locale\" content=\"fr_FR\" \/>\n<meta property=\"og:type\" content=\"article\" \/>\n<meta property=\"og:title\" content=\"La Mort en ce jardin de Luis Bunuel - Olivier P\u00e8re\" \/>\n<meta property=\"og:description\" content=\"ARTE propose une soir\u00e9e d\u00e9di\u00e9e \u00e0 Luis Bunuel lundi 27 septembre avec la diffusion de deux films\u00a0: La Mort en\u2026\" \/>\n<meta property=\"og:url\" content=\"https:\/\/www.arte.tv\/sites\/olivierpere\/2021\/08\/24\/la-mort-en-ce-jardin-de-luis-bunuel\/\" \/>\n<meta property=\"og:site_name\" content=\"Olivier P\u00e8re\" \/>\n<meta property=\"article:published_time\" content=\"2021-08-24T11:06:18+00:00\" \/>\n<meta property=\"article:modified_time\" content=\"2021-09-30T07:08:38+00:00\" \/>\n<meta name=\"author\" content=\"Olivier P\u00e8re\" \/>\n<meta name=\"twitter:label1\" content=\"\u00c9crit par\" \/>\n\t<meta name=\"twitter:data1\" content=\"Olivier P\u00e8re\" \/>\n\t<meta name=\"twitter:label2\" content=\"Dur\u00e9e de lecture estim\u00e9e\" \/>\n\t<meta name=\"twitter:data2\" content=\"3 minutes\" \/>\n<script type=\"application\/ld+json\" class=\"yoast-schema-graph\">{\"@context\":\"https:\/\/schema.org\",\"@graph\":[{\"@type\":\"WebPage\",\"@id\":\"https:\/\/www.arte.tv\/sites\/olivierpere\/2021\/08\/24\/la-mort-en-ce-jardin-de-luis-bunuel\/\",\"url\":\"https:\/\/www.arte.tv\/sites\/olivierpere\/2021\/08\/24\/la-mort-en-ce-jardin-de-luis-bunuel\/\",\"name\":\"La Mort en ce jardin de Luis Bunuel - Olivier P\u00e8re\",\"isPartOf\":{\"@id\":\"https:\/\/www.arte.tv\/sites\/olivierpere\/#website\"},\"datePublished\":\"2021-08-24T11:06:18+00:00\",\"dateModified\":\"2021-09-30T07:08:38+00:00\",\"author\":{\"@id\":\"https:\/\/www.arte.tv\/sites\/olivierpere\/#\/schema\/person\/dc32cd6c79be95e52d43b97a74182558\"},\"breadcrumb\":{\"@id\":\"https:\/\/www.arte.tv\/sites\/olivierpere\/2021\/08\/24\/la-mort-en-ce-jardin-de-luis-bunuel\/#breadcrumb\"},\"inLanguage\":\"fr-FR\",\"potentialAction\":[{\"@type\":\"ReadAction\",\"target\":[\"https:\/\/www.arte.tv\/sites\/olivierpere\/2021\/08\/24\/la-mort-en-ce-jardin-de-luis-bunuel\/\"]}]},{\"@type\":\"BreadcrumbList\",\"@id\":\"https:\/\/www.arte.tv\/sites\/olivierpere\/2021\/08\/24\/la-mort-en-ce-jardin-de-luis-bunuel\/#breadcrumb\",\"itemListElement\":[{\"@type\":\"ListItem\",\"position\":1,\"name\":\"Home\",\"item\":\"https:\/\/www.arte.tv\/sites\/olivierpere\/\"},{\"@type\":\"ListItem\",\"position\":2,\"name\":\"La Mort en ce jardin de Luis Bunuel\"}]},{\"@type\":\"WebSite\",\"@id\":\"https:\/\/www.arte.tv\/sites\/olivierpere\/#website\",\"url\":\"https:\/\/www.arte.tv\/sites\/olivierpere\/\",\"name\":\"Olivier P\u00e8re\",\"description\":\"\",\"potentialAction\":[{\"@type\":\"SearchAction\",\"target\":{\"@type\":\"EntryPoint\",\"urlTemplate\":\"https:\/\/www.arte.tv\/sites\/olivierpere\/?s={search_term_string}\"},\"query-input\":\"required name=search_term_string\"}],\"inLanguage\":\"fr-FR\"},{\"@type\":\"Person\",\"@id\":\"https:\/\/www.arte.tv\/sites\/olivierpere\/#\/schema\/person\/dc32cd6c79be95e52d43b97a74182558\",\"name\":\"Olivier P\u00e8re\",\"image\":{\"@type\":\"ImageObject\",\"inLanguage\":\"fr-FR\",\"@id\":\"https:\/\/www.arte.tv\/sites\/olivierpere\/#\/schema\/person\/image\/\",\"url\":\"https:\/\/secure.gravatar.com\/avatar\/bdea7b6a2c195e2c41772429a9694758?s=96&d=mm&r=g\",\"contentUrl\":\"https:\/\/secure.gravatar.com\/avatar\/bdea7b6a2c195e2c41772429a9694758?s=96&d=mm&r=g\",\"caption\":\"Olivier P\u00e8re\"},\"url\":\"https:\/\/www.arte.tv\/sites\/olivierpere\/author\/pereolivier\/\"}]}<\/script>\n<!-- \/ Yoast SEO plugin. -->","yoast_head_json":{"title":"La Mort en ce jardin de Luis Bunuel - Olivier P\u00e8re","robots":{"index":"index","follow":"follow","max-snippet":"max-snippet:-1","max-image-preview":"max-image-preview:large","max-video-preview":"max-video-preview:-1"},"canonical":"https:\/\/www.arte.tv\/sites\/olivierpere\/2021\/08\/24\/la-mort-en-ce-jardin-de-luis-bunuel\/","og_locale":"fr_FR","og_type":"article","og_title":"La Mort en ce jardin de Luis Bunuel - Olivier P\u00e8re","og_description":"ARTE propose une soir\u00e9e d\u00e9di\u00e9e \u00e0 Luis Bunuel lundi 27 septembre avec la diffusion de deux films\u00a0: La Mort en\u2026","og_url":"https:\/\/www.arte.tv\/sites\/olivierpere\/2021\/08\/24\/la-mort-en-ce-jardin-de-luis-bunuel\/","og_site_name":"Olivier P\u00e8re","article_published_time":"2021-08-24T11:06:18+00:00","article_modified_time":"2021-09-30T07:08:38+00:00","author":"Olivier P\u00e8re","twitter_misc":{"\u00c9crit par":"Olivier P\u00e8re","Dur\u00e9e de lecture estim\u00e9e":"3 minutes"},"schema":{"@context":"https:\/\/schema.org","@graph":[{"@type":"WebPage","@id":"https:\/\/www.arte.tv\/sites\/olivierpere\/2021\/08\/24\/la-mort-en-ce-jardin-de-luis-bunuel\/","url":"https:\/\/www.arte.tv\/sites\/olivierpere\/2021\/08\/24\/la-mort-en-ce-jardin-de-luis-bunuel\/","name":"La Mort en ce jardin de Luis Bunuel - Olivier P\u00e8re","isPartOf":{"@id":"https:\/\/www.arte.tv\/sites\/olivierpere\/#website"},"datePublished":"2021-08-24T11:06:18+00:00","dateModified":"2021-09-30T07:08:38+00:00","author":{"@id":"https:\/\/www.arte.tv\/sites\/olivierpere\/#\/schema\/person\/dc32cd6c79be95e52d43b97a74182558"},"breadcrumb":{"@id":"https:\/\/www.arte.tv\/sites\/olivierpere\/2021\/08\/24\/la-mort-en-ce-jardin-de-luis-bunuel\/#breadcrumb"},"inLanguage":"fr-FR","potentialAction":[{"@type":"ReadAction","target":["https:\/\/www.arte.tv\/sites\/olivierpere\/2021\/08\/24\/la-mort-en-ce-jardin-de-luis-bunuel\/"]}]},{"@type":"BreadcrumbList","@id":"https:\/\/www.arte.tv\/sites\/olivierpere\/2021\/08\/24\/la-mort-en-ce-jardin-de-luis-bunuel\/#breadcrumb","itemListElement":[{"@type":"ListItem","position":1,"name":"Home","item":"https:\/\/www.arte.tv\/sites\/olivierpere\/"},{"@type":"ListItem","position":2,"name":"La Mort en ce jardin de Luis Bunuel"}]},{"@type":"WebSite","@id":"https:\/\/www.arte.tv\/sites\/olivierpere\/#website","url":"https:\/\/www.arte.tv\/sites\/olivierpere\/","name":"Olivier P\u00e8re","description":"","potentialAction":[{"@type":"SearchAction","target":{"@type":"EntryPoint","urlTemplate":"https:\/\/www.arte.tv\/sites\/olivierpere\/?s={search_term_string}"},"query-input":"required name=search_term_string"}],"inLanguage":"fr-FR"},{"@type":"Person","@id":"https:\/\/www.arte.tv\/sites\/olivierpere\/#\/schema\/person\/dc32cd6c79be95e52d43b97a74182558","name":"Olivier P\u00e8re","image":{"@type":"ImageObject","inLanguage":"fr-FR","@id":"https:\/\/www.arte.tv\/sites\/olivierpere\/#\/schema\/person\/image\/","url":"https:\/\/secure.gravatar.com\/avatar\/bdea7b6a2c195e2c41772429a9694758?s=96&d=mm&r=g","contentUrl":"https:\/\/secure.gravatar.com\/avatar\/bdea7b6a2c195e2c41772429a9694758?s=96&d=mm&r=g","caption":"Olivier P\u00e8re"},"url":"https:\/\/www.arte.tv\/sites\/olivierpere\/author\/pereolivier\/"}]}},"_links":{"self":[{"href":"https:\/\/www.arte.tv\/sites\/olivierpere\/wp-json\/wp\/v2\/posts\/26722"}],"collection":[{"href":"https:\/\/www.arte.tv\/sites\/olivierpere\/wp-json\/wp\/v2\/posts"}],"about":[{"href":"https:\/\/www.arte.tv\/sites\/olivierpere\/wp-json\/wp\/v2\/types\/post"}],"author":[{"embeddable":true,"href":"https:\/\/www.arte.tv\/sites\/olivierpere\/wp-json\/wp\/v2\/users\/116"}],"replies":[{"embeddable":true,"href":"https:\/\/www.arte.tv\/sites\/olivierpere\/wp-json\/wp\/v2\/comments?post=26722"}],"version-history":[{"count":3,"href":"https:\/\/www.arte.tv\/sites\/olivierpere\/wp-json\/wp\/v2\/posts\/26722\/revisions"}],"predecessor-version":[{"id":26732,"href":"https:\/\/www.arte.tv\/sites\/olivierpere\/wp-json\/wp\/v2\/posts\/26722\/revisions\/26732"}],"wp:attachment":[{"href":"https:\/\/www.arte.tv\/sites\/olivierpere\/wp-json\/wp\/v2\/media?parent=26722"}],"wp:term":[{"taxonomy":"category","embeddable":true,"href":"https:\/\/www.arte.tv\/sites\/olivierpere\/wp-json\/wp\/v2\/categories?post=26722"},{"taxonomy":"post_tag","embeddable":true,"href":"https:\/\/www.arte.tv\/sites\/olivierpere\/wp-json\/wp\/v2\/tags?post=26722"}],"curies":[{"name":"wp","href":"https:\/\/api.w.org\/{rel}","templated":true}]}}