{"id":26693,"date":"2021-08-16T14:13:07","date_gmt":"2021-08-16T13:13:07","guid":{"rendered":"https:\/\/www.arte.tv\/sites\/olivierpere\/?p=26693"},"modified":"2021-09-01T06:44:17","modified_gmt":"2021-09-01T05:44:17","slug":"les-destinees-sentimentales-de-olivier-assayas","status":"publish","type":"post","link":"https:\/\/www.arte.tv\/sites\/olivierpere\/2021\/08\/16\/les-destinees-sentimentales-de-olivier-assayas\/","title":{"rendered":"Les Destin\u00e9es sentimentales de Olivier Assayas"},"content":{"rendered":"<p><strong>ARTE diffuse mercredi 1<sup>er<\/sup> septembre \u00e0 20h55, en version restaur\u00e9e, <em>Les Destin\u00e9es sentimentales <\/em>r\u00e9alis\u00e9 par Olivier Assayas en 2000. Le film sera \u00e9galement disponible gratuitement en t\u00e9l\u00e9vision de rattrapage sur ARTE.tv pendant sept jours.<\/strong><\/p>\n<p><strong>Olivier Assayas r\u00eavait d\u2019adapter le roman de Jacques Chardonne depuis de nombreuses ann\u00e9es. Le livre, vaste saga familiale, raconte l\u2019\u00e9volution de la bourgeoisie protestante de la fin du XIX\u00e8me si\u00e8cle \u00e0 l\u2019aube de la Seconde Guerre mondiale. La profusion romanesque, la mise en sc\u00e8ne de f\u00eates et de rituels mais aussi la r\u00e9tention d\u2019\u00e9motions violentes et contradictoires dans un milieu puritain situent le film dans la lign\u00e9e de Bergman, Visconti et Michael Powell. Le r\u00e9alisateur s\u2019appuie sur le travail de recherche effectu\u00e9 par Chardonne dans son roman pour \u00e9voquer un monde ancien en train d\u2019entrer dans la modernit\u00e9. Premi\u00e8re incursion d\u2019Assayas, cin\u00e9aste associ\u00e9 au monde contemporain, dans le film \u00e0 costume, <em>Les Destin\u00e9es sentimentales<\/em> n\u2019a pourtant rien d\u2019une entreprise c\u00e9libataire dans sa filmographie.<\/strong><\/p>\n<p>&nbsp;<\/p>\n<p><strong>\u00ab\u00a0J\u2019ai fait trois films qui parlent du monde\u00a0:\u00a0<em>Les Destin\u00e9es sentimentales<\/em>,\u00a0<em>Demonlover<\/em>\u00a0et\u00a0<em>Carlos<\/em>. Trois \u00e9poques, trois moments diff\u00e9rents qui ont tous \u00e0 voir avec la tension entre le local et le mondial, sous diff\u00e9rentes formes.\u00a0<em>Demonlover\u00a0<\/em>est d\u2019une nature un peu diff\u00e9rente parce que j\u2019observe le monde au pr\u00e9sent. Dans\u00a0<em>Carlos<\/em>\u00a0comme dans\u00a0<em>Les Destin\u00e9es sentimentales<\/em>\u00a0je dois me baser sur quelque chose qui rel\u00e8ve du t\u00e9moignage, du document ou de l\u2019archive.\u00a0\u00bb\u00a0<sup>1<\/sup><\/strong><\/p>\n<p><strong>Dans <em>Les Destin\u00e9es sentimentales<\/em>, Assayas explore les bouleversements \u00e9conomiques de la France en voie d\u2019industrialisation, \u00e0 travers la mutation de la production de cognac et la crise de la porcelaine de Limoges. Le film n\u2019a pourtant rien d\u2019un essai th\u00e9orique.\u00a0<em>Les Destin\u00e9es sentimentales<\/em> s\u2019attache aux passions contrari\u00e9es d\u2019un homme d\u00e9chir\u00e9 entre l\u2019amour de deux femmes, sa foi et un empire commercial. Emmanuelle B\u00e9art, Isabelle Huppert et Charles Berling dominent une interpr\u00e9tation \u00e9blouissante.<\/strong><\/p>\n<p>&nbsp;<\/p>\n<p><strong><sup>1 <\/sup>Propos recueillis par l\u2019auteur, le 28 janvier 2014.<\/strong><\/p>\n","protected":false},"excerpt":{"rendered":"<p>ARTE diffuse mercredi 1er septembre \u00e0 20h55, en version restaur\u00e9e, Les Destin\u00e9es sentimentales r\u00e9alis\u00e9 par Olivier Assayas en 2000. Le\u2026<\/p>\n","protected":false},"author":116,"featured_media":0,"comment_status":"open","ping_status":"open","sticky":false,"template":"","format":"standard","meta":[],"categories":[8],"tags":[],"yoast_head":"<!-- This site is optimized with the Yoast SEO plugin v20.8 - https:\/\/yoast.com\/wordpress\/plugins\/seo\/ -->\n<title>Les Destin\u00e9es sentimentales de Olivier Assayas - Olivier P\u00e8re<\/title>\n<meta name=\"robots\" content=\"index, follow, max-snippet:-1, max-image-preview:large, max-video-preview:-1\" \/>\n<link rel=\"canonical\" href=\"https:\/\/www.arte.tv\/sites\/olivierpere\/2021\/08\/16\/les-destinees-sentimentales-de-olivier-assayas\/\" \/>\n<meta property=\"og:locale\" content=\"fr_FR\" \/>\n<meta property=\"og:type\" content=\"article\" \/>\n<meta property=\"og:title\" content=\"Les Destin\u00e9es sentimentales de Olivier Assayas - Olivier P\u00e8re\" \/>\n<meta property=\"og:description\" content=\"ARTE diffuse mercredi 1er septembre \u00e0 20h55, en version restaur\u00e9e, Les Destin\u00e9es sentimentales r\u00e9alis\u00e9 par Olivier Assayas en 2000. Le\u2026\" \/>\n<meta property=\"og:url\" content=\"https:\/\/www.arte.tv\/sites\/olivierpere\/2021\/08\/16\/les-destinees-sentimentales-de-olivier-assayas\/\" \/>\n<meta property=\"og:site_name\" content=\"Olivier P\u00e8re\" \/>\n<meta property=\"article:published_time\" content=\"2021-08-16T13:13:07+00:00\" \/>\n<meta property=\"article:modified_time\" content=\"2021-09-01T05:44:17+00:00\" \/>\n<meta name=\"author\" content=\"Olivier P\u00e8re\" \/>\n<meta name=\"twitter:label1\" content=\"\u00c9crit par\" \/>\n\t<meta name=\"twitter:data1\" content=\"Olivier P\u00e8re\" \/>\n\t<meta name=\"twitter:label2\" content=\"Dur\u00e9e de lecture estim\u00e9e\" \/>\n\t<meta name=\"twitter:data2\" content=\"2 minutes\" \/>\n<script type=\"application\/ld+json\" class=\"yoast-schema-graph\">{\"@context\":\"https:\/\/schema.org\",\"@graph\":[{\"@type\":\"WebPage\",\"@id\":\"https:\/\/www.arte.tv\/sites\/olivierpere\/2021\/08\/16\/les-destinees-sentimentales-de-olivier-assayas\/\",\"url\":\"https:\/\/www.arte.tv\/sites\/olivierpere\/2021\/08\/16\/les-destinees-sentimentales-de-olivier-assayas\/\",\"name\":\"Les Destin\u00e9es sentimentales de Olivier Assayas - Olivier P\u00e8re\",\"isPartOf\":{\"@id\":\"https:\/\/www.arte.tv\/sites\/olivierpere\/#website\"},\"datePublished\":\"2021-08-16T13:13:07+00:00\",\"dateModified\":\"2021-09-01T05:44:17+00:00\",\"author\":{\"@id\":\"https:\/\/www.arte.tv\/sites\/olivierpere\/#\/schema\/person\/dc32cd6c79be95e52d43b97a74182558\"},\"breadcrumb\":{\"@id\":\"https:\/\/www.arte.tv\/sites\/olivierpere\/2021\/08\/16\/les-destinees-sentimentales-de-olivier-assayas\/#breadcrumb\"},\"inLanguage\":\"fr-FR\",\"potentialAction\":[{\"@type\":\"ReadAction\",\"target\":[\"https:\/\/www.arte.tv\/sites\/olivierpere\/2021\/08\/16\/les-destinees-sentimentales-de-olivier-assayas\/\"]}]},{\"@type\":\"BreadcrumbList\",\"@id\":\"https:\/\/www.arte.tv\/sites\/olivierpere\/2021\/08\/16\/les-destinees-sentimentales-de-olivier-assayas\/#breadcrumb\",\"itemListElement\":[{\"@type\":\"ListItem\",\"position\":1,\"name\":\"Home\",\"item\":\"https:\/\/www.arte.tv\/sites\/olivierpere\/\"},{\"@type\":\"ListItem\",\"position\":2,\"name\":\"Les Destin\u00e9es sentimentales de Olivier Assayas\"}]},{\"@type\":\"WebSite\",\"@id\":\"https:\/\/www.arte.tv\/sites\/olivierpere\/#website\",\"url\":\"https:\/\/www.arte.tv\/sites\/olivierpere\/\",\"name\":\"Olivier P\u00e8re\",\"description\":\"\",\"potentialAction\":[{\"@type\":\"SearchAction\",\"target\":{\"@type\":\"EntryPoint\",\"urlTemplate\":\"https:\/\/www.arte.tv\/sites\/olivierpere\/?s={search_term_string}\"},\"query-input\":\"required name=search_term_string\"}],\"inLanguage\":\"fr-FR\"},{\"@type\":\"Person\",\"@id\":\"https:\/\/www.arte.tv\/sites\/olivierpere\/#\/schema\/person\/dc32cd6c79be95e52d43b97a74182558\",\"name\":\"Olivier P\u00e8re\",\"image\":{\"@type\":\"ImageObject\",\"inLanguage\":\"fr-FR\",\"@id\":\"https:\/\/www.arte.tv\/sites\/olivierpere\/#\/schema\/person\/image\/\",\"url\":\"https:\/\/secure.gravatar.com\/avatar\/bdea7b6a2c195e2c41772429a9694758?s=96&d=mm&r=g\",\"contentUrl\":\"https:\/\/secure.gravatar.com\/avatar\/bdea7b6a2c195e2c41772429a9694758?s=96&d=mm&r=g\",\"caption\":\"Olivier P\u00e8re\"},\"url\":\"https:\/\/www.arte.tv\/sites\/olivierpere\/author\/pereolivier\/\"}]}<\/script>\n<!-- \/ Yoast SEO plugin. -->","yoast_head_json":{"title":"Les Destin\u00e9es sentimentales de Olivier Assayas - Olivier P\u00e8re","robots":{"index":"index","follow":"follow","max-snippet":"max-snippet:-1","max-image-preview":"max-image-preview:large","max-video-preview":"max-video-preview:-1"},"canonical":"https:\/\/www.arte.tv\/sites\/olivierpere\/2021\/08\/16\/les-destinees-sentimentales-de-olivier-assayas\/","og_locale":"fr_FR","og_type":"article","og_title":"Les Destin\u00e9es sentimentales de Olivier Assayas - Olivier P\u00e8re","og_description":"ARTE diffuse mercredi 1er septembre \u00e0 20h55, en version restaur\u00e9e, Les Destin\u00e9es sentimentales r\u00e9alis\u00e9 par Olivier Assayas en 2000. Le\u2026","og_url":"https:\/\/www.arte.tv\/sites\/olivierpere\/2021\/08\/16\/les-destinees-sentimentales-de-olivier-assayas\/","og_site_name":"Olivier P\u00e8re","article_published_time":"2021-08-16T13:13:07+00:00","article_modified_time":"2021-09-01T05:44:17+00:00","author":"Olivier P\u00e8re","twitter_misc":{"\u00c9crit par":"Olivier P\u00e8re","Dur\u00e9e de lecture estim\u00e9e":"2 minutes"},"schema":{"@context":"https:\/\/schema.org","@graph":[{"@type":"WebPage","@id":"https:\/\/www.arte.tv\/sites\/olivierpere\/2021\/08\/16\/les-destinees-sentimentales-de-olivier-assayas\/","url":"https:\/\/www.arte.tv\/sites\/olivierpere\/2021\/08\/16\/les-destinees-sentimentales-de-olivier-assayas\/","name":"Les Destin\u00e9es sentimentales de Olivier Assayas - Olivier P\u00e8re","isPartOf":{"@id":"https:\/\/www.arte.tv\/sites\/olivierpere\/#website"},"datePublished":"2021-08-16T13:13:07+00:00","dateModified":"2021-09-01T05:44:17+00:00","author":{"@id":"https:\/\/www.arte.tv\/sites\/olivierpere\/#\/schema\/person\/dc32cd6c79be95e52d43b97a74182558"},"breadcrumb":{"@id":"https:\/\/www.arte.tv\/sites\/olivierpere\/2021\/08\/16\/les-destinees-sentimentales-de-olivier-assayas\/#breadcrumb"},"inLanguage":"fr-FR","potentialAction":[{"@type":"ReadAction","target":["https:\/\/www.arte.tv\/sites\/olivierpere\/2021\/08\/16\/les-destinees-sentimentales-de-olivier-assayas\/"]}]},{"@type":"BreadcrumbList","@id":"https:\/\/www.arte.tv\/sites\/olivierpere\/2021\/08\/16\/les-destinees-sentimentales-de-olivier-assayas\/#breadcrumb","itemListElement":[{"@type":"ListItem","position":1,"name":"Home","item":"https:\/\/www.arte.tv\/sites\/olivierpere\/"},{"@type":"ListItem","position":2,"name":"Les Destin\u00e9es sentimentales de Olivier Assayas"}]},{"@type":"WebSite","@id":"https:\/\/www.arte.tv\/sites\/olivierpere\/#website","url":"https:\/\/www.arte.tv\/sites\/olivierpere\/","name":"Olivier P\u00e8re","description":"","potentialAction":[{"@type":"SearchAction","target":{"@type":"EntryPoint","urlTemplate":"https:\/\/www.arte.tv\/sites\/olivierpere\/?s={search_term_string}"},"query-input":"required name=search_term_string"}],"inLanguage":"fr-FR"},{"@type":"Person","@id":"https:\/\/www.arte.tv\/sites\/olivierpere\/#\/schema\/person\/dc32cd6c79be95e52d43b97a74182558","name":"Olivier P\u00e8re","image":{"@type":"ImageObject","inLanguage":"fr-FR","@id":"https:\/\/www.arte.tv\/sites\/olivierpere\/#\/schema\/person\/image\/","url":"https:\/\/secure.gravatar.com\/avatar\/bdea7b6a2c195e2c41772429a9694758?s=96&d=mm&r=g","contentUrl":"https:\/\/secure.gravatar.com\/avatar\/bdea7b6a2c195e2c41772429a9694758?s=96&d=mm&r=g","caption":"Olivier P\u00e8re"},"url":"https:\/\/www.arte.tv\/sites\/olivierpere\/author\/pereolivier\/"}]}},"_links":{"self":[{"href":"https:\/\/www.arte.tv\/sites\/olivierpere\/wp-json\/wp\/v2\/posts\/26693"}],"collection":[{"href":"https:\/\/www.arte.tv\/sites\/olivierpere\/wp-json\/wp\/v2\/posts"}],"about":[{"href":"https:\/\/www.arte.tv\/sites\/olivierpere\/wp-json\/wp\/v2\/types\/post"}],"author":[{"embeddable":true,"href":"https:\/\/www.arte.tv\/sites\/olivierpere\/wp-json\/wp\/v2\/users\/116"}],"replies":[{"embeddable":true,"href":"https:\/\/www.arte.tv\/sites\/olivierpere\/wp-json\/wp\/v2\/comments?post=26693"}],"version-history":[{"count":2,"href":"https:\/\/www.arte.tv\/sites\/olivierpere\/wp-json\/wp\/v2\/posts\/26693\/revisions"}],"predecessor-version":[{"id":26705,"href":"https:\/\/www.arte.tv\/sites\/olivierpere\/wp-json\/wp\/v2\/posts\/26693\/revisions\/26705"}],"wp:attachment":[{"href":"https:\/\/www.arte.tv\/sites\/olivierpere\/wp-json\/wp\/v2\/media?parent=26693"}],"wp:term":[{"taxonomy":"category","embeddable":true,"href":"https:\/\/www.arte.tv\/sites\/olivierpere\/wp-json\/wp\/v2\/categories?post=26693"},{"taxonomy":"post_tag","embeddable":true,"href":"https:\/\/www.arte.tv\/sites\/olivierpere\/wp-json\/wp\/v2\/tags?post=26693"}],"curies":[{"name":"wp","href":"https:\/\/api.w.org\/{rel}","templated":true}]}}